{"id":16833,"date":"2021-01-24T13:01:58","date_gmt":"2021-01-24T12:01:58","guid":{"rendered":"http:\/\/kkre.hu\/wpm\/?p=16833"},"modified":"2021-01-28T11:39:07","modified_gmt":"2021-01-28T10:39:07","slug":"hirdetesek-2021-januar-24","status":"publish","type":"post","link":"https:\/\/kkre.hu\/wpm\/blog\/2021\/01\/24\/hirdetesek-2021-januar-24\/","title":{"rendered":"Hirdet\u00e9sek, 2021. janu\u00e1r 24."},"content":{"rendered":"<p><strong>Aki szeretn\u00e9 a Hirdet\u00e9seket emailben is megkapni k\u00e9rj\u00fck, jelezze szem\u00e9lyesen a Lelk\u00e9szi hivatalban.<\/strong><\/p> <p><strong>\u00a0<\/strong><\/p> <p><strong>Alkalmak:<\/strong><\/p> <p>&#8211; Ma fejez\u0151dik be az \u00d6kumenikus Imah\u00e9t<strong> 17 \u00f3ra<\/strong>kor a R\u00f3zsat\u00e9ri Reform\u00e1tus templomban a J\u00e1hn Ferenc utc\u00e1ban az alkalmat honlapunkon is fogjuk k\u00f6zvet\u00edteni<\/p> <p>&#8211; Szerd\u00e1n 18 \u00f3rakor is tarunk <strong>Istentiszteletet<\/strong> a templomban<\/p> <p>&#8211; J\u00f6v\u0151 <strong>vas\u00e1rnap<\/strong> <strong>10 \u00f3ra<\/strong>kor lesz <strong>Istentiszteletet<\/strong> itt a templomban, \u00e9s tartunk gyermekistentisztetletet is az alagsorban, ahov\u00e1 a gyermekek az igehirdet\u00e9s el\u0151tt mehetnek majd \u00e1t<\/p> <p>&#8211; J\u00f6v\u0151 <strong>vas\u00e1rnap<\/strong> <strong>17 \u00f3ra<\/strong>kor <strong>Zen\u00e9s<\/strong> <strong>Istentisztelet <\/strong>lesz itt a templomban. Orgon\u00e1n j\u00e1tszik: <span class=\"aCOpRe\"><strong>Szotyori Nagy G\u00e1bor.<\/strong> <\/span><\/p> <p><strong>\u00a0<\/strong><\/p> <p><strong>\u00c9nekkar:<\/strong><\/p> <p>&#8211; Ebben az \u00e9vben is folytat\u00f3dnak az \u00e9nekkari pr\u00f3b\u00e1k, amiknek az id\u0151pontja most <strong>megv\u00e1ltozik<\/strong>! Mostant\u00f3l <strong>cs\u00fct\u00f6rt\u00f6k\u00f6n 18 \u00f3rakor v\u00e1rjuk <\/strong>a k\u00f6z\u00f6ss\u00e9gben is \u00e9nekelni szeret\u0151 testv\u00e9reket. Egyel\u0151re, a j\u00e1rv\u00e1ny\u00fcgyi helyzetre tekintettel a pr\u00f3b\u00e1k a templomban vannak.<\/p> <p><strong>\u00a0<\/strong><\/p> <p><strong>Temet\u00e9s:<\/strong><\/p> <p>&#8211; Tegnap, janu\u00e1r 23-\u00e1n b\u00facs\u00faztunk a wekerlei Munk\u00e1s Szent J\u00f3zsef Templomban Vars\u00e1nyi L\u00e1szl\u00f3n\u00e9, sz\u00fcletett T\u00f3th Margitt\u00f3l, akit 70 \u00e9ves kor\u00e1ban janu\u00e1r 6-\u00e1n hunyt el. A felt\u00e1mad\u00e1s rem\u00e9nys\u00e9g\u00e9t a J\u00e1nos: 6, 39 alapj\u00e1n hirdett\u00fck: \u201eAnnak pedig, aki elk\u00fcld\u00f6tt engem, az az akarata, hogy abb\u00f3l, amit nekem adott, semmit se vesz\u00edtsek el, hanem felt\u00e1masszam az utols\u00f3 napon\u201d Isten vigasztal\u00e1s\u00e1t k\u00e9rj\u00fck l\u00e1ny\u00e1nak, unk\u00e1inak, \u00e9desanyj\u00e1nak \u00e9s szeretteinek A Boldog Felt\u00e1mad\u00e1s Rem\u00e9nys\u00e9ge Alatt<\/p> <p><strong>\u00a0<\/strong><\/p> <p><strong>V\u00e1laszt\u00f3i n\u00e9vjegyz\u00e9k:<\/strong><\/p> <p>&#8211; Ebben az \u00e9vben is szeretn\u00e9nk kiigaz\u00edtani a V\u00e1laszt\u00f3i n\u00e9vjegyz\u00e9ket! V\u00e1laszt\u00f3i n\u00e9vjegyz\u00e9k\u00fcnkben azok szerepelhetnek, akik konfirm\u00e1ltak, s\u00e1kramentumainkkal \u00e9lnek, hozz\u00e1j\u00e1rulnak Egyh\u00e1zk\u00f6zs\u00e9g\u00fcnk fenntart\u00e1s\u00e1hoz, bet\u00f6lt\u00f6tt\u00e9k 18. \u00e9let\u00e9v\u00fcket. Tov\u00e1bb\u00e1 Egyh\u00e1zk\u00f6zs\u00e9g\u00fcnk ter\u00fclet\u00e9n laknak, vagy nyilatkoznak arr\u00f3l, hogy ide szeretn\u00e9nek tartozni!<\/p> <p><strong>Presbiteri gy\u0171l\u00e9s:<\/strong><\/p> <p>&#8211; J\u00f6v\u0151 vas\u00e1rnap a presbit\u00e9riummal \u00f6sszevont bizotts\u00e1gi \u00fcl\u00e9st tartunk.<\/p> <p>Janu\u00e1r 31-\u00e9n az Istentisztelet ut\u00e1n Presbiteri gy\u0171l\u00e9st tartunk:<\/p> <ol start=\"2020\"> <li>\u00e9vi Z\u00e1r\u00f3sz\u00e1mad\u00e1s j\u00f3v\u00e1hagy\u00e1sa<\/li> <li>\u00e9vi Vagyonlelt\u00e1r j\u00f3v\u00e1hagy\u00e1sa<\/li> <li>\u00e9vi Lelkip\u00e1sztori jelent\u00e9s j\u00f3v\u00e1hagy\u00e1sa<\/li> <li>\u00e9vi Misszi\u00f3i Munkaterv j\u00f3v\u00e1hagy\u00e1sa<\/li> <li>\u00e9vi Lelk\u00e9szi D\u00edjlev\u00e9l j\u00f3v\u00e1hagy\u00e1sa<\/li> <li>\u00e9vi K\u00f6lts\u00e9gvet\u00e9s j\u00f3v\u00e1hagy\u00e1sa<\/li> <li>\u00e9vi V\u00e1laszt\u00f3i n\u00e9vjegyz\u00e9k j\u00f3v\u00e1hagy\u00e1sa<\/li> <\/ol> <p><strong>\u00a0<\/strong><\/p> <p><strong>Egyh\u00e1zi v\u00e1laszt\u00e1sok, tiszt\u00faj\u00edt\u00e1sok:<\/strong><\/p> <p>&#8211; A tavalyi esztend\u0151ben megt\u00f6rt\u00e9ntek a k\u00f6zegyh\u00e1zi v\u00e1laszt\u00e1sok, amiket majd a K\u00f6zgy\u0171l\u00e9sek er\u0151s\u00edtenek meg.<\/p> <p>A Dunamell\u00e9ki Reform\u00e1tus Egyh\u00e1zker\u00fclet alakul\u00f3 k\u00f6zgy\u0171l\u00e9se, holnap, janu\u00e1r 25-\u00e9n 10 \u00f3rakor lesz, a Fasori Reform\u00e1tus Templomban. Ezut\u00e1n a K\u00f6zgy\u0171l\u00e9s ut\u00e1n kezdi meg szolg\u00e1lat\u00e1t a m\u00e1r megv\u00e1lasztott \u00faj p\u00fcsp\u00f6k, Balog Zolt\u00e1n.<\/p> <p><strong>\u00a0<\/strong><\/p> <p><strong>Iskolakopogtat\u00f3:<\/strong><\/p> <p>&#8211; Az <strong>Ady Endre Reform\u00e1tus \u00c1ltal\u00e1nos Iskol\u00e1ban<\/strong> is elkezd\u0151d\u00f6tt a h\u00edvogat\u00e1sa a k\u00f6vetkez\u0151 tan\u00e9v els\u0151seinek. Egyenl\u0151re ezeket az alkalmakat csak digit\u00e1lis form\u00e1ban tudjuk megtartani az els\u0151 <strong>\u201eIskolak\u00f3stolgat\u00f3\u201d<\/strong> m\u00e1r elk\u00e9sz\u00fclt \u00e9s az Iskola Facebook oldal\u00e1n el\u00e9rhet\u0151.<\/p> <p>A <strong>m\u00e1sodik iskolak\u00f3stolgat\u00f3t, kedden k\u00fcldj\u00fck el azoknak, akik m\u00e1r regisztr\u00e1ltak, <\/strong>\u00e9s majd ezut\u00e1n lesz el\u00e9rhet\u0151 az iskola digit\u00e1lis fel\u00fcletein.<\/p> <p>B\u0151vebb t\u00e1j\u00e9koztat\u00e1s a beiratkoz\u00e1sr\u00f3l a <a href=\"https:\/\/ady.kkre.hu\/beiratkozas\/\">https:\/\/ady.kkre.hu\/beiratkozas\/<\/a> \u00e9s <a href=\"https:\/\/www.facebook.com\/AdyEndreReformatusAltalanosIskola\/\">https:\/\/www.facebook.com\/AdyEndreReformatusAltalanosIskola\/<\/a> oldalakon \u00e9rhet\u0151 el.<\/p> <p>A kij\u00e1ratn\u00e1l a Presbiterek sz\u00edvesen adnak az Iskolakopogtat\u00f3 nyomtatott form\u00e1j\u00e1b\u00f3l is azoknak, akiknek iskol\u00e1ba k\u00e9sz\u00fcl\u0151 gyermek van a csal\u00e1dban \u00e9s nem a Sz\u0151l\u0151skert Reform\u00e1tus \u00d3vod\u00e1ba j\u00e1r, mert az ottani gyermekek csal\u00e1djai mind meg fogj\u00e1k kapni ezt a kiadv\u00e1nyt.<\/p> <p>Az iskola egy m\u00e1sik kedves programj\u00e1t is aj\u00e1nlom a gy\u00fclekezet figyelm\u00e9be is. Az Ady Endre Reform\u00e1tus \u00c1ltal\u00e1nos Iskola tan\u00e1ri kara szervezett egy \u201e<strong>B\u00fav\u00e1rklub<\/strong>\u201d nev\u0171 sorozatot, amiben minden h\u00e9t cs\u00fct\u00f6rt\u00f6k\u00e9n egy \u00fajabb mes\u00e9t olvas el az iskola valamelyik pedag\u00f3gusa. Ez a program az iskol\u00e1skor\u00fa gyermekek mellett az \u00f3vod\u00e1sokat is megsz\u00f3l\u00edtja, \u00e9s az al\u00e1bbi oldalon \u00e9rhet\u0151 el: <a href=\"https:\/\/www.facebook.com\/AdyEndreReformatusAltalanosIskola\/videos\/397613841591729\/\">https:\/\/www.facebook.com\/AdyEndreReformatusAltalanosIskola\/videos\/397613841591729\/<\/a><\/p> <p><strong>\u00d3vodai felv\u00e9tel:<\/strong><\/p> <p>&#8211; A <strong>Sz\u0151l\u0151skert Reform\u00e1tus \u00d3vod\u00e1ban<\/strong> is k\u00e9sz\u00fcl\u00fcnk a 2021-22-es nevel\u00e9si \u00e9vre. Szeretettel v\u00e1rjuk azokat a csal\u00e1dokat, akik szeretn\u00e9k, hogy gyermekeik az \u00e1ltalunk alap\u00edtott \u00e9s fenntartott \u00f3vod\u00e1ban kapjanak kereszty\u00e9n nevel\u00e9st.<\/p> <p>Az Egyh\u00e1zk\u00f6zs\u00e9g\u00fcnkh\u00f6z tartoz\u00f3 gyermekek <strong>els\u0151bbs\u00e9get<\/strong> \u00e9lveznek, de ehhez sz\u00fcks\u00e9ges, hogy a jelentkez\u00e9si elj\u00e1r\u00e1sban r\u00e9szt vegyenek.<\/p> <p>Az \u00f3vodai felv\u00e9tel 2021.03.22-31. k\u00f6z\u00f6tt lesz. A jelentkez\u00e9si lap a <strong><a href=\"https:\/\/l.facebook.com\/l.php?u=https%3A%2F%2Fkkre.hu%2Fwpm%2Fovodank%2F&amp;h=AT3ccljs99aTM0g9nbonHJoRPiiC9a4XGy0SnRgNHJ_20hvVgve-b8u0kZnr78XKDddN6N4W0GkGtMoxtaEblk1AKPz3bIB_Or6wzipbDv6ue3aJH1sLLEOFUmAgJzmQDY4t51UM8R2jWgSgcA17NMCnMW7J0JEqTZ7sgf3wYHJM8dzad5wnMDMjTAD-1t1S14XhYkuJQp3k745FWne9IBJO1hbq5lxH5qk3PD87XHA4reqv0MZyggNH3lwSv4Y2XjJ8DdFcs0BUbyd3aUcUExUH5hWy44gF4Gca56_OpgOcSSqR6QJyIT4jEOSLhWLh-AeD3rrZdfs4t2MWf_iX55QLTNLXz5EbNBolXOL4LQl6OLhTUBLMvfqxVzoJPwvjAj71xMTqs2rMTEnC3GQLwBfKKuOv2C7e_c7NW1KfhWCpjD3qtXzC_DwUnlRq9bG7jpiow_uGv68RPKtSjQZEn_TkSK06ZzE8XVJNjkZBgfRPzSRq4a3XLRgyuk2fqMN9KHL6trVnuMXIHfTUynyVlgUNDIoyz4oSML9sWClktG8QYrKS7pWlh-aFOTrf_Y2yD4jiYyfbff6nL_CeMw3MR8pB4FooeVkRc274\">https:\/\/kkre.hu\/wpm\/ovodank\/<\/a><\/strong> oldalon \u00e9rhet\u0151 el.<\/p> <p>B\u0151vebb inform\u00e1ci\u00f3kat a Lelk\u00e9szi hivatalban, vagy az \u00f3voda oldalain lehet kapni: <strong><a href=\"https:\/\/l.facebook.com\/l.php?u=https%3A%2F%2Fkkre.hu%2Fwpm%2Fovodank%2F&amp;h=AT3ccljs99aTM0g9nbonHJoRPiiC9a4XGy0SnRgNHJ_20hvVgve-b8u0kZnr78XKDddN6N4W0GkGtMoxtaEblk1AKPz3bIB_Or6wzipbDv6ue3aJH1sLLEOFUmAgJzmQDY4t51UM8R2jWgSgcA17NMCnMW7J0JEqTZ7sgf3wYHJM8dzad5wnMDMjTAD-1t1S14XhYkuJQp3k745FWne9IBJO1hbq5lxH5qk3PD87XHA4reqv0MZyggNH3lwSv4Y2XjJ8DdFcs0BUbyd3aUcUExUH5hWy44gF4Gca56_OpgOcSSqR6QJyIT4jEOSLhWLh-AeD3rrZdfs4t2MWf_iX55QLTNLXz5EbNBolXOL4LQl6OLhTUBLMvfqxVzoJPwvjAj71xMTqs2rMTEnC3GQLwBfKKuOv2C7e_c7NW1KfhWCpjD3qtXzC_DwUnlRq9bG7jpiow_uGv68RPKtSjQZEn_TkSK06ZzE8XVJNjkZBgfRPzSRq4a3XLRgyuk2fqMN9KHL6trVnuMXIHfTUynyVlgUNDIoyz4oSML9sWClktG8QYrKS7pWlh-aFOTrf_Y2yD4jiYyfbff6nL_CeMw3MR8pB4FooeVkRc274\">https:\/\/kkre.hu\/wpm\/ovodank\/<\/a> \u00e9s <a href=\"https:\/\/www.facebook.com\/szoloskertovi\">https:\/\/www.facebook.com\/szoloskertovi<\/a>.<\/strong><\/p> <p><strong>Iratterjeszt\u00e9s:<\/strong><\/p> <p>&#8211; <strong>M\u00e9g vannak <\/strong>ez \u00e9vi Bibliaolvas\u00f3 Kalauzok, K\u00e1lvin Kalend\u00e1riumok \u00e9s Falinapt\u00e1rok<\/p> <p><strong>Szint\u00e9n van m\u00e9g a saj\u00e1t napt\u00e1runkb\u00f3l, amit a templom kij\u00e1rat\u00e1n\u00e1l ingyen vehetnek el a testv\u00e9rek!<\/strong><\/p> <p><strong>\u00a0<\/strong><\/p> <p><strong>Templomtakar\u00edt\u00e1s:<\/strong><\/p> <p>&#8211; Ezen a h\u00e9ten \u00fajra szeretettel v\u00e1rjuk a testv\u00e9reket, p\u00e9nteken d\u00e9lut\u00e1n 17 \u00f3r\u00e1ra, hogy kitakar\u00edtsuk a templomot. K\u00f6sz\u00f6nj\u00fck azoknak, akik el nem m\u00fal\u00f3 szeretettel j\u00f6nnek h\u00e9tr\u0151l-h\u00e9tre takar\u00edtani, hogy <strong>fert\u0151tlen\u00edtenek<\/strong> is az istentiszteleti hely\u00fcnk\u00f6n, \u00edgy nagyobb biztons\u00e1ggal vehet\u00fcnk r\u00e9szt az alkalmakon!<\/p> <p><strong>\u00a0<\/strong><\/p> <p><strong>Seg\u00edts\u00e9gny\u00fajt\u00e1s:<\/strong><\/p> <p>&#8211; K\u00e9rem, jelezz\u00e9k, amennyiben olyan id\u0151s egyh\u00e1ztagunkr\u00f3l tudnak, akinek seg\u00edts\u00e9gre van sz\u00fcks\u00e9ge, ha k\u00e9rik, sz\u00edvesen seg\u00edt\u00fcnk bev\u00e1s\u00e1rl\u00e1sban, gy\u00f3gyszerek kiv\u00e1lt\u00e1s\u00e1ban!<\/p> <p>K\u00e9rem, azt is jelezz\u00e9k, ha tudnak olyanr\u00f3l, akinek nincs internet hozz\u00e1f\u00e9r\u00e9se, hogy Egyh\u00e1zk\u00f6zs\u00e9g\u00fcnk h\u00edrei eljussanak hozz\u00e1, ha szeretn\u00e9 azokat olvasni.<\/p> <p>Aki k\u00e9ri, annak sz\u00edvesen eljuttatjuk a vas\u00e1rnapi igehirdet\u00e9seket nyomtatott form\u00e1ban is!<\/p> <p><strong>\u00a0<\/strong><\/p> <p><strong>Gy\u00fclekezeti konferenci\u00e1k 2021-ben:<\/strong><\/p> <ol start=\"2021\"> <li><strong> j\u00fanius 28-j\u00falius 4-ig Gyenesdi\u00e1sra<\/strong> megy\u00fcnk gyerekt\u00e1borba, ahov\u00e1 az \u00e1ltal\u00e1nos iskol\u00e1s gyermekeket v\u00e1rjuk, akiket az ifj\u00fas\u00e1g szolg\u00e1l\u00f3 tagjaival fogunk n\u00e9h\u00e1ny hittanoktat\u00f3nkkal egy\u00fctt elk\u00eds\u00e9rni.<\/li> <\/ol> <p><strong>A jelentkez\u00e9s m\u00f3dj\u00e1r\u00f3l k\u00e9s\u0151bb fogunk t\u00e1j\u00e9koztat\u00e1st adni!<\/strong><\/p> <ol start=\"2021\"> <li><strong> j\u00falius 12-18-ig Tahiba a Sionhegye konferenciak\u00f6zpontba<\/strong> megy\u00fcnk gy\u00fclekezeti h\u00e9tre. Itt is t\u00f6bbsz\u00f6r voltunk a kor\u00e1bbi \u00e9vekben. Azt szeretn\u00e9nk, hogy ezen a h\u00e9ten csak mi legy\u00fcnk itt, ehhez sz\u00fcks\u00e9ges megt\u00f6lten\u00fcnk a konferenciatelepet. Ebbe a t\u00e1borba az elm\u00falt \u00e9vek folyam\u00e1n ifjaink j\u00f6hettek \u00f6n\u00e1ll\u00f3an, de voltak csal\u00e1dok \u00e9s egyed\u00fcl \u00e1ll\u00f3k is. A h\u00e9t folyam\u00e1n a k\u00f6z\u00f6s igei alkalmak \u00e9s \u00e9nekl\u00e9sek ut\u00e1n sok m\u00e1s k\u00f6z\u00f6ss\u00e9gi programunk is volt: foci, strand, bob. <strong>Egy k\u00e9s\u0151bbi id\u0151pontban meg fogjuk adni a jelentkez\u00e9s m\u00f3dj\u00e1t, addig k\u00e9rek mindenkit tervezze a hetet, hogy febru\u00e1r elej\u00e9n majd tudjuk a l\u00e9tsz\u00e1mot<\/strong><\/li> <\/ol> <p><strong>Lectio: <\/strong>Zakari\u00e1s: 3, 1-10<\/p> <p><strong>Textus: <\/strong>Zakari\u00e1s: 3, 7<\/p> <p><strong>\u00a0<\/strong><\/p> <p><strong>\u00c9nekek: <\/strong><\/p> <p>138: 1<\/p> <p>Heidelbergi K\u00e1t\u00e9: IV. \u00darnapja<\/p> <p>138: 2<\/p> <p>138: 3-4<\/p> <p>464: 1<\/p> <p>464: 2-6<\/p> <p>Igehirdet\u0151: Harkai Ferenc<\/p> <p><strong>\u00a0<\/strong><\/p> <p><strong>\u00a0<\/strong><\/p> <p><strong>\u00a0<\/strong><\/p> <p><strong><u>A koronav\u00edrushoz kapcsol\u00f3d\u00f3 int\u00e9zked\u00e9seink:<\/u><\/strong><\/p> <p><strong>\u00a0<\/strong><\/p> <p>Felh\u00edvjuk a Testv\u00e9rek figyelm\u00e9t, hogy a j\u00e1rv\u00e1ny\u00fcgyi helyzet nem m\u00falt el, s\u0151t \u00fajabb megszor\u00edt\u00e1sokkal szembes\u00fcl\u00fcnk! Az Egyh\u00e1zk\u00f6zs\u00e9g eln\u00f6ks\u00e9g\u00e9nek, J\u00f3zsa J\u00f3zsef kur\u00e1tor \u00farnak, \u00e9s Harkai Ferenc Csaba lelkip\u00e1sztornak a felel\u0151ss\u00e9ge, hogy minden el\u0151\u00edr\u00e1s be legyen tartva.<\/p> <p><strong>\u00a0<\/strong><\/p> <p><strong>\u201eAmit csak szeretn\u00e9tek, hogy az emberek tegyenek veletek, mindenben ugyan\u00fagy tegyetek ti is vel\u00fck, mert ezt tan\u00edtja a t\u00f6rv\u00e9ny \u00e9s a pr\u00f3f\u00e9t\u00e1k.\u201d M\u00e1t\u00e9 7, 12<\/strong><\/p> <p><em>Legfrissebb int\u00e9zked\u00e9sek a COVID 19-hez kapcsol\u00f3d\u00f3an:<\/em><\/p> <p>Miut\u00e1n a gy\u00fclekezeti alkalmunk 15 percn\u00e9l tov\u00e1bb tart, ez\u00e9rt a jelenlegi j\u00e1rv\u00e1ny\u00fcgyi protokoll k\u00f6vetkezt\u00e9ben,<\/p> <p>aki nem tud minden k\u00f6r\u00fcl\u00f6tte \u00fcl\u0151t\u0151l legal\u00e1bb 2 m\u00e9ter t\u00e1vols\u00e1got tartani, k\u00f6teles a templomban <strong>maszkot<\/strong> viselni!<\/p> <p>Ez\u00e9rt k\u00e9r\u00fcnk mindenkit, hogy kell\u0151 k\u00f6r\u00fcltekint\u00e9ssel legyen!<\/p> <p>H\u00e1la Istennek t\u00f6bben j\u00e1runk templomba, \u00edgy sokan vagyunk egy\u00fctt!<\/p> <p>Aki nem hozott mag\u00e1val <strong>maszkot<\/strong> a szolg\u00e1latot teljes\u00edt\u0151 presbiterek adnak orvosi maszkot mindenkinek, aki azt k\u00e9ri.<\/p> <p>K\u00e9r\u00fcnk mindenkit, haszn\u00e1lja a bej\u00e1ratn\u00e1l elhelyezett k\u00e9zfert\u0151tlen\u00edt\u0151t!<\/p> <p>A fenti m\u00f3don tudjuk elker\u00fclni, hogy ha valaki fert\u0151z\u00f6tt lesz k\u00f6z\u00f6tt\u00fcnk a k\u00e9s\u0151bbi kontaktkutat\u00e1sok alkalm\u00e1val min\u00e9l kevesebb embernek okozzon kellemetlens\u00e9get!<\/p> <p>Meg\u00e9rt\u00e9s\u00fckben, egy\u00fctt m\u0171k\u00f6d\u00e9s\u00fckben b\u00edzva, k\u00e9rj\u00fck!<\/p> <p><strong>\u00a0<\/strong><\/p> <p><strong>Egyh\u00e1zk\u00f6zs\u00e9g\u00fcnkben az elm\u00falt hetekben, h\u00f3napokban is folyamatosan tartottunk Istentiszteleteket a templomban, \u00e9s \u00edgy kialakult egy j\u00f3 rend, amit tov\u00e1bbra is alkalmazunk! K\u00e9rem, hogy \u00edgy vegy\u00e9k figyelembe az al\u00e1bbi t\u00e1j\u00e9koztat\u00e1st, szab\u00e1lyoz\u00e1st!<\/strong><\/p> <p><strong>\u00a0<\/strong><\/p> <p>A templomi \u2013 j\u00e1rv\u00e1ny\u00fcgyi &#8211; \u00fcl\u00e9srenddel kapcsolatban k\u00e9rem, mindenki figyeljen az ajt\u00f3n\u00e1l szolg\u00e1latot teljes\u00edt\u0151 presbiterek ir\u00e1ny\u00edt\u00e1s\u00e1ra.<\/p> <p>Tov\u00e1bbra is a Templomban tartjuk az alkalmainkat. <strong>Fogadjuk el, hogy most nem tudunk a megszokott hely\u00fcnkre \u00fclni, hiszen \u00e9rkez\u00e9si sorrendben az els\u0151 padokt\u00f3l kezdve tudunk helyet foglalni.<\/strong> A k\u00e9s\u0151bb \u00e9rkez\u0151k, illetve a megengedett l\u00e9tsz\u00e1m f\u00f6l\u00f6tt \u00e9rkez\u0151k m\u00e1r csak a Gy\u00fclekezeti h\u00e1zban tudnak le\u00fclni.<\/p> <p>K\u00e9rj\u00fck, mindenki hozzon mag\u00e1val otthonr\u00f3l \u00c9nekesk\u00f6nyvet. Term\u00e9szetesen most is lehet a templomban a szokott helyr\u0151l elvenni \u00c9nekesk\u00f6nyvet, amit viszont k\u00e9rj\u00fck, hogy az erre a c\u00e9lra kihelyezett tart\u00f3ba tegyenek vissza, az Istentisztelet v\u00e9g\u00e9n, hogy \u00edgy is cs\u00f6kkents\u00fck az esetleges fert\u0151z\u00e9s lehet\u0151s\u00e9g\u00e9t!<\/p> <p><strong>\u00a0<\/strong><\/p> <p><strong>Kivonul\u00e1sn\u00e1l figyelj\u00fcnk arra, hogy el\u0151sz\u00f6r az els\u0151 sorban \u00fcl\u0151k induljanak el, majd sorban haladjunk a h\u00e1ts\u00f3 padok fel\u00e9, \u00edgy elker\u00fclhet\u0151, hogy a kij\u00e1ratn\u00e1l nagyon feltorl\u00f3djon a gy\u00fclekezet.<\/strong><\/p> <p><strong>\u00a0<\/strong><\/p> <p><strong>Csak a hirdet\u00e9sben jelzett alkalmak ker\u00fclnek megtart\u00e1sra, amiket online k\u00f6zvet\u00edt\u00fcnk, az\u00e9rt hogy aki szeretn\u00e9 Isten ig\u00e9j\u00e9t hallgatni, megtehesse otthon\u00e1ban is!<\/strong><\/p> <p><strong>\u00a0<\/strong><\/p> <p>Mindenki figyelm\u00e9t felh\u00edvjuk arra, hogy felel\u0151ss\u00e9ggel tartozunk egym\u00e1s ir\u00e1nt!<\/p> <p><strong>\u00a0<\/strong><\/p> <p><strong>K\u00e9rj\u00fck a gyakori k\u00e9zmos\u00e1s betart\u00e1s\u00e1t \u00e9s a sz\u00e1j \u00e9s orr eltakar\u00e1s\u00e1t minden\u00fctt, ahol erre el\u0151\u00edr\u00e1s van!<\/strong><\/p> <p><strong>\u00a0<\/strong><\/p> <p>Amikor elm\u00falt a jelenlegi j\u00e1rv\u00e1ny, akkor egy h\u00e1laad\u00f3 Istentiszteletet fogunk tartani, hogy \u00fajra \u00e9lhess\u00fcnk mindannyian az \u00farvacsora s\u00e1kramentum\u00e1val itt a gy\u00fclekezet k\u00f6z\u00f6ss\u00e9g\u00e9ben.<\/p> <p><strong>\u00a0<\/strong><\/p> <p><strong>\u201e<\/strong><strong>\u00d6r\u00fcljetek az \u00darban mindenkor! Ism\u00e9t mondom: \u00f6r\u00fcljetek! A ti szel\u00edds\u00e9getek legyen ismert minden ember el\u0151tt! Az \u00dar k\u00f6zel! Semmi\u00e9rt se agg\u00f3djatok, hanem im\u00e1ds\u00e1gban \u00e9s k\u00f6ny\u00f6rg\u00e9sben mindenkor h\u00e1laad\u00e1ssal t\u00e1rj\u00e1tok fel k\u00e9r\u00e9seiteket Isten el\u0151tt; \u00e9s Isten b\u00e9kess\u00e9ge, mely minden \u00e9rtelmet meghalad, \u00a0meg fogja \u0151rizni sz\u00edveteket \u00e9s gondolataitokat Krisztus J\u00e9zusban.\u201d Filippi 4, 4-7<\/strong><\/p> ","protected":false},"excerpt":{"rendered":"<p>Aki szeretn\u00e9 a Hirdet\u00e9seket emailben is megkapni k\u00e9rj\u00fck, jelezze szem\u00e9lyesen a Lelk\u00e9szi hivatalban. \u00a0 Alkalmak: &#8211; Ma fejez\u0151dik be az \u00d6kumenikus Imah\u00e9t 17 \u00f3rakor a R\u00f3zsat\u00e9ri Reform\u00e1tus templomban a J\u00e1hn Ferenc utc\u00e1ban az alkalmat honlapunkon is fogjuk k\u00f6zvet\u00edteni &#8211; Szerd\u00e1n 18 \u00f3rakor is tarunk Istentiszteletet a templomban &#8211; J\u00f6v\u0151 vas\u00e1rnap 10 \u00f3rakor lesz Istentiszteletet itt&hellip;<\/p>\n","protected":false},"author":15,"featured_media":0,"comment_status":"closed","ping_status":"closed","sticky":false,"template":"","format":"standard","meta":[],"categories":[17],"tags":[],"acf":[],"_links":{"self":[{"href":"https:\/\/kkre.hu\/wpm\/wp-json\/wp\/v2\/posts\/16833"}],"collection":[{"href":"https:\/\/kkre.hu\/wpm\/wp-json\/wp\/v2\/posts"}],"about":[{"href":"https:\/\/kkre.hu\/wpm\/wp-json\/wp\/v2\/types\/post"}],"author":[{"embeddable":true,"href":"https:\/\/kkre.hu\/wpm\/wp-json\/wp\/v2\/users\/15"}],"replies":[{"embeddable":true,"href":"https:\/\/kkre.hu\/wpm\/wp-json\/wp\/v2\/comments?post=16833"}],"version-history":[{"count":3,"href":"https:\/\/kkre.hu\/wpm\/wp-json\/wp\/v2\/posts\/16833\/revisions"}],"predecessor-version":[{"id":16841,"href":"https:\/\/kkre.hu\/wpm\/wp-json\/wp\/v2\/posts\/16833\/revisions\/16841"}],"wp:attachment":[{"href":"https:\/\/kkre.hu\/wpm\/wp-json\/wp\/v2\/media?parent=16833"}],"wp:term":[{"taxonomy":"category","embeddable":true,"href":"https:\/\/kkre.hu\/wpm\/wp-json\/wp\/v2\/categories?post=16833"},{"taxonomy":"post_tag","embeddable":true,"href":"https:\/\/kkre.hu\/wpm\/wp-json\/wp\/v2\/tags?post=16833"}],"curies":[{"name":"wp","href":"https:\/\/api.w.org\/{rel}","templated":true}]}}