{"id":16996,"date":"2021-06-28T08:12:52","date_gmt":"2021-06-28T06:12:52","guid":{"rendered":"http:\/\/kkre.hu\/wpm\/?p=16996"},"modified":"2021-06-28T08:14:00","modified_gmt":"2021-06-28T06:14:00","slug":"hirdetesek-2021-junius-27","status":"publish","type":"post","link":"https:\/\/kkre.hu\/wpm\/blog\/2021\/06\/28\/hirdetesek-2021-junius-27\/","title":{"rendered":"Hirdet\u00e9sek, 2021. j\u00fanius 27."},"content":{"rendered":"<p><strong>Aki szeretn\u00e9 a Hirdet\u00e9seket emailben is megkapni k\u00e9rj\u00fck, jelezze szem\u00e9lyesen a Lelk\u00e9szi hivatalban.<\/strong><\/p> <p><strong>\u00a0<\/strong><\/p> <p><strong>Papp M\u00e1rton tiszteletes \u00far sikeresen vizsg\u00e1zott az Egys\u00e9ges lelk\u00e9szk\u00e9pes\u00edt\u0151 bizotts\u00e1g el\u0151tt, ezzel befejezte egyetemi tanulm\u00e1nyait. Isten \u00e1ld\u00e1s\u00e1t k\u00e9rj\u00fck \u00e9let\u00e9re a lelkip\u00e1sztori szolg\u00e1latban!<\/strong><\/p> <p><strong>\u00a0<\/strong><\/p> <p><strong>Dr. T\u00f3th Ern\u0151 \u00e9s feles\u00e9ge Domokos M\u00e1ria, akik Egyh\u00e1zk\u00f6zs\u00e9g\u00fcnknek 40 \u00e9ve tagjai \u00e9s 12 \u00e9vig kur\u00e1tor h\u00e1zasp\u00e1rk\u00e9nt is szolg\u00e1ltak k\u00f6z\u00f6tt\u00fcnk, cs\u00fct\u00f6rt\u00f6k\u00f6n \u00fcnnepelt\u00e9k 60. h\u00e1zass\u00e1gi \u00e9vfordul\u00f3jukat. <\/strong><\/p> <p><strong>\u00a0<\/strong><\/p> <p><strong>Alkalmak: <\/strong><\/p> <p>&#8211; Ma 18 \u00f3rakor is lesz Istentisztelet\u00fcnk itt a templomban (online k\u00f6zvet\u00edtve: <a href=\"https:\/\/kkre.hu\/wpm\/\">https:\/\/kkre.hu\/wpm\/<\/a>)<\/p> <p>&#8211; Szerd\u00e1n 18 \u00f3rakor tartunk Istentiszteletet itt a templomban<\/p> <p>&#8211; J\u00f6v\u0151 <strong>vas\u00e1rnap<\/strong> <strong>10 \u00f3ra<\/strong>kor <strong>Istentiszteletet <\/strong>tartunk a Templomban (online k\u00f6zvet\u00edtve: <a href=\"https:\/\/kkre.hu\/wpm\/\">https:\/\/kkre.hu\/wpm\/<\/a>)<\/p> <p><strong>Gy\u00fclekezeti konferenci\u00e1k 2021-ben:<\/strong><\/p> <p>&#8211; Holnap reggel 80-an indulunk Gyenesdi\u00e1sra \u00e9s j\u00f6v\u0151 vas\u00e1rnapig ott lesz\u00fcnk gyermekeinkkel csendes h\u00e9ten. K\u00e9rj\u00fck a gy\u00fclekezetet, hordozza im\u00e1ds\u00e1gban ezt az alkalmat.<\/p> <p>&#8211; <strong>2021. j\u00falius 12-18-ig Tahiba a Sion-hegye konferenciak\u00f6zpontba<\/strong> megy\u00fcnk gy\u00fclekezeti h\u00e9tre. Itt is t\u00f6bbsz\u00f6r voltunk a kor\u00e1bbi \u00e9vekben. Azt szeretn\u00e9nk, hogy ezen a h\u00e9ten csak mi legy\u00fcnk itt, ehhez sz\u00fcks\u00e9ges megt\u00f6lten\u00fcnk a konferenciatelepet. Ebbe a t\u00e1borba az elm\u00falt \u00e9vek folyam\u00e1n ifjaink j\u00f6hettek \u00f6n\u00e1ll\u00f3an, de voltak csal\u00e1dok \u00e9s egyed\u00fcl \u00e1ll\u00f3k is. A h\u00e9t folyam\u00e1n a k\u00f6z\u00f6s igei alkalmak \u00e9s \u00e9nekl\u00e9sek mellett sok m\u00e1s k\u00f6z\u00f6ss\u00e9gi programunk is volt: foci, strand, bob.<\/p> <p><strong>A csendesh\u00e9tre az al\u00e1bbi linken lehet jelentkezni: <\/strong><a href=\"https:\/\/docs.google.com\/forms\/d\/e\/1FAIpQLSdvPFT-GSCBoVcXatucXyWomi2N5rVxYzKvKqU9qxcg_beTdA\/viewform?usp=sf_link\">https:\/\/docs.google.com\/forms\/d\/e\/1FAIpQLSdvPFT-GSCBoVcXatucXyWomi2N5rVxYzKvKqU9qxcg_beTdA\/viewform?usp=sf_link<\/a><\/p> <p><strong>\u00c1ll\u00e1sok:<\/strong><\/p> <p>&#8211; Mint int\u00e9zm\u00e9nyfenntart\u00f3 egyh\u00e1zk\u00f6zs\u00e9g szeretn\u00e9nk, ha min\u00e9l t\u00f6bb hozz\u00e1nk tartoz\u00f3 munkat\u00e1rs lenne a Sz\u0151l\u0151skert Reform\u00e1tus \u00d3vod\u00e1ban, \u00e9s az Ady Endre Reform\u00e1tus \u00c1ltal\u00e1nos Iskol\u00e1ban. Ez\u00e9rt k\u00e9rj\u00fck, hogy aki sz\u00edvesen dolgozna int\u00e9zm\u00e9nyeinkben ak\u00e1r pedag\u00f3gusk\u00e9nt, ak\u00e1r a pedag\u00f3gusok munk\u00e1j\u00e1t seg\u00edt\u0151k\u00e9nt jelezze a Lelk\u00e9szi hivatalban, ahol mindig tudjuk, milyen munkat\u00e1rsra van, ak\u00e1r most is, vagy lesz sz\u00fcks\u00e9g a k\u00f6vetkez\u0151 tan\u00e9vben.<\/p> <p><strong>\u00a0<\/strong><\/p> <p><strong>Seg\u00edts\u00e9gny\u00fajt\u00e1s:<\/strong><\/p> <p>&#8211; K\u00e9rem, jelezz\u00e9k, amennyiben olyan id\u0151s egyh\u00e1ztagunkr\u00f3l tudnak, akinek seg\u00edts\u00e9gre van sz\u00fcks\u00e9ge, ha k\u00e9rik, sz\u00edvesen seg\u00edt\u00fcnk bev\u00e1s\u00e1rl\u00e1sban, gy\u00f3gyszerek kiv\u00e1lt\u00e1s\u00e1ban!<\/p> <p>K\u00e9rem, azt is jelezz\u00e9k, ha tudnak olyanr\u00f3l, akinek nincs internet hozz\u00e1f\u00e9r\u00e9se, hogy Egyh\u00e1zk\u00f6zs\u00e9g\u00fcnk h\u00edrei eljussanak hozz\u00e1, ha szeretn\u00e9 azokat olvasni.<\/p> <p>Aki k\u00e9ri, annak sz\u00edvesen eljuttatjuk a vas\u00e1rnapi igehirdet\u00e9seket nyomtatott form\u00e1ban is!<\/p> <p><strong>\u00a0<\/strong><\/p> <p><strong>Templomtakar\u00edt\u00e1s:<\/strong><\/p> <p>&#8211; Ezen a h\u00e9ten \u00fajra szeretettel v\u00e1rjuk a testv\u00e9reket, p\u00e9nteken d\u00e9lut\u00e1n 17 \u00f3r\u00e1ra, hogy kitakar\u00edtsuk a templomot. K\u00f6sz\u00f6nj\u00fck azoknak, akik el nem m\u00fal\u00f3 szeretettel j\u00f6nnek h\u00e9tr\u0151l-h\u00e9tre takar\u00edtani, hogy templomunkban mindig tisztas\u00e1g \u00e9s rend lehessen alkalmainkra.<\/p> <p><strong>\u00a0<\/strong><\/p> <p><strong>\u00a0<\/strong><\/p> <p><strong>Lectio:<\/strong> Apostolok cselekedetei: 25, 1-2<\/p> <p><strong>Textus: <\/strong>Apostolok cselekedetei: 25, 9<\/p> <p><strong>\u00c9nekek: \u00a0\u00a0\u00a0\u00a0\u00a0\u00a0\u00a0 <\/strong>137: 1<\/p> <p>329: 2<\/p> <p>Ker.: Ferenczik Mil\u00e1n \u00e9s Ferenczik Hel\u00e9na: Zsolt\u00e1rok: 137: 1<\/p> <p>Sz\u00fcl\u0151k: Ferenczik G\u00e1bor \u00e9s Sz\u0171cs Barbara<\/p> <p>134: 3<\/p> <p>Heidelbergi K\u00e1t\u00e9: XXVI. \u00darnapja<\/p> <p>431<\/p> <p>165: 1-2<\/p> <p>274: 1<\/p> <p>274: 2-4<\/p> <p>Igehirdet\u0151: Harkai Ferenc<\/p> <p><strong><em>D\u00e9lut\u00e1n:<\/em><\/strong><\/p> <p><strong><em>\u00a0<\/em><\/strong><\/p> <p><strong>Textus:<\/strong> Pr\u00e9dik\u00e1tor: 6, 1-12 \u00e9s 1Tim\u00f3teus: 6, 6-7<\/p> <p><strong>Heidelbergi K\u00e1t\u00e9:<\/strong> XXVI. \u00darnapja<\/p> <p><strong>\u00c9nekek:<\/strong> \u00a0\u00a0\u00a0\u00a0\u00a0\u00a0\u00a0 \u00a086: 1<\/p> <p>86: 2-3<\/p> <p>505: 1-3<\/p> <p>Igehirdet\u0151: Papp M\u00e1rton<\/p> <p><strong><u>A koronav\u00edrushoz kapcsol\u00f3d\u00f3 int\u00e9zked\u00e9seink:<\/u><\/strong><\/p> <p><strong>\u00a0<\/strong><\/p> <p>Az Egyh\u00e1zk\u00f6zs\u00e9g eln\u00f6ks\u00e9g\u00e9nek, J\u00f3zsa J\u00f3zsef kur\u00e1tornak, \u00e9s Harkai Ferenc Csaba lelkip\u00e1sztornak a felel\u0151ss\u00e9ge, hogy minden el\u0151\u00edr\u00e1s be legyen tartva.<\/p> <p><strong>A Szenth\u00e1roms\u00e1g Istennek adunk h\u00e1l\u00e1t, hogy orsz\u00e1gunkban a Covid 19 \u00e1ltal okozott j\u00e1rv\u00e1nyhelyzet enyh\u00fcl. K\u00f6z\u00f6ss\u00e9g\u00fcnkben is &#8211; igazodva az \u00e1llami el\u0151\u00edr\u00e1sokhoz \u2013 fokozatosan elkezdj\u00fck a gy\u00fclekezeti alkalmak \u00fajra ind\u00edt\u00e1s\u00e1t is.<\/strong> K\u00e9rj\u00fck, a testv\u00e9reket figyelj\u00e9k a hirdet\u00e9seket, ahol mindig pontos t\u00e1j\u00e9koztat\u00e1st fogunk adni az elindul\u00f3 alkalmakr\u00f3l.<\/p> <p><strong>\u00a0<\/strong><\/p> <p><strong>\u201eAmit csak szeretn\u00e9tek, hogy az emberek tegyenek veletek, mindenben ugyan\u00fagy tegyetek ti is vel\u00fck, mert ezt tan\u00edtja a t\u00f6rv\u00e9ny \u00e9s a pr\u00f3f\u00e9t\u00e1k.\u201d M\u00e1t\u00e9 7, 12<\/strong><\/p> <p><em>Legfrissebb int\u00e9zked\u00e9sek a COVID 19-hez kapcsol\u00f3d\u00f3an:<\/em><\/p> <p><em>\u00a0<\/em><\/p> <p><strong>Szeretettel v\u00e1rjuk alkalmainkon mindazokat, akik \u00e9rv\u00e9nyes v\u00e9detts\u00e9gi igazolv\u00e1nnyal rendelkeznek!<\/strong><\/p> <p><strong>Figyelembe v\u00e9ve a jelenlegi \u00e1llami szab\u00e1lyoz\u00e1sokat is, v\u00e9detts\u00e9gi igazolv\u00e1nyok eset\u00e9ben tov\u00e1bb tudjuk enyh\u00edteni az alkalmaink r\u00e9szt vev\u0151k k\u00f6t\u00f6tts\u00e9geit!<\/strong><\/p> <p><strong>\u00a0<\/strong><\/p> <p>Miut\u00e1n a gy\u00fclekezeti alkalmunk 15 percn\u00e9l tov\u00e1bb tart, ez\u00e9rt a jelenlegi j\u00e1rv\u00e1ny\u00fcgyi protokoll k\u00f6vetkezt\u00e9ben,<\/p> <p>aki nem tud minden k\u00f6r\u00fcl\u00f6tte \u00fcl\u0151t\u0151l legal\u00e1bb 2 m\u00e9ter t\u00e1vols\u00e1got tartani, k\u00f6teles a templomban <strong>maszkot<\/strong> viselni!<\/p> <p>Ez\u00e9rt k\u00e9r\u00fcnk mindenkit, hogy kell\u0151 k\u00f6r\u00fcltekint\u00e9ssel legyen!<\/p> <p>H\u00e1la Istennek t\u00f6bben j\u00e1runk templomba, \u00edgy sokan vagyunk egy\u00fctt!<\/p> <p>Aki nem hozott mag\u00e1val <strong>maszkot,<\/strong> neki a szolg\u00e1latot teljes\u00edt\u0151 presbiterek adnak orvosi maszkot mindenkinek, aki azt k\u00e9ri.<\/p> <p>K\u00e9r\u00fcnk mindenkit, haszn\u00e1lja a bej\u00e1ratn\u00e1l elhelyezett <strong>k\u00e9zfert\u0151tlen\u00edt\u0151t<\/strong>!<\/p> <p>A fenti m\u00f3don tudjuk elker\u00fclni, hogy ha valaki fert\u0151z\u00f6tt lesz k\u00f6z\u00f6tt\u00fcnk a k\u00e9s\u0151bbi kontaktkutat\u00e1sok alkalm\u00e1val min\u00e9l kevesebb embernek okozzon kellemetlens\u00e9get!<\/p> <p>Meg\u00e9rt\u00e9s\u00fckben, egy\u00fctt m\u0171k\u00f6d\u00e9s\u00fckben b\u00edzva, k\u00e9rj\u00fck seg\u00edts\u00e9g\u00fcket!<\/p> <p><strong>\u00a0<\/strong><\/p> <p><strong>Egyh\u00e1zk\u00f6zs\u00e9g\u00fcnkben az elm\u00falt hetekben, h\u00f3napokban is folyamatosan tartottunk Istentiszteleteket a templomban, \u00e9s \u00edgy kialakult egy j\u00f3 rend, amit tov\u00e1bbra is alkalmazunk! K\u00e9rem, hogy \u00edgy vegy\u00e9k figyelembe az al\u00e1bbi t\u00e1j\u00e9koztat\u00e1st, szab\u00e1lyoz\u00e1st!<\/strong><\/p> <p><strong>\u00a0<\/strong><\/p> <p>A templomi \u2013 j\u00e1rv\u00e1ny\u00fcgyi &#8211; \u00fcl\u00e9srenddel kapcsolatban k\u00e9rem, mindenki figyeljen az ajt\u00f3n\u00e1l szolg\u00e1latot teljes\u00edt\u0151 presbiterek ir\u00e1ny\u00edt\u00e1s\u00e1ra.<\/p> <p>Tov\u00e1bbra is a Templomban tartjuk az alkalmainkat. <strong>Fogadjuk el, hogy most nem tudunk a megszokott hely\u00fcnkre \u00fclni, hiszen \u00e9rkez\u00e9si sorrendben az els\u0151 padokt\u00f3l kezdve tudunk helyet foglalni.<\/strong> A k\u00e9s\u0151bb \u00e9rkez\u0151k, illetve a megengedett l\u00e9tsz\u00e1m f\u00f6l\u00f6tt \u00e9rkez\u0151k m\u00e1r csak a Gy\u00fclekezeti h\u00e1zban tudnak le\u00fclni.<\/p> <p>K\u00e9rj\u00fck, mindenki hozzon mag\u00e1val otthonr\u00f3l \u00c9nekesk\u00f6nyvet. Term\u00e9szetesen most is lehet a templomban a szokott helyr\u0151l elvenni \u00c9nekesk\u00f6nyvet, amit viszont k\u00e9rj\u00fck, hogy az erre a c\u00e9lra kihelyezett tart\u00f3ba tegyenek vissza, az Istentisztelet v\u00e9g\u00e9n, hogy \u00edgy is cs\u00f6kkents\u00fck az esetleges fert\u0151z\u00e9s lehet\u0151s\u00e9g\u00e9t!<\/p> <p><strong>\u00a0<\/strong><\/p> <p><strong>Kivonul\u00e1sn\u00e1l figyelj\u00fcnk arra, hogy el\u0151sz\u00f6r az els\u0151 sorban \u00fcl\u0151k induljanak el, majd sorban haladjunk a h\u00e1ts\u00f3 padok fel\u00e9, \u00edgy elker\u00fclhet\u0151, hogy a kij\u00e1ratn\u00e1l nagyon feltorl\u00f3djon a gy\u00fclekezet.<\/strong><\/p> <p><strong>\u00a0<\/strong><\/p> <p><strong>Csak a hirdet\u00e9sben jelzett alkalmak ker\u00fclnek megtart\u00e1sra, amiket online k\u00f6zvet\u00edt\u00fcnk, az\u00e9rt hogy aki szeretn\u00e9 Isten ig\u00e9j\u00e9t hallgatni, megtehesse otthon\u00e1ban is!<\/strong><\/p> <p><strong>\u00a0<\/strong><\/p> <p>Mindenki figyelm\u00e9t felh\u00edvjuk arra, hogy felel\u0151ss\u00e9ggel tartozunk egym\u00e1s ir\u00e1nt!<\/p> <p><strong>\u00a0<\/strong><\/p> <p><strong>K\u00e9rj\u00fck a gyakori k\u00e9zmos\u00e1s betart\u00e1s\u00e1t \u00e9s a sz\u00e1j \u00e9s orr eltakar\u00e1s\u00e1t minden\u00fctt, ahol erre el\u0151\u00edr\u00e1s van!<\/strong><\/p> <p><strong>\u00a0<\/strong><\/p> <p>Amikor elm\u00falt a jelenlegi j\u00e1rv\u00e1ny, akkor egy h\u00e1laad\u00f3 Istentiszteletet fogunk tartani, hogy \u00fajra \u00e9lhess\u00fcnk mindannyian az \u00farvacsora s\u00e1kramentum\u00e1val itt a gy\u00fclekezet k\u00f6z\u00f6ss\u00e9g\u00e9ben.<\/p> <p><strong>\u00a0<\/strong><\/p> <p><strong>\u201e<\/strong><strong>\u00d6r\u00fcljetek az \u00darban mindenkor! Ism\u00e9t mondom: \u00f6r\u00fcljetek! A ti szel\u00edds\u00e9getek legyen ismert minden ember el\u0151tt! Az \u00dar k\u00f6zel! Semmi\u00e9rt se agg\u00f3djatok, hanem im\u00e1ds\u00e1gban \u00e9s k\u00f6ny\u00f6rg\u00e9sben mindenkor h\u00e1laad\u00e1ssal t\u00e1rj\u00e1tok fel k\u00e9r\u00e9seiteket Isten el\u0151tt; \u00e9s Isten b\u00e9kess\u00e9ge, mely minden \u00e9rtelmet meghalad, \u00a0\u00a0meg fogja \u0151rizni sz\u00edveteket \u00e9s gondolataitokat Krisztus J\u00e9zusban.\u201d Filippi 4, 4-7<\/strong><\/p> ","protected":false},"excerpt":{"rendered":"<p>Aki szeretn\u00e9 a Hirdet\u00e9seket emailben is megkapni k\u00e9rj\u00fck, jelezze szem\u00e9lyesen a Lelk\u00e9szi hivatalban. \u00a0 Papp M\u00e1rton tiszteletes \u00far sikeresen vizsg\u00e1zott az Egys\u00e9ges lelk\u00e9szk\u00e9pes\u00edt\u0151 bizotts\u00e1g el\u0151tt, ezzel befejezte egyetemi tanulm\u00e1nyait. Isten \u00e1ld\u00e1s\u00e1t k\u00e9rj\u00fck \u00e9let\u00e9re a lelkip\u00e1sztori szolg\u00e1latban! \u00a0 Dr. T\u00f3th Ern\u0151 \u00e9s feles\u00e9ge Domokos M\u00e1ria, akik Egyh\u00e1zk\u00f6zs\u00e9g\u00fcnknek 40 \u00e9ve tagjai \u00e9s 12 \u00e9vig kur\u00e1tor h\u00e1zasp\u00e1rk\u00e9nt is&hellip;<\/p>\n","protected":false},"author":15,"featured_media":0,"comment_status":"closed","ping_status":"closed","sticky":false,"template":"","format":"standard","meta":[],"categories":[17],"tags":[],"acf":[],"_links":{"self":[{"href":"https:\/\/kkre.hu\/wpm\/wp-json\/wp\/v2\/posts\/16996"}],"collection":[{"href":"https:\/\/kkre.hu\/wpm\/wp-json\/wp\/v2\/posts"}],"about":[{"href":"https:\/\/kkre.hu\/wpm\/wp-json\/wp\/v2\/types\/post"}],"author":[{"embeddable":true,"href":"https:\/\/kkre.hu\/wpm\/wp-json\/wp\/v2\/users\/15"}],"replies":[{"embeddable":true,"href":"https:\/\/kkre.hu\/wpm\/wp-json\/wp\/v2\/comments?post=16996"}],"version-history":[{"count":2,"href":"https:\/\/kkre.hu\/wpm\/wp-json\/wp\/v2\/posts\/16996\/revisions"}],"predecessor-version":[{"id":16998,"href":"https:\/\/kkre.hu\/wpm\/wp-json\/wp\/v2\/posts\/16996\/revisions\/16998"}],"wp:attachment":[{"href":"https:\/\/kkre.hu\/wpm\/wp-json\/wp\/v2\/media?parent=16996"}],"wp:term":[{"taxonomy":"category","embeddable":true,"href":"https:\/\/kkre.hu\/wpm\/wp-json\/wp\/v2\/categories?post=16996"},{"taxonomy":"post_tag","embeddable":true,"href":"https:\/\/kkre.hu\/wpm\/wp-json\/wp\/v2\/tags?post=16996"}],"curies":[{"name":"wp","href":"https:\/\/api.w.org\/{rel}","templated":true}]}}