{"id":17002,"date":"2021-07-05T11:24:08","date_gmt":"2021-07-05T09:24:08","guid":{"rendered":"http:\/\/kkre.hu\/wpm\/?p=17002"},"modified":"2021-07-05T11:26:42","modified_gmt":"2021-07-05T09:26:42","slug":"hirdetesek-2021-julius-04","status":"publish","type":"post","link":"https:\/\/kkre.hu\/wpm\/blog\/2021\/07\/05\/hirdetesek-2021-julius-04\/","title":{"rendered":"Hirdet\u00e9sek, 2021. j\u00falius 04."},"content":{"rendered":"<p><strong>Aki szeretn\u00e9 a Hirdet\u00e9seket emailben is megkapni k\u00e9rj\u00fck, jelezze szem\u00e9lyesen a Lelk\u00e9szi hivatalban.<\/strong><\/p> <p><strong>Alkalmak: <\/strong><\/p> <p>&#8211; Szerd\u00e1n 18 \u00f3rakor tartunk Istentiszteletet itt a templomban<\/p> <p>&#8211; J\u00f6v\u0151 <strong>vas\u00e1rnap<\/strong> <strong>10 \u00f3ra<\/strong>kor <strong>Istentiszteletet <\/strong>tartunk a Templomban, ezen az alkalmon \u00e9nekelni fognak a Gyenesdi\u00e1si csendes h\u00e9t r\u00e9sztvev\u0151i is (online k\u00f6zvet\u00edtve: <a href=\"https:\/\/kkre.hu\/wpm\/\">https:\/\/kkre.hu\/wpm\/<\/a>)<\/p> <p>\u00a0<\/p> <p><strong>Gy\u00fclekezeti konferenci\u00e1k 2021-ben:<\/strong><\/p> <p>\u00a0<\/p> <p>&#8211; Vas\u00e1rnap d\u00e9lut\u00e1nra minden r\u00e9sztvev\u0151 hazat\u00e9rt a <strong>Gyenesdi\u00e1si<\/strong> Csendes h\u00e9tr\u0151l. K\u00f6sz\u00f6nj\u00fck a gy\u00fclekezet im\u00e1ds\u00e1g\u00e1t. Rem\u00e9nys\u00e9g szerint j\u00falius 11-\u00e9n vas\u00e1rnap d\u00e9lel\u0151tt r\u00e9sztvev\u0151k a templomban fognak \u00e9nekelni<\/p> <p>\u00a0<\/p> <p>&#8211; <strong>2021. j\u00falius 12-18-ig Tahiba a Sion-hegye konferenciak\u00f6zpontba<\/strong> megy\u00fcnk gy\u00fclekezeti h\u00e9tre. Itt is t\u00f6bbsz\u00f6r voltunk a kor\u00e1bbi \u00e9vekben. Azt szeretn\u00e9nk, hogy ezen a h\u00e9ten csak mi legy\u00fcnk itt, ehhez sz\u00fcks\u00e9ges megt\u00f6lten\u00fcnk a konferenciatelepet. Ebbe a t\u00e1borba az elm\u00falt \u00e9vek folyam\u00e1n ifjaink j\u00f6hettek \u00f6n\u00e1ll\u00f3an, de voltak csal\u00e1dok \u00e9s egyed\u00fcl \u00e1ll\u00f3k is. A h\u00e9t folyam\u00e1n a k\u00f6z\u00f6s igei alkalmak \u00e9s \u00e9nekl\u00e9sek mellett sok m\u00e1s k\u00f6z\u00f6ss\u00e9gi programunk is volt: foci, strand, bob.<\/p> <p><strong>A csendesh\u00e9tre az al\u00e1bbi linken lehet jelentkezni: <\/strong><a href=\"https:\/\/docs.google.com\/forms\/d\/e\/1FAIpQLSdvPFT-GSCBoVcXatucXyWomi2N5rVxYzKvKqU9qxcg_beTdA\/viewform?usp=sf_link\">https:\/\/docs.google.com\/forms\/d\/e\/1FAIpQLSdvPFT-GSCBoVcXatucXyWomi2N5rVxYzKvKqU9qxcg_beTdA\/viewform?usp=sf_link<\/a><\/p> <p><strong>\u00a0<\/strong><\/p> <p><strong>Templomtakar\u00edt\u00e1s:<\/strong><\/p> <p>&#8211; Ezen a h\u00e9ten \u00fajra szeretettel v\u00e1rjuk a testv\u00e9reket, p\u00e9nteken d\u00e9lut\u00e1n 17 \u00f3r\u00e1ra, hogy kitakar\u00edtsuk a templomot. K\u00f6sz\u00f6nj\u00fck azoknak, akik el nem m\u00fal\u00f3 szeretettel j\u00f6nnek h\u00e9tr\u0151l-h\u00e9tre takar\u00edtani, hogy templomunkban mindig tisztas\u00e1g \u00e9s rend lehessen alkalmainkra.<\/p> <p><strong>\u00a0<\/strong><\/p> <p><strong>\u00a0<\/strong><\/p> <p><strong>Lectio: <\/strong>Luk\u00e1cs: 9: 1-6. 10-11; 10, 1-12. 17-20<\/p> <p>\u00a0<\/p> <p><strong>Textus: <\/strong>Apostolok cselekedetei: 28, 1-10<\/p> <p>\u00a0<\/p> <p><strong>\u00c9nekek: <\/strong>\u00a0\u00a0\u00a0\u00a0\u00a0\u00a0\u00a0 \u00a0\u00a086: 1<\/p> <p><strong>\u00a0<\/strong><\/p> <p>Heidelbergi K\u00e1t\u00e9: XXVII. \u00darnapja<\/p> <p>430: 1-3<\/p> <p>86: 5<\/p> <p>86: 6<\/p> <p>462: 1-3<\/p> <p>\u00a0<\/p> <p>Igehirdet\u0151: Papp M\u00e1rton<\/p>   <p><\/p> ","protected":false},"excerpt":{"rendered":"<p>Aki szeretn\u00e9 a Hirdet\u00e9seket emailben is megkapni k\u00e9rj\u00fck, jelezze szem\u00e9lyesen a Lelk\u00e9szi hivatalban. Alkalmak: &#8211; Szerd\u00e1n 18 \u00f3rakor tartunk Istentiszteletet itt a templomban &#8211; J\u00f6v\u0151 vas\u00e1rnap 10 \u00f3rakor Istentiszteletet tartunk a Templomban, ezen az alkalmon \u00e9nekelni fognak a Gyenesdi\u00e1si csendes h\u00e9t r\u00e9sztvev\u0151i is (online k\u00f6zvet\u00edtve: https:\/\/kkre.hu\/wpm\/) \u00a0 Gy\u00fclekezeti konferenci\u00e1k 2021-ben: \u00a0 &#8211; Vas\u00e1rnap d\u00e9lut\u00e1nra minden&hellip;<\/p>\n","protected":false},"author":15,"featured_media":0,"comment_status":"closed","ping_status":"closed","sticky":false,"template":"","format":"standard","meta":[],"categories":[17],"tags":[],"acf":[],"_links":{"self":[{"href":"https:\/\/kkre.hu\/wpm\/wp-json\/wp\/v2\/posts\/17002"}],"collection":[{"href":"https:\/\/kkre.hu\/wpm\/wp-json\/wp\/v2\/posts"}],"about":[{"href":"https:\/\/kkre.hu\/wpm\/wp-json\/wp\/v2\/types\/post"}],"author":[{"embeddable":true,"href":"https:\/\/kkre.hu\/wpm\/wp-json\/wp\/v2\/users\/15"}],"replies":[{"embeddable":true,"href":"https:\/\/kkre.hu\/wpm\/wp-json\/wp\/v2\/comments?post=17002"}],"version-history":[{"count":2,"href":"https:\/\/kkre.hu\/wpm\/wp-json\/wp\/v2\/posts\/17002\/revisions"}],"predecessor-version":[{"id":17005,"href":"https:\/\/kkre.hu\/wpm\/wp-json\/wp\/v2\/posts\/17002\/revisions\/17005"}],"wp:attachment":[{"href":"https:\/\/kkre.hu\/wpm\/wp-json\/wp\/v2\/media?parent=17002"}],"wp:term":[{"taxonomy":"category","embeddable":true,"href":"https:\/\/kkre.hu\/wpm\/wp-json\/wp\/v2\/categories?post=17002"},{"taxonomy":"post_tag","embeddable":true,"href":"https:\/\/kkre.hu\/wpm\/wp-json\/wp\/v2\/tags?post=17002"}],"curies":[{"name":"wp","href":"https:\/\/api.w.org\/{rel}","templated":true}]}}