{"id":17007,"date":"2021-07-11T15:20:07","date_gmt":"2021-07-11T13:20:07","guid":{"rendered":"http:\/\/kkre.hu\/wpm\/?p=17007"},"modified":"2021-07-11T15:20:38","modified_gmt":"2021-07-11T13:20:38","slug":"hirdetesek-2021-julius-11","status":"publish","type":"post","link":"https:\/\/kkre.hu\/wpm\/blog\/2021\/07\/11\/hirdetesek-2021-julius-11\/","title":{"rendered":"Hirdet\u00e9sek, 2021. j\u00falius 11."},"content":{"rendered":"<p><strong>Aki szeretn\u00e9 a Hirdet\u00e9seket emailben is megkapni k\u00e9rj\u00fck, jelezze szem\u00e9lyesen a Lelk\u00e9szi hivatalban.<\/strong><\/p> <p><strong>\u00a0<\/strong><\/p> <p><strong>Gyenesdi\u00e1si csendes h\u00e9t: <\/strong><\/p> <p>&#8211; J\u00fanius 28-t\u00f3l j\u00falius 4-ig Gyenesdi\u00e1son voltunk gyermekeinkkel, ifjainkkal Csendes h\u00e9ten. \u00d6sszesen 91-en vett\u00fcnk r\u00e9szt ezen a h\u00e9ten, ahov\u00e1 7-en a Szeremlei Reform\u00e1tus Egyh\u00e1zk\u00f6zs\u00e9gb\u0151l \u00e9rkeztek, 84-en pedig t\u0151l\u00fcnk. A mai Istentiszteleten a jelenlev\u0151 t\u00e1boroz\u00f3 gyermekek is \u00e9nekeltek.<\/p> <p><strong>\u00a0<\/strong><\/p> <p><strong>Alkalmak: <\/strong><\/p> <p>&#8211; Szerd\u00e1n 18 \u00f3rakor tartunk Istentiszteletet itt a templomban<\/p> <p>&#8211; J\u00f6v\u0151 <strong>vas\u00e1rnap<\/strong> <strong>10 \u00f3ra<\/strong>kor <strong>Istentiszteletet <\/strong>tartunk a Templomban (online k\u00f6zvet\u00edtve: <a href=\"https:\/\/kkre.hu\/wpm\/\">https:\/\/kkre.hu\/wpm\/<\/a>)<\/p> <p><strong>Holland vend\u00e9gek: <\/strong><\/p> <p>&#8211; Hollandi\u00e1b\u00f3l, Delftb\u0151l \u00e9rkeztek testv\u00e9rek, abb\u00f3l a Gy\u00fclekezetb\u0151l, akikkel egy\u00fctt seg\u00edtett\u00fck a j\u00f3t\u00e9konys\u00e1gi ruhaakci\u00f3kkal a k\u00e9rp\u00e1taljai T\u00e9cs\u0151 Reform\u00e1tus Egyh\u00e1zk\u00f6zs\u00e9get. Isten hozta k\u00f6z\u00f6tt\u00fcnk: Johannes Jacobus Rodenburg\u00f6t \u00e9s feles\u00e9g\u00e9t Hendrika Cornelia &#8216;t Hart, tov\u00e1bb\u00e1 Matthijs Pieter Mostert \u00e9s feles\u00e9g\u00e9t Dirkje Bokot.<\/p> <p><strong>Gy\u00fclekezeti konferenci\u00e1k 2021-ben:<\/strong><\/p> <p>&#8211; Holnapt\u00f3l, j\u00f6v\u0151 vas\u00e1rnapig, azaz <strong>j\u00falius 12-18-ig Tahiba a Sion-hegye konferenciak\u00f6zpontba<\/strong> megy\u00fcnk gy\u00fclekezeti h\u00e9tre. Ebbe a t\u00e1borba az elm\u00falt \u00e9vek folyam\u00e1n ifjaink j\u00f6hettek \u00f6n\u00e1ll\u00f3an, de voltak csal\u00e1dok \u00e9s egyed\u00fcl \u00e1ll\u00f3k is. A h\u00e9t folyam\u00e1n a k\u00f6z\u00f6s igei alkalmak \u00e9s \u00e9nekl\u00e9sek mellett sok m\u00e1s k\u00f6z\u00f6ss\u00e9gi programunk is volt: foci, strand, bob.<\/p> <p><strong>Ha valaki most d\u00f6nt \u00fagy, hogy m\u00e9gis szeretne elj\u00f6nni, akkor m\u00e9g lehet jelentkezni, az al\u00e1bbi linken, ahol egy t\u00e1j\u00e9koztat\u00f3 is olvashat\u00f3 a h\u00e9tr\u0151l:<\/strong><\/p> <p><a href=\"https:\/\/docs.google.com\/forms\/d\/e\/1FAIpQLSdvPFT-GSCBoVcXatucXyWomi2N5rVxYzKvKqU9qxcg_beTdA\/viewform?usp=sf_link\">https:\/\/docs.google.com\/forms\/d\/e\/1FAIpQLSdvPFT-GSCBoVcXatucXyWomi2N5rVxYzKvKqU9qxcg_beTdA\/viewform?usp=sf_link<\/a><\/p> <p><strong>\u00a0<\/strong><\/p> <p><strong>Templomtakar\u00edt\u00e1s:<\/strong><\/p> <p>&#8211; Ezen a h\u00e9ten \u00fajra szeretettel v\u00e1rjuk a testv\u00e9reket, p\u00e9nteken d\u00e9lut\u00e1n 17 \u00f3r\u00e1ra, hogy kitakar\u00edtsuk a templomot. K\u00f6sz\u00f6nj\u00fck azoknak, akik el nem m\u00fal\u00f3 szeretettel j\u00f6nnek h\u00e9tr\u0151l-h\u00e9tre takar\u00edtani, hogy templomunkban mindig tisztas\u00e1g \u00e9s rend lehessen alkalmainkra.<\/p> <p><strong>\u00a0<\/strong><\/p> <p><strong>Lectio: <\/strong>1 Kir\u00e1lyok: 3, 1-15 M\u00e1t\u00e9: 6, 25-34<\/p> <p><strong>Textus: <\/strong>1 Kir\u00e1lyok: 3, 9<\/p> <p><strong>\u00c9nekek: <\/strong>\u00a0\u00a0\u00a0\u00a0\u00a0\u00a0\u00a0 \u00a0\u00a025: 1<\/p> <p>Heidelbergi K\u00e1t\u00e9: XXVIII. \u00darnapja<\/p> <p>299: 1-4<\/p> <p>25: 2<\/p> <p>134: 3<\/p> <p>471: 1, 4<\/p> <p>Igehirdet\u0151: Harkai Ferenc<\/p> ","protected":false},"excerpt":{"rendered":"<p>Aki szeretn\u00e9 a Hirdet\u00e9seket emailben is megkapni k\u00e9rj\u00fck, jelezze szem\u00e9lyesen a Lelk\u00e9szi hivatalban. \u00a0 Gyenesdi\u00e1si csendes h\u00e9t: &#8211; J\u00fanius 28-t\u00f3l j\u00falius 4-ig Gyenesdi\u00e1son voltunk gyermekeinkkel, ifjainkkal Csendes h\u00e9ten. \u00d6sszesen 91-en vett\u00fcnk r\u00e9szt ezen a h\u00e9ten, ahov\u00e1 7-en a Szeremlei Reform\u00e1tus Egyh\u00e1zk\u00f6zs\u00e9gb\u0151l \u00e9rkeztek, 84-en pedig t\u0151l\u00fcnk. A mai Istentiszteleten a jelenlev\u0151 t\u00e1boroz\u00f3 gyermekek is \u00e9nekeltek. \u00a0&hellip;<\/p>\n","protected":false},"author":15,"featured_media":0,"comment_status":"closed","ping_status":"closed","sticky":false,"template":"","format":"standard","meta":[],"categories":[17],"tags":[],"acf":[],"_links":{"self":[{"href":"https:\/\/kkre.hu\/wpm\/wp-json\/wp\/v2\/posts\/17007"}],"collection":[{"href":"https:\/\/kkre.hu\/wpm\/wp-json\/wp\/v2\/posts"}],"about":[{"href":"https:\/\/kkre.hu\/wpm\/wp-json\/wp\/v2\/types\/post"}],"author":[{"embeddable":true,"href":"https:\/\/kkre.hu\/wpm\/wp-json\/wp\/v2\/users\/15"}],"replies":[{"embeddable":true,"href":"https:\/\/kkre.hu\/wpm\/wp-json\/wp\/v2\/comments?post=17007"}],"version-history":[{"count":2,"href":"https:\/\/kkre.hu\/wpm\/wp-json\/wp\/v2\/posts\/17007\/revisions"}],"predecessor-version":[{"id":17009,"href":"https:\/\/kkre.hu\/wpm\/wp-json\/wp\/v2\/posts\/17007\/revisions\/17009"}],"wp:attachment":[{"href":"https:\/\/kkre.hu\/wpm\/wp-json\/wp\/v2\/media?parent=17007"}],"wp:term":[{"taxonomy":"category","embeddable":true,"href":"https:\/\/kkre.hu\/wpm\/wp-json\/wp\/v2\/categories?post=17007"},{"taxonomy":"post_tag","embeddable":true,"href":"https:\/\/kkre.hu\/wpm\/wp-json\/wp\/v2\/tags?post=17007"}],"curies":[{"name":"wp","href":"https:\/\/api.w.org\/{rel}","templated":true}]}}