{"id":17037,"date":"2021-07-18T12:16:54","date_gmt":"2021-07-18T10:16:54","guid":{"rendered":"http:\/\/kkre.hu\/wpm\/?p=17037"},"modified":"2021-07-18T12:17:53","modified_gmt":"2021-07-18T10:17:53","slug":"hirdetesek-2021-julius-18","status":"publish","type":"post","link":"https:\/\/kkre.hu\/wpm\/blog\/2021\/07\/18\/hirdetesek-2021-julius-18\/","title":{"rendered":"Hirdet\u00e9sek, 2021. j\u00falius 18."},"content":{"rendered":"<p><strong>Aki szeretn\u00e9 a Hirdet\u00e9seket emailben is megkapni k\u00e9rj\u00fck, jelezze szem\u00e9lyesen a Lelk\u00e9szi hivatalban.<\/strong><\/p> <p><strong>\u00a0<\/strong><\/p> <p><strong>Alkalmak: <\/strong><\/p> <p>&#8211; Szerd\u00e1n 18 \u00f3rakor tartunk Istentiszteletet itt a templomban<\/p> <p>&#8211; J\u00f6v\u0151 <strong>vas\u00e1rnap<\/strong> <strong>10 \u00f3ra<\/strong>kor <strong>Istentiszteletet <\/strong>tartunk a Templomban (online k\u00f6zvet\u00edtve: <a href=\"https:\/\/kkre.hu\/wpm\/\">https:\/\/kkre.hu\/wpm\/<\/a>)<\/p> <p><strong>Temet\u00e9s:<\/strong><\/p> <p>&#8211; Az elm\u00falt h\u00e9ten j\u00falius 17-\u00e9n, szombaton d\u00e9lel\u0151tt b\u00facs\u00faztunk ifj. Mursa Ferenct\u0151l, aki 63 \u00e9ves kor\u00e1ban j\u00fanius 14-\u00e9n hunyt el. A felt\u00e1mad\u00e1s \u00e9s vigasztal\u00e1s ig\u00e9it a M\u00e1t\u00e9 evang\u00e9liuma: 11, 28-30 \u00a0alapj\u00e1n hirdett\u00fck. Isten vigasztal\u00e1s\u00e1t k\u00e9rj\u00fck gyermekeinek, \u00e9desanyj\u00e1nak \u00e9s csal\u00e1dj\u00e1nak A Boldog Felt\u00e1mad\u00e1s Rem\u00e9nys\u00e9ge Alatt.<\/p> <p><strong>Megeml\u00e9kez\u00e9s:<\/strong><\/p> <p>&#8211; Holnap lesz n\u00e9gy \u00e9ve, hogy 2017. j\u00falius 19-\u00e9n 74 \u00e9ves kor\u00e1ban v\u00e1ratlanul hunyt el Gally Zolt\u00e1n Ern\u0151 presbiter testv\u00e9r\u00fcnk. Akkor a vigasztal\u00e1s ig\u00e9it a 1 Kor: 3, 4-5: Ha az egyik ezt mondja: \u201e\u00c9n P\u00e1l\u00e9 vagyok\u201d, a m\u00e1sik pedig azt: \u201e\u00c9n Apoll\u00f3s\u00e9\u201d, nem emberi m\u00f3don besz\u00e9ltek-e? <sup><a href=\"http:\/\/abibliamindenkie.hu\/uj\/1CO\/3\/#5\">5<\/a><\/sup>H\u00e1t ki az az Apoll\u00f3s, \u00e9s ki az a P\u00e1l? Szolg\u00e1k csup\u00e1n, akik \u00e1ltal h\u00edv\u0151kk\u00e9 lettetek; m\u00e9gpedig ki-ki \u00fagy szolg\u00e1l, ahogy megadta neki az \u00dar.\u201d \u00c9s a 2 Tim: 4, 7-8: Ama nemes harcot megharcoltam, fut\u00e1somat elv\u00e9geztem, a hitet megtartottam, <sup><a href=\"http:\/\/abibliamindenkie.hu\/uj\/2TI\/4\/#8\">8<\/a><\/sup>v\u00e9g\u00fcl elt\u00e9tetett nekem az igazs\u00e1g koron\u00e1ja, amelyet megad nekem az \u00dar, az igaz b\u00edr\u00f3 azon a napon; de nemcsak nekem, hanem mindazoknak is, akik v\u00e1rva v\u00e1rj\u00e1k az \u0151 megjelen\u00e9s\u00e9t. Isten vigasztal\u00e1s\u00e1t k\u00e9rj\u00fck feles\u00e9g\u00e9nek, gyermekeinek \u00e9s szeretteinek A Boldog Felt\u00e1mad\u00e1s Rem\u00e9nys\u00e9ge Alatt.<\/p> <p><strong>Gy\u00fclekezeti konferenci\u00e1k 2021-ben:<\/strong><\/p> <p>&#8211; Az elm\u00falt h\u00e9ten \u00e9s m\u00e9g mai is<strong> Tahiban a Sion-hegye konferenciak\u00f6zpontba<\/strong> gy\u00fclekezeti csendes het\u00fcnk, amin 36-an vett\u00fcnk r\u00e9szt. K\u00f6sz\u00f6nj\u00fck a gy\u00fclekezet im\u00e1ds\u00e1g\u00e1t ez\u00e9rt az \u00e1ldott konferenci\u00e1\u00e9rt!<\/p> <p><strong>\u00a0<\/strong><\/p> <p><strong>Templomtakar\u00edt\u00e1s:<\/strong><\/p> <p>&#8211; Ezen a h\u00e9ten \u00fajra szeretettel v\u00e1rjuk a testv\u00e9reket, p\u00e9nteken d\u00e9lut\u00e1n 17 \u00f3r\u00e1ra, hogy kitakar\u00edtsuk a templomot. K\u00f6sz\u00f6nj\u00fck azoknak, akik el nem m\u00fal\u00f3 szeretettel j\u00f6nnek h\u00e9tr\u0151l-h\u00e9tre takar\u00edtani, hogy templomunkban mindig tisztas\u00e1g \u00e9s rend lehessen alkalmainkra.<\/p> <p><strong>\u00a0<\/strong><\/p> <p><strong>\u00a0Lectio: <\/strong>1 S\u00e1muel: 20, 35- 21, 7<\/p> <p><strong>Textus: <\/strong>M\u00e1rk: 2, 23-28<\/p> <p><strong>\u00c9nekek: <\/strong>\u00a0\u00a0\u00a0\u00a0\u00a0\u00a0\u00a0 \u00a0\u00a023: 1<\/p> <p>Heidelbergi K\u00e1t\u00e9: XIX. \u00darnapja<\/p> <p>438: 1-3<\/p> <p>171<\/p> <p>236: 1<\/p> <p>194<\/p> <p>Igehirdet\u0151: Harkai Ferenc<\/p> ","protected":false},"excerpt":{"rendered":"<p>Aki szeretn\u00e9 a Hirdet\u00e9seket emailben is megkapni k\u00e9rj\u00fck, jelezze szem\u00e9lyesen a Lelk\u00e9szi hivatalban. \u00a0 Alkalmak: &#8211; Szerd\u00e1n 18 \u00f3rakor tartunk Istentiszteletet itt a templomban &#8211; J\u00f6v\u0151 vas\u00e1rnap 10 \u00f3rakor Istentiszteletet tartunk a Templomban (online k\u00f6zvet\u00edtve: https:\/\/kkre.hu\/wpm\/) Temet\u00e9s: &#8211; Az elm\u00falt h\u00e9ten j\u00falius 17-\u00e9n, szombaton d\u00e9lel\u0151tt b\u00facs\u00faztunk ifj. Mursa Ferenct\u0151l, aki 63 \u00e9ves kor\u00e1ban j\u00fanius 14-\u00e9n&hellip;<\/p>\n","protected":false},"author":15,"featured_media":0,"comment_status":"closed","ping_status":"closed","sticky":false,"template":"","format":"standard","meta":[],"categories":[17],"tags":[],"acf":[],"_links":{"self":[{"href":"https:\/\/kkre.hu\/wpm\/wp-json\/wp\/v2\/posts\/17037"}],"collection":[{"href":"https:\/\/kkre.hu\/wpm\/wp-json\/wp\/v2\/posts"}],"about":[{"href":"https:\/\/kkre.hu\/wpm\/wp-json\/wp\/v2\/types\/post"}],"author":[{"embeddable":true,"href":"https:\/\/kkre.hu\/wpm\/wp-json\/wp\/v2\/users\/15"}],"replies":[{"embeddable":true,"href":"https:\/\/kkre.hu\/wpm\/wp-json\/wp\/v2\/comments?post=17037"}],"version-history":[{"count":2,"href":"https:\/\/kkre.hu\/wpm\/wp-json\/wp\/v2\/posts\/17037\/revisions"}],"predecessor-version":[{"id":17039,"href":"https:\/\/kkre.hu\/wpm\/wp-json\/wp\/v2\/posts\/17037\/revisions\/17039"}],"wp:attachment":[{"href":"https:\/\/kkre.hu\/wpm\/wp-json\/wp\/v2\/media?parent=17037"}],"wp:term":[{"taxonomy":"category","embeddable":true,"href":"https:\/\/kkre.hu\/wpm\/wp-json\/wp\/v2\/categories?post=17037"},{"taxonomy":"post_tag","embeddable":true,"href":"https:\/\/kkre.hu\/wpm\/wp-json\/wp\/v2\/tags?post=17037"}],"curies":[{"name":"wp","href":"https:\/\/api.w.org\/{rel}","templated":true}]}}