{"id":17042,"date":"2021-07-28T09:29:12","date_gmt":"2021-07-28T07:29:12","guid":{"rendered":"http:\/\/kkre.hu\/wpm\/?p=17042"},"modified":"2021-07-28T09:29:14","modified_gmt":"2021-07-28T07:29:14","slug":"hirdetesek-2021-julius-25","status":"publish","type":"post","link":"https:\/\/kkre.hu\/wpm\/blog\/2021\/07\/28\/hirdetesek-2021-julius-25\/","title":{"rendered":"Hirdet\u00e9sek 2021. j\u00falius 25."},"content":{"rendered":" <p><strong>Aki szeretn\u00e9 a Hirdet\u00e9seket emailben is megkapni k\u00e9rj\u00fck, jelezze szem\u00e9lyesen a Lelk\u00e9szi hivatalban.<\/strong><\/p>    <p><strong>Alkalmak:<\/strong><\/p>    <p>&#8211; Szerd\u00e1n 18 \u00f3rakor tartunk Istentiszteletet itt a templomban<\/p>    <p>&#8211; J\u00f6v\u0151 <strong>vas\u00e1rnap<\/strong> <strong>10 \u00f3ra<\/strong>kor <strong>Istentiszteletet <\/strong>tartunk a Templomban (online k\u00f6zvet\u00edtve: <a href=\"https:\/\/kkre.hu\/wpm\/\">https:\/\/kkre.hu\/wpm\/<\/a>)<\/p>    <p><strong>Temet\u00e9s:<\/strong><\/p>    <p>&#8211; Az elm\u00falt h\u00e9ten j\u00falius 21-\u00e9n, szerd\u00e1n b\u00facs\u00faztunk \u00f6zv. Pecsenye L\u00e1szl\u00f3n\u00e9 sz\u00fcl. Beregsz\u00e1szi R\u00f3z\u00e1t\u00f3l, aki 87 \u00e9ves kor\u00e1ban hunyt el. A felt\u00e1mad\u00e1s \u00e9s vigasztal\u00e1s ig\u00e9it a Pr\u00e9dik\u00e1tor: 3, 1-8 alapj\u00e1n hirdett\u00fck. Isten vigasztal\u00e1s\u00e1t k\u00e9rj\u00fck gyermekeinek, unok\u00e1inak, csal\u00e1dj\u00e1nak \u00e9s szeretteinek A Boldog Felt\u00e1mad\u00e1s Rem\u00e9nys\u00e9ge Alatt.<\/p>    <p><strong>Elhunyt:<\/strong><\/p>    <p>&#8211; Hirdetem a gy\u00fclekezetnek, hogy hossz\u00fa betegs\u00e9g ut\u00e1n 79 \u00e9ves kor\u00e1ban tegnapra virrad\u00f3 \u00e9jjel elhunyt \u00e9desap\u00e1m, id. Papp S\u00e1ndor.<\/p>    <p><strong>Templomtakar\u00edt\u00e1s:<\/strong><\/p>    <p>&#8211; Ezen a h\u00e9ten \u00fajra szeretettel v\u00e1rjuk a testv\u00e9reket, p\u00e9nteken d\u00e9lut\u00e1n 17 \u00f3r\u00e1ra, hogy kitakar\u00edtsuk a templomot. K\u00f6sz\u00f6nj\u00fck azoknak, akik el nem m\u00fal\u00f3 szeretettel j\u00f6nnek h\u00e9tr\u0151l-h\u00e9tre takar\u00edtani, hogy templomunkban mindig tisztas\u00e1g \u00e9s rend lehessen alkalmainkra.<\/p>    <p><strong>Lectio: 1Kir 11,42-12,19<\/strong><\/p>    <p><strong>Textus: Mk 4,21-23<\/strong><\/p>    <p><strong>\u00c9nekek: <\/strong>&nbsp;&nbsp;&nbsp;&nbsp;&nbsp;&nbsp;&nbsp; &nbsp;&nbsp;84: 1<\/p>    <p>&nbsp;&nbsp;&nbsp;&nbsp;&nbsp;&nbsp;&nbsp;&nbsp;&nbsp;&nbsp;&nbsp;&nbsp;&nbsp;&nbsp;&nbsp;&nbsp;&nbsp;&nbsp;&nbsp;&nbsp;&nbsp;&nbsp;&nbsp; &nbsp; 84: 3-4<\/p>    <p>&nbsp;&nbsp;&nbsp;&nbsp;&nbsp;&nbsp;&nbsp;&nbsp;&nbsp;&nbsp;&nbsp;&nbsp;&nbsp;&nbsp;&nbsp;&nbsp;&nbsp;&nbsp;&nbsp;&nbsp;&nbsp;&nbsp;&nbsp; 512: 1<\/p>    <p>&nbsp;&nbsp;&nbsp;&nbsp;&nbsp;&nbsp;&nbsp;&nbsp;&nbsp;&nbsp;&nbsp;&nbsp;&nbsp;&nbsp;&nbsp;&nbsp;&nbsp;&nbsp;&nbsp;&nbsp;&nbsp;&nbsp;&nbsp; 111: 1-2, 5-6<\/p>    <p>Heidelbergi K\u00e1t\u00e9: XXX. \u00darnapja<\/p>    <p>Igehirdet\u0151: Papp M\u00e1rton<\/p> ","protected":false},"excerpt":{"rendered":"<p>Aki szeretn\u00e9 a Hirdet\u00e9seket emailben is megkapni k\u00e9rj\u00fck, jelezze szem\u00e9lyesen a Lelk\u00e9szi hivatalban. Alkalmak: &#8211; Szerd\u00e1n 18 \u00f3rakor tartunk Istentiszteletet itt a templomban &#8211; J\u00f6v\u0151 vas\u00e1rnap 10 \u00f3rakor Istentiszteletet tartunk a Templomban (online k\u00f6zvet\u00edtve: https:\/\/kkre.hu\/wpm\/) Temet\u00e9s: &#8211; Az elm\u00falt h\u00e9ten j\u00falius 21-\u00e9n, szerd\u00e1n b\u00facs\u00faztunk \u00f6zv. Pecsenye L\u00e1szl\u00f3n\u00e9 sz\u00fcl. Beregsz\u00e1szi R\u00f3z\u00e1t\u00f3l, aki 87 \u00e9ves kor\u00e1ban hunyt&hellip;<\/p>\n","protected":false},"author":7,"featured_media":0,"comment_status":"closed","ping_status":"closed","sticky":false,"template":"","format":"standard","meta":[],"categories":[17],"tags":[],"acf":[],"_links":{"self":[{"href":"https:\/\/kkre.hu\/wpm\/wp-json\/wp\/v2\/posts\/17042"}],"collection":[{"href":"https:\/\/kkre.hu\/wpm\/wp-json\/wp\/v2\/posts"}],"about":[{"href":"https:\/\/kkre.hu\/wpm\/wp-json\/wp\/v2\/types\/post"}],"author":[{"embeddable":true,"href":"https:\/\/kkre.hu\/wpm\/wp-json\/wp\/v2\/users\/7"}],"replies":[{"embeddable":true,"href":"https:\/\/kkre.hu\/wpm\/wp-json\/wp\/v2\/comments?post=17042"}],"version-history":[{"count":1,"href":"https:\/\/kkre.hu\/wpm\/wp-json\/wp\/v2\/posts\/17042\/revisions"}],"predecessor-version":[{"id":17043,"href":"https:\/\/kkre.hu\/wpm\/wp-json\/wp\/v2\/posts\/17042\/revisions\/17043"}],"wp:attachment":[{"href":"https:\/\/kkre.hu\/wpm\/wp-json\/wp\/v2\/media?parent=17042"}],"wp:term":[{"taxonomy":"category","embeddable":true,"href":"https:\/\/kkre.hu\/wpm\/wp-json\/wp\/v2\/categories?post=17042"},{"taxonomy":"post_tag","embeddable":true,"href":"https:\/\/kkre.hu\/wpm\/wp-json\/wp\/v2\/tags?post=17042"}],"curies":[{"name":"wp","href":"https:\/\/api.w.org\/{rel}","templated":true}]}}