{"id":17045,"date":"2021-08-02T08:11:44","date_gmt":"2021-08-02T06:11:44","guid":{"rendered":"https:\/\/kkre.hu\/wpm\/?p=17045"},"modified":"2021-08-02T08:12:35","modified_gmt":"2021-08-02T06:12:35","slug":"hirdetesek-2021-augusztus-01","status":"publish","type":"post","link":"https:\/\/kkre.hu\/wpm\/blog\/2021\/08\/02\/hirdetesek-2021-augusztus-01\/","title":{"rendered":"Hirdet\u00e9sek, 2021. augusztus 01."},"content":{"rendered":"<p><strong>\u00a0<\/strong><\/p> <p><strong>\u00a0<\/strong><\/p> <p><strong>Aki szeretn\u00e9 a Hirdet\u00e9seket emailben is megkapni k\u00e9rj\u00fck, jelezze szem\u00e9lyesen a Lelk\u00e9szi hivatalban.<\/strong><\/p> <p><strong>\u00a0<\/strong><\/p> <p><strong>Alkalmak: <\/strong><\/p> <p>&#8211; Szerd\u00e1n 18 \u00f3rakor tartunk Istentiszteletet itt a templomban<\/p> <p>&#8211; J\u00f6v\u0151 <strong>vas\u00e1rnap<\/strong> <strong>10 \u00f3ra<\/strong>kor <strong>Istentiszteletet <\/strong>tartunk a Templomban (online k\u00f6zvet\u00edtve: <a href=\"https:\/\/kkre.hu\/wpm\/\">https:\/\/kkre.hu\/wpm\/<\/a>)<\/p> <p><strong>\u00a0<\/strong><\/p> <p><strong>Esk\u00fcv\u0151:<\/strong><\/p> <p>&#8211; Els\u0151 alkalommal hirdetj\u00fck, hogy Husz\u00e1r Endre L\u00e1szl\u00f3 eljegyezte Blum Krisztin\u00e1t. H\u00e1zass\u00e1gk\u00f6t\u00e9s\u00fck meg\u00e1ld\u00e1s\u00e1nak tervezett id\u0151pontja augusztus 21. Hordozzuk im\u00e1ds\u00e1gban a h\u00e1zass\u00e1gra k\u00e9sz\u00fcl\u0151 jegyesp\u00e1rt.<\/p> <p><strong>\u00a0<\/strong><\/p> <p><strong>Temet\u00e9s:<\/strong><\/p> <p>&#8211; Az elm\u00falt h\u00e9ten j\u00falius 26-\u00e1n, h\u00e9tf\u0151n b\u00facs\u00faztunk a R\u00e1koskereszt\u00fari k\u00f6ztemet\u0151ben H\u00e1bel Gy\u00f6rgyn\u00e9 sz\u00fcl. Kiss M\u00e1ria Gabriell\u00e1t\u00f3l, aki \u00e9let\u00e9nek 93. \u00e9v\u00e9ben hunyt el m\u00e1jus 11-\u00e9n. A vigasztal\u00e1s \u00e9s felt\u00e1mad\u00e1s ig\u00e9it a Zsolt\u00e1rok k\u00f6nyve 90, 16-17 alapj\u00e1n hirdett\u00fck: \u201eLegyenek l\u00e1that\u00f3v\u00e1 tetteid szolg\u00e1idon, \u00e9s m\u00e9lt\u00f3s\u00e1god fiaikon! <sup><a href=\"https:\/\/abibliamindenkie.hu\/uj\/PSA\/90#17\">17<\/a><\/sup>Legyen vel\u00fcnk Isten\u00fcnknek, az \u00darnak j\u00f3indulata! Kezeink munk\u00e1j\u00e1t tedd maradand\u00f3v\u00e1, kezeink munk\u00e1j\u00e1t tedd maradand\u00f3v\u00e1!\u201d Isten vigasztal\u00e1s\u00e1t k\u00e9rj\u00fck a gy\u00e1szol\u00f3 csal\u00e1dnak A Boldog Felt\u00e1mad\u00e1s Rem\u00e9nys\u00e9ge Alatt.<\/p> <p><strong>\u00a0<\/strong><\/p> <p><strong>Elhunyt: <\/strong><\/p> <p>&#8211; Hirdetem a gy\u00fclekezetnek, hogy hossz\u00fa betegs\u00e9g ut\u00e1n 79 \u00e9ves kor\u00e1ban j\u00falius 14-\u00e9n, elhunyt \u00c9desap\u00e1m, id. Papp S\u00e1ndor. Temet\u00e9se augusztus 7-\u00e9n, szombaton lesz Biharkeresztesen.<\/p> <p><strong>\u00a0<\/strong><\/p> <p><strong>Templomtakar\u00edt\u00e1s:<\/strong><\/p> <p>&#8211; Ezen a h\u00e9ten \u00fajra szeretettel v\u00e1rjuk a testv\u00e9reket, p\u00e9nteken d\u00e9lut\u00e1n 17 \u00f3r\u00e1ra, hogy kitakar\u00edtsuk a templomot. K\u00f6sz\u00f6nj\u00fck azoknak, akik el nem m\u00fal\u00f3 szeretettel j\u00f6nnek h\u00e9tr\u0151l-h\u00e9tre takar\u00edtani, hogy templomunkban mindig tisztas\u00e1g \u00e9s rend lehessen alkalmainkra.<\/p> <p><strong>\u00a0<\/strong><\/p> <p><strong>K\u00f6sz\u00f6nt\u00e9s:<\/strong><\/p> <p>&#8211; Szeretettel k\u00f6sz\u00f6ntj\u00fck Harkai Ferenc Csab\u00e1n\u00e9 nagytisztelet\u0171 asszonyt n\u00e9vnapja, Judit nap alakalm\u00e1b\u00f3l. K\u00f6sz\u00f6nj\u00fck szolg\u00e1lat\u00e1t, amit vall\u00e1stan\u00e1rk\u00e9nt v\u00e9gez iskol\u00e1nkban \u00e9s \u00f3vod\u00e1nkban, lelk\u00e9szfeles\u00e9gk\u00e9nt \u00e9s \u00e9desanyak\u00e9nt Egyh\u00e1zk\u00f6zs\u00e9g\u00fcnkben. Isten \u00e1ld\u00e1s\u00e1t k\u00e9rj\u00fck \u00e9let\u00e9re \u00e9s szolg\u00e1lat\u00e1ra!<\/p> <p><strong>\u00a0<\/strong><\/p> <p><strong>Lectio: <\/strong>1 Kir\u00e1lyok: 16, 29-33 \u00e9s 17, 1-16<\/p> <p><strong>Textus: <\/strong>Jakab: 5, 17-18<\/p> <p><strong>\u00c9nekek: <\/strong>\u00a0\u00a0\u00a0\u00a0\u00a0\u00a0\u00a0 \u00a0\u00a042: 1<\/p> <p>Heidelbergi K\u00e1t\u00e9: XXXI. \u00darnapja<\/p> <p>450: 1-5<\/p> <p>86: 1<\/p> <p>86: 6<\/p> <p>66: 1-2, 4, 8<\/p> <p>Igehirdet\u0151: Papp M\u00e1rton<\/p> ","protected":false},"excerpt":{"rendered":"<p>\u00a0 \u00a0 Aki szeretn\u00e9 a Hirdet\u00e9seket emailben is megkapni k\u00e9rj\u00fck, jelezze szem\u00e9lyesen a Lelk\u00e9szi hivatalban. \u00a0 Alkalmak: &#8211; Szerd\u00e1n 18 \u00f3rakor tartunk Istentiszteletet itt a templomban &#8211; J\u00f6v\u0151 vas\u00e1rnap 10 \u00f3rakor Istentiszteletet tartunk a Templomban (online k\u00f6zvet\u00edtve: https:\/\/kkre.hu\/wpm\/) \u00a0 Esk\u00fcv\u0151: &#8211; Els\u0151 alkalommal hirdetj\u00fck, hogy Husz\u00e1r Endre L\u00e1szl\u00f3 eljegyezte Blum Krisztin\u00e1t. H\u00e1zass\u00e1gk\u00f6t\u00e9s\u00fck meg\u00e1ld\u00e1s\u00e1nak tervezett id\u0151pontja&hellip;<\/p>\n","protected":false},"author":15,"featured_media":0,"comment_status":"closed","ping_status":"closed","sticky":false,"template":"","format":"standard","meta":[],"categories":[17],"tags":[],"acf":[],"_links":{"self":[{"href":"https:\/\/kkre.hu\/wpm\/wp-json\/wp\/v2\/posts\/17045"}],"collection":[{"href":"https:\/\/kkre.hu\/wpm\/wp-json\/wp\/v2\/posts"}],"about":[{"href":"https:\/\/kkre.hu\/wpm\/wp-json\/wp\/v2\/types\/post"}],"author":[{"embeddable":true,"href":"https:\/\/kkre.hu\/wpm\/wp-json\/wp\/v2\/users\/15"}],"replies":[{"embeddable":true,"href":"https:\/\/kkre.hu\/wpm\/wp-json\/wp\/v2\/comments?post=17045"}],"version-history":[{"count":2,"href":"https:\/\/kkre.hu\/wpm\/wp-json\/wp\/v2\/posts\/17045\/revisions"}],"predecessor-version":[{"id":17047,"href":"https:\/\/kkre.hu\/wpm\/wp-json\/wp\/v2\/posts\/17045\/revisions\/17047"}],"wp:attachment":[{"href":"https:\/\/kkre.hu\/wpm\/wp-json\/wp\/v2\/media?parent=17045"}],"wp:term":[{"taxonomy":"category","embeddable":true,"href":"https:\/\/kkre.hu\/wpm\/wp-json\/wp\/v2\/categories?post=17045"},{"taxonomy":"post_tag","embeddable":true,"href":"https:\/\/kkre.hu\/wpm\/wp-json\/wp\/v2\/tags?post=17045"}],"curies":[{"name":"wp","href":"https:\/\/api.w.org\/{rel}","templated":true}]}}