{"id":17053,"date":"2021-08-15T12:46:39","date_gmt":"2021-08-15T10:46:39","guid":{"rendered":"https:\/\/kkre.hu\/wpm\/?p=17053"},"modified":"2021-08-15T12:47:33","modified_gmt":"2021-08-15T10:47:33","slug":"hirdetesek-2021-augusztus-15","status":"publish","type":"post","link":"https:\/\/kkre.hu\/wpm\/blog\/2021\/08\/15\/hirdetesek-2021-augusztus-15\/","title":{"rendered":"Hirdet\u00e9sek, 2021. augusztus 15."},"content":{"rendered":"<p><strong>Aki szeretn\u00e9 a Hirdet\u00e9seket emailben is megkapni k\u00e9rj\u00fck, jelezze szem\u00e9lyesen a Lelk\u00e9szi hivatalban.<\/strong><\/p> <p><strong>\u00a0<\/strong><\/p> <p><strong>K\u00f6sz\u00f6nt\u00e9s: <\/strong><\/p> <p>&#8211; Szeretettel k\u00f6sz\u00f6ntj\u00fck Papp M\u00e1rton tiszteletes urat sz\u00fclet\u00e9snapj\u00e1n. Isten \u00e1ld\u00e1s\u00e1t k\u00e9rj\u00fck \u00e9let\u00e9re \u00e9s szolg\u00e1lat\u00e1ra!<\/p> <p><strong>\u00a0<\/strong><\/p> <p><strong>Alkalmak: <\/strong><\/p> <p>&#8211; Szerd\u00e1n 18 \u00f3rakor tartunk Istentiszteletet itt a templomban<\/p> <p>&#8211; J\u00f6v\u0151 <strong>vas\u00e1rnap<\/strong> <strong>10 \u00f3ra<\/strong>kor <strong>Istentiszteletet <\/strong>tartunk a Templomban<strong>, <\/strong>rem\u00e9nys\u00e9g\u00fcnk szerint a <strong>kereszts\u00e9g<\/strong> s\u00e1kramentum\u00e1t is ki fogjuk szolg\u00e1lni <strong>Hella<\/strong> Andrei Szabolcs \u00e9s Farkas Edina kisl\u00e1ny\u00e1nak, <strong>Emma Lar\u00e1<\/strong>nak. Hordozzuk im\u00e1ds\u00e1gban a keresztel\u0151re k\u00e9sz\u00fcl\u0151 csal\u00e1dot! (online k\u00f6zvet\u00edtve: <a href=\"https:\/\/kkre.hu\/wpm\/\">https:\/\/kkre.hu\/wpm\/<\/a>)<\/p> <p><strong>\u00a0<\/strong><\/p> <p><strong>Augusztus 20: <\/strong><\/p> <p>&#8211; Augusztus 20-\u00e1n, p\u00e9nteken 17 \u00f3rakor a Templom t\u00e9ren a r\u00f3mai katolikus templom el\u0151tt lesz Kispest v\u00e1ros\u00e1nak \u00fcnneps\u00e9ge, amikor az \u00faj Szent Istv\u00e1n szobor is leleplez\u00e9sre ker\u00fcl, erre az alkalomra minket is v\u00e1r a v\u00e1ros vezet\u00e9se.<\/p> <p><strong>\u00a0<\/strong><\/p> <p><strong>Esk\u00fcv\u0151:<\/strong><\/p> <p>&#8211; Harmadik alkalommal hirdetj\u00fck, hogy n\u00e9hai Husz\u00e1r Endre L\u00e1szl\u00f3 \u00e9s Varga Julianna reform\u00e1tus villamos j\u00e1rm\u0171vezet\u0151, n\u0151tlen fia Endre L\u00e1szl\u00f3 \u00e9s Blum J\u00f3zsef \u00e9s Koh\u00e1nyi Hedvig reform\u00e1tus villamos j\u00e1rm\u0171vezet\u0151 elv\u00e1lt l\u00e1nya, Krisztina Isten \u00e1ld\u00e1s\u00e1t k\u00e9ri k\u00f6z\u00f6s \u00e9let\u00e9re. H\u00e1zass\u00e1gk\u00f6t\u00e9s\u00fck meg\u00e1ld\u00e1s\u00e1nak tervezett id\u0151pontja e h\u00e9t szombatja, augusztus 21. 16 \u00f3ra. Hordozzuk im\u00e1ds\u00e1gban a h\u00e1zass\u00e1ga meg\u00e1ld\u00e1s\u00e1ra k\u00e9sz\u00fcl\u0151 ifj\u00fap\u00e1rt.<\/p> <p>&#8211; Els\u0151 alkalommal hirdetj\u00fck, Pap Ferenc \u00e9s D\u00edv\u00f3 M\u00e1ria Isten \u00e1ld\u00e1s\u00e1t szeretn\u00e9 k\u00e9rni h\u00e1zass\u00e1g\u00e1ra szeptember 4-\u00e9n. Hordozzuk im\u00e1ds\u00e1gban az esk\u00fcv\u0151re k\u00e9sz\u00fcl\u0151 testv\u00e9reket<\/p> <p><strong>\u00a0<\/strong><\/p> <p><strong>Temet\u00e9s:<\/strong><\/p> <p>&#8211; Az elm\u00falt h\u00e9ten, kedden, augusztus 10-\u00e9n, volt a temet\u00e9se az \u00dajk\u00f6ztemet\u0151ben Czegl\u00e9di Zolt\u00e1nnak, aki j\u00falius 21-\u00e9n 65 \u00e9ves kor\u00e1ban hunyt el. A vigasztal\u00e1s \u00e9s felt\u00e1mad\u00e1s ig\u00e9i a M\u00e1rk: 10, 42-45 alapj\u00e1n sz\u00f3ltak: De J\u00e9zus odah\u00edvta \u0151ket, \u00e9s \u00edgy sz\u00f3lt hozz\u00e1juk: Tudj\u00e1tok, hogy azok, akik a n\u00e9pek fejedelmeinek sz\u00e1m\u00edtanak, zsarnokoskodnak rajtuk, \u00e9s nagyjaik hatalmaskodnak f\u00f6l\u00f6tt\u00fck.v<sup><a href=\"https:\/\/abibliamindenkie.hu\/uj\/MRK\/10#43\">43<\/a><\/sup>De nem \u00edgy van k\u00f6z\u00f6ttetek, hanem aki naggy\u00e1 akar lenni k\u00f6z\u00f6ttetek, az legyen a szolg\u00e1tok; <sup><a href=\"https:\/\/abibliamindenkie.hu\/uj\/MRK\/10#44\">44<\/a><\/sup>\u00e9s aki k\u00f6z\u00f6ttetek els\u0151 akar lenni, az legyen mindenki rabszolg\u00e1ja! <sup><a href=\"https:\/\/abibliamindenkie.hu\/uj\/MRK\/10#45\">45<\/a><\/sup>Mert az Emberfia sem az\u00e9rt j\u00f6tt, hogy neki szolg\u00e1ljanak, hanem hogy \u0151 szolg\u00e1ljon, \u00e9s \u00e9let\u00e9t adja v\u00e1lts\u00e1gul sokak\u00e9rt. Isten vigasztal\u00e1s\u00e1t k\u00e9rj\u00fck feles\u00e9g\u00e9nek, gyermekeinek, unok\u00e1inak \u00e9s szeretteinek A Boldog Felt\u00e1mad\u00e1s Rem\u00e9nys\u00e9ge Alatt.<\/p> <p>&#8211; Az elm\u00falt h\u00e9ten, szerd\u00e1n, augusztus 11-\u00e9n, a Farkasr\u00e9ti temet\u0151ben volt a b\u00facs\u00faztat\u00e1sa K\u00e1lm\u00e1n P\u00e9ter nyugalmazott lelkip\u00e1sztornak, aki j\u00falius 12-\u00e9n 76 \u00e9ves kor\u00e1ban hunyt el. K\u00e1lm\u00e1n P\u00e9ter lelkip\u00e1sztor \u00far utols\u00f3 szolg\u00e1lati helye a K\u00fcls\u0151-Kelenf\u00f6ldi Reform\u00e1tus Egyh\u00e1zk\u00f6zs\u00e9gben volt. Isten adjon vigasztal\u00e1st A Boldog Felt\u00e1mad\u00e1s Rem\u00e9nys\u00e9ge Alatt a gy\u00e1szol\u00f3 csal\u00e1dnak \u00e9s a gy\u00fclekezetnek.<\/p> <p><strong>\u00a0<\/strong><\/p> <p><strong>Templomtakar\u00edt\u00e1s:<\/strong><\/p> <p>&#8211; Ezen a h\u00e9ten az augusztus 20-iki \u00fcnnep miatt <strong>nem lesz<\/strong> templomtakar\u00edt\u00e1s<\/p> <p><strong>\u00a0<\/strong><\/p> <p><strong>Lectio: <\/strong>M\u00e1rk: 9, 33-50<\/p> <p><strong>Textus: <\/strong>M\u00e1rk: 9, 50<\/p> <p><strong>\u00c9nekek: <\/strong>\u00a0\u00a0\u00a0\u00a0\u00a0\u00a0\u00a0 \u00a0\u00a051: 1<\/p> <p>Heidelbergi K\u00e1t\u00e9: XXXIII. \u00darnapja<\/p> <p>457: 1-3<\/p> <p>172<\/p> <p>299: 1-2<\/p> <p>299: 3-5<\/p> <p>Igehirdet\u0151: Harkai Ferenc<\/p> ","protected":false},"excerpt":{"rendered":"<p>Aki szeretn\u00e9 a Hirdet\u00e9seket emailben is megkapni k\u00e9rj\u00fck, jelezze szem\u00e9lyesen a Lelk\u00e9szi hivatalban. \u00a0 K\u00f6sz\u00f6nt\u00e9s: &#8211; Szeretettel k\u00f6sz\u00f6ntj\u00fck Papp M\u00e1rton tiszteletes urat sz\u00fclet\u00e9snapj\u00e1n. Isten \u00e1ld\u00e1s\u00e1t k\u00e9rj\u00fck \u00e9let\u00e9re \u00e9s szolg\u00e1lat\u00e1ra! \u00a0 Alkalmak: &#8211; Szerd\u00e1n 18 \u00f3rakor tartunk Istentiszteletet itt a templomban &#8211; J\u00f6v\u0151 vas\u00e1rnap 10 \u00f3rakor Istentiszteletet tartunk a Templomban, rem\u00e9nys\u00e9g\u00fcnk szerint a kereszts\u00e9g s\u00e1kramentum\u00e1t is&hellip;<\/p>\n","protected":false},"author":15,"featured_media":0,"comment_status":"closed","ping_status":"closed","sticky":false,"template":"","format":"standard","meta":[],"categories":[17],"tags":[],"acf":[],"_links":{"self":[{"href":"https:\/\/kkre.hu\/wpm\/wp-json\/wp\/v2\/posts\/17053"}],"collection":[{"href":"https:\/\/kkre.hu\/wpm\/wp-json\/wp\/v2\/posts"}],"about":[{"href":"https:\/\/kkre.hu\/wpm\/wp-json\/wp\/v2\/types\/post"}],"author":[{"embeddable":true,"href":"https:\/\/kkre.hu\/wpm\/wp-json\/wp\/v2\/users\/15"}],"replies":[{"embeddable":true,"href":"https:\/\/kkre.hu\/wpm\/wp-json\/wp\/v2\/comments?post=17053"}],"version-history":[{"count":2,"href":"https:\/\/kkre.hu\/wpm\/wp-json\/wp\/v2\/posts\/17053\/revisions"}],"predecessor-version":[{"id":17055,"href":"https:\/\/kkre.hu\/wpm\/wp-json\/wp\/v2\/posts\/17053\/revisions\/17055"}],"wp:attachment":[{"href":"https:\/\/kkre.hu\/wpm\/wp-json\/wp\/v2\/media?parent=17053"}],"wp:term":[{"taxonomy":"category","embeddable":true,"href":"https:\/\/kkre.hu\/wpm\/wp-json\/wp\/v2\/categories?post=17053"},{"taxonomy":"post_tag","embeddable":true,"href":"https:\/\/kkre.hu\/wpm\/wp-json\/wp\/v2\/tags?post=17053"}],"curies":[{"name":"wp","href":"https:\/\/api.w.org\/{rel}","templated":true}]}}