{"id":17056,"date":"2021-08-22T13:01:00","date_gmt":"2021-08-22T11:01:00","guid":{"rendered":"https:\/\/kkre.hu\/wpm\/?p=17056"},"modified":"2021-08-22T13:02:20","modified_gmt":"2021-08-22T11:02:20","slug":"hirdetesek-2020-augusztus-22","status":"publish","type":"post","link":"https:\/\/kkre.hu\/wpm\/blog\/2021\/08\/22\/hirdetesek-2020-augusztus-22\/","title":{"rendered":"Hirdet\u00e9sek, 2020. augusztus 22."},"content":{"rendered":"<p><strong>Aki szeretn\u00e9 a Hirdet\u00e9seket emailben is megkapni k\u00e9rj\u00fck, jelezze szem\u00e9lyesen a Lelk\u00e9szi hivatalban.<\/strong><\/p> <p><strong>\u00a0<\/strong><\/p> <p><strong>\u00a0<\/strong><\/p> <p><strong>Alkalmak: <\/strong><\/p> <p>&#8211; Szerd\u00e1n 18 \u00f3rakor tartunk Istentiszteletet itt a templomban<\/p> <p>&#8211; J\u00f6v\u0151 <strong>vas\u00e1rnap<\/strong> <strong>10 \u00f3ra<\/strong>kor <strong>Istentiszteletet <\/strong>tartunk a Templomban<strong>, <\/strong>rem\u00e9nys\u00e9g\u00fcnk szerint a <strong>kereszts\u00e9g<\/strong> s\u00e1kramentum\u00e1t is ki fogjuk szolg\u00e1lni <strong>Szigeti<\/strong> L\u00e1szl\u00f3 \u00e9s feles\u00e9ge B. Balog Marianna kisfi\u00e1nak <strong>\u00c1ron L\u00e1szl\u00f3<\/strong>nak. Hordozzuk im\u00e1ds\u00e1gban a keresztel\u0151re k\u00e9sz\u00fcl\u0151 csal\u00e1dot! (online k\u00f6zvet\u00edtve: <a href=\"https:\/\/kkre.hu\/wpm\/\">https:\/\/kkre.hu\/wpm\/<\/a>)<\/p> <p><strong>\u00a0<\/strong><\/p> <p><strong>Esk\u00fcv\u0151:<\/strong><\/p> <p>&#8211; M\u00e1sodik alkalommal hirdetj\u00fck, Pap Ferenc reform\u00e1tus fest\u0151-m\u00e1zol\u00f3 \u00e9s D\u00edv\u00f3 M\u00e1ria reform\u00e1tus cukr\u00e1sz Isten \u00e1ld\u00e1s\u00e1t szeretn\u00e9 k\u00e9rni h\u00e1zass\u00e1g\u00e1ra szeptember 4-\u00e9n, 14 \u00f3rakor itt a templomban. Hordozzuk im\u00e1ds\u00e1gban az esk\u00fcv\u0151re k\u00e9sz\u00fcl\u0151 testv\u00e9reinket<\/p> <p><strong>\u00a0<\/strong><\/p> <p><strong>Temet\u00e9s:<\/strong><\/p> <p>&#8211; Az elm\u00falt h\u00e9ten, h\u00e9tf\u0151n, augusztus 16-\u00e1n, itt a templomban b\u00facs\u00faztunk Botka Zolt\u00e1nt\u00f3l, aki m\u00e1rcius 14-\u00e9n 79 \u00e9ves kor\u00e1ban hunyt el. A vigasztal\u00e1s \u00e9s felt\u00e1mad\u00e1s ig\u00e9i a M\u00e1t\u00e9: 28, 20: \u201e\u00edme, \u00e9n veletek vagyok minden napon a vil\u00e1g v\u00e9gezet\u00e9ig.\u201d Isten vigasztal\u00e1s\u00e1t k\u00e9rj\u00fck feles\u00e9g\u00e9nek, gyermekeinek, unok\u00e1inak \u00e9s szeretteinek A Boldog Felt\u00e1mad\u00e1s Rem\u00e9nys\u00e9ge Alatt.<\/p> <p><strong>\u00a0<\/strong><\/p> <p><strong>Csendesnap:<\/strong><\/p> <p>&#8211; A Soroks\u00e1r-\u00dajtelepi Reform\u00e1tus Egyh\u00e1zk\u00f6zs\u00e9g Csendesnapot tart 2021. augusztus 28-\u00e1n, szombaton 10 \u00e9s 13.30 \u00f3ra k\u00f6z\u00f6tt. A Csendesnap t\u00e9m\u00e1ja az \u00darvacsora, amir\u0151l Takar\u00f3 Tam\u00e1s esperes \u00far fog el\u0151ad\u00e1st tartani.<\/p> <p><strong>\u00a0<\/strong><\/p> <p><strong>Templomtakar\u00edt\u00e1s:<\/strong><\/p> <p>&#8211; Ezen a h\u00e9ten \u00fajra szeretettel v\u00e1rjuk a testv\u00e9reket, p\u00e9nteken d\u00e9lut\u00e1n 17 \u00f3r\u00e1ra, hogy kitakar\u00edtsuk a templomot. K\u00f6sz\u00f6nj\u00fck azoknak, akik el nem m\u00fal\u00f3 szeretettel j\u00f6nnek h\u00e9tr\u0151l-h\u00e9tre takar\u00edtani, hogy templomunkban mindig tisztas\u00e1g \u00e9s rend lehessen alkalmainkra.<\/p> <p><strong>\u00a0<\/strong><\/p> <p><strong>K\u00f6sz\u00f6net:<\/strong><\/p> <p>&#8211; Az elm\u00falt h\u00e9ten az Ady Endre Reform\u00e1tus \u00c1ltal\u00e1nos Iskol\u00e1ban, a mi iskol\u00e1nkban sok seg\u00edts\u00e9gre volt sz\u00fcks\u00e9g. K\u00f6sz\u00f6n\u00f6m fiataljainknak, akik k\u00e9t nap is j\u00f3kedv\u0171en szolg\u00e1ltak, elv\u00e9gezve a sz\u00fcks\u00e9ges munk\u00e1kat!<\/p> <p><strong>\u00a0<\/strong><\/p> <p><strong>Lectio: <\/strong>M\u00e1rk: 11, 12-26<\/p> <p><strong>Textus: <\/strong>M\u00e1rk: 11, 24<\/p> <p><strong>\u00c9nekek: \u00a0\u00a0\u00a0\u00a0\u00a0\u00a0\u00a0 <\/strong>138: 1<\/p> <p>329: 2<\/p> <p>Ker.: Hela Emma Lara: Zsolt\u00e1rok: 138: 2<\/p> <p>Sz\u00fcl\u0151k: Hela Andrei Szabolcs \u00e9s Farkas Edina<\/p> <p>134: 3<\/p> <p>Heidelbergi K\u00e1t\u00e9: XXXIV. \u00darnapja<\/p> <p>479: 1-4<\/p> <p>171<\/p> <p>138: 2<\/p> <p>475: 1-3<\/p> <p>Igehirdet\u0151: Harkai Ferenc<\/p> ","protected":false},"excerpt":{"rendered":"<p>Aki szeretn\u00e9 a Hirdet\u00e9seket emailben is megkapni k\u00e9rj\u00fck, jelezze szem\u00e9lyesen a Lelk\u00e9szi hivatalban. \u00a0 \u00a0 Alkalmak: &#8211; Szerd\u00e1n 18 \u00f3rakor tartunk Istentiszteletet itt a templomban &#8211; J\u00f6v\u0151 vas\u00e1rnap 10 \u00f3rakor Istentiszteletet tartunk a Templomban, rem\u00e9nys\u00e9g\u00fcnk szerint a kereszts\u00e9g s\u00e1kramentum\u00e1t is ki fogjuk szolg\u00e1lni Szigeti L\u00e1szl\u00f3 \u00e9s feles\u00e9ge B. Balog Marianna kisfi\u00e1nak \u00c1ron L\u00e1szl\u00f3nak. Hordozzuk im\u00e1ds\u00e1gban&hellip;<\/p>\n","protected":false},"author":15,"featured_media":0,"comment_status":"closed","ping_status":"closed","sticky":false,"template":"","format":"standard","meta":[],"categories":[17],"tags":[],"acf":[],"_links":{"self":[{"href":"https:\/\/kkre.hu\/wpm\/wp-json\/wp\/v2\/posts\/17056"}],"collection":[{"href":"https:\/\/kkre.hu\/wpm\/wp-json\/wp\/v2\/posts"}],"about":[{"href":"https:\/\/kkre.hu\/wpm\/wp-json\/wp\/v2\/types\/post"}],"author":[{"embeddable":true,"href":"https:\/\/kkre.hu\/wpm\/wp-json\/wp\/v2\/users\/15"}],"replies":[{"embeddable":true,"href":"https:\/\/kkre.hu\/wpm\/wp-json\/wp\/v2\/comments?post=17056"}],"version-history":[{"count":2,"href":"https:\/\/kkre.hu\/wpm\/wp-json\/wp\/v2\/posts\/17056\/revisions"}],"predecessor-version":[{"id":17059,"href":"https:\/\/kkre.hu\/wpm\/wp-json\/wp\/v2\/posts\/17056\/revisions\/17059"}],"wp:attachment":[{"href":"https:\/\/kkre.hu\/wpm\/wp-json\/wp\/v2\/media?parent=17056"}],"wp:term":[{"taxonomy":"category","embeddable":true,"href":"https:\/\/kkre.hu\/wpm\/wp-json\/wp\/v2\/categories?post=17056"},{"taxonomy":"post_tag","embeddable":true,"href":"https:\/\/kkre.hu\/wpm\/wp-json\/wp\/v2\/tags?post=17056"}],"curies":[{"name":"wp","href":"https:\/\/api.w.org\/{rel}","templated":true}]}}