{"id":17087,"date":"2021-08-29T13:58:22","date_gmt":"2021-08-29T11:58:22","guid":{"rendered":"https:\/\/kkre.hu\/wpm\/?p=17087"},"modified":"2021-08-29T13:59:09","modified_gmt":"2021-08-29T11:59:09","slug":"hirdetesek-2021-augusztus-29","status":"publish","type":"post","link":"https:\/\/kkre.hu\/wpm\/blog\/2021\/08\/29\/hirdetesek-2021-augusztus-29\/","title":{"rendered":"Hirdet\u00e9sek, 2021. augusztus 29."},"content":{"rendered":"<p><strong>Aki szeretn\u00e9 a Hirdet\u00e9seket emailben is megkapni k\u00e9rj\u00fck, jelezze szem\u00e9lyesen a Lelk\u00e9szi hivatalban.<\/strong><\/p> <p><strong>\u00a0<\/strong><\/p> <p><strong>\u00a0<\/strong><\/p> <p><strong>Alkalmak: <\/strong><\/p> <p>&#8211; A h\u00e9ten az <strong>\u00fajkeny\u00e9ri \u00farvacsor\u00e1ra k\u00e9sz\u00fcl\u00fcnk,<\/strong> ez\u00e9rt szeptember 1-3-ig: szerd\u00e1n, cs\u00fct\u00f6rt\u00f6k\u00f6n \u00e9s p\u00e9nteken 18 \u00f3rai kezdettel lesz Istentisztelet a templomban. El\u0151rel\u00e1that\u00f3lag szerd\u00e1n \u00e9s cs\u00fct\u00f6rt\u00f6k\u00f6n T\u00f3th Sebesty\u00e9n 6. \u00e9ves teol\u00f3gus, p\u00e9nteken Harkai Ferenc lelkip\u00e1sztor lesz az igehirdet\u0151. (<a href=\"https:\/\/kkre.hu\/wpm\/wp-content\/uploads\/2021\/08\/Ujkenyeri-Bunbanati-Istentiszteletek-2021.pdf\" target=\"_blank\" rel=\"noopener\">Az alkalmak programja megtekinthet\u0151 itt.<\/a>)<\/p> <p>&#8211; J\u00f6v\u0151 <strong>vas\u00e1rnap<\/strong> <strong>10 \u00f3ra<\/strong>kor <strong>Istentiszteletet <\/strong>tartunk a Templomban<strong>, <\/strong>rem\u00e9nys\u00e9g\u00fcnk szerint az <strong>\u00farvacsora <\/strong>s\u00e1kramentum\u00e1t is ki fogjuk szolg\u00e1lni<strong>.<\/strong> (online k\u00f6zvet\u00edtve: <a href=\"https:\/\/kkre.hu\/wpm\/\">https:\/\/kkre.hu\/wpm\/<\/a>)<\/p> <p>&#8211; J\u00f6v\u0151 vas\u00e1rnap <strong>18 \u00f3ra<\/strong>kor is lesz <strong>Istentisztelet<\/strong> itt a templomban<\/p> <p>&#8211; Szeptember 6-\u00e1n 18 \u00f3rakor Presbiteri biblia\u00f3r\u00e1t fogunk tartani<\/p> <p>&#8211; Szeptember 12-\u00e9n d\u00e9lel\u0151tt hittanv\u00e9nyit\u00f3 Istentiszteletet tartunk, d\u00e9lut\u00e1n pedig az Ady Endre Reform\u00e1tus \u00c1ltal\u00e1nos Iskola \u00e9vkezd\u0151 Istentisztelete lesz<\/p> <p><strong>\u00a0<\/strong><\/p> <p><strong>Konfirm\u00e1ci\u00f3:<\/strong><\/p> <p>&#8211; Azoknak, akik m\u00e1r tavaly tavasszal konfirm\u00e1ltak volna (\u00fagynevezett m\u00e1sodik \u00e9vesek), 9-\u00e9n 16 \u00f3rakor szeretn\u00e9nk konfirmandus \u00f3r\u00e1t tartani. A t\u00f6bbieknek, egy kicsit k\u00e9s\u0151bb kezd\u0151dik a felk\u00e9sz\u00fcl\u00e9s, akik ebben az \u00e9vben kezdenek, nekik szerd\u00e1n, a t\u00f6bbieknek, majd cs\u00fct\u00f6rt\u00f6k\u00f6nk\u00e9nt lesz konfirm\u00e1ci\u00f3s el\u0151k\u00e9sz\u00edt\u0151 \u00f3ra.<\/p> <p><strong>\u00a0<\/strong><\/p> <p><strong>Esk\u00fcv\u0151:<\/strong><\/p> <p>&#8211; Els\u0151 alkalommal hirdetj\u00fck, K\u00f6vesi Frigyes Gy\u00f6rgy eljegyezte Bar\u00e1th Szilvia Ildik\u00f3t \u00e9s Isten \u00e1ld\u00e1s\u00e1t szeretn\u00e9k k\u00e9rni h\u00e1zass\u00e1gukra szeptember 18-\u00e1n. Hordozzuk im\u00e1ds\u00e1gban az esk\u00fcv\u0151re k\u00e9sz\u00fcl\u0151 jegyesp\u00e1rt.<\/p> <p>&#8211; Harmadik alkalommal hirdetj\u00fck, Pap J\u00e1nos \u00e9s B\u00e1nyai Erzs\u00e9bet reform\u00e1tus fest\u0151-m\u00e1zol\u00f3 fia Ferenc, feles\u00e9g\u00fcl vette \u00e9s D\u00edv\u00f3 Tibor \u00e9s Dom\u00e1n M\u00e1ria reform\u00e1tus cukr\u00e1sz le\u00e1ny\u00e1t, Mariann\u00e1t. Isten \u00e1ld\u00e1s\u00e1t h\u00e1zass\u00e1gukra szeptember 4-\u00e9n, <strong>14 \u00f3rakor<\/strong> itt a templomban fogj\u00e1k k\u00e9rni. <strong>Ezen az alkalmon fogjuk megkeresztelni kisfi\u00fakat, Mil\u00e1nt is.<\/strong> Hordozzuk im\u00e1ds\u00e1gban a kett\u0151s \u00fcnnepre k\u00e9sz\u00fcl\u0151 testv\u00e9reinket.<\/p> <p><strong>\u00a0<\/strong><\/p> <p><strong>Temet\u00e9s:<\/strong><\/p> <p>&#8211; Az elm\u00falt h\u00e9ten, szerd\u00e1n, augusztus 25-\u00e9n, a R\u00e1koskereszt\u00fari \u00fajk\u00f6ztemet\u0151ben b\u00facs\u00faztunk Ordasi Istv\u00e1nt\u00f3l, aki, 80 \u00e9ves kor\u00e1ban hunyt el. A vigasztal\u00e1s \u00e9s felt\u00e1mad\u00e1s ig\u00e9i az 1 Korinthus 2, 9: \u201eAmit szem nem l\u00e1tott, f\u00fcl nem hallott, \u00e9s ember sz\u00edve meg sem sejtett, azt k\u00e9sz\u00edtette el Isten az \u0151t szeret\u0151knek.\u201d Isten vigasztal\u00e1s\u00e1t k\u00e9rj\u00fck feles\u00e9g\u00e9nek, testv\u00e9reinek \u00e9s szeretteinek A Boldog Felt\u00e1mad\u00e1s Rem\u00e9nys\u00e9ge Alatt.<\/p> <p><strong>\u00a0<\/strong><\/p> <p><strong>Templomtakar\u00edt\u00e1s:<\/strong><\/p> <p>&#8211; Ezen a h\u00e9ten \u00fajra szeretettel v\u00e1rjuk a testv\u00e9reket, <strong>p\u00e9nteken<\/strong> a <strong>B\u0171nb\u00e1nati Istentisztelet ut\u00e1n<\/strong>, hogy kitakar\u00edtsuk a templomot. K\u00f6sz\u00f6nj\u00fck azoknak, akik el nem m\u00fal\u00f3 szeretettel j\u00f6nnek h\u00e9tr\u0151l-h\u00e9tre takar\u00edtani, hogy templomunkban mindig tisztas\u00e1g \u00e9s rend lehessen alkalmainkra.<\/p> <p><strong>\u00a0<\/strong><\/p> <p><strong>K\u00f6sz\u00f6net:<\/strong><\/p> <p>&#8211; Az elm\u00falt h\u00e9ten az Ady Endre Reform\u00e1tus \u00c1ltal\u00e1nos Iskol\u00e1ban, a mi iskol\u00e1nkban sok seg\u00edts\u00e9gre volt sz\u00fcks\u00e9g. K\u00f6sz\u00f6n\u00f6m fiataljainknak, akik k\u00e9t nap is j\u00f3kedv\u0171en szolg\u00e1ltak, elv\u00e9gezve a sz\u00fcks\u00e9ges munk\u00e1kat!<\/p> <p><strong>Lectio:<\/strong> 2 M\u00f3zes 20, 2-17 \u00e9s M\u00e1t\u00e9 22, 37-40<\/p> <p><strong>Textus: <\/strong>M\u00e1rk: 13, 21-37<\/p> <p><strong>\u00c9nekek: \u00a0\u00a0\u00a0\u00a0\u00a0\u00a0\u00a0 <\/strong>155<\/p> <p>Heidelbergi K\u00e1t\u00e9: XXXV. \u00darnapja<\/p> <p>105: 1-3<\/p> <p>180<\/p> <p>231: 1<\/p> <p>231: 2-4<\/p> <p>Igehirdet\u0151: Harkai Ferenc<\/p> ","protected":false},"excerpt":{"rendered":"<p>Aki szeretn\u00e9 a Hirdet\u00e9seket emailben is megkapni k\u00e9rj\u00fck, jelezze szem\u00e9lyesen a Lelk\u00e9szi hivatalban. \u00a0 \u00a0 Alkalmak: &#8211; A h\u00e9ten az \u00fajkeny\u00e9ri \u00farvacsor\u00e1ra k\u00e9sz\u00fcl\u00fcnk, ez\u00e9rt szeptember 1-3-ig: szerd\u00e1n, cs\u00fct\u00f6rt\u00f6k\u00f6n \u00e9s p\u00e9nteken 18 \u00f3rai kezdettel lesz Istentisztelet a templomban. El\u0151rel\u00e1that\u00f3lag szerd\u00e1n \u00e9s cs\u00fct\u00f6rt\u00f6k\u00f6n T\u00f3th Sebesty\u00e9n 6. \u00e9ves teol\u00f3gus, p\u00e9nteken Harkai Ferenc lelkip\u00e1sztor lesz az igehirdet\u0151. (Az alkalmak&hellip;<\/p>\n","protected":false},"author":15,"featured_media":0,"comment_status":"closed","ping_status":"closed","sticky":false,"template":"","format":"standard","meta":[],"categories":[17],"tags":[],"acf":[],"_links":{"self":[{"href":"https:\/\/kkre.hu\/wpm\/wp-json\/wp\/v2\/posts\/17087"}],"collection":[{"href":"https:\/\/kkre.hu\/wpm\/wp-json\/wp\/v2\/posts"}],"about":[{"href":"https:\/\/kkre.hu\/wpm\/wp-json\/wp\/v2\/types\/post"}],"author":[{"embeddable":true,"href":"https:\/\/kkre.hu\/wpm\/wp-json\/wp\/v2\/users\/15"}],"replies":[{"embeddable":true,"href":"https:\/\/kkre.hu\/wpm\/wp-json\/wp\/v2\/comments?post=17087"}],"version-history":[{"count":2,"href":"https:\/\/kkre.hu\/wpm\/wp-json\/wp\/v2\/posts\/17087\/revisions"}],"predecessor-version":[{"id":17089,"href":"https:\/\/kkre.hu\/wpm\/wp-json\/wp\/v2\/posts\/17087\/revisions\/17089"}],"wp:attachment":[{"href":"https:\/\/kkre.hu\/wpm\/wp-json\/wp\/v2\/media?parent=17087"}],"wp:term":[{"taxonomy":"category","embeddable":true,"href":"https:\/\/kkre.hu\/wpm\/wp-json\/wp\/v2\/categories?post=17087"},{"taxonomy":"post_tag","embeddable":true,"href":"https:\/\/kkre.hu\/wpm\/wp-json\/wp\/v2\/tags?post=17087"}],"curies":[{"name":"wp","href":"https:\/\/api.w.org\/{rel}","templated":true}]}}