{"id":17095,"date":"2021-09-05T20:17:11","date_gmt":"2021-09-05T18:17:11","guid":{"rendered":"https:\/\/kkre.hu\/wpm\/?p=17095"},"modified":"2021-09-05T20:19:07","modified_gmt":"2021-09-05T18:19:07","slug":"hirdetesek-2021-szeptember-5","status":"publish","type":"post","link":"https:\/\/kkre.hu\/wpm\/blog\/2021\/09\/05\/hirdetesek-2021-szeptember-5\/","title":{"rendered":"Hirdet\u00e9sek, 2021. szeptember 5."},"content":{"rendered":"<p><strong>Aki szeretn\u00e9 a Hirdet\u00e9seket emailben is megkapni k\u00e9rj\u00fck, jelezze szem\u00e9lyesen a Lelk\u00e9szi hivatalban.<\/strong><\/p> <p><strong>\u00a0<\/strong><\/p> <p><strong>\u00a0<\/strong><\/p> <p><strong>Alkalmak: <\/strong><\/p> <p>&#8211; Ma <strong>18 \u00f3ra<\/strong>kor is lesz <strong>Istentisztelet<\/strong> itt a templomban (online k\u00f6zvet\u00edtve: <a href=\"https:\/\/kkre.hu\/wpm\/\">https:\/\/kkre.hu\/wpm\/<\/a>)<\/p> <p>&#8211; H\u00e9tf\u0151n 18 \u00f3rakor <strong>Presbiteri biblia\u00f3r\u00e1t<\/strong> fogunk tartani<\/p> <p>&#8211; Szerd\u00e1n 18 \u00f3rakor tartunk Istentiszteletet itt a templomban<\/p> <p>&#8211; J\u00f6v\u0151 <strong>vas\u00e1rnap<\/strong> <strong>10 \u00f3ra<\/strong>kor <strong>hittanv\u00e9nyit\u00f3 Istentiszteletet<\/strong> tartunk a Templomban<strong>, <\/strong>rem\u00e9nys\u00e9g\u00fcnk szerint a <strong>kereszts\u00e9g <\/strong>s\u00e1kramentum\u00e1t is ki fogjuk szolg\u00e1lni Valk\u00f3czy Attila \u00e9s feles\u00e9ge Szatm\u00e1ri Szilvia Melinda m\u00e1sodik gyermek\u00e9nek Benc\u00e9nek. Az Istentisztelet ut\u00e1n szeretetvend\u00e9gs\u00e9get is fogunk tartani, ehhez k\u00e9rj\u00fck a testv\u00e9rek seg\u00edts\u00e9g\u00e9t, hozzanak s\u00fctem\u00e9nyt \u00e9s innival\u00f3t illetve seg\u00edtsenek az asztalok megter\u00edt\u00e9s\u00e9ben is (online k\u00f6zvet\u00edtve: <a href=\"https:\/\/kkre.hu\/wpm\/\">https:\/\/kkre.hu\/wpm\/<\/a>)<\/p> <p>&#8211; J\u00f6v\u0151 vas\u00e1rnap <strong>18 \u00f3ra<\/strong>kor is lesz <strong>Istentisztelet<\/strong> itt a templomban, ami az Ady Endre Reform\u00e1tus \u00c1ltal\u00e1nos Iskola \u00e9vkezd\u0151 Istentisztelete is lesz, ami ut\u00e1n szeretetvend\u00e9gs\u00e9get is tartunk (online k\u00f6zvet\u00edtve: <a href=\"https:\/\/kkre.hu\/wpm\/\">https:\/\/kkre.hu\/wpm\/<\/a>)<\/p> <p><strong>\u00a0<\/strong><\/p> <p><strong>Konfirm\u00e1ci\u00f3:<\/strong><\/p> <p>&#8211; Azoknak, akik m\u00e1r tavaly tavasszal konfirm\u00e1ltak volna (\u00fagynevezett m\u00e1sodik \u00e9vesek), <strong>ezen a h\u00e9ten, cs\u00fct\u00f6rt\u00f6k\u00f6n, szeptember 9-\u00e9n 16 \u00f3rakor<\/strong> lesz konfirmandus \u00f3r\u00e1juk<\/p> <p>A t\u00f6bbieknek, egy kicsit k\u00e9s\u0151bb kezd\u0151dik a felk\u00e9sz\u00fcl\u00e9s, akik ebben az \u00e9vben kezdenek, nekik szerd\u00e1n, akik m\u00e1r k\u00e9t \u00e9ve elkezdt\u00e9k a felk\u00e9sz\u00fcl\u00e9s nekik, majd cs\u00fct\u00f6rt\u00f6k\u00f6nk\u00e9nt lesz konfirm\u00e1ci\u00f3s el\u0151k\u00e9sz\u00edt\u0151 \u00f3ra.<\/p> <p><strong>\u00a0<\/strong><\/p> <p><strong>Feln\u0151tt konfirm\u00e1ci\u00f3:<\/strong><\/p> <p>&#8211; T\u00f6bben vannak a vas\u00e1rnapi igehallgat\u00f3 gy\u00fclekezetben olyan feln\u0151ttek, akiknek az \u00e9let\u00e9ben eddig nem t\u00f6rt\u00e9nt meg a kereszts\u00e9g, vagy m\u00e9g nem tettek konfirm\u00e1ci\u00f3i fogadalmat \u00e9s \u00edgy nem lehetnek az \u00farvacsorai k\u00f6z\u00f6ss\u00e9g tagjai, \u00e9s nem szerepelhetnek a V\u00e1laszt\u00f3i n\u00e9vjegyz\u00e9kben sem. \u0150ket h\u00edvjuk \u00e9s v\u00e1rjuk, hogy a konfirm\u00e1ci\u00f3s tanfolyamra jelentkezzenek. A besz\u00e9lget\u00e9sek <strong>cs\u00fct\u00f6rt\u00f6k\u00f6n 18 \u00f3ra<\/strong>kor lesznek. K\u00e9rem az \u00e9rdekl\u0151d\u0151k jelentkezzenek a Lelk\u00e9szi hivatalban.<\/p> <p><strong>\u00a0<\/strong><\/p> <p><strong>Esk\u00fcv\u0151:<\/strong><\/p> <p>&#8211; Els\u0151 alkalommal hirdetj\u00fck, hogy M\u00e1trah\u00e1zi Csaba P\u00e9ter, eljegyezte Bodor Barbar\u00e1t \u00e9s Isten \u00e1ld\u00e1s\u00e1t szeretn\u00e9k k\u00e9rni h\u00e1zass\u00e1gukra szeptember 26-\u00e1n. Hordozzuk im\u00e1ds\u00e1gban az esk\u00fcv\u0151re k\u00e9sz\u00fcl\u0151 jegyesp\u00e1rt.<\/p> <p>&#8211; M\u00e1sodik alkalommal hirdetj\u00fck, K\u00f6vesi Frigyes Gy\u00f6rgy, r\u00f3mai katolikus g\u00e9p\u00e9sz, eljegyezte Bar\u00e1th Szilvia Ildik\u00f3 reform\u00e1tus \u00fcgyint\u00e9z\u0151t \u00e9s Isten \u00e1ld\u00e1s\u00e1t szeretn\u00e9k k\u00e9rni h\u00e1zass\u00e1gukra szeptember 18-\u00e1n 11 \u00f3ra 30 perckor.. Hordozzuk im\u00e1ds\u00e1gban az esk\u00fcv\u0151re k\u00e9sz\u00fcl\u0151 jegyesp\u00e1rt.<\/p> <p><strong>\u00a0<\/strong><\/p> <p><strong>Templomtakar\u00edt\u00e1s:<\/strong><\/p> <p>&#8211; Ezen a h\u00e9ten \u00fajra szeretettel v\u00e1rjuk a testv\u00e9reket, <strong>p\u00e9nteken<\/strong> 17 \u00f3r\u00e1t\u00f3l, hogy kitakar\u00edtsuk a templomot. K\u00f6sz\u00f6nj\u00fck azoknak, akik el nem m\u00fal\u00f3 szeretettel j\u00f6nnek h\u00e9tr\u0151l-h\u00e9tre takar\u00edtani, hogy templomunkban mindig tisztas\u00e1g \u00e9s rend lehessen alkalmainkra.<\/p> <p><strong>Lectio:<\/strong> M\u00e1rk: 15, 1-19<\/p> <p><strong>Textus: <\/strong>M\u00e1rk: 15, 9b<\/p> <p><strong>\u00c9nekek: \u00a0\u00a0\u00a0\u00a0\u00a0\u00a0\u00a0 \u00a0\u00a0<\/strong>65: 1<\/p> <p>Heidelbergi K\u00e1t\u00e9: XXXVI. \u00darnapja<\/p> <p>32: 1, 3<\/p> <p>396: 1<\/p> <p>396: 2-3<\/p> <p>447: 1-2<\/p> <p>\u00darvacsora alatt: 440<\/p> <p>Igehirdet\u0151: Harkai Ferenc<\/p> <p><strong><em>D\u00e9lut\u00e1n:<\/em><\/strong><\/p> <p><strong>Textus: <\/strong>2 Kir\u00e1lyok: 24, 1-20<\/p> <p><strong>Heidelbergi K\u00e1t\u00e9:<\/strong> XXXVI. \u00darnapja<\/p> <p><strong>\u00c9nekek:<\/strong><\/p> <p>1: 1<\/p> <p>225: 1-8<\/p> <p>467: 1-5<\/p> <p>Igehirdet\u0151: T\u00f3th Sebesty\u00e9n<\/p> ","protected":false},"excerpt":{"rendered":"<p>Aki szeretn\u00e9 a Hirdet\u00e9seket emailben is megkapni k\u00e9rj\u00fck, jelezze szem\u00e9lyesen a Lelk\u00e9szi hivatalban. \u00a0 \u00a0 Alkalmak: &#8211; Ma 18 \u00f3rakor is lesz Istentisztelet itt a templomban (online k\u00f6zvet\u00edtve: https:\/\/kkre.hu\/wpm\/) &#8211; H\u00e9tf\u0151n 18 \u00f3rakor Presbiteri biblia\u00f3r\u00e1t fogunk tartani &#8211; Szerd\u00e1n 18 \u00f3rakor tartunk Istentiszteletet itt a templomban &#8211; J\u00f6v\u0151 vas\u00e1rnap 10 \u00f3rakor hittanv\u00e9nyit\u00f3 Istentiszteletet tartunk a&hellip;<\/p>\n","protected":false},"author":15,"featured_media":0,"comment_status":"closed","ping_status":"closed","sticky":false,"template":"","format":"standard","meta":[],"categories":[17],"tags":[],"acf":[],"_links":{"self":[{"href":"https:\/\/kkre.hu\/wpm\/wp-json\/wp\/v2\/posts\/17095"}],"collection":[{"href":"https:\/\/kkre.hu\/wpm\/wp-json\/wp\/v2\/posts"}],"about":[{"href":"https:\/\/kkre.hu\/wpm\/wp-json\/wp\/v2\/types\/post"}],"author":[{"embeddable":true,"href":"https:\/\/kkre.hu\/wpm\/wp-json\/wp\/v2\/users\/15"}],"replies":[{"embeddable":true,"href":"https:\/\/kkre.hu\/wpm\/wp-json\/wp\/v2\/comments?post=17095"}],"version-history":[{"count":2,"href":"https:\/\/kkre.hu\/wpm\/wp-json\/wp\/v2\/posts\/17095\/revisions"}],"predecessor-version":[{"id":17097,"href":"https:\/\/kkre.hu\/wpm\/wp-json\/wp\/v2\/posts\/17095\/revisions\/17097"}],"wp:attachment":[{"href":"https:\/\/kkre.hu\/wpm\/wp-json\/wp\/v2\/media?parent=17095"}],"wp:term":[{"taxonomy":"category","embeddable":true,"href":"https:\/\/kkre.hu\/wpm\/wp-json\/wp\/v2\/categories?post=17095"},{"taxonomy":"post_tag","embeddable":true,"href":"https:\/\/kkre.hu\/wpm\/wp-json\/wp\/v2\/tags?post=17095"}],"curies":[{"name":"wp","href":"https:\/\/api.w.org\/{rel}","templated":true}]}}