{"id":17129,"date":"2021-09-13T10:41:59","date_gmt":"2021-09-13T08:41:59","guid":{"rendered":"https:\/\/kkre.hu\/wpm\/?p=17129"},"modified":"2021-09-13T10:42:29","modified_gmt":"2021-09-13T08:42:29","slug":"hirdetesek-2021-szeptember-12","status":"publish","type":"post","link":"https:\/\/kkre.hu\/wpm\/blog\/2021\/09\/13\/hirdetesek-2021-szeptember-12\/","title":{"rendered":"Hirdet\u00e9sek, 2021. szeptember 12."},"content":{"rendered":"<p><strong>\u00a0<\/strong><\/p> <p><strong>Aki szeretn\u00e9 a Hirdet\u00e9seket emailben is megkapni k\u00e9rj\u00fck, jelezze szem\u00e9lyesen a Lelk\u00e9szi hivatalban.<\/strong><\/p> <p><strong>\u00a0<\/strong><\/p> <p><strong>Hittan tan\u00e9vnyit\u00f3:<\/strong><\/p> <p>Egyh\u00e1zk\u00f6zs\u00e9g\u00fcnkben 6 m\u00f3don kezd\u0151dik el a hittan\u00e9v: \u00e1llami iskol\u00e1kban, m\u00e1s felekezet \u00e1ltal\u00e1nos iskol\u00e1j\u00e1ban, \u00f6nkorm\u00e1nyzati \u00f3vod\u00e1kban \u00e9s a saj\u00e1t \u00f3vod\u00e1nkban \u00e9s iskol\u00e1nkban \u00e9s esetleg a gy\u00fclekezeti hittan\u00f3r\u00e1kon.<\/p> <p>Ebben a tan\u00e9vben Egyh\u00e1zk\u00f6zs\u00e9g\u00fcnk ter\u00fclet\u00e9n lev\u0151 <strong>6 \u00e1llami (Bolyai, E\u00f6tv\u00f6s, G\u00e1bor, M\u00f3ra, Pusk\u00e1s, \u00e9s Vass) \u00e9s egy r\u00f3mai katolikus (Rem\u00e9nys\u00e9g)<\/strong> fenntart\u00e1s\u00fa <strong>\u00e1ltal\u00e1nos iskol\u00e1ban<\/strong> t\u00f6bb, mint 50 hittan\u00f3r\u00e1t fogunk tartani hetente.<\/p> <p>Az <strong>Ady<\/strong> Endre Reform\u00e1tus \u00c1ltal\u00e1nos Iskol\u00e1ban 18 \u00f3r\u00e1t fogunk tartani.<\/p> <p>Az \u00d6nkorm\u00e1nyzati \u00f3vod\u00e1kban okt\u00f3bert\u0151l indulnak a hittan foglalkoz\u00e1sok, amennyiben az int\u00e9zm\u00e9nyvezet\u0151k lehet\u0151s\u00e9get fognak biztos\u00edtani.<\/p> <p>A <strong>Sz\u0151l\u0151skert Reform\u00e1tus \u00d3vod\u00e1ban<\/strong> pedig szeptembert\u0151l folyamatos a hitben nevel\u00e9s.<\/p> <p>Sajnos ebben az esztend\u0151ben is el\u00e9g nehezen indul saj\u00e1t int\u00e9zm\u00e9nyeinken k\u00edv\u00fcl a hittanoktat\u00e1s, miut\u00e1n az iskol\u00e1kt\u00f3l nem kaptuk meg a szervez\u00e9shez sz\u00fcks\u00e9ges n\u00e9vsorokat, \u00e9s \u00f3rarend terveket id\u0151ben. A tavalyi \u00e9vben az volt a legnehezebb feladat, amikor egy id\u0151ben n\u00e9gy helysz\u00ednen kellett volna hittan\u00f3r\u00e1t tartani. Ebben a tan\u00e9vben \u00fagy t\u0171nik, egy id\u0151ben lenne egyszerre 5 hittan\u00f3ra is, amib\u0151l egy iskol\u00e1ban egyszerre 3 k\u00fcl\u00f6nb\u00f6z\u0151 \u00e9vfolyamnak is lenne \u00f3r\u00e1ja. Sajn\u00e1lom, hogy 2013 \u00f3ta hi\u00e1ba igyeksz\u00fcnk megegyezni az Int\u00e9zm\u00e9nyvezet\u0151kkel, hogy ebben az \u00e1llami feladatell\u00e1t\u00e1sban egy\u00fctt tudjunk m\u0171k\u00f6dni.<\/p> <p>Ez \u00fcgyben k\u00e9rem a sz\u00fcl\u0151k, nagysz\u00fcl\u0151k meg\u00e9rt\u00e9s\u00e9t is!<\/p> <p>Ebben a tan\u00e9vben az is nehez\u00edti a helyzet\u00fcnket, hogy L\u00f3r\u00e1nt Kriszti\u00e1n, aki m\u00e1r 7 \u00e9ve volt az Egyh\u00e1zk\u00f6sz\u00e9g f\u0151\u00e1ll\u00e1s\u00fa hittanoktat\u00f3ja, augusztus k\u00f6zep\u00e9n v\u00e1ratlanul befejezte n\u00e1lunk ezt a szolg\u00e1latot.<\/p> <p>Az <strong>\u00e1llami iskol\u00e1kban \u00e9s \u00f6nkorm\u00e1nyzati \u00f3vod\u00e1kban<\/strong> Csereszny\u00e9s \u00c1gota \u00e9s Hevesi Krisztina hittanoktat\u00f3k, Papp M\u00e1rton lelkip\u00e1sztor \u00e9s T\u00f3th Sebesty\u00e9n 6. \u00e9ves teol\u00f3gus gyakornok fognak hittan\u00f3r\u00e1kat tartani.<\/p> <p>H\u00e1l\u00e1sak vagyunk az\u00e9rt, hogy a<strong> Rem\u00e9nys\u00e9g Katolikus \u00c1ltal\u00e1nos Iskol\u00e1ban <\/strong>a megszokott m\u00f3don, de id\u00e9n csak 6 csoportban kezd\u0151d\u00f6tt el a hittan : Csereszny\u00e9s \u00c1gota, Kissn\u00e9 Jakab Olga, Dr. Szente P\u00e9tern\u00e9, Wisinger Andrea maradtak a hittanoktat\u00f3k. \u00d6r\u00fcl\u00fcnk, hogy itt az int\u00e9zm\u00e9nnyel is j\u00f3l tudunk a hittanoktat\u00e1sban egy\u00fctt m\u0171k\u00f6dni.<\/p> <p>Az <strong>Ady Endre Reform\u00e1tus \u00c1ltal\u00e1nos Iskol\u00e1ban<\/strong> \u00e9s a <strong>Sz\u0151l\u0151skert Reform\u00e1tus \u00d3vod\u00e1ban <\/strong>Harkai Ferenc Csab\u00e1n\u00e9 \u00e9s Harkai Ferenc Csaba fogj\u00e1k a hittan\u00f3r\u00e1kat \u00e9s a hittanfoglalkoz\u00e1sokat tartani ebben a tan- \u00e9s nevel\u00e9si \u00e9vben.<\/p> <p><strong>\u00a0<\/strong><\/p> <p><strong>Alkalmak: <\/strong><\/p> <p>&#8211; Ma <strong>18 \u00f3ra<\/strong>kor is lesz <strong>Istentisztelet<\/strong> itt a templomban, ami egyben az \u00e1ltalunk fenntartott Ady Endre \u00c1ltal\u00e1nos Iskola tan\u00e9vnyit\u00f3 Istentisztelete is. Az alkalom ut\u00e1n lesz szeretetvend\u00e9gs\u00e9g is. (online k\u00f6zvet\u00edtve: <a href=\"https:\/\/kkre.hu\/wpm\/\">https:\/\/kkre.hu\/wpm\/<\/a>)<\/p> <p>&#8211; Szerd\u00e1n 18 \u00f3rakor tartunk <strong>Istentiszteletet<\/strong> itt a templomban<\/p> <p>&#8211; Cs\u00fct\u00f6rt\u00f6k\u00f6n 19 \u00f3rakor <strong>Biblia\u00f3r\u00e1t<\/strong> fogunk tartani az alagsori gy\u00fclekezeti teremben<\/p> <p>&#8211; J\u00f6v\u0151 <strong>vas\u00e1rnap<\/strong> <strong>10 \u00f3ra<\/strong>kor <strong>Istentiszteletet<\/strong> tartunk a Templomban<strong>, <\/strong>rem\u00e9nys\u00e9g\u00fcnk szerint a <strong>kereszts\u00e9g <\/strong>s\u00e1kramentum\u00e1t is ki fogjuk szolg\u00e1lni Somogyi G\u00e1bor \u00e9s feles\u00e9ge Kr\u00e1nyik \u00c1gnes els\u0151 gyermek\u00e9nek Amir\u00e1nak. Ezen az Istentiszteleten f\u0151tisztelet\u0171 Szenn P\u00e9ter, haraszti lelkip\u00e1sztor, a Horv\u00e1torsz\u00e1gi Reform\u00e1tus Kereszty\u00e9n K\u00e1lvini Egyh\u00e1z p\u00fcsp\u00f6ke fog k\u00f6z\u00f6tt\u00fcnk szolg\u00e1lni (online k\u00f6zvet\u00edtve: <a href=\"https:\/\/kkre.hu\/wpm\/\">https:\/\/kkre.hu\/wpm\/<\/a>)<\/p> <p>&#8211; J\u00f6v\u0151 vas\u00e1rnap <strong>18 \u00f3ra<\/strong>kor is lesz <strong>Istentisztelet<\/strong> itt a templomban, ami az Sz\u0151l\u0151skert Reform\u00e1tus \u00d3voda \u00e9vkezd\u0151 Istentisztelete is lesz, ami ut\u00e1n szeretetvend\u00e9gs\u00e9get is tartunk (online k\u00f6zvet\u00edtve: <a href=\"https:\/\/kkre.hu\/wpm\/\">https:\/\/kkre.hu\/wpm\/<\/a>)<\/p> <p>&#8211; K\u00e9t h\u00e9t m\u00falva szeptember 26-\u00e1n, 18 \u00f3rakor orgonazen\u00e9s \u00e1h\u00edtatunk lesz a templomban<\/p> <p><strong>\u00a0<\/strong><\/p> <p><strong>Konfirm\u00e1ci\u00f3:<\/strong><\/p> <p>&#8211; Akiknek m\u00e1r tavaly tavasszal elmaradt a konfirm\u00e1ci\u00f3juk<strong>, cs\u00fct\u00f6rt\u00f6k\u00f6n, 16 \u00f3ra 30 perckor<\/strong> lesz \u00f3r\u00e1juk<\/p> <p>A t\u00f6bbieknek, egy kicsit k\u00e9s\u0151bb kezd\u0151dik a felk\u00e9sz\u00fcl\u00e9s, akik ebben az \u00e9vben kezdenek, nekik szerd\u00e1n, akik m\u00e1r k\u00e9t \u00e9ve elkezdt\u00e9k a felk\u00e9sz\u00fcl\u00e9s nekik, majd cs\u00fct\u00f6rt\u00f6k\u00f6nk\u00e9nt lesz konfirm\u00e1ci\u00f3s el\u0151k\u00e9sz\u00edt\u0151 \u00f3ra.<\/p> <p><strong>\u00a0<\/strong><\/p> <p><strong>Feln\u0151tt konfirm\u00e1ci\u00f3:<\/strong><\/p> <p>&#8211; T\u00f6bben vannak a vas\u00e1rnapi igehallgat\u00f3 gy\u00fclekezetben olyan feln\u0151ttek, akiknek az \u00e9let\u00e9ben eddig nem t\u00f6rt\u00e9nt meg a kereszts\u00e9g, vagy m\u00e9g nem tettek konfirm\u00e1ci\u00f3i fogadalmat \u00e9s \u00edgy nem lehetnek az \u00farvacsorai k\u00f6z\u00f6ss\u00e9g tagjai, \u00e9s nem szerepelhetnek a V\u00e1laszt\u00f3i n\u00e9vjegyz\u00e9kben sem. \u0150ket h\u00edvjuk \u00e9s v\u00e1rjuk, hogy a konfirm\u00e1ci\u00f3s tanfolyamra jelentkezzenek. A besz\u00e9lget\u00e9sek <strong>cs\u00fct\u00f6rt\u00f6k\u00f6n 18 \u00f3ra<\/strong>kor lesznek. K\u00e9rem az \u00e9rdekl\u0151d\u0151k jelentkezzenek a Lelk\u00e9szi hivatalban.<\/p> <p><strong>\u00a0<\/strong><\/p> <p><strong>Esk\u00fcv\u0151:<\/strong><\/p> <p>&#8211; M\u00e1sodik alkalommal hirdetj\u00fck, hogy M\u00e1trah\u00e1zi Csaba P\u00e9ter n\u0151tlen, reform\u00e1tus, informatikus leg\u00e9ny eljegyezte Bodor Barbara, r\u00f3mai katolikus hajadon, ment\u0151\u00e1pol\u00f3 le\u00e1ny \u00e9s Isten \u00e1ld\u00e1s\u00e1t szeretn\u00e9k k\u00e9rni h\u00e1zass\u00e1gukra szeptember 26-\u00e1n, R\u00e1ckev\u00e9n. Hordozzuk im\u00e1ds\u00e1gban az esk\u00fcv\u0151re k\u00e9sz\u00fcl\u0151 jegyesp\u00e1rt.<\/p> <p>&#8211; Harmadik alkalommal hirdetj\u00fck, n\u00e9hai K\u00f6vesi Frigyes \u00e9s n\u00e9hai Szem\u00e1n Ilona r\u00f3mai katolikus, elv\u00e1lt, g\u00e9p\u00e9sz fia Frigyes Gy\u00f6rgy, eljegyezte n\u00e9hai Bar\u00e1th Istv\u00e1n \u00e9s n\u00e9hai Cs\u00e1kv\u00e1ri Gizella Ilona, reform\u00e1tus, elv\u00e1lt \u00fcgyint\u00e9z\u0151 le\u00e1nya Szilvia Ildik\u00f3, Isten \u00e1ld\u00e1s\u00e1t szeretn\u00e9k k\u00e9rni h\u00e1zass\u00e1gukra szeptember 18-\u00e1n, szombaton 11 \u00f3ra 30 perckor. Hordozzuk im\u00e1ds\u00e1gban az esk\u00fcv\u0151re k\u00e9sz\u00fcl\u0151 jegyesp\u00e1rt.<\/p> <p><strong>\u00a0<\/strong><\/p> <p><strong>Beiktat\u00e1s:<\/strong><\/p> <p>&#8211; Okt\u00f3ber 3-\u00e1n, vas\u00e1rnap 15 \u00f3rakor lesz a Budapest-Pestszentimrei Reform\u00e1tus Egyh\u00e1zk\u00f6zs\u00e9gben, \u00c9des \u00c1rp\u00e1d Tam\u00e1s lelkip\u00e1sztor \u00far beiktat\u00e1sa.<\/p> <p><strong>\u00a0<\/strong><\/p> <p><strong>Templomtakar\u00edt\u00e1s:<\/strong><\/p> <p>&#8211; Ezen a h\u00e9ten \u00fajra szeretettel v\u00e1rjuk a testv\u00e9reket, <strong>p\u00e9nteken<\/strong> 17 \u00f3r\u00e1t\u00f3l, hogy kitakar\u00edtsuk a templomot. K\u00f6sz\u00f6nj\u00fck azoknak, akik el nem m\u00fal\u00f3 szeretettel j\u00f6nnek h\u00e9tr\u0151l-h\u00e9tre takar\u00edtani, hogy templomunkban mindig tisztas\u00e1g \u00e9s rend lehessen alkalmainkra.<\/p> <p><strong>Orgona Cd:<\/strong><\/p> <p>&#8211; \u00d6r\u00f6mmel jelentem a gy\u00fclekezetnek, hogy Szotyori Nagy G\u00e1bor orgonam\u0171v\u00e9sz\u00fcnknek megjelent az \u00d6n\u00e1ll\u00f3 \u201eCD-je\u201d, Felix Mendelssohn orgona m\u0171veib\u0151l. A CD-k az iratterjeszt\u00e9sben megv\u00e1s\u00e1rolhat\u00f3k \u00e9s az \u00e1rukb\u00f3l befolyt \u00f6sszeget m\u0171v\u00e9sz \u00far az orgona tiszt\u00edt\u00e1s\u00e1ra, sz\u00fcks\u00e9ges karbantart\u00e1s\u00e1ra aj\u00e1nlotta fel.<\/p> <p><strong>Lectio:<\/strong> Zsolt\u00e1rok: 5, 1-13<\/p> <p><strong>Textus:<\/strong> Galata: 1-9<\/p> <p><strong>\u00c9nekek: \u00a0\u00a0\u00a0\u00a0\u00a0\u00a0\u00a0 <\/strong>140: 1<\/p> <p>329: 2<\/p> <p>Ker.: Valk\u00f3czy Bence: Zsolt\u00e1rok: 140: 7<\/p> <p>Sz\u00fcl\u0151k: Valk\u00f3czy Attila \u00e9s Szatm\u00e1ri Szilvia Melinda<\/p> <p>134: 3<\/p> <p>Heidelbergi K\u00e1t\u00e9: XXXVII. \u00darnapja<\/p> <p>236: 1-7<\/p> <p>356: 1<\/p> <p>356: 5<\/p> <p>90: 1, 9<\/p> <p>Himnusz<\/p> <p>Igehirdet\u0151: Harkai Ferenc<\/p> <p><strong><em>\u00a0<\/em><\/strong><\/p> <p><strong><em>D\u00e9lut\u00e1n:<\/em><\/strong><\/p> <p><strong><em>Ady Endre Reform\u00e1tus \u00c1ltal\u00e1nos Iskola Tan\u00e9vnyit\u00f3 Istentisztelete<\/em><\/strong><\/p> <p><strong>\u00a0<\/strong><\/p> <p>\u00d6r\u00fcl\u00fcnk, hogy az Ady Endre \u00c1ltal\u00e1nos Iskol\u00e1ba, imm\u00e1r az els\u0151 oszt\u00e1lyba felvett gyermekek t\u00f6bbs\u00e9ge kor\u00e1bban a Sz\u0151l\u0151skert Reform\u00e1tus \u00d3vod\u00e1ba j\u00e1rt, vagy Egyh\u00e1zk\u00f6zs\u00e9g\u00fcnkben lett megkeresztelve, vagy ide j\u00e1r\u00f3 csal\u00e1d gyermeke. \u00d6r\u00fcl\u00fcnk, hogy vannak olyan els\u0151seink is, akiknek a nagyobb testv\u00e9rei ebbe az iskol\u00e1ba j\u00e1rnak m\u00e1r. J\u00f3 l\u00e1tni, ahogyan form\u00e1l\u00f3dik ez a k\u00f6z\u00f6ss\u00e9g. H\u00e1l\u00e1sak vagyunk az\u00e9rt, hogy Kur\u00e1tor \u00far vezet\u00e9s\u00e9vel az els\u0151s\u00f6k \u00e9s az \u00f6t\u00f6dikesek is sz\u00e9pen fel\u00faj\u00edtott termekben kezdhett\u00e9k a tan\u00e9vet. K\u00f6sz\u00f6nj\u00fck, hogy az els\u0151 oszt\u00e1lyosok m\u00e1r augusztusban a tan\u00edt\u00f3k \u00e1ltal otthonoss\u00e1 tett terembe \u00e9rkezhettek meg. J\u00f3 volt l\u00e1tni, hogy amit Igazgat\u00f3 asszony szokott mondani, az els\u0151s\u00f6k m\u00e9g igaz\u00e1b\u00f3l \u00f3vod\u00e1sok, \u00e9s \u00edgy j\u00e1tszottak boldogan a sz\u00e1mukra elk\u00e9sz\u00edtett r\u00e9sz\u00e9n a tan\u00f3r\u00e1k el\u0151tt az oszt\u00e1lyterm\u00fckben az ott lev\u0151 j\u00e1t\u00e9kokkal!<\/p> <p>H\u00e1l\u00e1sak vagyunk, hogy mindaz, amit \u00f3vod\u00e1nk alap\u00edt\u00e1sakor tervezt\u00fcnk val\u00f3s\u00e1gg\u00e1 lesz, \u00e9s sok csal\u00e1dot el\u00e9r\u00fcnk, imm\u00e1r az iskola \u00e1ltal \u00e9s \u00edgy megval\u00f3sul a tervezett misszi\u00f3nk! Soli Deo gloria \u2013 Egyed\u00fcl Isten\u00e9 a dics\u00e9ret!<\/p> <p><strong>Lectio:<\/strong> J\u00e1nos: 15, 1-8; Zsolt\u00e1rok: 5, 1-13<\/p> <p><strong>\u00a0<\/strong><\/p> <p><strong>Textus: <\/strong>Zsolt\u00e1rok: 5, 8<\/p> <p><strong>\u00a0<\/strong><\/p> <p><strong>Heidelbergi K\u00e1t\u00e9:<\/strong> XXXVII. \u00darnapja<\/p> <p><strong>\u00c9nekek:<\/strong> \u00a0\u00a0\u00a0\u00a0\u00a0\u00a0\u00a0\u00a0\u00a0\u00a0\u00a0\u00a0\u00a0\u00a0\u00a0\u00a0\u00a0\u00a0\u00a0 \u00a0\u00a090: 1<\/p> <p>356: 1<\/p> <p>Orgonaj\u00e1t\u00e9k<\/p> <p>Esk\u00fc, Biblia \u00e1tad\u00e1s<\/p> <p>134: 3<\/p> <p>5: 1<\/p> <p>Im\u00e1ds\u00e1g, Hirdet\u00e9sek<\/p> <p>90:\u00a0 9<\/p> <p>Himnusz<\/p> <p>Igehirdet\u0151: Harkai Ferenc<\/p> ","protected":false},"excerpt":{"rendered":"<p>\u00a0 Aki szeretn\u00e9 a Hirdet\u00e9seket emailben is megkapni k\u00e9rj\u00fck, jelezze szem\u00e9lyesen a Lelk\u00e9szi hivatalban. \u00a0 Hittan tan\u00e9vnyit\u00f3: Egyh\u00e1zk\u00f6zs\u00e9g\u00fcnkben 6 m\u00f3don kezd\u0151dik el a hittan\u00e9v: \u00e1llami iskol\u00e1kban, m\u00e1s felekezet \u00e1ltal\u00e1nos iskol\u00e1j\u00e1ban, \u00f6nkorm\u00e1nyzati \u00f3vod\u00e1kban \u00e9s a saj\u00e1t \u00f3vod\u00e1nkban \u00e9s iskol\u00e1nkban \u00e9s esetleg a gy\u00fclekezeti hittan\u00f3r\u00e1kon. Ebben a tan\u00e9vben Egyh\u00e1zk\u00f6zs\u00e9g\u00fcnk ter\u00fclet\u00e9n lev\u0151 6 \u00e1llami (Bolyai, E\u00f6tv\u00f6s, G\u00e1bor, M\u00f3ra,&hellip;<\/p>\n","protected":false},"author":15,"featured_media":0,"comment_status":"closed","ping_status":"closed","sticky":false,"template":"","format":"standard","meta":[],"categories":[17],"tags":[],"acf":[],"_links":{"self":[{"href":"https:\/\/kkre.hu\/wpm\/wp-json\/wp\/v2\/posts\/17129"}],"collection":[{"href":"https:\/\/kkre.hu\/wpm\/wp-json\/wp\/v2\/posts"}],"about":[{"href":"https:\/\/kkre.hu\/wpm\/wp-json\/wp\/v2\/types\/post"}],"author":[{"embeddable":true,"href":"https:\/\/kkre.hu\/wpm\/wp-json\/wp\/v2\/users\/15"}],"replies":[{"embeddable":true,"href":"https:\/\/kkre.hu\/wpm\/wp-json\/wp\/v2\/comments?post=17129"}],"version-history":[{"count":2,"href":"https:\/\/kkre.hu\/wpm\/wp-json\/wp\/v2\/posts\/17129\/revisions"}],"predecessor-version":[{"id":17131,"href":"https:\/\/kkre.hu\/wpm\/wp-json\/wp\/v2\/posts\/17129\/revisions\/17131"}],"wp:attachment":[{"href":"https:\/\/kkre.hu\/wpm\/wp-json\/wp\/v2\/media?parent=17129"}],"wp:term":[{"taxonomy":"category","embeddable":true,"href":"https:\/\/kkre.hu\/wpm\/wp-json\/wp\/v2\/categories?post=17129"},{"taxonomy":"post_tag","embeddable":true,"href":"https:\/\/kkre.hu\/wpm\/wp-json\/wp\/v2\/tags?post=17129"}],"curies":[{"name":"wp","href":"https:\/\/api.w.org\/{rel}","templated":true}]}}