{"id":17137,"date":"2021-09-19T20:21:34","date_gmt":"2021-09-19T18:21:34","guid":{"rendered":"https:\/\/kkre.hu\/wpm\/?p=17137"},"modified":"2021-09-19T20:22:05","modified_gmt":"2021-09-19T18:22:05","slug":"hirdetesek-2021-szeptember-19","status":"publish","type":"post","link":"https:\/\/kkre.hu\/wpm\/blog\/2021\/09\/19\/hirdetesek-2021-szeptember-19\/","title":{"rendered":"Hirdet\u00e9sek, 2021. szeptember 19."},"content":{"rendered":"<p><strong>Aki szeretn\u00e9 a Hirdet\u00e9seket emailben is megkapni k\u00e9rj\u00fck, jelezze szem\u00e9lyesen a Lelk\u00e9szi hivatalban.<\/strong><\/p> <p><strong>\u00a0<\/strong><\/p> <p>Ezen az Istentiszteleten f\u0151tisztelet\u0171 Szenn P\u00e9ter, z\u00e1gr\u00e1bi lelkip\u00e1sztor, a Horv\u00e1torsz\u00e1gi Reform\u00e1tus Kereszty\u00e9n K\u00e1lvini Egyh\u00e1z p\u00fcsp\u00f6ke szolg\u00e1lt k\u00f6z\u00f6tt\u00fcnk Isten \u00e1ld\u00e1s\u00e1t k\u00e9rj\u00fck \u00e9let\u00e9re, csal\u00e1dj\u00e1ra \u00e9s szolg\u00e1lat\u00e1ra.<\/p> <p>K\u00f6sz\u00f6ntj\u00fck T\u00f3th \u00c1d\u00e1m exmisszus urat is, aki p\u00fcsp\u00f6k \u00farral egy\u00fctt \u00e9rkezett.<\/p> <p><strong>\u00a0<\/strong><\/p> <p><strong>Alkalmak: <\/strong><\/p> <p>&#8211; Ma <strong>18 \u00f3ra<\/strong>kor is lesz <strong>Istentisztelet<\/strong> itt a templomban, ami egyben az \u00e1ltalunk fenntartott Sz\u0151l\u0151skert Reform\u00e1tus \u00d3voda \u00e9vkezd\u0151 Istentisztelete is lesz, ami ut\u00e1n szeretetvend\u00e9gs\u00e9get is tartunk (online k\u00f6zvet\u00edtve: <a href=\"https:\/\/kkre.hu\/wpm\/\">https:\/\/kkre.hu\/wpm\/<\/a>)<\/p> <p>&#8211; Szerd\u00e1n 18 \u00f3rakor tartunk <strong>Istentiszteletet<\/strong> itt a templomban<\/p> <p>&#8211; J\u00f6v\u0151 <strong>vas\u00e1rnap<\/strong> <strong>10 \u00f3ra<\/strong>kor <strong>Istentiszteletet<\/strong> tartunk a Templomban<strong>, <\/strong>az igehirdet\u00e9s el\u0151tt a gyermekek kimehetnek a gy\u00fclekezeti h\u00e1zba <strong>Gyermekistentiszteletre. <\/strong>Rem\u00e9nys\u00e9g\u00fcnk szerint a <strong>kereszts\u00e9g <\/strong>s\u00e1kramentum\u00e1t is ki fogjuk szolg\u00e1lni P\u00e1lla Ren\u00e1t\u00f3 \u00e9s feles\u00e9ge Szilv\u00e1si \u00c9va els\u0151 gyermek\u00e9nek Lili Zo\u00e9nak. Hordozzuk im\u00e1ds\u00e1gban a keresztel\u0151re k\u00e9sz\u00fcl\u0151 csal\u00e1dot. (online k\u00f6zvet\u00edtve: <a href=\"https:\/\/kkre.hu\/wpm\/\">https:\/\/kkre.hu\/wpm\/<\/a>)<\/p> <p>&#8211; J\u00f6v\u0151 vas\u00e1rnap <strong>18 \u00f3ra<\/strong>kor <strong>Orgonazen\u00e9s Istentisztelet<\/strong> lesz itt a templomban, amelyen <strong>Balogh L\u00e1z\u00e1r orgonam\u0171v\u00e9sz<\/strong>, a Nagyv\u00e1rad t\u00e9ri Reform\u00e1tus Egyh\u00e1zk\u00f6zs\u00e9g orgonam\u0171v\u00e9sz-k\u00e1ntora fog j\u00e1tszani az orgon\u00e1n J. S. Bach \u00e9s W. A. Mozart m\u0171veit (online k\u00f6zvet\u00edtve: <a href=\"https:\/\/kkre.hu\/wpm\/\">https:\/\/kkre.hu\/wpm\/<\/a>)<\/p> <p><strong>\u00a0<\/strong><\/p> <p><strong>Temet\u00e9s:<\/strong><\/p> <p>&#8211; Az elm\u00falt h\u00e9ten, szeptember 17-\u00e9n, p\u00e9nteken d\u00e9lel\u0151tt a Kispesti temet\u0151ben b\u00facs\u00faztunk Gyulai K\u00e1rolyn\u00e9, sz\u00fcletett R\u00e1bai Emm\u00e1t\u00f3l, aki 81 \u00e9ves kor\u00e1ban, szeptember 6-\u00e1n hunyt el. A felt\u00e1mad\u00e1s ig\u00e9it a Galata: 3, 5 alapj\u00e1n hirdett\u00fck: \u201eTeh\u00e1t, az aki a Le1ket adja nektek, \u00e9s hatalmas er\u0151kkel munk\u00e1lkodik k\u00f6z\u00f6ttetek, vajon a t\u00f6rv\u00e9ny cselekedetei vagy a hit ig\u00e9j\u00e9nek hall\u00e1sa \u00e1ltal teszi-e ezt?\u201d Isten vigasztal\u00e1s\u00e1t k\u00e9rj\u00fck fi\u00e1nak, meny\u00e9nek \u00e9s szeretteinek A Boldog Felt\u00e1mad\u00e1s Rem\u00e9nys\u00e9ge Alatt.<\/p> <p><strong>\u00a0<\/strong><\/p> <p><strong>Esk\u00fcv\u0151:<\/strong><\/p> <p>&#8211; Harmadik alkalommal hirdetj\u00fck, hogy M\u00e1trah\u00e1zi P\u00e9ter Emil \u00e9s Szil\u00e1gyi Ildik\u00f3 Gy\u00f6rgyi reform\u00e1tus informatikus leg\u00e9ny fia Csaba P\u00e9ter eljegyezte Bodor Ferenc \u00e9s F\u00fcl\u00f6p Margit, r\u00f3mai katolikus hajadon, ment\u0151\u00e1pol\u00f3 le\u00e1ny\u00e1t, Barbar\u00e1t. H\u00e1zass\u00e1gukra Isten \u00e1ld\u00e1s\u00e1t szeretn\u00e9k k\u00e9rni szeptember 26-\u00e1n, 16 \u00f3rakor, R\u00e1ckev\u00e9n. Hordozzuk im\u00e1ds\u00e1gban az esk\u00fcv\u0151re k\u00e9sz\u00fcl\u0151 jegyesp\u00e1rt.<\/p> <p><strong>\u00a0<\/strong><\/p> <p><strong>Konfirm\u00e1ci\u00f3:<\/strong><\/p> <p>&#8211; Akiknek m\u00e1r tavaly tavasszal elmaradt a konfirm\u00e1ci\u00f3juk, az Istentisztelet ut\u00e1n tartunk vas\u00e1rnaponta konfirm\u00e1ci\u00f3 felk\u00e9sz\u00edt\u00e9st.<\/p> <p>&#8211; Akiknek id\u00e9n tavasszal lett volna eredetileg a konfirm\u00e1ci\u00f3juk, nekik <strong>, cs\u00fct\u00f6rt\u00f6k\u00f6n, 16 \u00f3ra 30 perckor<\/strong> lesz \u00f3r\u00e1juk, szeptember 30-t\u00f3l<\/p> <p>&#8211; Szeretettel v\u00e1rjuk azokat a legal\u00e1bb 8. oszt\u00e1lyos ifjakat is konfirm\u00e1ci\u00f3 el\u0151k\u00e9sz\u00edt\u0151re, akik m\u00e9g nem kezdt\u00e9k meg a legal\u00e1bb k\u00e9t \u00e9ves felk\u00e9sz\u00fcl\u00e9st a konfirm\u00e1ci\u00f3i fogadalomt\u00e9telre. Az \u0151 \u00f3r\u00e1ik szeptember 29-\u00e9n kezd\u0151dnek \u00e9s szerd\u00e1nk\u00e9nt 16 \u00f3rakor lesznek<\/p> <p><strong>\u00a0<\/strong><\/p> <p><strong>Feln\u0151tt konfirm\u00e1ci\u00f3:<\/strong><\/p> <p>&#8211; T\u00f6bben vannak a vas\u00e1rnapi igehallgat\u00f3 gy\u00fclekezetben olyan feln\u0151ttek, akiknek az \u00e9let\u00e9ben eddig nem t\u00f6rt\u00e9nt meg a kereszts\u00e9g, vagy m\u00e9g nem tettek konfirm\u00e1ci\u00f3i fogadalmat \u00e9s \u00edgy nem lehetnek az \u00farvacsorai k\u00f6z\u00f6ss\u00e9g tagjai, \u00e9s nem szerepelhetnek a V\u00e1laszt\u00f3i n\u00e9vjegyz\u00e9kben sem. \u0150ket h\u00edvjuk \u00e9s v\u00e1rjuk, hogy a konfirm\u00e1ci\u00f3s tanfolyamra jelentkezzenek. A besz\u00e9lget\u00e9sek <strong>cs\u00fct\u00f6rt\u00f6k\u00f6n 18 \u00f3ra<\/strong>kor lesznek, az els\u0151 alkalmat szeptember 30-\u00e1n fogjuk tartani. K\u00e9rem az \u00e9rdekl\u0151d\u0151k jelentkezzenek a Lelk\u00e9szi hivatalban.<\/p> <p><strong>\u00a0<\/strong><\/p> <p><strong>\u00c9nekkar:<\/strong><\/p> <p>&#8211; A ny\u00e1ri sz\u00fcnet ut\u00e1n szeptember utols\u00f3 h\u00e9tf\u0151j\u00e9n, szeptember 27-\u00e9n 18 \u00f3rakor lesz az \u00e9nekkar els\u0151 alkalma. Szeretettel. v\u00e1rjuk azokat is, akik eddig is tagjai voltak ennek a k\u00f6z\u00f6ss\u00e9gnek \u00e9s h\u00edvjuk azokat a testv\u00e9reket is, akik eddig nem voltak ilyen alkalmon.<\/p> <p><strong>\u00a0<\/strong><\/p> <p><strong>H\u00e1laad\u00f3 Istentisztelet:<\/strong><\/p> <p>&#8211; Szeptember 26-\u00e1n, j\u00f6v\u0151 vas\u00e1rnap 15 \u00f3rakor lesz Pesterzs\u00e9beten a M\u00e1ty\u00e1s kir\u00e1ly t\u00e9ren a Pesterzs\u00e9bet-Szab\u00f3-telepi Reform\u00e1tus Egyh\u00e1zk\u00f6zs\u00e9g \u00fcnnepe, amelyen az \u00faj reform\u00e1tus templom\u00e9rt fognak h\u00e1l\u00e1t adni.<\/p> <p><strong>\u00a0<\/strong><\/p> <p><strong>Beiktat\u00e1s:<\/strong><\/p> <p>&#8211; Okt\u00f3ber 3-\u00e1n, vas\u00e1rnap 15 \u00f3rakor lesz a Budapest-Pestszentimrei Reform\u00e1tus Egyh\u00e1zk\u00f6zs\u00e9gben, \u00c9des \u00c1rp\u00e1d Tam\u00e1s lelkip\u00e1sztor \u00far beiktat\u00e1sa.<\/p> <p><strong>\u00a0<\/strong><\/p> <p><strong>Templomtakar\u00edt\u00e1s:<\/strong><\/p> <p>&#8211; Ezen a h\u00e9ten \u00fajra szeretettel v\u00e1rjuk a testv\u00e9reket, <strong>p\u00e9nteken<\/strong> 17 \u00f3r\u00e1t\u00f3l, hogy kitakar\u00edtsuk a templomot. K\u00f6sz\u00f6nj\u00fck azoknak, akik el nem m\u00fal\u00f3 szeretettel j\u00f6nnek h\u00e9tr\u0151l-h\u00e9tre takar\u00edtani, hogy templomunkban mindig tisztas\u00e1g \u00e9s rend lehessen alkalmainkra.<\/p> <p><strong>Orgona Cd:<\/strong><\/p> <p>&#8211; \u00d6r\u00f6mmel jelentem a gy\u00fclekezetnek, hogy Szotyori Nagy G\u00e1bor orgonam\u0171v\u00e9sz\u00fcnknek megjelent az \u00d6n\u00e1ll\u00f3 \u201eCD-je\u201d, Felix Mendelssohn orgona m\u0171veib\u0151l. A CD-k az iratterjeszt\u00e9sben megv\u00e1s\u00e1rolhat\u00f3k \u00e9s az \u00e1rukb\u00f3l befolyt \u00f6sszeget m\u0171v\u00e9sz \u00far az orgona tiszt\u00edt\u00e1s\u00e1ra, sz\u00fcks\u00e9ges karbantart\u00e1s\u00e1ra aj\u00e1nlotta fel.<\/p> <p><strong>Lectio:<\/strong> Galata: 3, 19-29<\/p> <p><strong>Textus:<\/strong> Galata: 3, 26<\/p> <p><strong>\u00c9nekek: \u00a0\u00a0\u00a0\u00a0\u00a0\u00a0\u00a0 <\/strong>141: 1<\/p> <p>329: 2<\/p> <p>Ker.: Somogyi Amira: Zsolt\u00e1rok: 140: 7<\/p> <p>Sz\u00fcl\u0151k: Somogyi G\u00e1bor \u00e9s Kr\u00e1nyik \u00c1gnes<\/p> <p>134: 3<\/p> <p>Heidelbergi K\u00e1t\u00e9: XXXVIII. \u00darnapja<\/p> <p>396: 1-3<\/p> <p>1: 1-2<\/p> <p>398: 1-5<\/p> <p>Igehirdet\u0151: Szenn P\u00e9ter (Horv\u00e1torsz\u00e1gi Reform\u00e1tus Kereszty\u00e9n K\u00e1lvini Egyh\u00e1z p\u00fcsp\u00f6ke)<\/p> <p><strong>\u00a0<\/strong><\/p> <p><strong>\u00a0<\/strong><\/p> <p><strong><em>D\u00e9lut\u00e1n:<\/em><\/strong><\/p> <p><strong><em>Sz\u0151l\u0151skert Reform\u00e1tus \u00d3voda nevel\u00e9si \u00e9vnyit\u00f3 Istentisztelete<\/em><\/strong><\/p> <p><strong>\u00a0<\/strong><\/p> <p>H\u00e1laad\u00e1ssal kezdj\u00fck imm\u00e1r a 8. nevel\u00e9si \u00e9vet a Sz\u0151l\u0151skert Reform\u00e1tus \u00d3vod\u00e1ban. K\u00f6sz\u00f6nj\u00fck, hogy J\u00f3zsa J\u00f3zsef kur\u00e1tor \u00far vezet\u00e9s\u00e9vel id\u00e9n ny\u00e1ron is a sz\u00fcks\u00e9ges karbantart\u00e1sokat el tudtuk v\u00e9gezni \u00e9s \u00edgy v\u00e1ltozatlanul rendezett k\u00f6r\u00fclm\u00e9nyek k\u00f6z\u00f6tt nevelhetj\u00fck a r\u00e1nk b\u00edzott gyermekeket.<\/p> <p>Komoly anyagi t\u00e1mogat\u00e1st kaptunk, ami lehet\u0151v\u00e9 teszi, hogy r\u00e9gi sz\u00fcks\u00e9g\u00fcnk megold\u00f3djon \u00e9s az \u00f3voda egy \u00f6n\u00e1ll\u00f3 \u00e9p\u00fcletben legyen elhelyezve. A Dunamell\u00e9ki Reform\u00e1tus Egyh\u00e1zker\u00fclet, a Magyarorsz\u00e1g korm\u00e1nya, \u00e9s az \u00d6nkorm\u00e1nyzat r\u00e9sz\u00e9r\u0151l egyenl\u0151re t\u00e1mogat\u00e1sban van r\u00e9sz\u00fcnk, b\u00edzunk benne, hogy a Tanker\u00fclet is egy\u00fctt fog m\u0171k\u00f6dni \u00e9s akkor Kispesten egy komoly k\u00f6znevel\u00e9si fejleszt\u00e9s val\u00f3sulhat meg, aminek eredm\u00e9nyek\u00e9nt nek\u00fcnk is lesz egy sz\u00e9p \u00f3voda\u00e9p\u00fclet\u00fcnk a m\u00e1r eddig is haszn\u00e1lt udvar mellett.<\/p> <p>\u00d3vod\u00e1nkban jelenleg a mostani \u00e9p\u00fclet biztos\u00edtotta lehet\u0151s\u00e9gek k\u00f6z\u00f6tt 70 kisgyermek nevel\u00e9s\u00e9t tudjuk biztos\u00edtani 7 \u00f3vodapedag\u00f3gus, egy pedag\u00f3giai asszisztens \u00e9s 5 nevel\u0151-oktat\u00f3 munk\u00e1t k\u00f6zvetlen\u00fcl seg\u00edt\u0151 f\u0151\u00e1ll\u00e1s\u00fa munkat\u00e1rssal, tov\u00e1bb\u00e1 egy megb\u00edzott logop\u00e9dus \u00e9s mozg\u00e1sfejleszt\u0151 munkat\u00e1rssal.<\/p> <p>H\u00e1l\u00e1sak vagyunk, hogy mindaz, amit \u00f3vod\u00e1nk alap\u00edt\u00e1sakor tervezt\u00fcnk val\u00f3s\u00e1gg\u00e1 lesz, \u00e9s sok kor\u00e1bbi Sz\u0151l\u0151skertes gyermek imm\u00e1r az Ady Endre Reform\u00e1tus \u00c1ltal\u00e1nos Iskola di\u00e1kja, \u00e9s \u00edgy megval\u00f3sul a tervezett misszi\u00f3nk! Soli Deo gloria \u2013 Egyed\u00fcl Isten\u00e9 a dics\u0151s\u00e9g!<\/p> <p><strong>\u00a0<\/strong><\/p> <p><strong>Lectio:<\/strong> J\u00e1nos: 15, 1-8; Zsolt\u00e1rok: 5, 1-13<\/p> <p><strong>\u00a0<\/strong><\/p> <p><strong>Textus: <\/strong>Zsolt\u00e1rok: 5, 8<\/p> <p><strong>\u00a0<\/strong><\/p> <p><strong>Heidelbergi K\u00e1t\u00e9:<\/strong> XXXVIII. \u00darnapja<\/p> <p><strong>\u00c9nekek:<\/strong> \u00a0\u00a0\u00a0\u00a0\u00a0\u00a0\u00a0\u00a0\u00a0\u00a0\u00a0\u00a0\u00a0\u00a0\u00a0\u00a0\u00a0\u00a0\u00a0 356: 1<\/p> <p>5: 1<\/p> <p>165: 1<\/p> <p>90: 1, 9<\/p> <p>Himnusz<\/p> <p>Igehirdet\u0151: Harkai Ferenc<\/p> ","protected":false},"excerpt":{"rendered":"<p>Aki szeretn\u00e9 a Hirdet\u00e9seket emailben is megkapni k\u00e9rj\u00fck, jelezze szem\u00e9lyesen a Lelk\u00e9szi hivatalban. \u00a0 Ezen az Istentiszteleten f\u0151tisztelet\u0171 Szenn P\u00e9ter, z\u00e1gr\u00e1bi lelkip\u00e1sztor, a Horv\u00e1torsz\u00e1gi Reform\u00e1tus Kereszty\u00e9n K\u00e1lvini Egyh\u00e1z p\u00fcsp\u00f6ke szolg\u00e1lt k\u00f6z\u00f6tt\u00fcnk Isten \u00e1ld\u00e1s\u00e1t k\u00e9rj\u00fck \u00e9let\u00e9re, csal\u00e1dj\u00e1ra \u00e9s szolg\u00e1lat\u00e1ra. K\u00f6sz\u00f6ntj\u00fck T\u00f3th \u00c1d\u00e1m exmisszus urat is, aki p\u00fcsp\u00f6k \u00farral egy\u00fctt \u00e9rkezett. \u00a0 Alkalmak: &#8211; Ma 18 \u00f3rakor&hellip;<\/p>\n","protected":false},"author":15,"featured_media":0,"comment_status":"closed","ping_status":"closed","sticky":false,"template":"","format":"standard","meta":[],"categories":[17],"tags":[],"acf":[],"_links":{"self":[{"href":"https:\/\/kkre.hu\/wpm\/wp-json\/wp\/v2\/posts\/17137"}],"collection":[{"href":"https:\/\/kkre.hu\/wpm\/wp-json\/wp\/v2\/posts"}],"about":[{"href":"https:\/\/kkre.hu\/wpm\/wp-json\/wp\/v2\/types\/post"}],"author":[{"embeddable":true,"href":"https:\/\/kkre.hu\/wpm\/wp-json\/wp\/v2\/users\/15"}],"replies":[{"embeddable":true,"href":"https:\/\/kkre.hu\/wpm\/wp-json\/wp\/v2\/comments?post=17137"}],"version-history":[{"count":2,"href":"https:\/\/kkre.hu\/wpm\/wp-json\/wp\/v2\/posts\/17137\/revisions"}],"predecessor-version":[{"id":17139,"href":"https:\/\/kkre.hu\/wpm\/wp-json\/wp\/v2\/posts\/17137\/revisions\/17139"}],"wp:attachment":[{"href":"https:\/\/kkre.hu\/wpm\/wp-json\/wp\/v2\/media?parent=17137"}],"wp:term":[{"taxonomy":"category","embeddable":true,"href":"https:\/\/kkre.hu\/wpm\/wp-json\/wp\/v2\/categories?post=17137"},{"taxonomy":"post_tag","embeddable":true,"href":"https:\/\/kkre.hu\/wpm\/wp-json\/wp\/v2\/tags?post=17137"}],"curies":[{"name":"wp","href":"https:\/\/api.w.org\/{rel}","templated":true}]}}