{"id":17157,"date":"2021-09-26T20:24:25","date_gmt":"2021-09-26T18:24:25","guid":{"rendered":"https:\/\/kkre.hu\/wpm\/?p=17157"},"modified":"2021-09-26T20:25:31","modified_gmt":"2021-09-26T18:25:31","slug":"hirdetesek-2021-szeptember-26","status":"publish","type":"post","link":"https:\/\/kkre.hu\/wpm\/blog\/2021\/09\/26\/hirdetesek-2021-szeptember-26\/","title":{"rendered":"Hirdet\u00e9sek, 2021. szeptember 26."},"content":{"rendered":"<p><strong>Aki szeretn\u00e9 a Hirdet\u00e9seket emailben is megkapni k\u00e9rj\u00fck, jelezze szem\u00e9lyesen a Lelk\u00e9szi hivatalban.<\/strong><\/p> <p><strong>\u00a0<\/strong><\/p> <p><strong>Alkalmak: <\/strong><\/p> <p>&#8211; Ma <strong>18 \u00f3ra<\/strong>kor <strong>Orgonazen\u00e9s Istentisztelet<\/strong> lesz itt a templomban, amelyen <strong>Balogh L\u00e1z\u00e1r orgonam\u0171v\u00e9sz<\/strong>, a Nagyv\u00e1rad t\u00e9ri Reform\u00e1tus Egyh\u00e1zk\u00f6zs\u00e9g orgonam\u0171v\u00e9sz-k\u00e1ntora fog j\u00e1tszani az orgon\u00e1n J. S. Bach \u00e9s W. A. Mozart m\u0171veit (online k\u00f6zvet\u00edtve: <a href=\"https:\/\/kkre.hu\/wpm\/\">https:\/\/kkre.hu\/wpm\/<\/a>))<\/p> <p>&#8211; Szerd\u00e1n 18 \u00f3rakor tartunk <strong>Istentiszteletet<\/strong> itt a templomban<\/p> <p>&#8211; Cs\u00fct\u00f6rt\u00f6k\u00f6n 19 \u00f3rakor <strong>Biblia\u00f3r\u00e1t<\/strong> fogunk tartani az alagsori gy\u00fclekezeti teremben<\/p> <p>&#8211; J\u00f6v\u0151 <strong>vas\u00e1rnap<\/strong> <strong>10 \u00f3ra<\/strong>kor <strong>Istentiszteletet<\/strong> tartunk a Templomban<strong>, <\/strong>az igehirdet\u00e9s el\u0151tt a gyermekek kimehetnek a gy\u00fclekezeti h\u00e1zba <strong>Gyermekistentiszteletre. <\/strong>(online k\u00f6zvet\u00edtve: <a href=\"https:\/\/kkre.hu\/wpm\/\">https:\/\/kkre.hu\/wpm\/<\/a>)<\/p> <p>&#8211; J\u00f6v\u0151 vas\u00e1rnap <strong>18 \u00f3ra<\/strong>kor is lesz <strong>Istentisztelet<\/strong> itt a templomban (online k\u00f6zvet\u00edtve: <a href=\"https:\/\/kkre.hu\/wpm\/\">https:\/\/kkre.hu\/wpm\/<\/a>)<\/p> <p>&#8211; Okt\u00f3ber 5-\u00e9n, kedden 18 \u00f3rakor <strong>Presbiteri biblia\u00f3r\u00e1t tartunk<\/strong> az alagsori gy\u00fclekezeti teremben<\/p> <p><strong>\u00a0<\/strong><\/p> <p><strong>K\u00f6sz\u00f6nt\u00e9s: <\/strong><\/p> <p>&#8211; F\u00f3ris K\u00e1lm\u00e1n egyh\u00e1zk\u00f6zs\u00e9g\u00fcnk kor\u00e1bbi kur\u00e1tora, az elm\u00falt h\u00e9ten lett 97 \u00e9ves, szeretettel k\u00f6sz\u00f6nti a gy\u00fclekezetet<\/p> <p><strong>\u00a0<\/strong><\/p> <p><strong>Temet\u00e9s:<\/strong><\/p> <p>&#8211; Az elm\u00falt h\u00e9ten, szeptember 22-\u00e9n, szerd\u00e1n d\u00e9lel\u0151tt a Kispesti temet\u0151ben temett\u00fck Vajda K\u00e1rolyt, aki 83 \u00e9ves kor\u00e1ban, szeptember 12-\u00e9n hunyt el. A felt\u00e1mad\u00e1s ig\u00e9it a Zsolt\u00e1rok k\u00f6nyve: 71, 19-21 alapj\u00e1n hirdett\u00fck: \u201eIstenem, igazs\u00e1god a magas \u00e9gig \u00e9r, mert hatalmas dolgokat vitt\u00e9l v\u00e9ghez. Van-e hozz\u00e1d hasonl\u00f3, Istenem? <sup><a href=\"https:\/\/abibliamindenkie.hu\/uj\/PSA\/71#20\">20<\/a><\/sup>Sok nyomor\u00fas\u00e1got \u00e9s bajt l\u00e1ttatt\u00e1l velem, de \u00fajra megeleven\u00edtesz, m\u00e9g a f\u00f6ld m\u00e9ly\u00e9b\u0151l is \u00fajra f\u00f6lhozol engem. <sup><a href=\"https:\/\/abibliamindenkie.hu\/uj\/PSA\/71#21\">21<\/a><\/sup>Igen naggy\u00e1 teszel, hozz\u00e1m fordulsz, \u00e9s megvigasztalsz.\u201d Isten vigasztal\u00e1s\u00e1t k\u00e9rj\u00fck testv\u00e9reinek, csal\u00e1dj\u00e1nak \u00e9s szeretteinek A Boldog Felt\u00e1mad\u00e1s Rem\u00e9nys\u00e9ge Alatt.<\/p> <p><strong>\u00a0<\/strong><\/p> <p><strong>Konfirm\u00e1ci\u00f3:<\/strong><\/p> <p>&#8211; Akiknek tavaly tavasszal elmaradt a konfirm\u00e1ci\u00f3juk, vas\u00e1rnaponta a d\u00e9lel\u0151tti az Istentisztelet ut\u00e1n tartunk konfirm\u00e1ci\u00f3 felk\u00e9sz\u00edt\u00e9st.<\/p> <p>&#8211; Akiknek id\u00e9n tavasszal lett volna eredetileg a konfirm\u00e1ci\u00f3juk, <strong>cs\u00fct\u00f6rt\u00f6k\u00f6n, 16 \u00f3ra 30 perckor<\/strong> lesz \u00f3r\u00e1juk<\/p> <p>&#8211; Szeretettel v\u00e1rjuk azokat a legal\u00e1bb 8. oszt\u00e1lyos ifjakat is konfirm\u00e1ci\u00f3 el\u0151k\u00e9sz\u00edt\u0151re, akik m\u00e9g nem kezdt\u00e9k meg a legal\u00e1bb k\u00e9t \u00e9ves felk\u00e9sz\u00fcl\u00e9st a konfirm\u00e1ci\u00f3i fogadalomt\u00e9telre. Az \u0151 \u00f3r\u00e1juk szerd\u00e1n 16 \u00f3rakor lesz.<\/p> <p><strong>\u00a0<\/strong><\/p> <p><strong>Feln\u0151tt konfirm\u00e1ci\u00f3:<\/strong><\/p> <p>&#8211; T\u00f6bben vannak a vas\u00e1rnapi igehallgat\u00f3 gy\u00fclekezetben olyan feln\u0151ttek, akiknek az \u00e9let\u00e9ben eddig nem t\u00f6rt\u00e9nt meg a kereszts\u00e9g, vagy m\u00e9g nem tettek konfirm\u00e1ci\u00f3i fogadalmat \u00e9s \u00edgy nem lehetnek az \u00farvacsorai k\u00f6z\u00f6ss\u00e9g tagjai, \u00e9s nem szerepelhetnek a V\u00e1laszt\u00f3i n\u00e9vjegyz\u00e9kben sem. \u0150ket h\u00edvjuk \u00e9s v\u00e1rjuk, hogy a konfirm\u00e1ci\u00f3s tanfolyamra jelentkezzenek. A besz\u00e9lget\u00e9sek <strong>cs\u00fct\u00f6rt\u00f6k\u00f6n 18 \u00f3ra<\/strong>kor lesznek, az els\u0151 alkalmat, ezen a h\u00e9ten, szeptember 30-\u00e1n fogjuk tartani. K\u00e9rem az \u00e9rdekl\u0151d\u0151k jelentkezzenek a Lelk\u00e9szi hivatalban.<\/p> <p><strong>\u00a0<\/strong><\/p> <p><strong>\u00c9nekkar:<\/strong><\/p> <p>&#8211; A ny\u00e1ri sz\u00fcnet ut\u00e1n holnap, szeptember utols\u00f3 h\u00e9tf\u0151j\u00e9n, 18 \u00f3rakor lesz az \u00e9nekkar els\u0151 alkalma. Szeretettel. v\u00e1rjuk azokat is, akik eddig is tagjai voltak ennek a k\u00f6z\u00f6ss\u00e9gnek \u00e9s h\u00edvjuk azokat a testv\u00e9reket is, akik eddig nem voltak ilyen alkalmon.<\/p> <p><strong>\u00a0<\/strong><\/p> <p><strong>Presbiteri tov\u00e1bbk\u00e9pz\u00e9s:<\/strong><\/p> <p>&#8211; Szeretettel h\u00edvunk minden \u00e9rdekl\u0151d\u0151t a k\u00f6vetkez\u0151 presbiteri alkalomra 2021. okt\u00f3ber 2-\u00e1n, szombaton 10 \u00f3r\u00e1ra a Budapest-Nagyt\u00e9t\u00e9ny Reform\u00e1tus Egyh\u00e1zk\u00f6zs\u00e9gbe (1225 Budapest, Angeli utca 13.) (el\u00e9rhet\u0151s\u00e9g: <a href=\"https:\/\/refnagyteteny.eoldal.hu\/\">https:\/\/refnagyteteny.eoldal.hu\/<\/a>). A csendes d\u00e9lel\u0151tt a 2020. \u00e9vi presbiteri programunk harmadik alkalma lett volna, \u00edgy ez az els\u0151 2021-ben.<\/p> <p>Az el\u0151ad\u00e1st \u00e9s az \u00e1h\u00edtatot Kov\u00e1cs-Hajdu Albert lelkip\u00e1sztor az egyh\u00e1zk\u00f6zs\u00e9g lelk\u00e9sze fogja tartani.<\/p> <p>Az el\u0151ad\u00e1s c\u00edme: &#8220;Mind j\u00f3, amit Isten t\u00e9szen&#8221;<\/p> <p><strong>\u00a0<\/strong><\/p> <p><strong>H\u00e1laad\u00f3 Istentisztelet:<\/strong><\/p> <p>&#8211; Ma 15 \u00f3rakor lesz Pesterzs\u00e9beten a M\u00e1ty\u00e1s kir\u00e1ly t\u00e9ren a Pesterzs\u00e9bet-Szab\u00f3-telepi Reform\u00e1tus Egyh\u00e1zk\u00f6zs\u00e9g \u00fcnnepe, amelyen az \u00faj reform\u00e1tus templom\u00e9rt fognak h\u00e1l\u00e1t adni.<\/p> <p><strong>\u00a0<\/strong><\/p> <p><strong>Beiktat\u00e1s:<\/strong><\/p> <p>&#8211; J\u00f6v\u0151 vas\u00e1rnap, okt\u00f3ber 3-\u00e1n, 15 \u00f3rakor lesz a Budapest-Pestszentimrei Reform\u00e1tus Egyh\u00e1zk\u00f6zs\u00e9gben, \u00c9des \u00c1rp\u00e1d Tam\u00e1s lelkip\u00e1sztor \u00far beiktat\u00e1sa.<\/p> <p><strong>\u00a0<\/strong><\/p> <p><strong>Templomtakar\u00edt\u00e1s:<\/strong><\/p> <p>&#8211; Ezen a h\u00e9ten \u00fajra szeretettel v\u00e1rjuk a testv\u00e9reket, <strong>p\u00e9nteken<\/strong> 17 \u00f3r\u00e1t\u00f3l, hogy kitakar\u00edtsuk a templomot. K\u00f6sz\u00f6nj\u00fck azoknak, akik el nem m\u00fal\u00f3 szeretettel j\u00f6nnek h\u00e9tr\u0151l-h\u00e9tre takar\u00edtani, hogy templomunkban mindig tisztas\u00e1g \u00e9s rend lehessen alkalmainkra.<\/p> <p><strong>Orgona Cd:<\/strong><\/p> <p>&#8211; \u00d6r\u00f6mmel jelentem a gy\u00fclekezetnek, hogy Szotyori Nagy G\u00e1bor orgonam\u0171v\u00e9sz\u00fcnknek megjelent az \u00d6n\u00e1ll\u00f3 \u201eCD-je\u201d, Felix Mendelssohn orgona m\u0171veib\u0151l. A CD-k az iratterjeszt\u00e9sben megv\u00e1s\u00e1rolhat\u00f3k \u00e9s az \u00e1rukb\u00f3l befolyt \u00f6sszeget m\u0171v\u00e9sz \u00far az orgona tiszt\u00edt\u00e1s\u00e1ra, sz\u00fcks\u00e9ges karbantart\u00e1s\u00e1ra aj\u00e1nlotta fel.<\/p> <p><strong>Lectio:<\/strong> Ez\u00e9kiel: 18, 21-32<\/p> <p><strong>Textus:<\/strong> Galata: 5, 16-26<\/p> <p><strong>\u00c9nekek: \u00a0\u00a0\u00a0\u00a0\u00a0\u00a0\u00a0 <\/strong>142: 1<\/p> <p>329: 2<\/p> <p>Ker.: P\u00e1lla Lili Zo\u00e9: Zsolt\u00e1rok: 142: 6<\/p> <p>Sz\u00fcl\u0151k: P\u00e1lla Ren\u00e1t\u00f3 \u00e9s Szilv\u00e1si \u00c9va<\/p> <p>134: 3<\/p> <p>Heidelbergi K\u00e1t\u00e9: XXXIX. \u00darnapja<\/p> <p>275: 1-2<\/p> <p>275: 3-6<\/p> <p>338: 1-4<\/p> <p>278: 1, 7-8<\/p> <p>Igehirdet\u0151: Harkai Ferenc<\/p> <p><strong>\u00a0<\/strong><\/p> <p><strong>\u00a0<\/strong><\/p> <p><strong><em>D\u00e9lut\u00e1n: Orgonazen\u00e9s \u00e1h\u00edtat<\/em><\/strong><\/p> <p><strong>\u00a0<\/strong><\/p> <p><strong>Textus: <\/strong>Ez\u00e9kiel: 19, 10-14<\/p> <p><strong>\u00a0<\/strong><\/p> <p><strong>Heidelbergi K\u00e1t\u00e9:<\/strong> XXXIX. \u00darnapja<\/p> <p><strong>\u00a0<\/strong><\/p> <p><strong>\u00c9nekek:<\/strong><\/p> <p>102: 1-2<\/p> <p>466: 1-4<\/p> <p>Igehirdet\u0151: Harkai Ferenc, orgonista: Balogh L\u00e1z\u00e1r<\/p> ","protected":false},"excerpt":{"rendered":"<p>Aki szeretn\u00e9 a Hirdet\u00e9seket emailben is megkapni k\u00e9rj\u00fck, jelezze szem\u00e9lyesen a Lelk\u00e9szi hivatalban. \u00a0 Alkalmak: &#8211; Ma 18 \u00f3rakor Orgonazen\u00e9s Istentisztelet lesz itt a templomban, amelyen Balogh L\u00e1z\u00e1r orgonam\u0171v\u00e9sz, a Nagyv\u00e1rad t\u00e9ri Reform\u00e1tus Egyh\u00e1zk\u00f6zs\u00e9g orgonam\u0171v\u00e9sz-k\u00e1ntora fog j\u00e1tszani az orgon\u00e1n J. S. Bach \u00e9s W. A. Mozart m\u0171veit (online k\u00f6zvet\u00edtve: https:\/\/kkre.hu\/wpm\/)) &#8211; Szerd\u00e1n 18 \u00f3rakor tartunk&hellip;<\/p>\n","protected":false},"author":15,"featured_media":0,"comment_status":"closed","ping_status":"closed","sticky":false,"template":"","format":"standard","meta":[],"categories":[17],"tags":[],"acf":[],"_links":{"self":[{"href":"https:\/\/kkre.hu\/wpm\/wp-json\/wp\/v2\/posts\/17157"}],"collection":[{"href":"https:\/\/kkre.hu\/wpm\/wp-json\/wp\/v2\/posts"}],"about":[{"href":"https:\/\/kkre.hu\/wpm\/wp-json\/wp\/v2\/types\/post"}],"author":[{"embeddable":true,"href":"https:\/\/kkre.hu\/wpm\/wp-json\/wp\/v2\/users\/15"}],"replies":[{"embeddable":true,"href":"https:\/\/kkre.hu\/wpm\/wp-json\/wp\/v2\/comments?post=17157"}],"version-history":[{"count":2,"href":"https:\/\/kkre.hu\/wpm\/wp-json\/wp\/v2\/posts\/17157\/revisions"}],"predecessor-version":[{"id":17159,"href":"https:\/\/kkre.hu\/wpm\/wp-json\/wp\/v2\/posts\/17157\/revisions\/17159"}],"wp:attachment":[{"href":"https:\/\/kkre.hu\/wpm\/wp-json\/wp\/v2\/media?parent=17157"}],"wp:term":[{"taxonomy":"category","embeddable":true,"href":"https:\/\/kkre.hu\/wpm\/wp-json\/wp\/v2\/categories?post=17157"},{"taxonomy":"post_tag","embeddable":true,"href":"https:\/\/kkre.hu\/wpm\/wp-json\/wp\/v2\/tags?post=17157"}],"curies":[{"name":"wp","href":"https:\/\/api.w.org\/{rel}","templated":true}]}}