{"id":17176,"date":"2021-10-03T21:18:35","date_gmt":"2021-10-03T19:18:35","guid":{"rendered":"https:\/\/kkre.hu\/wpm\/?p=17176"},"modified":"2021-10-03T21:19:28","modified_gmt":"2021-10-03T19:19:28","slug":"hirdetesek-2021-oktober-03","status":"publish","type":"post","link":"https:\/\/kkre.hu\/wpm\/blog\/2021\/10\/03\/hirdetesek-2021-oktober-03\/","title":{"rendered":"Hirdet\u00e9sek, 2021. okt\u00f3ber 03."},"content":{"rendered":"<p><strong>Aki szeretn\u00e9 a Hirdet\u00e9seket emailben is megkapni k\u00e9rj\u00fck, jelezze szem\u00e9lyesen a Lelk\u00e9szi hivatalban.<\/strong><\/p> <p><strong>\u00a0<\/strong><\/p> <p><strong>Alkalmak: <\/strong><\/p> <p>&#8211; Ma <strong>18 \u00f3ra<\/strong>kor lesz<strong> Istentisztelet<\/strong> lesz itt a templomban (online k\u00f6zvet\u00edtve: <a href=\"https:\/\/kkre.hu\/wpm\/\">https:\/\/kkre.hu\/wpm\/<\/a>))<\/p> <p>&#8211; Kedden 18 \u00f3rakor <strong>Presbiteri biblia\u00f3r\u00e1t tartunk<\/strong> az alagsori gy\u00fclekezeti teremben<\/p> <p>&#8211; Szerd\u00e1n 18 \u00f3rakor tartunk <strong>Istentiszteletet<\/strong> itt a templomban<\/p> <p>&#8211; J\u00f6v\u0151 <strong>vas\u00e1rnap<\/strong> <strong>10 \u00f3ra<\/strong>kor <strong>Istentiszteletet<\/strong> tartunk a Templomban<strong>, <\/strong>az igehirdet\u00e9s el\u0151tt a gyermekek kimehetnek a gy\u00fclekezeti h\u00e1zba <strong>Gyermekistentiszteletre. <\/strong>(online k\u00f6zvet\u00edtve: <a href=\"https:\/\/kkre.hu\/wpm\/\">https:\/\/kkre.hu\/wpm\/<\/a>)<\/p> <p>&#8211; J\u00f6v\u0151 vas\u00e1rnap <strong>18 \u00f3ra<\/strong>kor is lesz <strong>Istentisztelet<\/strong> itt a templomban (online k\u00f6zvet\u00edtve: <a href=\"https:\/\/kkre.hu\/wpm\/\">https:\/\/kkre.hu\/wpm\/<\/a>)<\/p> <p><strong>\u00a0<\/strong><\/p> <p><strong>Sz\u00fclet\u00e9snap:<\/strong><\/p> <p>&#8211; 2014. okt\u00f3ber 6-\u00e1n kapott a Sz\u0151l\u0151skert Reform\u00e1tus \u00d3voda M\u0171k\u00f6d\u00e9si enged\u00e9lyt. Ezen a h\u00e9ten okt\u00f3ber 6-\u00e1n, szerd\u00e1n 16 \u00f3rakor az \u00f3voda Esze Tam\u00e1s utcai udvar\u00e1n fogunk h\u00e1l\u00e1t adni a 7 \u00e9v\u00e9rt.<\/p> <p><strong>\u00a0<\/strong><\/p> <p><strong>Konfirm\u00e1ci\u00f3:<\/strong><\/p> <p>&#8211; Akiknek tavaly tavasszal elmaradt a konfirm\u00e1ci\u00f3juk, vas\u00e1rnaponta a d\u00e9lel\u0151tti az Istentisztelet ut\u00e1n tartunk konfirm\u00e1ci\u00f3 felk\u00e9sz\u00edt\u00e9st.<\/p> <p>&#8211; Akiknek id\u00e9n tavasszal lett volna eredetileg a konfirm\u00e1ci\u00f3juk, <strong>cs\u00fct\u00f6rt\u00f6k\u00f6n, 16 \u00f3ra 30 perckor<\/strong> lesz \u00f3r\u00e1juk<\/p> <p>&#8211; Szeretettel v\u00e1rjuk azokat a legal\u00e1bb 8. oszt\u00e1lyos ifjakat is konfirm\u00e1ci\u00f3 el\u0151k\u00e9sz\u00edt\u0151re, akik m\u00e9g nem kezdt\u00e9k meg a legal\u00e1bb k\u00e9t \u00e9ves felk\u00e9sz\u00fcl\u00e9st a konfirm\u00e1ci\u00f3i fogadalomt\u00e9telre. Az \u0151 \u00f3r\u00e1juk szerd\u00e1n 16 \u00f3rakor lesz.<\/p> <p><strong>\u00a0<\/strong><\/p> <p><strong>Feln\u0151tt konfirm\u00e1ci\u00f3:<\/strong><\/p> <p>&#8211; T\u00f6bben vannak a vas\u00e1rnapi igehallgat\u00f3 gy\u00fclekezetben olyan feln\u0151ttek, akiknek az \u00e9let\u00e9ben eddig nem t\u00f6rt\u00e9nt meg a kereszts\u00e9g, vagy m\u00e9g nem tettek konfirm\u00e1ci\u00f3i fogadalmat \u00e9s \u00edgy nem lehetnek az \u00farvacsorai k\u00f6z\u00f6ss\u00e9g tagjai, \u00e9s nem szerepelhetnek a V\u00e1laszt\u00f3i n\u00e9vjegyz\u00e9kben sem. \u0150ket h\u00edvjuk \u00e9s v\u00e1rjuk, hogy a konfirm\u00e1ci\u00f3s tanfolyamra jelentkezzenek. A besz\u00e9lget\u00e9sek <strong>cs\u00fct\u00f6rt\u00f6k\u00f6n 18 \u00f3ra<\/strong>kor vannak<\/p> <p><strong>\u00a0<\/strong><\/p> <p><strong>\u00c9nekkar:<\/strong><\/p> <p>&#8211; A ny\u00e1ri sz\u00fcnet ut\u00e1n holnap, szeptember utols\u00f3 h\u00e9tf\u0151j\u00e9n, 18 \u00f3rakor lesz az \u00e9nekkar els\u0151 alkalma. Szeretettel. v\u00e1rjuk azokat is, akik eddig is tagjai voltak ennek a k\u00f6z\u00f6ss\u00e9gnek \u00e9s h\u00edvjuk azokat a testv\u00e9reket is, akik eddig nem voltak ilyen alkalmon.<\/p> <p><strong>\u00a0<\/strong><\/p> <p><strong>Beiktat\u00e1s:<\/strong><\/p> <p>&#8211; Ma lesz a Budapest-Pestszentimrei Reform\u00e1tus Egyh\u00e1zk\u00f6zs\u00e9gben, \u00c9des \u00c1rp\u00e1d Tam\u00e1s lelkip\u00e1sztor \u00far beiktat\u00e1sa.<\/p> <p>&#8211; Okt\u00f3ber 17-\u00e9n, 15 \u00f3rakor lesz a Budapest-Pestszentl\u0151rinc-B\u00e9latelep Reform\u00e1tus Egyh\u00e1zk\u00f6zs\u00e9gben, Bartha Attila lelkip\u00e1sztor \u00far beiktat\u00e1sa.<\/p> <p><strong>\u00a0<\/strong><\/p> <p><strong>Templomtakar\u00edt\u00e1s:<\/strong><\/p> <p>&#8211; Ezen a h\u00e9ten \u00fajra szeretettel v\u00e1rjuk a testv\u00e9reket, <strong>p\u00e9nteken<\/strong> 17 \u00f3r\u00e1t\u00f3l, hogy kitakar\u00edtsuk a templomot. K\u00f6sz\u00f6nj\u00fck azoknak, akik el nem m\u00fal\u00f3 szeretettel j\u00f6nnek h\u00e9tr\u0151l-h\u00e9tre takar\u00edtani, hogy templomunkban mindig tisztas\u00e1g \u00e9s rend lehessen alkalmainkra.<\/p> <p><strong>Orgona Cd:<\/strong><\/p> <p>&#8211; \u00d6r\u00f6mmel jelentem a gy\u00fclekezetnek, hogy Szotyori Nagy G\u00e1bor orgonam\u0171v\u00e9sz\u00fcnknek megjelent az \u00d6n\u00e1ll\u00f3 \u201eCD-je\u201d, Felix Mendelssohn orgona m\u0171veib\u0151l. A CD-k az iratterjeszt\u00e9sben megv\u00e1s\u00e1rolhat\u00f3k \u00e9s az \u00e1rukb\u00f3l befolyt \u00f6sszeget m\u0171v\u00e9sz \u00far az orgona tiszt\u00edt\u00e1s\u00e1ra, sz\u00fcks\u00e9ges karbantart\u00e1s\u00e1ra aj\u00e1nlotta fel.<\/p> <p><strong>Lectio:<\/strong> Koloss\u00e9: 2, 8-15<\/p> <p><strong>Textus:<\/strong> Koloss\u00e9: 2, 9-14<\/p> <p><strong>\u00c9nekek:<\/strong> \u00a0\u00a0\u00a0\u00a0\u00a0\u00a0\u00a0 \u00a0\u00a065: 1<\/p> <p>166: 1-4<\/p> <p>65: 2<\/p> <p>65: 3<\/p> <p>196: 1-7<\/p> <p>Igehirdet\u0151: T\u00f3th Sebesty\u00e9n<\/p> <p><strong>\u00a0<\/strong><\/p> <p><strong>\u00a0<\/strong><\/p> <p><strong><em>D\u00e9lut\u00e1n:<\/em><\/strong><\/p> <p><strong>\u00a0<\/strong><\/p> <p><strong>Textus: <\/strong>Ez\u00e9kiel: 24, 1-14<\/p> <p><strong>\u00a0<\/strong><\/p> <p><strong>Heidelbergi K\u00e1t\u00e9:<\/strong> XL. \u00darnapja<\/p> <p><strong>\u00a0<\/strong><\/p> <p><strong>\u00c9nekek:<\/strong> \u00a0\u00a0\u00a0\u00a0\u00a0\u00a0\u00a0 130: 1<\/p> <p>130: 2-3<\/p> <p>130: 4<\/p> <p>200: 1-6<\/p> <p>Igehirdet\u0151: Papp M\u00e1rton<\/p> ","protected":false},"excerpt":{"rendered":"<p>Aki szeretn\u00e9 a Hirdet\u00e9seket emailben is megkapni k\u00e9rj\u00fck, jelezze szem\u00e9lyesen a Lelk\u00e9szi hivatalban. \u00a0 Alkalmak: &#8211; Ma 18 \u00f3rakor lesz Istentisztelet lesz itt a templomban (online k\u00f6zvet\u00edtve: https:\/\/kkre.hu\/wpm\/)) &#8211; Kedden 18 \u00f3rakor Presbiteri biblia\u00f3r\u00e1t tartunk az alagsori gy\u00fclekezeti teremben &#8211; Szerd\u00e1n 18 \u00f3rakor tartunk Istentiszteletet itt a templomban &#8211; J\u00f6v\u0151 vas\u00e1rnap 10 \u00f3rakor Istentiszteletet tartunk&hellip;<\/p>\n","protected":false},"author":15,"featured_media":0,"comment_status":"closed","ping_status":"closed","sticky":false,"template":"","format":"standard","meta":[],"categories":[17],"tags":[],"acf":[],"_links":{"self":[{"href":"https:\/\/kkre.hu\/wpm\/wp-json\/wp\/v2\/posts\/17176"}],"collection":[{"href":"https:\/\/kkre.hu\/wpm\/wp-json\/wp\/v2\/posts"}],"about":[{"href":"https:\/\/kkre.hu\/wpm\/wp-json\/wp\/v2\/types\/post"}],"author":[{"embeddable":true,"href":"https:\/\/kkre.hu\/wpm\/wp-json\/wp\/v2\/users\/15"}],"replies":[{"embeddable":true,"href":"https:\/\/kkre.hu\/wpm\/wp-json\/wp\/v2\/comments?post=17176"}],"version-history":[{"count":2,"href":"https:\/\/kkre.hu\/wpm\/wp-json\/wp\/v2\/posts\/17176\/revisions"}],"predecessor-version":[{"id":17178,"href":"https:\/\/kkre.hu\/wpm\/wp-json\/wp\/v2\/posts\/17176\/revisions\/17178"}],"wp:attachment":[{"href":"https:\/\/kkre.hu\/wpm\/wp-json\/wp\/v2\/media?parent=17176"}],"wp:term":[{"taxonomy":"category","embeddable":true,"href":"https:\/\/kkre.hu\/wpm\/wp-json\/wp\/v2\/categories?post=17176"},{"taxonomy":"post_tag","embeddable":true,"href":"https:\/\/kkre.hu\/wpm\/wp-json\/wp\/v2\/tags?post=17176"}],"curies":[{"name":"wp","href":"https:\/\/api.w.org\/{rel}","templated":true}]}}