{"id":17228,"date":"2021-10-17T20:55:03","date_gmt":"2021-10-17T18:55:03","guid":{"rendered":"https:\/\/kkre.hu\/wpm\/?p=17228"},"modified":"2021-10-17T20:58:10","modified_gmt":"2021-10-17T18:58:10","slug":"hirdetesek-2021-oktober-17","status":"publish","type":"post","link":"https:\/\/kkre.hu\/wpm\/blog\/2021\/10\/17\/hirdetesek-2021-oktober-17\/","title":{"rendered":"Hirdet\u00e9sek, 2021. okt\u00f3ber 17."},"content":{"rendered":"<p><strong>Aki szeretn\u00e9 a Hirdet\u00e9seket emailben is megkapni k\u00e9rj\u00fck, jelezze szem\u00e9lyesen a Lelk\u00e9szi hivatalban.<\/strong><\/p> <p><strong>\u00a0<\/strong><\/p> <p><strong>Vizsgaistentisztelet:<\/strong><\/p> <p>&#8211; Ma van T\u00f3th Sebesty\u00e9n D\u00e1niel VI. \u00e9ves gyakornokunk vizsgaistentisztelete. Szeretettel k\u00f6sz\u00f6nt\u00f6m Sepsi Krisztina nagytisztelet\u0171 asszonyt, aki az Egyh\u00e1zmegye k\u00fcld\u00f6tte, Dr. N\u00e9meth D\u00e1vid professzor urat, aki a K\u00e1roli G\u00e1sp\u00e1r Reform\u00e1tus Egyetem Hittudom\u00e1nyi Kar\u00e1nak k\u00e9pvisel\u0151je a mai Istentiszteleten. K\u00f6sz\u00f6nt\u00f6m tov\u00e1bb\u00e1 Szab\u00f3 G\u00e1bor esperes urat, aki a Tiszteletes urat teol\u00f3gi\u00e1ra bocs\u00e1t\u00f3 B\u00e1cs-Kiskuns\u00e1gi Reform\u00e1tus Egyh\u00e1zmegy\u00e9t is k\u00e9pviseli, de most, els\u0151sorban, mint gyakornokunk nagyapja van jelen.<\/p> <p><strong>\u00a0<\/strong><\/p> <p><strong>Alkalmak: <\/strong><\/p> <p>&#8211; Ma <strong>18 \u00f3ra<\/strong>kor is lesz <strong>Istentisztelet<\/strong> itt a templomban (online k\u00f6zvet\u00edtve: <a href=\"https:\/\/kkre.hu\/wpm\/\">https:\/\/kkre.hu\/wpm\/<\/a>)<\/p> <p>&#8211; Szerd\u00e1n 18 \u00f3rakor tartunk <strong>Istentiszteletet<\/strong> itt a templomban<\/p> <p>&#8211; J\u00f6v\u0151 <strong>vas\u00e1rnap<\/strong> <strong>10 \u00f3ra<\/strong>kor <strong>Istentiszteletet<\/strong> tartunk a Templomban<strong>, <\/strong>az igehirdet\u00e9s el\u0151tt a gyermekek kimehetnek a gy\u00fclekezeti h\u00e1zba <strong>Gyermekistentiszteletre. <\/strong>(online k\u00f6zvet\u00edtve: <a href=\"https:\/\/kkre.hu\/wpm\/\">https:\/\/kkre.hu\/wpm\/<\/a>)<\/p> <p>&#8211; J\u00f6v\u0151 vas\u00e1rnap <strong>18 \u00f3ra<\/strong>kor is lesz <strong>Istentisztelet<\/strong> itt a templomban (online k\u00f6zvet\u00edtve: <a href=\"https:\/\/kkre.hu\/wpm\/\">https:\/\/kkre.hu\/wpm\/<\/a>)<\/p> <p>&#8211; Okt\u00f3ber 27-30-ig (szerd\u00e1t\u00f3l szombatig) <strong>B\u0171nb\u00e1nati Istentiszteletek<\/strong> lesznek<\/p> <p>&#8211; Okt\u00f3ber 31-\u00e9n, vas\u00e1rnap d\u00e9lel\u0151tt 10 \u00f3rakor <strong>konfirm\u00e1ci\u00f3<\/strong> lesz, majd <strong>\u00farvacsorai k\u00f6z\u00f6ss\u00e9g<\/strong><\/p> <p>&#8211; Okt\u00f3ber 31-\u00e9n, vas\u00e1rnap, a <strong>Reform\u00e1ci\u00f3<\/strong> eml\u00e9knapj\u00e1n, d\u00e9lut\u00e1n 17 \u00f3rakor <strong>\u00dcnnepi Istentisztelet<\/strong> lesz a kispesti protest\u00e1nsokkal k\u00f6z\u00f6sen<\/p> <p><strong>Temet\u00e9s:<\/strong><\/p> <p>&#8211; Tegnap, okt\u00f3ber 16-\u00e1n, szombaton d\u00e9lel\u0151tt b\u00facs\u00faztunk a Wekerlei R\u00f3mai Katolikus Templomban Aradi Gyula testv\u00e9r\u00fcnkt\u0151l, aki szeptember 18-\u00e1n, 78 \u00e9ves kor\u00e1ban hunyt el. A vigasztal\u00e1s ig\u00e9it a 1 Thesszalonika: 4, 1. 7 alapj\u00e1n hirdett\u00fck: \u201eEgy\u00e9bk\u00e9nt pedig, testv\u00e9reim, k\u00e9r\u00fcnk titeket, \u00e9s int\u00fcnk az \u00dar J\u00e9zus nev\u00e9ben, hogy amint t\u0151l\u00fcnk tanult\u00e1tok, hogyan kell Istennek tetsz\u0151 m\u00f3don \u00e9lnetek \u2013 s amint \u00e9ltek is \u2013, ebben jussatok m\u00e9g el\u0151bbre. <sup><a href=\"https:\/\/abibliamindenkie.hu\/uj\/1TH\/4#7\">7<\/a><\/sup>Mert nem tiszt\u00e1talans\u00e1gra h\u00edvott el minket Isten, hanem megszentel\u0151d\u00e9sre.\u201d Isten vigasztal\u00e1s\u00e1t k\u00e9rj\u00fck elhunyt testv\u00e9r\u00fcnk feles\u00e9g\u00e9nek, l\u00e1ny\u00e1nak, csal\u00e1dj\u00e1nak \u00e9s szeretteinek A Boldog Felt\u00e1mad\u00e1s Rem\u00e9nys\u00e9ge Alatt.<\/p> <p><strong>Kanonika vizit\u00e1ci\u00f3:<\/strong><\/p> <p>&#8211; Az elm\u00falt h\u00e9ten, kedden, okt\u00f3ber 12-\u00e9n rendben lezajlott a Kanonika vizit\u00e1ci\u00f3 Egyh\u00e1zk\u00f6zs\u00e9g\u00fcnkben<\/p> <p><strong>\u00a0<\/strong><\/p> <p><strong>Egyh\u00e1zmegyei k\u00f6zgy\u0171l\u00e9s:<\/strong><\/p> <p>&#8211; Kedden, okt\u00f3ber 19-\u00e9n, 17 \u00f3rakor kezd\u0151dik a Budapest-D\u00e9li Reform\u00e1tus Egyh\u00e1zmegye K\u00f6zgy\u0171l\u00e9se a Budai Reform\u00e1tus Egyh\u00e1zk\u00f6zs\u00e9gben<\/p> <p><strong>Konfirm\u00e1ci\u00f3:<\/strong><\/p> <p>&#8211; Akiknek tavaly tavasszal elmaradt a konfirm\u00e1ci\u00f3juk, vas\u00e1rnaponta a d\u00e9lel\u0151tti Istentisztelet ut\u00e1n tartunk konfirm\u00e1ci\u00f3 felk\u00e9sz\u00edt\u00e9st. Rem\u00e9nys\u00e9g\u00fcnk szerint konfirm\u00e1ci\u00f3juk okt\u00f3ber 31-\u00e9n lesz.<\/p> <p>&#8211; Akiknek id\u00e9n tavasszal lett volna eredetileg a konfirm\u00e1ci\u00f3juk, <strong>cs\u00fct\u00f6rt\u00f6k\u00f6n, 16 \u00f3ra 30 perckor<\/strong> lesz \u00f3r\u00e1juk<\/p> <p>&#8211; Szeretettel v\u00e1rjuk azokat a legal\u00e1bb 8. oszt\u00e1lyos ifjakat is konfirm\u00e1ci\u00f3 el\u0151k\u00e9sz\u00edt\u0151re, akik m\u00e9g nem kezdt\u00e9k meg a legal\u00e1bb k\u00e9t \u00e9ves felk\u00e9sz\u00fcl\u00e9st a konfirm\u00e1ci\u00f3i fogadalomt\u00e9telre. Az \u0151 \u00f3r\u00e1juk szerd\u00e1n 16 \u00f3rakor van<\/p> <p><strong>\u00a0<\/strong><\/p> <p><strong>Feln\u0151tt konfirm\u00e1ci\u00f3:<\/strong><\/p> <p>&#8211; T\u00f6bben vannak a vas\u00e1rnapi igehallgat\u00f3 gy\u00fclekezetben olyan feln\u0151ttek, akiknek az \u00e9let\u00e9ben eddig nem t\u00f6rt\u00e9nt meg a kereszts\u00e9g, vagy m\u00e9g nem tettek konfirm\u00e1ci\u00f3i fogadalmat \u00e9s \u00edgy nem lehetnek az \u00farvacsorai k\u00f6z\u00f6ss\u00e9g tagjai, \u00e9s nem szerepelhetnek a V\u00e1laszt\u00f3i n\u00e9vjegyz\u00e9kben sem. \u0150ket h\u00edvjuk \u00e9s v\u00e1rjuk, hogy a konfirm\u00e1ci\u00f3s tanfolyamra jelentkezzenek. A besz\u00e9lget\u00e9sek <strong>cs\u00fct\u00f6rt\u00f6k\u00f6n 18 \u00f3ra<\/strong>kor vannak<\/p> <p><strong>\u00a0<\/strong><\/p> <p><strong>\u00c9nekkar:<\/strong><\/p> <p>&#8211; Az \u00e9nekkar pr\u00f3b\u00e1ja h\u00e9tf\u0151n, 18 \u00f3rakor van az alagsorban. Szeretettel. v\u00e1rjuk azokat is, akik eddig is tagjai voltak ennek a k\u00f6z\u00f6ss\u00e9gnek \u00e9s h\u00edvjuk azokat a testv\u00e9reket is, akik eddig nem voltak ilyen alkalmon.<\/p> <p><strong>\u00a0<\/strong><\/p> <p><strong>Beiktat\u00e1s:<\/strong><\/p> <p>&#8211; Ma, 15 \u00f3rakor lesz a Budapest-Pestszentl\u0151rinc-B\u00e9latelep Reform\u00e1tus Egyh\u00e1zk\u00f6zs\u00e9gben, Bartha Attila lelkip\u00e1sztor \u00far beiktat\u00e1sa.<\/p> <p><strong>\u00a0<\/strong><\/p> <p><strong>Templomtakar\u00edt\u00e1s:<\/strong><\/p> <p>&#8211; Ezen a h\u00e9ten \u00fajra szeretettel v\u00e1rjuk a testv\u00e9reket, <strong>p\u00e9nteken<\/strong> 17 \u00f3r\u00e1t\u00f3l, hogy kitakar\u00edtsuk a templomot. K\u00f6sz\u00f6nj\u00fck azoknak, akik el nem m\u00fal\u00f3 szeretettel j\u00f6nnek h\u00e9tr\u0151l-h\u00e9tre takar\u00edtani, hogy templomunkban mindig tisztas\u00e1g \u00e9s rend lehessen alkalmainkra.<\/p> <p><strong>Orgona Cd:<\/strong><\/p> <p>&#8211; \u00d6r\u00f6mmel jelentem a gy\u00fclekezetnek, hogy Szotyori Nagy G\u00e1bor orgonam\u0171v\u00e9sz\u00fcnknek megjelent az \u00d6n\u00e1ll\u00f3 \u201eCD-je\u201d, Felix Mendelssohn orgona m\u0171veib\u0151l. A CD-k az iratterjeszt\u00e9sben megv\u00e1s\u00e1rolhat\u00f3k \u00e9s az \u00e1rukb\u00f3l befolyt \u00f6sszeget m\u0171v\u00e9sz \u00far az orgona tiszt\u00edt\u00e1s\u00e1ra, sz\u00fcks\u00e9ges karbantart\u00e1s\u00e1ra aj\u00e1nlotta fel.<\/p> <p><strong>Lectio:<\/strong> 1 Korinthus: 13, 1-13<\/p> <p><strong>Textus:<\/strong> 1 Thesszalonika: 4, 9-10<\/p> <p><strong>\u00c9nekek:<\/strong> \u00a0\u00a0\u00a0\u00a0\u00a0\u00a0\u00a0 \u00a0\u00a084: 1<\/p> <p>Heidelbergi K\u00e1t\u00e9: XLII. \u00darnapja<\/p> <p>165: 1-6<\/p> <p>154<\/p> <p>395: 2-3<\/p> <p>197 : 1-6<\/p> <p>Igehirdet\u0151: T\u00f3th Sebesty\u00e9n<\/p> <p><strong>\u00a0<\/strong><\/p> <p><strong>\u00a0<\/strong><\/p> <p><strong><em>D\u00e9lut\u00e1n:<\/em><\/strong><\/p> <p><strong>\u00a0<\/strong><\/p> <p><strong>Textus: <\/strong>Ez\u00e9kiel: 38, 1-39, 16<\/p> <p><strong>\u00a0<\/strong><\/p> <p><strong>Heidelbergi K\u00e1t\u00e9:<\/strong> XLII. \u00darnapja<\/p> <p><strong>\u00a0<\/strong><\/p> <p><strong>\u00c9nekek:<\/strong> \u00a0\u00a0\u00a0\u00a0\u00a0\u00a0\u00a0 392: 1<\/p> <p>1: 1-4<\/p> <p>392: 2-5<\/p> <p>Igehirdet\u0151: Papp M\u00e1rton<\/p> ","protected":false},"excerpt":{"rendered":"<p>Aki szeretn\u00e9 a Hirdet\u00e9seket emailben is megkapni k\u00e9rj\u00fck, jelezze szem\u00e9lyesen a Lelk\u00e9szi hivatalban. \u00a0 Vizsgaistentisztelet: &#8211; Ma van T\u00f3th Sebesty\u00e9n D\u00e1niel VI. \u00e9ves gyakornokunk vizsgaistentisztelete. Szeretettel k\u00f6sz\u00f6nt\u00f6m Sepsi Krisztina nagytisztelet\u0171 asszonyt, aki az Egyh\u00e1zmegye k\u00fcld\u00f6tte, Dr. N\u00e9meth D\u00e1vid professzor urat, aki a K\u00e1roli G\u00e1sp\u00e1r Reform\u00e1tus Egyetem Hittudom\u00e1nyi Kar\u00e1nak k\u00e9pvisel\u0151je a mai Istentiszteleten. K\u00f6sz\u00f6nt\u00f6m tov\u00e1bb\u00e1 Szab\u00f3&hellip;<\/p>\n","protected":false},"author":15,"featured_media":0,"comment_status":"closed","ping_status":"closed","sticky":false,"template":"","format":"standard","meta":[],"categories":[17],"tags":[],"acf":[],"_links":{"self":[{"href":"https:\/\/kkre.hu\/wpm\/wp-json\/wp\/v2\/posts\/17228"}],"collection":[{"href":"https:\/\/kkre.hu\/wpm\/wp-json\/wp\/v2\/posts"}],"about":[{"href":"https:\/\/kkre.hu\/wpm\/wp-json\/wp\/v2\/types\/post"}],"author":[{"embeddable":true,"href":"https:\/\/kkre.hu\/wpm\/wp-json\/wp\/v2\/users\/15"}],"replies":[{"embeddable":true,"href":"https:\/\/kkre.hu\/wpm\/wp-json\/wp\/v2\/comments?post=17228"}],"version-history":[{"count":2,"href":"https:\/\/kkre.hu\/wpm\/wp-json\/wp\/v2\/posts\/17228\/revisions"}],"predecessor-version":[{"id":17231,"href":"https:\/\/kkre.hu\/wpm\/wp-json\/wp\/v2\/posts\/17228\/revisions\/17231"}],"wp:attachment":[{"href":"https:\/\/kkre.hu\/wpm\/wp-json\/wp\/v2\/media?parent=17228"}],"wp:term":[{"taxonomy":"category","embeddable":true,"href":"https:\/\/kkre.hu\/wpm\/wp-json\/wp\/v2\/categories?post=17228"},{"taxonomy":"post_tag","embeddable":true,"href":"https:\/\/kkre.hu\/wpm\/wp-json\/wp\/v2\/tags?post=17228"}],"curies":[{"name":"wp","href":"https:\/\/api.w.org\/{rel}","templated":true}]}}