{"id":17233,"date":"2021-10-24T21:24:53","date_gmt":"2021-10-24T19:24:53","guid":{"rendered":"https:\/\/kkre.hu\/wpm\/?p=17233"},"modified":"2021-10-25T07:13:21","modified_gmt":"2021-10-25T05:13:21","slug":"hirdetesek-2021-oktober-24","status":"publish","type":"post","link":"https:\/\/kkre.hu\/wpm\/blog\/2021\/10\/24\/hirdetesek-2021-oktober-24\/","title":{"rendered":"Hirdet\u00e9sek, 2021. okt\u00f3ber 24."},"content":{"rendered":"<p><strong>Aki szeretn\u00e9 a Hirdet\u00e9seket emailben is megkapni k\u00e9rj\u00fck, jelezze szem\u00e9lyesen a Lelk\u00e9szi hivatalban.<\/strong><\/p> <p><strong>\u00a0<\/strong><\/p> <p><strong>\u00a0<\/strong><\/p> <p><strong>Alkalmak: <\/strong><\/p> <p>&#8211; Ma <strong>18 \u00f3ra<\/strong>kor is lesz <strong>Istentisztelet<\/strong> itt a templomban (online k\u00f6zvet\u00edtve: <a href=\"https:\/\/kkre.hu\/wpm\/\">https:\/\/kkre.hu\/wpm\/<\/a>)<\/p> <p>&#8211; Szerd\u00e1t\u00f3l szombatig <strong>18 \u00f3rakor B\u0171nb\u00e1nati Istentiszteletek<\/strong> lesznek, p\u00e9nteken \u00e9s szombaton fognak konfimandusaink bemutatkozni<\/p> <p>&#8211; J\u00f6v\u0151 <strong>vas\u00e1rnap<\/strong> <strong>10 \u00f3ra<\/strong>kor <strong>Istentiszteletet<\/strong> tartunk a Templomban ekkor lesz a <strong>konfirm\u00e1ci\u00f3<\/strong>, majd ut\u00e1n <strong>\u00farvacsorai k\u00f6z\u00f6ss\u00e9g\u00fcnk<\/strong> is lesz<strong> \u00a0<\/strong>(online k\u00f6zvet\u00edtve: <a href=\"https:\/\/kkre.hu\/wpm\/\">https:\/\/kkre.hu\/wpm\/<\/a>) Az Istentisztelet ut\u00e1n az udvaron <strong>szeretetvend\u00e9gs\u00e9get<\/strong> fogunk tartani. K\u00e9rj\u00fck a testv\u00e9reket, hozzanak s\u00fctem\u00e9nyt, \u00fcd\u00edt\u0151t.<\/p> <p>&#8211; J\u00f6v\u0151 vas\u00e1rnap d\u00e9lut\u00e1n, okt\u00f3ber 31-\u00e9n, a <strong>Reform\u00e1ci\u00f3<\/strong> eml\u00e9knapj\u00e1n 17 \u00f3rakor <strong>\u00dcnnepi Istentisztelet<\/strong> lesz a kispesti protest\u00e1nsokkal k\u00f6z\u00f6sen<\/p> <p><strong>Esk\u00fcv\u0151:<\/strong><\/p> <p>&#8211; \u00d6r\u00f6mmel jelentem a gy\u00fclekezetnek, hogy Szab\u00f3 J\u00f3zsef eljegyezte Bart\u00f3k Ilon\u00e1t. H\u00e1zass\u00e1gk\u00f6t\u00e9s\u00fck meg\u00e1ld\u00e1s\u00e1nak tervezett id\u0151pontja november 12. Hordozzuk im\u00e1ds\u00e1gban az esk\u00fcv\u0151re k\u00e9sz\u00fcl\u0151 jegyesp\u00e1rt.<\/p> <p><strong>Konfirm\u00e1ci\u00f3:<\/strong><\/p> <p>&#8211; Ezen h\u00e9ten az \u0151szi sz\u00fcnet miatt nem lesznek konfirm\u00e1ci\u00f3i el\u0151k\u00e9sz\u00edt\u0151k<\/p> <p><strong>\u00a0<\/strong><\/p> <p><strong>\u00c9nekkar:<\/strong><\/p> <p>&#8211; Az \u00e9nekkar pr\u00f3b\u00e1ja h\u00e9tf\u0151n, 18 \u00f3rakor van az alagsorban. Szeretettel. v\u00e1rjuk azokat is, akik eddig is tagjai voltak ennek a k\u00f6z\u00f6ss\u00e9gnek \u00e9s h\u00edvjuk azokat a testv\u00e9reket is, akik eddig nem voltak ilyen alkalmon.<\/p> <p><strong>\u00a0<\/strong><\/p> <p><strong>Templomtakar\u00edt\u00e1s:<\/strong><\/p> <p>&#8211; Ezen a h\u00e9ten \u00fajra szeretettel v\u00e1rjuk a testv\u00e9reket, <strong>szombaton, az Istentisztelet ut\u00e1n<\/strong>, hogy kitakar\u00edtsuk a templomot.\u00a0 K\u00f6sz\u00f6nj\u00fck azoknak, akik el nem m\u00fal\u00f3 szeretettel j\u00f6nnek h\u00e9tr\u0151l-h\u00e9tre takar\u00edtani, hogy templomunkban mindig tisztas\u00e1g \u00e9s rend lehessen alkalmainkra.<\/p> <p><strong>Orgona Cd:<\/strong><\/p> <p>&#8211; \u00d6r\u00f6mmel jelentem a gy\u00fclekezetnek, hogy Szotyori Nagy G\u00e1bor orgonam\u0171v\u00e9sz\u00fcnknek megjelent az \u00d6n\u00e1ll\u00f3 \u201eCD-je\u201d, Felix Mendelssohn orgona m\u0171veib\u0151l. A CD-k az iratterjeszt\u00e9sben megv\u00e1s\u00e1rolhat\u00f3k \u00e9s az \u00e1rukb\u00f3l befolyt \u00f6sszeget m\u0171v\u00e9sz \u00far az orgona tiszt\u00edt\u00e1s\u00e1ra, sz\u00fcks\u00e9ges karbantart\u00e1s\u00e1ra aj\u00e1nlotta fel.<\/p> <p><strong>Lectio:<\/strong> 2 M\u00f3zes: 20, 2-17; M\u00e1t\u00e9: 22, 37-40; 2 Thesszalonika: 3, 1-5<\/p> <p><strong>Textus:<\/strong> 2 Thesszalonika: 3, 1<\/p> <p><strong>\u00c9nekek:<\/strong> \u00a0\u00a0\u00a0\u00a0\u00a0\u00a0\u00a0 155<\/p> <p>Heidelbergi K\u00e1t\u00e9: XLIII. \u00darnapja<\/p> <p>164: 1<\/p> <p>150: 1-3<\/p> <p>397: 1<\/p> <p>397 : 2-3<\/p> <p>Igehirdet\u0151: Harkai Ferenc<\/p> <p><strong>\u00a0<\/strong><\/p> <p><strong>\u00a0<\/strong><\/p> <p><strong><em>D\u00e9lut\u00e1n:<\/em><\/strong><\/p> <p><strong>\u00a0<\/strong><\/p> <p><strong>Textus: <\/strong>Ez\u00e9kiel: 45, 9-12<\/p> <h4><\/h4> <p><strong>Heidelbergi K\u00e1t\u00e9:<\/strong> XLIII. \u00darnapja<\/p> <p><strong>\u00a0<\/strong><\/p> <p><strong>\u00c9nekek:<\/strong> \u00a0\u00a0\u00a0\u00a0\u00a0\u00a0\u00a0 \u00a0\u00a074: 1<\/p> <p>265: 1-3<\/p> <p>511: 1-5<\/p> <p>Igehirdet\u0151: Harkai Ferenc<\/p> ","protected":false},"excerpt":{"rendered":"<p>Aki szeretn\u00e9 a Hirdet\u00e9seket emailben is megkapni k\u00e9rj\u00fck, jelezze szem\u00e9lyesen a Lelk\u00e9szi hivatalban. \u00a0 \u00a0 Alkalmak: &#8211; Ma 18 \u00f3rakor is lesz Istentisztelet itt a templomban (online k\u00f6zvet\u00edtve: https:\/\/kkre.hu\/wpm\/) &#8211; Szerd\u00e1t\u00f3l szombatig 18 \u00f3rakor B\u0171nb\u00e1nati Istentiszteletek lesznek, p\u00e9nteken \u00e9s szombaton fognak konfimandusaink bemutatkozni &#8211; J\u00f6v\u0151 vas\u00e1rnap 10 \u00f3rakor Istentiszteletet tartunk a Templomban ekkor lesz a&hellip;<\/p>\n","protected":false},"author":15,"featured_media":0,"comment_status":"closed","ping_status":"closed","sticky":false,"template":"","format":"standard","meta":[],"categories":[17],"tags":[],"acf":[],"_links":{"self":[{"href":"https:\/\/kkre.hu\/wpm\/wp-json\/wp\/v2\/posts\/17233"}],"collection":[{"href":"https:\/\/kkre.hu\/wpm\/wp-json\/wp\/v2\/posts"}],"about":[{"href":"https:\/\/kkre.hu\/wpm\/wp-json\/wp\/v2\/types\/post"}],"author":[{"embeddable":true,"href":"https:\/\/kkre.hu\/wpm\/wp-json\/wp\/v2\/users\/15"}],"replies":[{"embeddable":true,"href":"https:\/\/kkre.hu\/wpm\/wp-json\/wp\/v2\/comments?post=17233"}],"version-history":[{"count":2,"href":"https:\/\/kkre.hu\/wpm\/wp-json\/wp\/v2\/posts\/17233\/revisions"}],"predecessor-version":[{"id":17236,"href":"https:\/\/kkre.hu\/wpm\/wp-json\/wp\/v2\/posts\/17233\/revisions\/17236"}],"wp:attachment":[{"href":"https:\/\/kkre.hu\/wpm\/wp-json\/wp\/v2\/media?parent=17233"}],"wp:term":[{"taxonomy":"category","embeddable":true,"href":"https:\/\/kkre.hu\/wpm\/wp-json\/wp\/v2\/categories?post=17233"},{"taxonomy":"post_tag","embeddable":true,"href":"https:\/\/kkre.hu\/wpm\/wp-json\/wp\/v2\/tags?post=17233"}],"curies":[{"name":"wp","href":"https:\/\/api.w.org\/{rel}","templated":true}]}}