{"id":17240,"date":"2021-10-31T21:38:44","date_gmt":"2021-10-31T20:38:44","guid":{"rendered":"https:\/\/kkre.hu\/wpm\/?p=17240"},"modified":"2021-10-31T21:39:17","modified_gmt":"2021-10-31T20:39:17","slug":"hirdetesek-2021-oktober-31","status":"publish","type":"post","link":"https:\/\/kkre.hu\/wpm\/blog\/2021\/10\/31\/hirdetesek-2021-oktober-31\/","title":{"rendered":"Hirdet\u00e9sek, 2021. okt\u00f3ber 31."},"content":{"rendered":"<p><strong>Aki szeretn\u00e9 a Hirdet\u00e9seket emailben is megkapni k\u00e9rj\u00fck, jelezze szem\u00e9lyesen a Lelk\u00e9szi hivatalban.<\/strong><\/p> <p><strong>\u00a0<\/strong><\/p> <p><strong>Konfirm\u00e1ci\u00f3:<\/strong><\/p> <p>&#8211; N\u00e9gy \u00e9v felk\u00e9sz\u00fcl\u00e9s ut\u00e1n ebben az \u00e9vben nyolc fiatal tesz konfirm\u00e1ci\u00f3 fogadalmat: Holl\u00f3sy Levente, K\u00f3sa Tekla, Losonczi Levente, Nagy Vilmos, Ol\u00e1h D\u00f3ra Ant\u00f3nia, Proh\u00e1szka D\u00e9cse, Szlaby D\u00e1niel \u00e9s Szurmai Laura.<\/p> <p><strong>\u00a0<\/strong><\/p> <p><strong>Alkalmak: <\/strong><\/p> <p>&#8211; Ma d\u00e9lut\u00e1n, okt\u00f3ber 31-\u00e9n, a <strong>Reform\u00e1ci\u00f3<\/strong> eml\u00e9knapj\u00e1n 17 \u00f3rakor <strong>\u00dcnnepi Istentisztelet<\/strong> lesz a kispesti protest\u00e1nsokkal k\u00f6z\u00f6sen. Az evang\u00e9likus \u00e9s a r\u00f3zsat\u00e9ri \u00e9s kispest-k\u00f6zponti reform\u00e1tus k\u00f3rusok fognak k\u00f6z\u00f6sen \u00e9nekelni \u00e9s Szotyori Nagy G\u00e1bor fog orgon\u00e1lni.<\/p> <p>&#8211; Szerd\u00e1n 18 \u00f3rakor tartunk <strong>Istentiszteletet<\/strong> itt a templomban<\/p> <p>&#8211; J\u00f6v\u0151 <strong>vas\u00e1rnap<\/strong> <strong>10 \u00f3ra<\/strong>kor lesz <strong>Istentiszteletet<\/strong> itt a Templomban<strong>, <\/strong>az igehirdet\u00e9s el\u0151tt a gyermekek kimehetnek a gy\u00fclekezeti h\u00e1zba <strong>Gyermekistentiszteletre. <\/strong>(online k\u00f6zvet\u00edtve: <a href=\"https:\/\/kkre.hu\/wpm\/\">https:\/\/kkre.hu\/wpm\/<\/a>) Rem\u00e9nys\u00e9g szerint a kereszts\u00e9g s\u00e1kramentum\u00e1t is kiszolg\u00e1ltatjuk Balla K\u00e1roly \u00e9s feles\u00e9ge Kov\u00e1cs Vikt\u00f3ria m\u00e1sodik gyermek\u00e9nek, Dominink\u00e1nak<\/p> <p>&#8211; J\u00f6v\u0151 vas\u00e1rnap <strong>17 \u00f3ra<\/strong>kor is lesz <strong>Istentisztelet<\/strong> itt a templomban, amely egyben a Sz\u0151l\u0151skert Reform\u00e1tus \u00d3voda csal\u00e1di istentisztelete is lesz (online k\u00f6zvet\u00edtve: <a href=\"https:\/\/kkre.hu\/wpm\/\">https:\/\/kkre.hu\/wpm\/<\/a>)<\/p> <p><strong>Esk\u00fcv\u0151:<\/strong><\/p> <p>&#8211; \u00d6r\u00f6mmel jelentem a gy\u00fclekezetnek, hogy Szab\u00f3 J\u00f3zsef, reform\u00e1tus, \u00e9p\u00fcletg\u00e9p\u00e9sztechnikus eljegyezte Bart\u00f3k Ilona r\u00f3mai katolikus fon\u00f3n\u0151t. H\u00e1zass\u00e1gk\u00f6t\u00e9s\u00fck meg\u00e1ld\u00e1s\u00e1nak tervezett id\u0151pontja november 12, d\u00e9lut\u00e1n f\u00e9l 3. Hordozzuk im\u00e1ds\u00e1gban az esk\u00fcv\u0151re k\u00e9sz\u00fcl\u0151 jegyesp\u00e1rt.<\/p> <p><strong>Konfirm\u00e1ci\u00f3:<\/strong><\/p> <p>&#8211; Akiknek id\u00e9n tavasszal lett volna eredetileg a konfirm\u00e1ci\u00f3juk, <strong>cs\u00fct\u00f6rt\u00f6k\u00f6n, 16 \u00f3ra 30 perckor<\/strong> lesz \u00f3r\u00e1juk<\/p> <p>&#8211; Szeretettel v\u00e1rjuk azokat a legal\u00e1bb 8. oszt\u00e1lyos ifjakat is konfirm\u00e1ci\u00f3 el\u0151k\u00e9sz\u00edt\u0151re, akik m\u00e9g nem kezdt\u00e9k meg a legal\u00e1bb k\u00e9t \u00e9ves felk\u00e9sz\u00fcl\u00e9st a konfirm\u00e1ci\u00f3i fogadalomt\u00e9telre. Az \u0151 \u00f3r\u00e1juk szerd\u00e1n 16 \u00f3rakor van<\/p> <p>&#8211; Feln\u0151tteknek <strong>cs\u00fct\u00f6rt\u00f6k\u00f6n<\/strong> tartunk konfirm\u00e1ci\u00f3 el\u0151k\u00e9sz\u00edt\u0151t, ami <strong>\u00a0ezen a h\u00e9ten kiv\u00e9telesen 1\/2 18 \u00f3ra<\/strong>kor lesz<\/p> <p><strong>\u00a0<\/strong><\/p> <p><strong>Templomtakar\u00edt\u00e1s:<\/strong><\/p> <p>&#8211; Ezen a h\u00e9ten \u00fajra szeretettel v\u00e1rjuk a testv\u00e9reket, <strong>p\u00e9nteken<\/strong> 17 \u00f3r\u00e1t\u00f3l, hogy kitakar\u00edtsuk a templomot. K\u00f6sz\u00f6nj\u00fck azoknak, akik el nem m\u00fal\u00f3 szeretettel j\u00f6nnek h\u00e9tr\u0151l-h\u00e9tre takar\u00edtani, hogy templomunkban mindig tisztas\u00e1g \u00e9s rend lehessen alkalmainkra.<\/p> <p><strong>Orgona Cd:<\/strong><\/p> <p>&#8211; \u00d6r\u00f6mmel jelentem a gy\u00fclekezetnek, hogy Szotyori Nagy G\u00e1bor orgonam\u0171v\u00e9sz\u00fcnknek megjelent az \u00d6n\u00e1ll\u00f3 \u201eCD-je\u201d, Felix Mendelssohn orgona m\u0171veib\u0151l. A CD-k az iratterjeszt\u00e9sben megv\u00e1s\u00e1rolhat\u00f3k \u00e9s az \u00e1rukb\u00f3l befolyt \u00f6sszeget m\u0171v\u00e9sz \u00far az orgona tiszt\u00edt\u00e1s\u00e1ra, sz\u00fcks\u00e9ges karbantart\u00e1s\u00e1ra aj\u00e1nlotta fel.<\/p> <p><strong>Lectio:<\/strong> Zsolt\u00e1rok: 76, 1-13<\/p> <p><strong>Textus:<\/strong> Zsolt\u00e1rok: 76, 2<\/p> <p><strong>\u00c9nekek:<\/strong> \u00a0\u00a0\u00a0\u00a0\u00a0\u00a0\u00a0 \u00a0\u00a076: 1<\/p> <p>Heidelbergi K\u00e1t\u00e9: XLIV. \u00darnapja<\/p> <p>165: 1-2<\/p> <p>165: 4<\/p> <p>165: 6<\/p> <p>356: 1, 2, 5<\/p> <p>134: 3<\/p> <p>42: 1, 7<\/p> <p>\u00dav: 436, 458, 459, 460, 461, 462<\/p> <p>90 : 1, 9<\/p> <p>Igehirdet\u0151: Harkai Ferenc<\/p> <p><strong>\u00a0<\/strong><\/p> <p><strong>\u00a0<\/strong><\/p> <p><strong><em>D\u00e9lut\u00e1n Reform\u00e1ci\u00f3 eml\u00e9k\u00fcnnepe:<\/em><\/strong><\/p> <p><strong>\u00a0<\/strong><\/p> <p><strong>Textus:<\/strong> M\u00e1t\u00e9: 27, 45-50 \u00e9s 1 Tim\u00f3theus, 3, 8-13<\/p> <h4><\/h4> <p><strong>\u00c9nekek:<\/strong> \u00a0\u00a0\u00a0\u00a0\u00a0\u00a0\u00a0 \u00a0\u00a042: 1<\/p> <p>390: 1-4<\/p> <p>Igehirdet\u0151: De\u00e1k L\u00e1szl\u00f3 evang\u00e9likus lelkip\u00e1sztor \u00e9s Harkai Ferenc<\/p> ","protected":false},"excerpt":{"rendered":"<p>Aki szeretn\u00e9 a Hirdet\u00e9seket emailben is megkapni k\u00e9rj\u00fck, jelezze szem\u00e9lyesen a Lelk\u00e9szi hivatalban. \u00a0 Konfirm\u00e1ci\u00f3: &#8211; N\u00e9gy \u00e9v felk\u00e9sz\u00fcl\u00e9s ut\u00e1n ebben az \u00e9vben nyolc fiatal tesz konfirm\u00e1ci\u00f3 fogadalmat: Holl\u00f3sy Levente, K\u00f3sa Tekla, Losonczi Levente, Nagy Vilmos, Ol\u00e1h D\u00f3ra Ant\u00f3nia, Proh\u00e1szka D\u00e9cse, Szlaby D\u00e1niel \u00e9s Szurmai Laura. \u00a0 Alkalmak: &#8211; Ma d\u00e9lut\u00e1n, okt\u00f3ber 31-\u00e9n, a Reform\u00e1ci\u00f3&hellip;<\/p>\n","protected":false},"author":15,"featured_media":0,"comment_status":"closed","ping_status":"closed","sticky":false,"template":"","format":"standard","meta":[],"categories":[17],"tags":[],"acf":[],"_links":{"self":[{"href":"https:\/\/kkre.hu\/wpm\/wp-json\/wp\/v2\/posts\/17240"}],"collection":[{"href":"https:\/\/kkre.hu\/wpm\/wp-json\/wp\/v2\/posts"}],"about":[{"href":"https:\/\/kkre.hu\/wpm\/wp-json\/wp\/v2\/types\/post"}],"author":[{"embeddable":true,"href":"https:\/\/kkre.hu\/wpm\/wp-json\/wp\/v2\/users\/15"}],"replies":[{"embeddable":true,"href":"https:\/\/kkre.hu\/wpm\/wp-json\/wp\/v2\/comments?post=17240"}],"version-history":[{"count":2,"href":"https:\/\/kkre.hu\/wpm\/wp-json\/wp\/v2\/posts\/17240\/revisions"}],"predecessor-version":[{"id":17242,"href":"https:\/\/kkre.hu\/wpm\/wp-json\/wp\/v2\/posts\/17240\/revisions\/17242"}],"wp:attachment":[{"href":"https:\/\/kkre.hu\/wpm\/wp-json\/wp\/v2\/media?parent=17240"}],"wp:term":[{"taxonomy":"category","embeddable":true,"href":"https:\/\/kkre.hu\/wpm\/wp-json\/wp\/v2\/categories?post=17240"},{"taxonomy":"post_tag","embeddable":true,"href":"https:\/\/kkre.hu\/wpm\/wp-json\/wp\/v2\/tags?post=17240"}],"curies":[{"name":"wp","href":"https:\/\/api.w.org\/{rel}","templated":true}]}}