{"id":17281,"date":"2021-11-07T20:25:16","date_gmt":"2021-11-07T19:25:16","guid":{"rendered":"https:\/\/kkre.hu\/wpm\/?p=17281"},"modified":"2021-11-07T20:26:04","modified_gmt":"2021-11-07T19:26:04","slug":"hirdetesek-2021-november-07","status":"publish","type":"post","link":"https:\/\/kkre.hu\/wpm\/blog\/2021\/11\/07\/hirdetesek-2021-november-07\/","title":{"rendered":"Hirdet\u00e9sek, 2021. november 07."},"content":{"rendered":"<p><strong>Aki szeretn\u00e9 a Hirdet\u00e9seket emailben is megkapni k\u00e9rj\u00fck, jelezze szem\u00e9lyesen a Lelk\u00e9szi hivatalban.<\/strong><\/p> <p><strong>\u00a0<\/strong><\/p> <p><strong>Alkalmak: <\/strong><\/p> <p>&#8211; Ma d\u00e9lut\u00e1n 17 \u00f3rakor is lesz<strong> Istentisztelet<\/strong>, ami egyben a Sz\u0151l\u0151skert Reform\u00e1tus \u00d3voda csal\u00e1di Istentisztelete is, ami ut\u00e1n lesz szeretetvend\u00e9gs\u00e9g is (online k\u00f6zvet\u00edtve: <a href=\"https:\/\/kkre.hu\/wpm\/\">https:\/\/kkre.hu\/wpm\/<\/a>)<\/p> <p>&#8211; Szerd\u00e1n 18 \u00f3rakor tartunk <strong>Istentiszteletet<\/strong> itt a templomban (online k\u00f6zvet\u00edtve: <a href=\"https:\/\/kkre.hu\/wpm\/\">https:\/\/kkre.hu\/wpm\/<\/a>)<\/p> <p>&#8211; J\u00f6v\u0151 <strong>vas\u00e1rnap<\/strong> <strong>10 \u00f3ra<\/strong>kor lesz <strong>Istentiszteletet<\/strong> itt a Templomban<strong>, <\/strong>az igehirdet\u00e9s el\u0151tt a gyermekek kimehetnek a gy\u00fclekezeti h\u00e1zba <strong>Gyermekistentiszteletre. <\/strong>(online k\u00f6zvet\u00edtve: <a href=\"https:\/\/kkre.hu\/wpm\/\">https:\/\/kkre.hu\/wpm\/<\/a>)<\/p> <p>&#8211; J\u00f6v\u0151 vas\u00e1rnap <strong>17 \u00f3ra<\/strong>kor is lesz <strong>Istentisztelet<\/strong> itt a templomban (online k\u00f6zvet\u00edtve: <a href=\"https:\/\/kkre.hu\/wpm\/\">https:\/\/kkre.hu\/wpm\/<\/a>)<\/p> <p><strong>Egyh\u00e1zker\u00fcleti k\u00f6zgy\u0171l\u00e9s \u00e9s lelk\u00e9szszentel\u00e9s:<\/strong><\/p> <p>&#8211; Ezen a h\u00e9ten november 11-\u00e9n, cs\u00fct\u00f6rt\u00f6k\u00f6n, d\u00e9lel\u0151tt f\u00e9l 10-kor kezd\u0151dik a Dunamell\u00e9ki Reform\u00e1tus Egyh\u00e1zker\u00fclet k\u00f6zgy\u0171l\u00e9se a Groupama Ar\u00e9na konferencia term\u00e9ben. Ezen a napon d\u00e9lut\u00e1n 17<u><sup>30<\/sup><\/u>-kor kezd\u0151dik a Budapest-Nagyv\u00e1rad t\u00e9ri Reform\u00e1tus Egyh\u00e1zk\u00f6zs\u00e9g templom\u00e1ban az \u00faj lelkip\u00e1sztorok felszentel\u00e9se. Ezen az alkalmon fogj\u00e1k Papp M\u00e1rton tiszteletes urat is felszentelni, \u00edgy szeretettel h\u00edvjuk egyh\u00e1ztagjainkat is erre az alkalomra.<\/p> <p>Ezekre az alkalmakra v\u00e9detts\u00e9gi igazolv\u00e1nnyal lehet bemenni, \u00e9s maszkot kell viselni.<\/p> <p><strong>Esk\u00fcv\u0151:<\/strong><\/p> <p>&#8211; \u00d6r\u00f6mmel jelentem a gy\u00fclekezetnek, hogy Szab\u00f3 J\u00f3zsef \u00e9s n\u00e9hai Orb\u00e1n Irma, reform\u00e1tus, \u00e9p\u00fcletg\u00e9p\u00e9sztechnikus elv\u00e1lt fia, J\u00f3zsef eljegyezte n\u00e9hai Bart\u00f3k Istv\u00e1n \u00e9s Hidegk\u00fati Ilona, r\u00f3mai katolikus fon\u00f3n\u0151, elv\u00e1lt le\u00e1ny\u00e1t, Ilon\u00e1t. H\u00e1zass\u00e1gk\u00f6t\u00e9s\u00fck meg\u00e1ld\u00e1s\u00e1nak tervezett id\u0151pontja ezen a h\u00e9ten november 12., p\u00e9ntek d\u00e9lut\u00e1n f\u00e9l 3. Hordozzuk im\u00e1ds\u00e1gban az esk\u00fcv\u0151re k\u00e9sz\u00fcl\u0151 jegyesp\u00e1rt.<\/p> <p><strong>Temet\u00e9s:<\/strong><\/p> <p>&#8211; November 3-\u00e1n, szerd\u00e1n d\u00e9lel\u0151tt itt a templomban b\u00facs\u00faztunk Sz\u00e9kely Csab\u00e1t\u00f3l, aki 56 \u00e9ves kor\u00e1ban okt\u00f3ber 12-\u00e9n hunyt el. A felt\u00e1mad\u00e1s ig\u00e9it 1 Tim\u00f3theus: 4, 5-6 alapj\u00e1n hirdett\u00fck: \u201eMert Isten minden teremtm\u00e9nye j\u00f3, \u00e9s semmi sem elvetend\u0151, ha h\u00e1laad\u00e1ssal \u00e9lnek vele,<sup><a href=\"https:\/\/abibliamindenkie.hu\/uj\/1TI\/4#5\">5<\/a><\/sup>mert Isten ig\u00e9je \u00e9s a k\u00f6ny\u00f6rg\u00e9s megszenteli. <sup><a href=\"https:\/\/abibliamindenkie.hu\/uj\/1TI\/4#6\">6<\/a><\/sup>Ha ezeket tan\u00edtod a testv\u00e9reknek, j\u00f3 szolg\u00e1ja leszel Krisztus J\u00e9zusnak, hiszen a hit \u00e9s az igaz tan\u00edt\u00e1s ig\u00e9ivel t\u00e1pl\u00e1lkozol, amelynek k\u00f6vet\u0151j\u00e9v\u00e9 lett\u00e9l.\u201d Isten vigasztal\u00e1s\u00e1t k\u00e9rj\u00fck feles\u00e9g\u00e9nek, l\u00e1ny\u00e1nak, \u00e9desapj\u00e1nak \u00e9s szeretteinek A Boldog Felt\u00e1mad\u00e1s Rem\u00e9nys\u00e9ge Alatt.<\/p> <p>&#8211; November 4-\u00e9n, cs\u00fct\u00f6rt\u00f6k d\u00e9lut\u00e1n Csepeli temet\u0151ben helyezt\u00fck v\u00e9gs\u0151 nyugalomra Hasznosi Anna, sz\u00fcletett: L\u00f3nai Anna hamvait, aki 72 \u00e9ves kor\u00e1ban, 2016. m\u00e1jus 05-\u00e9n hunyt el \u00e9s ekkor b\u00facs\u00faztunk f\u00e9rj\u00e9t\u0151l id. Hasznosi L\u00e1szl\u00f3t\u00f3l, aki 81 \u00e9ves kor\u00e1ban 2021. okt\u00f3ber. 05-\u00e9n. hunyt el. A felt\u00e1mad\u00e1s ig\u00e9it: 1. Tim\u00f3theuss: 4, 12-17 \u201e<sup><a href=\"https:\/\/abibliamindenkie.hu\/uj\/1TI\/4#12\">12<\/a><\/sup>Senki meg ne vessen ifj\u00fa korod miatt, hanem l\u00e9gy p\u00e9ld\u00e1ja a h\u00edv\u0151knek besz\u00e9dben, magaviseletben, szeretetben, hitben, tiszta \u00e9letben. <sup><a href=\"https:\/\/abibliamindenkie.hu\/uj\/1TI\/4#13\">13<\/a><\/sup>Am\u00edg meg\u00e9rkezem, legyen gondod a Szent\u00edr\u00e1s felolvas\u00e1s\u00e1ra, az igehirdet\u00e9sre, a tan\u00edt\u00e1sra. <sup><a href=\"https:\/\/abibliamindenkie.hu\/uj\/1TI\/4#14\">14<\/a><\/sup>Ne hanyagold el a benned lev\u0151 kegyelmi aj\u00e1nd\u00e9kot, amelyet pr\u00f3f\u00e9cia \u00e1ltal kapt\u00e1l a v\u00e9nek k\u00e9zr\u00e1t\u00e9tel\u00e9vel. <sup><a href=\"https:\/\/abibliamindenkie.hu\/uj\/1TI\/4#15\">15<\/a><\/sup>Ezekkel t\u00f6r\u0151dj, ezekkel foglalkozz, hogy el\u0151rehalad\u00e1sod nyilv\u00e1nval\u00f3 legyen mindenki el\u0151tt. <sup><a href=\"https:\/\/abibliamindenkie.hu\/uj\/1TI\/4#16\">16<\/a><\/sup>Legyen gondod \u00f6nmagadra \u00e9s a tan\u00edt\u00e1sra, maradj meg ezek mellett, mert ha \u00edgy cselekszel, megmented magadat is, hallgat\u00f3idat is. Isten vigasztal\u00e1s\u00e1t k\u00e9rj\u00fck l\u00e1ny\u00e1nak, fi\u00e1nak, unok\u00e1inak \u00e9s szeretteiknek A Boldog Felt\u00e1mad\u00e1s Rem\u00e9nys\u00e9ge Alatt.<\/p> <p>&#8211; November 5-\u00e9n, p\u00e9nteken d\u00e9lben temett\u00fck az \u00dajpesti temet\u0151ben, Kov\u00e1cs Istv\u00e1nn\u00e9, sz\u00fcletett: Ikl\u00f3dy M\u00e1ria asszonytestv\u00e9r\u00fcnket, aki 96 \u00e9ves kor\u00e1ban okt\u00f3ber 15. hunyt el. A vigasztal\u00e1s ig\u00e9it a Zsolt\u00e1rok k\u00f6nyve: 23, 1-6 alapj\u00e1n hirdett\u00fck: \u201eD\u00e1vid zsolt\u00e1ra. Az \u00dar az \u00e9n p\u00e1sztorom, nem sz\u0171k\u00f6lk\u00f6d\u00f6m.<sup> <a href=\"https:\/\/abibliamindenkie.hu\/uj\/PSA\/23#2\">2<\/a><\/sup>F\u00fcves legel\u0151k\u00f6n terelget, csendes vizekhez vezet engem.<sup><a href=\"https:\/\/abibliamindenkie.hu\/uj\/PSA\/23#3\">3<\/a><\/sup>Lelkemet fel\u00fcd\u00edti, igaz \u00f6sv\u00e9nyen vezet az \u0151 nev\u00e9\u00e9rt.<sup><a href=\"https:\/\/abibliamindenkie.hu\/uj\/PSA\/23#4\">4<\/a><\/sup>Ha a hal\u00e1l \u00e1rny\u00e9ka v\u00f6lgy\u00e9ben j\u00e1rok is, nem f\u00e9lek semmi bajt\u00f3l, mert te velem vagy: vessz\u0151d \u00e9s botod megvigasztal engem. <sup><a href=\"https:\/\/abibliamindenkie.hu\/uj\/PSA\/23#5\">5<\/a><\/sup>Asztalt ter\u00edtesz nekem ellens\u00e9geim szeme l\u00e1tt\u00e1ra. Megkened fejemet olajjal, csordultig van poharam. <sup><a href=\"https:\/\/abibliamindenkie.hu\/uj\/PSA\/23#6\">6<\/a><\/sup>Bizony, j\u00f3s\u00e1god \u00e9s szereteted k\u00eds\u00e9r \u00e9letem minden napj\u00e1n, \u00e9s az \u00dar h\u00e1z\u00e1ban lakom eg\u00e9sz \u00e9letemben<\/p> <p>\u201dIsten vigasztal\u00e1s\u00e1t k\u00e9rj\u00fck l\u00e1ny\u00e1nak, \u00f6ccs\u00e9nek, unoka\u00f6ccs\u00e9nek \u00e9s szeretteinek ABFRA<\/p> <p>&#8211; 2021. november 6., szombaton d\u00e9lut\u00e1n Wekerl\u00e9n a Munk\u00e1s Szent J\u00f3zsef Templomban b\u00facs\u00faztunk Peszmegn\u00e9 Szab\u00f3 \u00c9v\u00e1t\u00f3l, aki 60 \u00e9ves kor\u00e1ban okt\u00f3ber 19-\u00e9n hunyt el. A felt\u00e1mad\u00e1s ig\u00e9i a Szeretet himnusz\u00e1b\u00f3l hirdett\u00fck, az 1 Korinthus 13, 13 alapj\u00e1n: \u201eMost az\u00e9rt megmarad a hit, a rem\u00e9ny, a szeretet, e h\u00e1rom; ezek k\u00f6z\u00fcl pedig a legnagyobb a szeretet.\u201d Isten vigasztal\u00e1s\u00e1t k\u00e9rj\u00fck f\u00e9rj\u00e9nek, fiainak, unok\u00e1inak, \u00e9desanyj\u00e1nak \u00e9s szeretteinek A Boldog Felt\u00e1mad\u00e1s Rem\u00e9nys\u00e9ge Alatt.<\/p> <p><strong>Iskolai el\u0151k\u00e9sz\u00edt\u0151:<\/strong><\/p> <p>&#8211; Ezen a h\u00e9ten, november 9-\u00e9n, kedden 17 \u00f3r\u00e1ra \u00fajra v\u00e1rjuk a leend\u0151 els\u0151s\u00f6ket \u00e9s sz\u00fcleiket az <strong>Ady Endre Reform\u00e1tus \u00c1ltal\u00e1nos Iskol\u00e1ba<\/strong> a TUD\u00c1S H\u00d6RPENT\u0150-SZ\u00d6RPENT\u0150 iskolael\u0151k\u00e9sz\u00edt\u0151 programunkra.<\/p> <p><strong>\u00a0<\/strong><\/p> <p><strong>\u00c9nekkar:<\/strong><\/p> <p>&#8211; Az \u00e9nekkar pr\u00f3b\u00e1ja h\u00e9tf\u0151n, 18 \u00f3rakor van az alagsorban. Szeretettel. v\u00e1rjuk azokat is, akik eddig is tagjai voltak ennek a k\u00f6z\u00f6ss\u00e9gnek \u00e9s h\u00edvjuk azokat a testv\u00e9reket is, akik eddig nem voltak ilyen alkalmon.<\/p> <p>&#8211;<\/p> <p><strong>Konfirm\u00e1ci\u00f3:<\/strong><\/p> <p>&#8211; Ezen a h\u00e9ten a cs\u00fct\u00f6rt\u00f6ki konfirmandus \u00f3r\u00e1k elmaradnak<\/p> <p>&#8211; Szeretettel v\u00e1rjuk azokat a legal\u00e1bb 8. oszt\u00e1lyos ifjakat is konfirm\u00e1ci\u00f3 el\u0151k\u00e9sz\u00edt\u0151re, akik m\u00e9g nem kezdt\u00e9k meg a legal\u00e1bb k\u00e9t \u00e9ves felk\u00e9sz\u00fcl\u00e9st a konfirm\u00e1ci\u00f3i fogadalomt\u00e9telre. Az \u0151 \u00f3r\u00e1juk szerd\u00e1n 16 \u00f3rakor van<\/p> <p><strong>\u00a0<\/strong><\/p> <p><strong>Templomtakar\u00edt\u00e1s:<\/strong><\/p> <p>&#8211; Ezen a h\u00e9ten \u00fajra szeretettel v\u00e1rjuk a testv\u00e9reket, <strong>p\u00e9nteken<\/strong> 17 \u00f3r\u00e1t\u00f3l, hogy kitakar\u00edtsuk a templomot. K\u00f6sz\u00f6nj\u00fck azoknak, akik el nem m\u00fal\u00f3 szeretettel j\u00f6nnek h\u00e9tr\u0151l-h\u00e9tre takar\u00edtani, hogy templomunkban mindig tisztas\u00e1g \u00e9s rend lehessen alkalmainkra.<\/p> <p><strong>Orgona Cd:<\/strong><\/p> <p>&#8211; \u00d6r\u00f6mmel jelentem a gy\u00fclekezetnek, hogy Szotyori Nagy G\u00e1bor orgonam\u0171v\u00e9sz\u00fcnknek megjelent az \u00d6n\u00e1ll\u00f3 \u201eCD-je\u201d, Felix Mendelssohn orgona m\u0171veib\u0151l. A CD-k az iratterjeszt\u00e9sben megv\u00e1s\u00e1rolhat\u00f3k \u00e9s az \u00e1rukb\u00f3l befolyt \u00f6sszeget m\u0171v\u00e9sz \u00far az orgona tiszt\u00edt\u00e1s\u00e1ra, sz\u00fcks\u00e9ges karbantart\u00e1s\u00e1ra aj\u00e1nlotta fel.<\/p> <p><strong>Lectio:<\/strong> 1 Tim\u00f3theus 6, 4-10<\/p> <p><strong>Textus:<\/strong> 1 Tim\u00f3theus 6, 6<\/p> <p><strong>\u00c9nekek: \u00a0\u00a0\u00a0\u00a0\u00a0\u00a0\u00a0 <\/strong>143: 1<\/p> <p>329: 2<\/p> <p>Ker.: Balla Dominka: 143: 8<\/p> <p>Sz\u00fcl\u0151k: Balla K\u00e1roly \u00e9s Kov\u00e1cs Vikt\u00f3ria<\/p> <p>134: 3<\/p> <p>Heidelbergi K\u00e1t\u00e9: XLV. \u00darnapja<\/p> <p>90: 1<\/p> <p>475: 1-3 GYERMEKEK KIMENNEK<\/p> <p>90: 9<\/p> <p>194<\/p> <p>Igehirdet\u0151: Harkai Ferenc<\/p> <p><strong>\u00a0<\/strong><\/p> <p><strong><em>D\u00e9lut\u00e1n:<\/em><\/strong><\/p> <p><strong>\u00a0<\/strong><\/p> <p><strong>Textus: <\/strong>Zsolt\u00e1rok: 82, 1-8<\/p> <h4><\/h4> <p><strong>Heidelbergi K\u00e1t\u00e9:<\/strong> XLV. \u00darnapja<\/p> <h4><\/h4> <p><strong>\u00c9nekek:<\/strong> \u00a0\u00a0\u00a0\u00a0\u00a0\u00a0\u00a0 \u00a0\u00a0\u00a0\u00a05: 1<\/p> <p>165: 1-2<\/p> <p>236: 1-3<\/p> <p>Igehirdet\u0151: Harkai Ferenc<\/p> <p><strong>\u00a0<\/strong><\/p> <p><strong><em>Aktu\u00e1lis int\u00e9zked\u00e9sek a COVID 19-hez kapcsol\u00f3d\u00f3an:<\/em><\/strong><\/p> <p>Az Egyh\u00e1zk\u00f6zs\u00e9g eln\u00f6ks\u00e9g\u00e9nek, J\u00f3zsa J\u00f3zsef kur\u00e1tornak, \u00e9s Harkai Ferenc Csaba lelkip\u00e1sztornak a felel\u0151ss\u00e9ge, hogy minden el\u0151\u00edr\u00e1s be legyen tartva.<\/p> <p><strong>\u00a0<\/strong><\/p> <p><strong>\u201eAmit csak szeretn\u00e9tek, hogy az emberek tegyenek veletek, mindenben ugyan\u00fagy tegyetek ti is vel\u00fck, mert ezt tan\u00edtja a t\u00f6rv\u00e9ny \u00e9s a pr\u00f3f\u00e9t\u00e1k.\u201d M\u00e1t\u00e9 7, 12<\/strong><\/p> <p>K\u00e9rj\u00fck, hogy a jelenlegi helyzetben csak eg\u00e9szs\u00e9gesen \u00e9s v\u00e9detts\u00e9gi igazolv\u00e1nnyal j\u00f6jj\u00fcnk az alkalmakra. Minden alkalmunkat k\u00f6zvet\u00edt\u00fcnk, hogy akik betegs\u00e9g miatt nem lehetnek r\u00e9szesei a k\u00f6z\u00f6ss\u00e9gnek az igehallgat\u00e1s lehet\u0151s\u00e9g\u00e9b\u0151l ne maradjanak ki.<\/p> <p>Miut\u00e1n egyh\u00e1ztagjaink k\u00f6z\u00f6tt is sokan voltak az elm\u00falt hetekben covidosak, \u00edgy, ezen tapasztalat alapj\u00e1n mondjuk, hogy a beoltottak eset\u00e9ben komoly betegs\u00e9g, vagy s\u00falyos \u00e1llapot nem alakult ki. Viszont a n\u00e9h\u00e1ny oltatlan eset\u00e9ben s\u00falyosabb t\u00fcnetek \u00e9s bizony nagyon komoly k\u00f3rh\u00e1zi ell\u00e1t\u00e1st ig\u00e9nyl\u0151 helyzet is kialakult. B\u00e1tor\u00edtunk mindenkit az olt\u00e1s felv\u00e9tel\u00e9re.<\/p> <p>Addig pedig, am\u00edg a covid v\u00edrust nem tudjuk visszaszor\u00edtani, el kell tudnunk fogadni, hogy egyre t\u00f6bb helyen k\u00f6telez\u0151 a maszk visel\u00e9se, \u00edgy m\u00e1r a templomokban is k\u00e9rik a maszk visel\u00e9s\u00e9t.<\/p> <p>K\u00e9r\u00fcnk mindenkit, haszn\u00e1lja a bej\u00e1ratn\u00e1l elhelyezett <strong>k\u00e9zfert\u0151tlen\u00edt\u0151t<\/strong>!<\/p> <p>Meg\u00e9rt\u00e9s\u00fckben, egy\u00fctt m\u0171k\u00f6d\u00e9s\u00fckben b\u00edzva, k\u00e9rj\u00fck seg\u00edts\u00e9g\u00fcket!<\/p> <p><strong>\u00a0<\/strong><\/p> <p><strong>\u00a0<\/strong><\/p> <p>A templomi \u2013 j\u00e1rv\u00e1ny\u00fcgyi &#8211; <strong>\u00fcl\u00e9srenddel<\/strong> kapcsolatban k\u00e9rem, mindenki figyeljen az ajt\u00f3n\u00e1l szolg\u00e1latot teljes\u00edt\u0151 presbiterek ir\u00e1ny\u00edt\u00e1s\u00e1ra.<\/p> <p>Tov\u00e1bbra is a Templomban tartjuk az alkalmainkat. <strong>Fogadjuk el, hogy most nem tudunk a megszokott hely\u00fcnkre \u00fclni, hiszen \u00e9rkez\u00e9si sorrendben az els\u0151 padokt\u00f3l kezdve tudunk helyet foglalni.<\/strong> A k\u00e9s\u0151bb \u00e9rkez\u0151k, illetve a megengedett l\u00e9tsz\u00e1m f\u00f6l\u00f6tt \u00e9rkez\u0151k m\u00e1r csak a Gy\u00fclekezeti h\u00e1zban tudnak le\u00fclni.<\/p> <p>K\u00e9rj\u00fck, mindenki hozzon mag\u00e1val otthonr\u00f3l \u00c9nekesk\u00f6nyvet. Term\u00e9szetesen most is lehet a templomban a szokott helyr\u0151l elvenni \u00c9nekesk\u00f6nyvet, amit viszont k\u00e9rj\u00fck, hogy az erre a c\u00e9lra kihelyezett tart\u00f3ba tegyenek vissza, az Istentisztelet v\u00e9g\u00e9n, hogy \u00edgy is cs\u00f6kkents\u00fck az esetleges fert\u0151z\u00e9s lehet\u0151s\u00e9g\u00e9t!<\/p> <p><strong>\u00a0<\/strong><\/p> <p><strong>Kivonul\u00e1sn\u00e1l figyelj\u00fcnk arra, hogy el\u0151sz\u00f6r az els\u0151 sorban \u00fcl\u0151k induljanak el, majd sorban haladjunk a h\u00e1ts\u00f3 padok fel\u00e9, \u00edgy elker\u00fclhet\u0151, hogy a kij\u00e1ratn\u00e1l nagyon feltorl\u00f3djon a gy\u00fclekezet.<\/strong><\/p> <p><strong>\u00a0<\/strong><\/p> <p>Mindenki figyelm\u00e9t felh\u00edvjuk arra, hogy felel\u0151ss\u00e9ggel tartozunk egym\u00e1s ir\u00e1nt!<\/p> <p><strong>\u00a0<\/strong><\/p> <p><strong>K\u00e9rj\u00fck a gyakori k\u00e9zmos\u00e1s betart\u00e1s\u00e1t \u00e9s a sz\u00e1j \u00e9s orr eltakar\u00e1s\u00e1t minden\u00fctt, ahol erre el\u0151\u00edr\u00e1s van!<\/strong><\/p> <p><strong>\u00a0<\/strong><\/p> <p><strong>\u00a0<\/strong><\/p> <p><strong>\u201e<\/strong><strong>\u00d6r\u00fcljetek az \u00darban mindenkor! Ism\u00e9t mondom: \u00f6r\u00fcljetek! A ti szel\u00edds\u00e9getek legyen ismert minden ember el\u0151tt! Az \u00dar k\u00f6zel! Semmi\u00e9rt se agg\u00f3djatok, hanem im\u00e1ds\u00e1gban \u00e9s k\u00f6ny\u00f6rg\u00e9sben mindenkor h\u00e1laad\u00e1ssal t\u00e1rj\u00e1tok fel k\u00e9r\u00e9seiteket Isten el\u0151tt; \u00e9s Isten b\u00e9kess\u00e9ge, mely minden \u00e9rtelmet meghalad, \u00a0\u00a0meg fogja \u0151rizni sz\u00edveteket \u00e9s gondolataitokat Krisztus J\u00e9zusban.\u201d Filippi 4, 4-7<\/strong><\/p> ","protected":false},"excerpt":{"rendered":"<p>Aki szeretn\u00e9 a Hirdet\u00e9seket emailben is megkapni k\u00e9rj\u00fck, jelezze szem\u00e9lyesen a Lelk\u00e9szi hivatalban. \u00a0 Alkalmak: &#8211; Ma d\u00e9lut\u00e1n 17 \u00f3rakor is lesz Istentisztelet, ami egyben a Sz\u0151l\u0151skert Reform\u00e1tus \u00d3voda csal\u00e1di Istentisztelete is, ami ut\u00e1n lesz szeretetvend\u00e9gs\u00e9g is (online k\u00f6zvet\u00edtve: https:\/\/kkre.hu\/wpm\/) &#8211; Szerd\u00e1n 18 \u00f3rakor tartunk Istentiszteletet itt a templomban (online k\u00f6zvet\u00edtve: https:\/\/kkre.hu\/wpm\/) &#8211; J\u00f6v\u0151 vas\u00e1rnap&hellip;<\/p>\n","protected":false},"author":15,"featured_media":0,"comment_status":"closed","ping_status":"closed","sticky":false,"template":"","format":"standard","meta":[],"categories":[17],"tags":[],"acf":[],"_links":{"self":[{"href":"https:\/\/kkre.hu\/wpm\/wp-json\/wp\/v2\/posts\/17281"}],"collection":[{"href":"https:\/\/kkre.hu\/wpm\/wp-json\/wp\/v2\/posts"}],"about":[{"href":"https:\/\/kkre.hu\/wpm\/wp-json\/wp\/v2\/types\/post"}],"author":[{"embeddable":true,"href":"https:\/\/kkre.hu\/wpm\/wp-json\/wp\/v2\/users\/15"}],"replies":[{"embeddable":true,"href":"https:\/\/kkre.hu\/wpm\/wp-json\/wp\/v2\/comments?post=17281"}],"version-history":[{"count":2,"href":"https:\/\/kkre.hu\/wpm\/wp-json\/wp\/v2\/posts\/17281\/revisions"}],"predecessor-version":[{"id":17283,"href":"https:\/\/kkre.hu\/wpm\/wp-json\/wp\/v2\/posts\/17281\/revisions\/17283"}],"wp:attachment":[{"href":"https:\/\/kkre.hu\/wpm\/wp-json\/wp\/v2\/media?parent=17281"}],"wp:term":[{"taxonomy":"category","embeddable":true,"href":"https:\/\/kkre.hu\/wpm\/wp-json\/wp\/v2\/categories?post=17281"},{"taxonomy":"post_tag","embeddable":true,"href":"https:\/\/kkre.hu\/wpm\/wp-json\/wp\/v2\/tags?post=17281"}],"curies":[{"name":"wp","href":"https:\/\/api.w.org\/{rel}","templated":true}]}}