{"id":17322,"date":"2021-11-14T22:05:16","date_gmt":"2021-11-14T21:05:16","guid":{"rendered":"https:\/\/kkre.hu\/wpm\/?p=17322"},"modified":"2021-11-14T22:06:11","modified_gmt":"2021-11-14T21:06:11","slug":"hirdetesek-2021-november-14","status":"publish","type":"post","link":"https:\/\/kkre.hu\/wpm\/blog\/2021\/11\/14\/hirdetesek-2021-november-14\/","title":{"rendered":"Hirdet\u00e9sek, 2021. november 14."},"content":{"rendered":"<p><strong>Aki szeretn\u00e9 a Hirdet\u00e9seket emailben is megkapni k\u00e9rj\u00fck, jelezze szem\u00e9lyesen a Lelk\u00e9szi hivatalban.<\/strong><\/p> <p><strong>\u00a0<\/strong><\/p> <p><strong>Alkalmak: <\/strong><\/p> <p>&#8211; Ma d\u00e9lut\u00e1n 17 \u00f3rakor is lesz<strong> Istentisztelet<\/strong>, itt a templomban (online k\u00f6zvet\u00edtve: <a href=\"https:\/\/kkre.hu\/wpm\/\">https:\/\/kkre.hu\/wpm\/<\/a>)<\/p> <p>&#8211; Szerd\u00e1n 18 \u00f3rakor tartunk <strong>Istentiszteletet<\/strong> itt a templomban (online k\u00f6zvet\u00edtve: <a href=\"https:\/\/kkre.hu\/wpm\/\">https:\/\/kkre.hu\/wpm\/<\/a>)<\/p> <p>&#8211; Cs\u00fct\u00f6rt\u00f6k\u00f6n <strong>19 \u00f3rakor<\/strong> lesz <strong>Biblia\u00f3ra<\/strong> az alagsorban<\/p> <p>&#8211; J\u00f6v\u0151 <strong>vas\u00e1rnap<\/strong> <strong>10 \u00f3ra<\/strong>kor lesz <strong>Istentiszteletet<\/strong> itt a Templomban<strong>, <\/strong>az igehirdet\u00e9s el\u0151tt a gyermekek kimehetnek a gy\u00fclekezeti h\u00e1zba <strong>Gyermekistentiszteletre. <\/strong>Rem\u00e9nys\u00e9g szerint a kereszts\u00e9g s\u00e1kramentum\u00e1t is ki fogjuk szolg\u00e1ltatni: <strong>Bittenbinder<\/strong> Tam\u00e1s P\u00e9ter \u00e9s Horv\u00e1th Erika Ildik\u00f3 kisl\u00e1ny\u00e1nak, <strong>Biank\u00e1nak<\/strong> \u00e9s <strong>Kozma<\/strong> Dominik \u00e9s feles\u00e9ge Szab\u00f3 Zs\u00f3fia kisfi\u00e1nak, <strong>Oliv\u00e9rnek<\/strong>. Hordozzuk im\u00e1ds\u00e1gban a keresztel\u0151re k\u00e9sz\u00fcl\u0151 csal\u00e1dokat (online k\u00f6zvet\u00edtve: <a href=\"https:\/\/kkre.hu\/wpm\/\">https:\/\/kkre.hu\/wpm\/<\/a>)<\/p> <p>&#8211; J\u00f6v\u0151 vas\u00e1rnap <strong>17 \u00f3ra<\/strong>kor is lesz <strong>Istentisztelet<\/strong> itt a templomban (online k\u00f6zvet\u00edtve: <a href=\"https:\/\/kkre.hu\/wpm\/\">https:\/\/kkre.hu\/wpm\/<\/a>)<\/p> <p><strong>Konfirm\u00e1ci\u00f3:<\/strong><\/p> <p>&#8211; Akiknek id\u00e9n tavasszal lett volna eredetileg a konfirm\u00e1ci\u00f3juk, <strong>cs\u00fct\u00f6rt\u00f6k\u00f6n, 16 \u00f3ra 30 perckor<\/strong> lesz \u00f3r\u00e1juk<\/p> <p>&#8211; Szeretettel v\u00e1rjuk azokat a legal\u00e1bb 8. oszt\u00e1lyos ifjakat is konfirm\u00e1ci\u00f3 el\u0151k\u00e9sz\u00edt\u0151re, akik m\u00e9g nem kezdt\u00e9k meg a legal\u00e1bb k\u00e9t \u00e9ves felk\u00e9sz\u00fcl\u00e9st a konfirm\u00e1ci\u00f3i fogadalomt\u00e9telre. Az \u0151 \u00f3r\u00e1juk szerd\u00e1n 16 \u00f3rakor van<\/p> <p><strong>Adventikoszor\u00fa k\u00e9sz\u00edt\u00e9s:<\/strong><\/p> <p>&#8211; November 26-\u00e1n, p\u00e9nteken 16 \u00f3r\u00e1t\u00f3l lesz adventikoszor\u00fa k\u00e9sz\u00edt\u00e9s\u00fcnk. K\u00e9rj\u00fck, aki r\u00e9szt szeretne venni ezen az alkalmon, jelezze az Istentisztelet ut\u00e1n, hogy tudjuk, mennyi testv\u00e9rre sz\u00e1m\u00edthatunk. Egy\u00fattal k\u00e9rj\u00fck, hogy aki szeretne koszor\u00faalapot, gyerty\u00e1t is rendelni ezt is jelezze, az iratterjeszt\u00e9sn\u00e9l, hiszen Kerekes Kl\u00e1ra testv\u00e9r\u00fcnk, nemcsak seg\u00edt a koszor\u00fak elk\u00e9sz\u00edt\u00e9s\u00e9ben, de a sz\u00fcks\u00e9ges anyagokat is el fogja hozni.<\/p> <p><strong>\u00daj \u00c9nekesk\u00f6nyv:<\/strong><\/p> <p>&#8211; Reform\u00e1tus Egyh\u00e1zunk egy \u00faj \u00c9nekesk\u00f6nyvet adott ki, amelynek bemutat\u00f3ja november 21-\u00e9n, vas\u00e1rnap 16 \u00f3rakor lesz a K\u00e1lvin t\u00e9ri Reform\u00e1tus Templomban. Rem\u00e9nys\u00e9g\u00fcnk szerint ezt az alkalmat a Magyar Telev\u00edzi\u00f3 \u00e9l\u0151ben fogja k\u00f6zvet\u00edteni el\u0151rel\u00e1that\u00f3lag az M5 csatorn\u00e1n.<\/p> <p><strong>Lelk\u00e9szszentel\u00e9s:<\/strong><\/p> <p>&#8211; November 11-\u00e9n, cs\u00fct\u00f6rt\u00f6k\u00f6n volt a Budapest-Nagyv\u00e1rad t\u00e9ri Reform\u00e1tus Egyh\u00e1zk\u00f6zs\u00e9g templom\u00e1ban az \u00faj lelkip\u00e1sztorok felszentel\u00e9se. Ezen az alkalmon Papp M\u00e1rton tiszteletes urat is felszentelt\u00e9k, ezzel felhatalmazt\u00e1k az \u00f6n\u00e1ll\u00f3 lelkip\u00e1sztori szolg\u00e1lat ell\u00e1t\u00e1sra. Ebb\u0151l az alkalomb\u00f3l aj\u00e1nd\u00e9kozzuk meg lelkip\u00e1sztor urat \u00e9s k\u00e9rj\u00fck Isten \u00e1ld\u00e1s\u00e1t tov\u00e1bbi szolg\u00e1lat\u00e1ra.<\/p> <p><strong>Elhunyt:<\/strong><\/p> <p>&#8211; Az elm\u00falt h\u00e9ten elhunyt V\u00e9gh G\u00e9z\u00e1n\u00e9, Julika asszonytestv\u00e9r\u00fcnk, aki betegs\u00e9g\u00e9ig h\u0171s\u00e9ges, templomba j\u00e1r\u00f3, szolg\u00e1l\u00f3 tagja volt k\u00f6z\u00f6ss\u00e9g\u00fcnknek. Temet\u00e9se november 29-\u00e9n, h\u00e9tf\u0151n 11<u><sup>15<\/sup><\/u>-kor lesz.<\/p> <p><strong>Temet\u00e9s:<\/strong><\/p> <p>&#8211; November 10-\u00e9m, szerd\u00e1n d\u00e9lel\u0151tt a Kispesti \u00faj temet\u0151ben b\u00facs\u00faztunk, Benk\u0151 Alexandrut\u00f3l, aki 72 \u00e9ves kor\u00e1ban szeptember 3-\u00e1n hunyt el. A felt\u00e1mad\u00e1s ig\u00e9it a M\u00e1t\u00e9: 11, 28-30 alapj\u00e1n hirdett\u00fck: \u201eJ\u00f6jjetek \u00e9nhozz\u00e1m mindny\u00e1jan, akik megf\u00e1radtatok \u00e9s meg vagytok terhelve, \u00e9s \u00e9n megnyugv\u00e1st adok nektek. <sup><a href=\"https:\/\/abibliamindenkie.hu\/uj\/MAT\/11#29\">29<\/a><\/sup>Vegy\u00e9tek magatokra az \u00e9n ig\u00e1mat, \u00e9s tanulj\u00e1tok meg t\u0151lem, hogy szel\u00edd vagyok \u00e9s al\u00e1zatos sz\u00edv\u0171, \u00e9s megnyugv\u00e1st tal\u00e1ltok lelketeknek. <sup><a href=\"https:\/\/abibliamindenkie.hu\/uj\/MAT\/11#30\">30<\/a><\/sup>Mert az \u00e9n ig\u00e1m j\u00f3, \u00e9s az \u00e9n terhem k\u00f6nny\u0171.\u201d Isten vigasztal\u00e1s\u00e1t k\u00e9rj\u00fck feles\u00e9g\u00e9nek, gyermekeinek \u00e9ss szeretteinek A Boldog Felt\u00e1mad\u00e1s Rem\u00e9nys\u00e9ge Alatt.<\/p> <p>&#8211; Szint\u00e9n november 10-\u00e9n, szerd\u00e1n d\u00e9lel\u0151tt a Kispesti \u00faj temet\u0151ben b\u00facs\u00faztunk,\u00a0 Szilos S\u00e1ndor J\u00f3zsefn\u00e9, sz\u00fcl.: Vajland Margit, aki 81 \u00e9ves okt\u00f3ber 15-\u00e9n hunyt el. A felt\u00e1mad\u00e1s ig\u00e9it a Zsolt\u00e1rok: 85, 8 alapj\u00e1n hirdett\u00fck: \u201eMutasd meg Uram, hogy szeretsz minket \u00e9s adj nek\u00fcnk szabadul\u00e1st.\u201d Isten vigasztal\u00e1s\u00e1t k\u00e9rj\u00fck l\u00e1ny\u00e1nak, unok\u00e1inak, d\u00e9dunok\u00e1j\u00e1nak \u00e9s szeretteiknek A Boldog Felt\u00e1mad\u00e1s Rem\u00e9nys\u00e9ge Alatt.<\/p> <p><strong>\u00a0<\/strong><\/p> <p><strong>\u00c9nekkar:<\/strong><\/p> <p>&#8211; Az \u00e9nekkar pr\u00f3b\u00e1ja h\u00e9tf\u0151n, 18 \u00f3rakor van az alagsorban. Szeretettel v\u00e1rjuk azokat is, akik eddig is tagjai voltak ennek a k\u00f6z\u00f6ss\u00e9gnek \u00e9s h\u00edvjuk azokat a testv\u00e9reket is, akik eddig nem voltak ilyen alkalmon.<\/p> <p><strong>\u00a0<\/strong><\/p> <p><strong>Templomtakar\u00edt\u00e1s:<\/strong><\/p> <p>&#8211; Ezen a h\u00e9ten \u00fajra szeretettel v\u00e1rjuk a testv\u00e9reket, <strong>p\u00e9nteken<\/strong> 17 \u00f3r\u00e1t\u00f3l, hogy kitakar\u00edtsuk a templomot. K\u00f6sz\u00f6nj\u00fck azoknak, akik el nem m\u00fal\u00f3 szeretettel j\u00f6nnek h\u00e9tr\u0151l-h\u00e9tre takar\u00edtani, hogy templomunkban mindig tisztas\u00e1g \u00e9s rend lehessen alkalmainkra.<\/p> <p><strong>Orgona Cd:<\/strong><\/p> <p>&#8211; \u00d6r\u00f6mmel jelentem a gy\u00fclekezetnek, hogy Szotyori Nagy G\u00e1bor orgonam\u0171v\u00e9sz\u00fcnknek megjelent az \u00d6n\u00e1ll\u00f3 \u201eCD-je\u201d, Felix Mendelssohn orgona m\u0171veib\u0151l. A CD-k az iratterjeszt\u00e9sben megv\u00e1s\u00e1rolhat\u00f3k \u00e9s az \u00e1rukb\u00f3l befolyt \u00f6sszeget m\u0171v\u00e9sz \u00far az orgona tiszt\u00edt\u00e1s\u00e1ra, sz\u00fcks\u00e9ges karbantart\u00e1s\u00e1ra aj\u00e1nlotta fel.<\/p> <p><strong>Lectio:<\/strong> Zsolt\u00e1rok: 89, 1-53<\/p> <p><strong>Textus:<\/strong> 1 P\u00e9ter: 1, 10-11; Koloss\u00e9: 1, 15-17<\/p> <p><strong>\u00c9nekek:<\/strong> \u00a0\u00a0\u00a0\u00a0\u00a0\u00a0\u00a0 \u00a0\u00a089: 1<\/p> <p>Heidelbergi K\u00e1t\u00e9: XLVI. \u00darnapja<\/p> <p>89: 3-4<\/p> <p>164: 1-3<\/p> <p>89: 7-8<\/p> <p>200: 1-6<\/p> <p>Igehirdet\u0151: Papp M\u00e1rton<\/p> <p><strong>\u00a0<\/strong><\/p> <p><strong><em>D\u00e9lut\u00e1n:<\/em><\/strong><\/p> <p><strong>\u00a0<\/strong><\/p> <p><strong>Textus: <\/strong>2Tim\u00f3theus: 2, 14-18<\/p> <h4><\/h4> <p><strong>Heidelbergi K\u00e1t\u00e9:<\/strong> XLVI. \u00darnapja<\/p> <h4><\/h4> <p><strong>\u00c9nekek:<\/strong> \u00a0\u00a0\u00a0\u00a0\u00a0\u00a0\u00a0 \u00a0\u00a025: 2<\/p> <p>483: 1-3<\/p> <p>338: 1-4<\/p> <p>Igehirdet\u0151: Harkai Ferenc<\/p> <p><strong>\u00a0<\/strong><\/p> <p><strong><em>Aktu\u00e1lis int\u00e9zked\u00e9sek a COVID 19-hez kapcsol\u00f3d\u00f3an:<\/em><\/strong><\/p> <p>Az Egyh\u00e1zk\u00f6zs\u00e9g eln\u00f6ks\u00e9g\u00e9nek, J\u00f3zsa J\u00f3zsef kur\u00e1tornak, \u00e9s Harkai Ferenc Csaba lelkip\u00e1sztornak a felel\u0151ss\u00e9ge, hogy minden el\u0151\u00edr\u00e1s be legyen tartva.<\/p> <p><strong>\u00a0<\/strong><\/p> <p><strong>\u201eAmit csak szeretn\u00e9tek, hogy az emberek tegyenek veletek, mindenben ugyan\u00fagy tegyetek ti is vel\u00fck, mert ezt tan\u00edtja a t\u00f6rv\u00e9ny \u00e9s a pr\u00f3f\u00e9t\u00e1k.\u201d M\u00e1t\u00e9 7, 12<\/strong><\/p> <p>K\u00e9rj\u00fck, hogy a jelenlegi helyzetben csak eg\u00e9szs\u00e9gesen \u00e9s v\u00e9detts\u00e9gi igazolv\u00e1nnyal j\u00f6jj\u00fcnk az alkalmakra. Minden alkalmunkat k\u00f6zvet\u00edt\u00fcnk, hogy akik betegs\u00e9g miatt nem lehetnek r\u00e9szesei a k\u00f6z\u00f6ss\u00e9gnek az igehallgat\u00e1s lehet\u0151s\u00e9g\u00e9b\u0151l ne maradjanak ki.<\/p> <p>Miut\u00e1n egyh\u00e1ztagjaink k\u00f6z\u00f6tt is sokan voltak az elm\u00falt hetekben covidosak, \u00edgy, ezen tapasztalat alapj\u00e1n mondjuk, hogy a beoltottak eset\u00e9ben komoly betegs\u00e9g, vagy s\u00falyos \u00e1llapot nem alakult ki. Viszont a n\u00e9h\u00e1ny oltatlan eset\u00e9ben s\u00falyosabb t\u00fcnetek \u00e9s bizony nagyon komoly k\u00f3rh\u00e1zi ell\u00e1t\u00e1st ig\u00e9nyl\u0151 helyzet is kialakult. B\u00e1tor\u00edtunk mindenkit az olt\u00e1s felv\u00e9tel\u00e9re.<\/p> <p>Addig pedig, am\u00edg a covid v\u00edrust nem tudjuk visszaszor\u00edtani, el kell tudnunk fogadni, hogy egyre t\u00f6bb helyen k\u00f6telez\u0151 a maszk visel\u00e9se, \u00edgy m\u00e1r a templomokban is k\u00e9rik a maszk visel\u00e9s\u00e9t.<\/p> <p>K\u00e9r\u00fcnk mindenkit, haszn\u00e1lja a bej\u00e1ratn\u00e1l elhelyezett <strong>k\u00e9zfert\u0151tlen\u00edt\u0151t<\/strong>!<\/p> <p>Meg\u00e9rt\u00e9s\u00fckben, egy\u00fctt m\u0171k\u00f6d\u00e9s\u00fckben b\u00edzva, k\u00e9rj\u00fck seg\u00edts\u00e9g\u00fcket!<\/p> <p><strong>\u00a0<\/strong><\/p> <p><strong>\u00a0<\/strong><\/p> <p>A templomi \u2013 j\u00e1rv\u00e1ny\u00fcgyi &#8211; <strong>\u00fcl\u00e9srenddel<\/strong> kapcsolatban k\u00e9rem, mindenki figyeljen az ajt\u00f3n\u00e1l szolg\u00e1latot teljes\u00edt\u0151 presbiterek ir\u00e1ny\u00edt\u00e1s\u00e1ra.<\/p> <p>Tov\u00e1bbra is a Templomban tartjuk az alkalmainkat. <strong>Fogadjuk el, hogy most nem tudunk a megszokott hely\u00fcnkre \u00fclni, hiszen \u00e9rkez\u00e9si sorrendben az els\u0151 padokt\u00f3l kezdve tudunk helyet foglalni.<\/strong> A k\u00e9s\u0151bb \u00e9rkez\u0151k, illetve a megengedett l\u00e9tsz\u00e1m f\u00f6l\u00f6tt \u00e9rkez\u0151k m\u00e1r csak a Gy\u00fclekezeti h\u00e1zban tudnak le\u00fclni.<\/p> <p>K\u00e9rj\u00fck, mindenki hozzon mag\u00e1val otthonr\u00f3l \u00c9nekesk\u00f6nyvet. Term\u00e9szetesen most is lehet a templomban a szokott helyr\u0151l elvenni \u00c9nekesk\u00f6nyvet, amit viszont k\u00e9rj\u00fck, hogy az erre a c\u00e9lra kihelyezett tart\u00f3ba tegyenek vissza, az Istentisztelet v\u00e9g\u00e9n, hogy \u00edgy is cs\u00f6kkents\u00fck az esetleges fert\u0151z\u00e9s lehet\u0151s\u00e9g\u00e9t!<\/p> <p><strong>\u00a0<\/strong><\/p> <p><strong>Kivonul\u00e1sn\u00e1l figyelj\u00fcnk arra, hogy el\u0151sz\u00f6r az els\u0151 sorban \u00fcl\u0151k induljanak el, majd sorban haladjunk a h\u00e1ts\u00f3 padok fel\u00e9, \u00edgy elker\u00fclhet\u0151, hogy a kij\u00e1ratn\u00e1l nagyon feltorl\u00f3djon a gy\u00fclekezet.<\/strong><\/p> <p><strong>\u00a0<\/strong><\/p> <p>Mindenki figyelm\u00e9t felh\u00edvjuk arra, hogy felel\u0151ss\u00e9ggel tartozunk egym\u00e1s ir\u00e1nt!<\/p> <p><strong>\u00a0<\/strong><\/p> <p><strong>K\u00e9rj\u00fck a gyakori k\u00e9zmos\u00e1s betart\u00e1s\u00e1t \u00e9s a sz\u00e1j \u00e9s orr eltakar\u00e1s\u00e1t minden\u00fctt, ahol erre el\u0151\u00edr\u00e1s van!<\/strong><\/p> <p><strong>\u00a0<\/strong><\/p> <p><strong>\u00a0<\/strong><\/p> <p><strong>\u201e<\/strong><strong>\u00d6r\u00fcljetek az \u00darban mindenkor! Ism\u00e9t mondom: \u00f6r\u00fcljetek! A ti szel\u00edds\u00e9getek legyen ismert minden ember el\u0151tt! Az \u00dar k\u00f6zel! Semmi\u00e9rt se agg\u00f3djatok, hanem im\u00e1ds\u00e1gban \u00e9s k\u00f6ny\u00f6rg\u00e9sben mindenkor h\u00e1laad\u00e1ssal t\u00e1rj\u00e1tok fel k\u00e9r\u00e9seiteket Isten el\u0151tt; \u00e9s Isten b\u00e9kess\u00e9ge, mely minden \u00e9rtelmet meghalad, \u00a0\u00a0meg fogja \u0151rizni sz\u00edveteket \u00e9s gondolataitokat Krisztus J\u00e9zusban.\u201d Filippi 4, 4-7<\/strong><\/p> ","protected":false},"excerpt":{"rendered":"<p>Aki szeretn\u00e9 a Hirdet\u00e9seket emailben is megkapni k\u00e9rj\u00fck, jelezze szem\u00e9lyesen a Lelk\u00e9szi hivatalban. \u00a0 Alkalmak: &#8211; Ma d\u00e9lut\u00e1n 17 \u00f3rakor is lesz Istentisztelet, itt a templomban (online k\u00f6zvet\u00edtve: https:\/\/kkre.hu\/wpm\/) &#8211; Szerd\u00e1n 18 \u00f3rakor tartunk Istentiszteletet itt a templomban (online k\u00f6zvet\u00edtve: https:\/\/kkre.hu\/wpm\/) &#8211; Cs\u00fct\u00f6rt\u00f6k\u00f6n 19 \u00f3rakor lesz Biblia\u00f3ra az alagsorban &#8211; J\u00f6v\u0151 vas\u00e1rnap 10 \u00f3rakor lesz&hellip;<\/p>\n","protected":false},"author":15,"featured_media":0,"comment_status":"closed","ping_status":"closed","sticky":false,"template":"","format":"standard","meta":[],"categories":[17],"tags":[],"acf":[],"_links":{"self":[{"href":"https:\/\/kkre.hu\/wpm\/wp-json\/wp\/v2\/posts\/17322"}],"collection":[{"href":"https:\/\/kkre.hu\/wpm\/wp-json\/wp\/v2\/posts"}],"about":[{"href":"https:\/\/kkre.hu\/wpm\/wp-json\/wp\/v2\/types\/post"}],"author":[{"embeddable":true,"href":"https:\/\/kkre.hu\/wpm\/wp-json\/wp\/v2\/users\/15"}],"replies":[{"embeddable":true,"href":"https:\/\/kkre.hu\/wpm\/wp-json\/wp\/v2\/comments?post=17322"}],"version-history":[{"count":2,"href":"https:\/\/kkre.hu\/wpm\/wp-json\/wp\/v2\/posts\/17322\/revisions"}],"predecessor-version":[{"id":17324,"href":"https:\/\/kkre.hu\/wpm\/wp-json\/wp\/v2\/posts\/17322\/revisions\/17324"}],"wp:attachment":[{"href":"https:\/\/kkre.hu\/wpm\/wp-json\/wp\/v2\/media?parent=17322"}],"wp:term":[{"taxonomy":"category","embeddable":true,"href":"https:\/\/kkre.hu\/wpm\/wp-json\/wp\/v2\/categories?post=17322"},{"taxonomy":"post_tag","embeddable":true,"href":"https:\/\/kkre.hu\/wpm\/wp-json\/wp\/v2\/tags?post=17322"}],"curies":[{"name":"wp","href":"https:\/\/api.w.org\/{rel}","templated":true}]}}