{"id":17327,"date":"2021-11-21T19:35:31","date_gmt":"2021-11-21T18:35:31","guid":{"rendered":"https:\/\/kkre.hu\/wpm\/?p=17327"},"modified":"2021-11-21T19:37:12","modified_gmt":"2021-11-21T18:37:12","slug":"hirdetesek-2021-november-21","status":"publish","type":"post","link":"https:\/\/kkre.hu\/wpm\/blog\/2021\/11\/21\/hirdetesek-2021-november-21\/","title":{"rendered":"Hirdet\u00e9sek, 2021. november 21."},"content":{"rendered":"<p><strong>Aki szeretn\u00e9 a Hirdet\u00e9seket emailben is megkapni k\u00e9rj\u00fck, jelezze szem\u00e9lyesen a Lelk\u00e9szi hivatalban.<\/strong><\/p> <p><strong>\u00a0<\/strong><\/p> <p><strong>Alkalmak: <\/strong><\/p> <p>&#8211; Ma d\u00e9lut\u00e1n 17 \u00f3rakor is lesz<strong> Istentisztelet<\/strong>, itt a templomban (online k\u00f6zvet\u00edtve: <a href=\"https:\/\/kkre.hu\/wpm\/\">https:\/\/kkre.hu\/wpm\/<\/a>)<\/p> <p>&#8211; Szerd\u00e1n 18 \u00f3rakor tartunk <strong>Istentiszteletet<\/strong> itt a templomban (online k\u00f6zvet\u00edtve: <a href=\"https:\/\/kkre.hu\/wpm\/\">https:\/\/kkre.hu\/wpm\/<\/a>)<\/p> <p>&#8211; J\u00f6v\u0151 <strong>vas\u00e1rnap<\/strong> <strong>10 \u00f3ra<\/strong>kor lesz <strong>Istentiszteletet<\/strong> itt a Templomban<strong>, <\/strong>az igehirdet\u00e9s el\u0151tt a gyermekek kimehetnek a gy\u00fclekezeti h\u00e1zba <strong>Gyermekistentiszteletre<\/strong> (online k\u00f6zvet\u00edtve: <a href=\"https:\/\/kkre.hu\/wpm\/\">https:\/\/kkre.hu\/wpm\/<\/a>)<\/p> <p>&#8211; J\u00f6v\u0151 vas\u00e1rnap <strong>17 \u00f3ra<\/strong>kor <strong>orgonazen\u00e9s <\/strong><strong>Istentisztelet<\/strong> lesz itt a templomban Szotyori Nagy G\u00e1bor orgonam\u0171v\u00e9sz\u00fcnk szolg\u00e1lat\u00e1val (online k\u00f6zvet\u00edtve: <a href=\"https:\/\/kkre.hu\/wpm\/\">https:\/\/kkre.hu\/wpm\/<\/a>)<\/p> <p><strong>Ifital\u00e1lkoz\u00f3:<\/strong><\/p> <p>&#8211; Szeretettel h\u00edvjuk fiataljainkat november 27-\u00e9n, szombaton 16 \u00f3r\u00e1ra a Gy\u00fclekezeti h\u00e1z alagsor\u00e1ba egy ifid\u00e9lut\u00e1nra, ahol a gyenesdi\u00e1si csendesh\u00e9t d\u00e9lel\u0151tti alkalmaihoz hasonl\u00f3an lesz\u00fcnk egy\u00fctt.<\/p> <p><strong>Konfirm\u00e1ci\u00f3:<\/strong><\/p> <p>&#8211; Akiknek id\u00e9n tavasszal lett volna eredetileg a konfirm\u00e1ci\u00f3juk, <strong>cs\u00fct\u00f6rt\u00f6k\u00f6n, 16 \u00f3ra 30 perckor<\/strong> lesz \u00f3r\u00e1juk<\/p> <p>&#8211; Szeretettel v\u00e1rjuk azokat a legal\u00e1bb 8. oszt\u00e1lyos ifjakat is konfirm\u00e1ci\u00f3 el\u0151k\u00e9sz\u00edt\u0151re, akik m\u00e9g nem kezdt\u00e9k meg a legal\u00e1bb k\u00e9t \u00e9ves felk\u00e9sz\u00fcl\u00e9st a konfirm\u00e1ci\u00f3i fogadalomt\u00e9telre. Az \u0151 \u00f3r\u00e1juk szerd\u00e1n 16 \u00f3rakor van<\/p> <p><strong>Adventikoszor\u00fa k\u00e9sz\u00edt\u00e9s:<\/strong><\/p> <p>&#8211; Ezen a h\u00e9ten <strong>november 26-\u00e1n, p\u00e9nteken, 16 \u00f3r\u00e1t\u00f3l<\/strong> lesz adventikoszor\u00fa k\u00e9sz\u00edt\u00e9s\u00fcnk. K\u00e9rj\u00fck, aki r\u00e9szt szeretne venni ezen az alkalmon, jelezze az Istentisztelet ut\u00e1n, hogy tudjuk, mennyi testv\u00e9rre sz\u00e1m\u00edthatunk. Egy\u00fattal k\u00e9rj\u00fck, hogy aki szeretne koszor\u00faalapot, gyerty\u00e1t is rendelni ezt is jelezze, az iratterjeszt\u00e9sn\u00e9l, hiszen Kerekes Kl\u00e1ra testv\u00e9r\u00fcnk, nemcsak seg\u00edt a koszor\u00fak elk\u00e9sz\u00edt\u00e9s\u00e9ben, de a sz\u00fcks\u00e9ges anyagokat is el fogja hozni.<\/p> <p><strong>Int\u00e9zm\u00e9nyeink h\u00edrei:<\/strong><\/p> <p>&#8211; A mai napon \u00f6r\u00f6mmel hallgattuk els\u0151 alkalommal itt a templomban az Ady Endre Reform\u00e1tus \u00c1ltal\u00e1nos Iskola \u00e9nekkar\u00e1t, k\u00f6sz\u00f6nj\u00fck, hogy Bajnok G\u00e1bor karnagyunk, aki az iskol\u00e1ban is tan\u00edt T\u00f3th Betty karvezet\u0151 betegs\u00e9ge miatt v\u00e1llalta a gyermekek felk\u00e9sz\u00edt\u00e9s\u00e9t \u00e9s mai vez\u00e9nyl\u00e9s\u00e9t.<\/p> <p>&#8211; Az elm\u00falt h\u00e9ten november 17-\u00e9n, szerd\u00e1n vehette \u00e1t Rajkin\u00e9 S\u00f6r\u00f6s Andrea vezet\u0151 \u00f3v\u00f3n\u0151nk a \u201eKincses Kult\u00far\u00f3voda 2021\u201d elismer\u00e9st az Emberi Er\u0151forr\u00e1sok Miniszt\u00e9riuma Kult\u00far\u00e1\u00e9rt Felel\u0151s \u00c1llamtitk\u00e1rs\u00e1g\u00e1t\u00f3l. Ezt a c\u00edmet 3 \u00e9vig haszn\u00e1lhatja az \u00f3vod\u00e1nk, \u00e9s \u00edgy m\u00e9g t\u00f6bb kultur\u00e1lis rendezv\u00e9nyen tudnak r\u00e9szt venni a n\u00e1lunk nevelt gyermekek.<\/p> <p>&#8211; A tegnapi napon pedig az Ady Endre \u00c1ltal\u00e1nos Iskola di\u00e1kjai vettek r\u00e9szt, \u00e9s kaptak k\u00fcl\u00f6nd\u00edjat a KMO Kinder Toj\u00e1s Fesztiv\u00e1l 2021 programj\u00e1n, ahol Neuwirth Annam\u00e1ria prima primissima d\u00edjas n\u00e9pt\u00e1nctan\u00e1runk felk\u00e9sz\u00edt\u00e9s\u00e9vel eredm\u00e9nyesen szerepeltek mind a n\u00e9pt\u00e1nc, mind a n\u00e9pdal kateg\u00f3ri\u00e1ban.<\/p> <p><strong>\u00daj \u00c9nekesk\u00f6nyv:<\/strong><\/p> <p>&#8211; Reform\u00e1tus Egyh\u00e1zunk egy \u00faj \u00c9nekesk\u00f6nyvet adott ki, amelynek bemutat\u00f3ja ma 16 \u00f3rakor lesz a K\u00e1lvin t\u00e9ri Reform\u00e1tus Templomban. Rem\u00e9nys\u00e9g\u00fcnk szerint ezt az alkalmat a Magyar Telev\u00edzi\u00f3 \u00e9l\u0151ben fogja k\u00f6zvet\u00edteni el\u0151rel\u00e1that\u00f3lag az M5 csatorn\u00e1n.<\/p> <p><strong>Elhunyt:<\/strong><\/p> <p>&#8211; November 11-\u00e9n, 91 \u00e9ves kor\u00e1ban elhunyt V\u00e9gh G\u00e9z\u00e1n\u00e9, sz\u00fcletett K\u00e1rpisz Julianna asszonytestv\u00e9r\u00fcnk, aki betegs\u00e9g\u00e9ig h\u0171s\u00e9ges, templomba j\u00e1r\u00f3, szolg\u00e1l\u00f3 tagja volt k\u00f6z\u00f6ss\u00e9g\u00fcnknek. Temet\u00e9se november 29-\u00e9n, h\u00e9tf\u0151n 11<u><sup>15<\/sup><\/u>-kor lesz a Kispesti \u00daj Temet\u0151ben. A gy\u00e1szjelent\u00e9s itt \u00e9rhet\u0151 el.<\/p> <p><strong>Egyh\u00e1zi \u00e9v utols\u00f3 vas\u00e1rnapja: \u00d6r\u00f6k \u00e9let vas\u00e1rnapja:<\/strong><\/p> <p>&#8211; H\u00e1laad\u00e1ssal eml\u00e9kez\u00fcnk azokra a testv\u00e9reinkre, akikt\u0151l az elm\u00falt egyh\u00e1zi \u00e9vben hunytak el, n\u00e9v szerint is V\u00e9gh G\u00e9z\u00e1n\u00e9 mellett tov\u00e1bbi k\u00e9t n\u00e9hai egyh\u00e1ztagunkra Nagy Ferencn\u00e9, sz\u00fcletett Papp R\u00f3z\u00e1ra, aki febru\u00e1r 14-\u00e9n 65 \u00e9ves kor\u00e1ban hunyt el, \u00e9s Dr. Rozsnyay K\u00e1rolyra, aki m\u00e1jus 12-\u00e9n 94 \u00e9ves kor\u00e1ban hunyt el. Isten vigasztal\u00e1s\u00e1t k\u00e9rj\u00fck A Boldog Felt\u00e1mad\u00e1s Rem\u00e9nys\u00e9ge Alatt a gy\u00e1szol\u00f3 hozz\u00e1tartoz\u00f3knak<\/p> <p><strong>Temet\u00e9s:<\/strong><\/p> <p>&#8211; Szint\u00e9n november 16-\u00e1n, kedden d\u00e9lben a Debreceni k\u00f6ztemet\u0151ben temett\u00fck, Zudor S\u00e1ndorn\u00e9, sz\u00fcl.: Somogyi Erzs\u00e9bett\u0151l, aki 81 \u00e9ves kor\u00e1ban hunyt el okt\u00f3ber 22-\u00e9n. A felt\u00e1mad\u00e1s ig\u00e9it a R\u00f3ma: 8 35. 38-39 versei alapj\u00e1n hirdett\u00fck \u201eKi v\u00e1lasztana el minket Krisztus szeretet\u00e9t\u0151l? Nyomor\u00fas\u00e1g, vagy szorongattat\u00e1s, vagy \u00fcld\u00f6z\u00e9s, vagy \u00e9hez\u00e9s, vagy mez\u00edtelens\u00e9g, vagy veszedelem, vagy fegyver? \u00a0<sup><a href=\"https:\/\/abibliamindenkie.hu\/uj\/ROM\/8#38\">38<\/a><\/sup>Mert meg vagyok gy\u0151z\u0151dve, hogy sem hal\u00e1l, sem \u00e9let, sem angyalok, sem fejedelmek, sem jelenval\u00f3k, sem elj\u00f6vend\u0151k, sem hatalmak, <sup><a href=\"https:\/\/abibliamindenkie.hu\/uj\/ROM\/8#39\">39<\/a><\/sup>sem magass\u00e1g, sem m\u00e9lys\u00e9g, sem semmif\u00e9le m\u00e1s teremtm\u00e9ny nem v\u00e1laszthat el minket Isten szeretet\u00e9t\u0151l, amely megjelent Krisztus J\u00e9zusban, a mi Urunkban.\u201d Isten vigasztal\u00e1s\u00e1t k\u00e9rj\u00fck fi\u00e1nak, l\u00e1ny\u00e1nak, unok\u00e1inak \u00e9s szeretteiknek A Boldog Felt\u00e1mad\u00e1s Rem\u00e9nys\u00e9ge Alatt.<\/p> <p><strong>\u00a0<\/strong><\/p> <p><strong>\u00c9nekkar:<\/strong><\/p> <p>&#8211; Az \u00e9nekkar pr\u00f3b\u00e1ja h\u00e9tf\u0151n, 18 \u00f3rakor van az alagsorban. Szeretettel v\u00e1rjuk azokat is, akik eddig is tagjai voltak ennek a k\u00f6z\u00f6ss\u00e9gnek \u00e9s h\u00edvjuk azokat a testv\u00e9reket is, akik eddig nem voltak ilyen alkalmon.<\/p> <p><strong>\u00a0<\/strong><\/p> <p><strong>Templomtakar\u00edt\u00e1s:<\/strong><\/p> <p>&#8211; Ezen a h\u00e9ten \u00fajra szeretettel v\u00e1rjuk a testv\u00e9reket, <strong>p\u00e9nteken<\/strong> 17 \u00f3r\u00e1t\u00f3l, hogy kitakar\u00edtsuk a templomot. K\u00f6sz\u00f6nj\u00fck azoknak, akik el nem m\u00fal\u00f3 szeretettel j\u00f6nnek h\u00e9tr\u0151l-h\u00e9tre takar\u00edtani, hogy templomunkban mindig tisztas\u00e1g \u00e9s rend lehessen alkalmainkra.<\/p> <p><strong>Orgona Cd:<\/strong><\/p> <p>&#8211; \u00d6r\u00f6mmel jelentem a gy\u00fclekezetnek, hogy Szotyori Nagy G\u00e1bor orgonam\u0171v\u00e9sz\u00fcnknek megjelent az \u00d6n\u00e1ll\u00f3 \u201eCD-je\u201d, Felix Mendelssohn orgona m\u0171veib\u0151l. A CD-k az iratterjeszt\u00e9sben megv\u00e1s\u00e1rolhat\u00f3k \u00e9s az \u00e1rukb\u00f3l befolyt \u00f6sszeget m\u0171v\u00e9sz \u00far az orgona tiszt\u00edt\u00e1s\u00e1ra, sz\u00fcks\u00e9ges karbantart\u00e1s\u00e1ra aj\u00e1nlotta fel.<\/p> <p><strong>Lectio:<\/strong> Zsolt\u00e1rok: 96, 1-13<\/p> <p><strong>Textus:<\/strong> Zsolt\u00e1rok: 96, 12-13<\/p> <p><strong>\u00c9nekek: \u00a0\u00a0\u00a0\u00a0\u00a0\u00a0\u00a0 <\/strong>144: 1<\/p> <p>329: 2<\/p> <p>Ker.: Bittenbinder Bianka: 144: 15<\/p> <p>Sz\u00fcl\u0151k: Bittenbinder Tam\u00e1s P\u00e9ter \u00e9s Horv\u00e1th Erika Ildik\u00f3<\/p> <p>Heidelbergi K\u00e1t\u00e9: XLVII. \u00darnapja<\/p> <p>89: 1<\/p> <p>356: 1-3<\/p> <p>347: 3, 5<\/p> <p>356: 4-5<\/p> <p>Igehirdet\u0151: Harkai Ferenc<\/p> <p><strong>\u00a0<\/strong><\/p> <p><strong><em>D\u00e9lut\u00e1n:<\/em><\/strong><\/p> <p><strong>\u00a0<\/strong><\/p> <p><strong>Textus: <\/strong>Jakab: 1, 1-8<\/p> <h4><\/h4> <p><strong>Heidelbergi K\u00e1t\u00e9:<\/strong> XLVII. \u00darnapja<\/p> <h4><\/h4> <p><strong>\u00c9nekek:<\/strong> \u00a0\u00a0\u00a0\u00a0\u00a0\u00a0\u00a0 \u00a0\u00a066: 1<\/p> <p>483: 1, 4-5<\/p> <p>502: 1-6<\/p> <p>Igehirdet\u0151: Harkai Ferenc<\/p> <p><strong>\u00a0<\/strong><\/p> <p><strong><em>Aktu\u00e1lis int\u00e9zked\u00e9sek a COVID 19-hez kapcsol\u00f3d\u00f3an:<\/em><\/strong><\/p> <p>Az Egyh\u00e1zk\u00f6zs\u00e9g eln\u00f6ks\u00e9g\u00e9nek, J\u00f3zsa J\u00f3zsef kur\u00e1tornak, \u00e9s Harkai Ferenc Csaba lelkip\u00e1sztornak a felel\u0151ss\u00e9ge, hogy minden el\u0151\u00edr\u00e1s be legyen tartva.<\/p> <p><strong>\u00a0<\/strong><\/p> <p><strong>\u201eAmit csak szeretn\u00e9tek, hogy az emberek tegyenek veletek, mindenben ugyan\u00fagy tegyetek ti is vel\u00fck, mert ezt tan\u00edtja a t\u00f6rv\u00e9ny \u00e9s a pr\u00f3f\u00e9t\u00e1k.\u201d M\u00e1t\u00e9 7, 12<\/strong><\/p> <p>K\u00e9rj\u00fck, hogy a jelenlegi helyzetben csak eg\u00e9szs\u00e9gesen \u00e9s v\u00e9detts\u00e9gi igazolv\u00e1nnyal j\u00f6jj\u00fcnk az alkalmakra. Minden alkalmunkat k\u00f6zvet\u00edt\u00fcnk, hogy akik betegs\u00e9g miatt nem lehetnek r\u00e9szesei a k\u00f6z\u00f6ss\u00e9gnek az igehallgat\u00e1s lehet\u0151s\u00e9g\u00e9b\u0151l ne maradjanak ki.<\/p> <p>Miut\u00e1n egyh\u00e1ztagjaink k\u00f6z\u00f6tt is sokan voltak az elm\u00falt hetekben covidosak, \u00edgy, ezen tapasztalat alapj\u00e1n mondjuk, hogy a beoltottak eset\u00e9ben komoly betegs\u00e9g, vagy s\u00falyos \u00e1llapot nem alakult ki. Viszont a n\u00e9h\u00e1ny oltatlan eset\u00e9ben s\u00falyosabb t\u00fcnetek \u00e9s bizony nagyon komoly k\u00f3rh\u00e1zi ell\u00e1t\u00e1st ig\u00e9nyl\u0151 helyzet is kialakult. B\u00e1tor\u00edtunk mindenkit az olt\u00e1s felv\u00e9tel\u00e9re.<\/p> <p>Addig pedig, am\u00edg a covid v\u00edrust nem tudjuk visszaszor\u00edtani, el kell tudnunk fogadni, hogy egyre t\u00f6bb helyen k\u00f6telez\u0151 a maszk visel\u00e9se, \u00edgy m\u00e1r a templomokban is k\u00e9rik a maszk visel\u00e9s\u00e9t.<\/p> <p>K\u00e9r\u00fcnk mindenkit, haszn\u00e1lja a bej\u00e1ratn\u00e1l elhelyezett <strong>k\u00e9zfert\u0151tlen\u00edt\u0151t<\/strong>!<\/p> <p>Meg\u00e9rt\u00e9s\u00fckben, egy\u00fctt m\u0171k\u00f6d\u00e9s\u00fckben b\u00edzva, k\u00e9rj\u00fck seg\u00edts\u00e9g\u00fcket!<\/p> <p><strong>\u00a0<\/strong><\/p> <p><strong>\u00a0<\/strong><\/p> <p>A templomi \u2013 j\u00e1rv\u00e1ny\u00fcgyi &#8211; <strong>\u00fcl\u00e9srenddel<\/strong> kapcsolatban k\u00e9rem, mindenki figyeljen az ajt\u00f3n\u00e1l szolg\u00e1latot teljes\u00edt\u0151 presbiterek ir\u00e1ny\u00edt\u00e1s\u00e1ra.<\/p> <p>Tov\u00e1bbra is a Templomban tartjuk az alkalmainkat. <strong>Fogadjuk el, hogy most nem tudunk a megszokott hely\u00fcnkre \u00fclni, hiszen \u00e9rkez\u00e9si sorrendben az els\u0151 padokt\u00f3l kezdve tudunk helyet foglalni.<\/strong> A k\u00e9s\u0151bb \u00e9rkez\u0151k, illetve a megengedett l\u00e9tsz\u00e1m f\u00f6l\u00f6tt \u00e9rkez\u0151k m\u00e1r csak a Gy\u00fclekezeti h\u00e1zban tudnak le\u00fclni.<\/p> <p>K\u00e9rj\u00fck, mindenki hozzon mag\u00e1val otthonr\u00f3l \u00c9nekesk\u00f6nyvet. Term\u00e9szetesen most is lehet a templomban a szokott helyr\u0151l elvenni \u00c9nekesk\u00f6nyvet, amit viszont k\u00e9rj\u00fck, hogy az erre a c\u00e9lra kihelyezett tart\u00f3ba tegyenek vissza, az Istentisztelet v\u00e9g\u00e9n, hogy \u00edgy is cs\u00f6kkents\u00fck az esetleges fert\u0151z\u00e9s lehet\u0151s\u00e9g\u00e9t!<\/p> <p><strong>\u00a0<\/strong><\/p> <p><strong>Kivonul\u00e1sn\u00e1l figyelj\u00fcnk arra, hogy el\u0151sz\u00f6r az els\u0151 sorban \u00fcl\u0151k induljanak el, majd sorban haladjunk a h\u00e1ts\u00f3 padok fel\u00e9, \u00edgy elker\u00fclhet\u0151, hogy a kij\u00e1ratn\u00e1l nagyon feltorl\u00f3djon a gy\u00fclekezet.<\/strong><\/p> <p><strong>\u00a0<\/strong><\/p> <p>Mindenki figyelm\u00e9t felh\u00edvjuk arra, hogy felel\u0151ss\u00e9ggel tartozunk egym\u00e1s ir\u00e1nt!<\/p> <p><strong>\u00a0<\/strong><\/p> <p><strong>K\u00e9rj\u00fck a gyakori k\u00e9zmos\u00e1s betart\u00e1s\u00e1t \u00e9s a sz\u00e1j \u00e9s orr eltakar\u00e1s\u00e1t minden\u00fctt, ahol erre el\u0151\u00edr\u00e1s van!<\/strong><\/p> <p><strong>\u00a0<\/strong><\/p> <p><strong>\u00a0<\/strong><\/p> <p><strong>\u201e<\/strong><strong>\u00d6r\u00fcljetek az \u00darban mindenkor! Ism\u00e9t mondom: \u00f6r\u00fcljetek! A ti szel\u00edds\u00e9getek legyen ismert minden ember el\u0151tt! Az \u00dar k\u00f6zel! Semmi\u00e9rt se agg\u00f3djatok, hanem im\u00e1ds\u00e1gban \u00e9s k\u00f6ny\u00f6rg\u00e9sben mindenkor h\u00e1laad\u00e1ssal t\u00e1rj\u00e1tok fel k\u00e9r\u00e9seiteket Isten el\u0151tt; \u00e9s Isten b\u00e9kess\u00e9ge, mely minden \u00e9rtelmet meghalad, \u00a0\u00a0meg fogja \u0151rizni sz\u00edveteket \u00e9s gondolataitokat Krisztus J\u00e9zusban.\u201d Filippi 4, 4-7<\/strong><\/p> ","protected":false},"excerpt":{"rendered":"<p>Aki szeretn\u00e9 a Hirdet\u00e9seket emailben is megkapni k\u00e9rj\u00fck, jelezze szem\u00e9lyesen a Lelk\u00e9szi hivatalban. \u00a0 Alkalmak: &#8211; Ma d\u00e9lut\u00e1n 17 \u00f3rakor is lesz Istentisztelet, itt a templomban (online k\u00f6zvet\u00edtve: https:\/\/kkre.hu\/wpm\/) &#8211; Szerd\u00e1n 18 \u00f3rakor tartunk Istentiszteletet itt a templomban (online k\u00f6zvet\u00edtve: https:\/\/kkre.hu\/wpm\/) &#8211; J\u00f6v\u0151 vas\u00e1rnap 10 \u00f3rakor lesz Istentiszteletet itt a Templomban, az igehirdet\u00e9s el\u0151tt a&hellip;<\/p>\n","protected":false},"author":15,"featured_media":0,"comment_status":"closed","ping_status":"closed","sticky":false,"template":"","format":"standard","meta":[],"categories":[17],"tags":[],"acf":[],"_links":{"self":[{"href":"https:\/\/kkre.hu\/wpm\/wp-json\/wp\/v2\/posts\/17327"}],"collection":[{"href":"https:\/\/kkre.hu\/wpm\/wp-json\/wp\/v2\/posts"}],"about":[{"href":"https:\/\/kkre.hu\/wpm\/wp-json\/wp\/v2\/types\/post"}],"author":[{"embeddable":true,"href":"https:\/\/kkre.hu\/wpm\/wp-json\/wp\/v2\/users\/15"}],"replies":[{"embeddable":true,"href":"https:\/\/kkre.hu\/wpm\/wp-json\/wp\/v2\/comments?post=17327"}],"version-history":[{"count":2,"href":"https:\/\/kkre.hu\/wpm\/wp-json\/wp\/v2\/posts\/17327\/revisions"}],"predecessor-version":[{"id":17329,"href":"https:\/\/kkre.hu\/wpm\/wp-json\/wp\/v2\/posts\/17327\/revisions\/17329"}],"wp:attachment":[{"href":"https:\/\/kkre.hu\/wpm\/wp-json\/wp\/v2\/media?parent=17327"}],"wp:term":[{"taxonomy":"category","embeddable":true,"href":"https:\/\/kkre.hu\/wpm\/wp-json\/wp\/v2\/categories?post=17327"},{"taxonomy":"post_tag","embeddable":true,"href":"https:\/\/kkre.hu\/wpm\/wp-json\/wp\/v2\/tags?post=17327"}],"curies":[{"name":"wp","href":"https:\/\/api.w.org\/{rel}","templated":true}]}}