{"id":17350,"date":"2021-12-05T21:29:29","date_gmt":"2021-12-05T20:29:29","guid":{"rendered":"https:\/\/kkre.hu\/wpm\/?p=17350"},"modified":"2021-12-05T21:31:04","modified_gmt":"2021-12-05T20:31:04","slug":"hirdetesek-2021-december-5","status":"publish","type":"post","link":"https:\/\/kkre.hu\/wpm\/blog\/2021\/12\/05\/hirdetesek-2021-december-5\/","title":{"rendered":"Hirdet\u00e9sek, 2021. december 5."},"content":{"rendered":"<p><strong>Aki szeretn\u00e9 a Hirdet\u00e9seket emailben is megkapni k\u00e9rj\u00fck, jelezze szem\u00e9lyesen a Lelk\u00e9szi hivatalban.<\/strong><\/p> <p><strong>\u00a0<\/strong><\/p> <p><strong>Alkalmak: <\/strong><\/p> <p>&#8211; Ma d\u00e9lut\u00e1n 17 \u00f3rakor is <strong>zen\u00e9s Istentisztelet<\/strong> lesz itt a templomban, evang\u00e9likus k\u00f3russal k\u00f6z\u00f6sen fog \u00e9nekelni az \u00e9nekkarunk (online k\u00f6zvet\u00edtve: <a href=\"https:\/\/kkre.hu\/wpm\/\">https:\/\/kkre.hu\/wpm\/<\/a>)<\/p> <p>&#8211; Kedden 18 \u00f3rakor tartunk <strong>Presbiteri Biblia\u00f3r\u00e1t<\/strong> a Gy\u00fclekezeti teremben<\/p> <p>&#8211; Szerd\u00e1n 18 \u00f3rakor tartunk <strong>Istentiszteletet<\/strong> itt a templomban (online k\u00f6zvet\u00edtve: <a href=\"https:\/\/kkre.hu\/wpm\/\">https:\/\/kkre.hu\/wpm\/<\/a>)<\/p> <p>&#8211; J\u00f6v\u0151 <strong>vas\u00e1rnap<\/strong> <strong>10 \u00f3ra<\/strong>kor lesz <strong>Istentiszteletet<\/strong> itt a Templomban<strong>, <\/strong>az igehirdet\u00e9s el\u0151tt a gyermekek kimehetnek a gy\u00fclekezeti h\u00e1zba <strong>Gyermekistentiszteletre<\/strong> (online k\u00f6zvet\u00edtve: <a href=\"https:\/\/kkre.hu\/wpm\/\">https:\/\/kkre.hu\/wpm\/<\/a>)<\/p> <p>&#8211; J\u00f6v\u0151 vas\u00e1rnap <strong>17 \u00f3ra<\/strong>kor <strong>Istentisztelet<\/strong> tartunk itt a templomban, ez egyben a Sz\u0151l\u0151skert Reform\u00e1tus \u00d3voda csal\u00e1di istentisztelete is lesz (online k\u00f6zvet\u00edtve: <a href=\"https:\/\/kkre.hu\/wpm\/\">https:\/\/kkre.hu\/wpm\/<\/a>)<\/p> <p><strong>\u00a0<\/strong><\/p> <p><strong>Kar\u00e1csonyi \u00fcnnepe:<\/strong><\/p> <p>&#8211; A Kar\u00e1csony \u00fcnnep\u00e9t a kor\u00e1bbi \u00e9vekhez hasonl\u00f3an tervezz\u00fck. Id\u00e9n is szeretn\u00e9nk Szenteste napj\u00e1n, december 24-\u00e9n 14 \u00f3rakor Gy\u00fclekezeti Kar\u00e1csonyt tartani, amin a gyermekek is szolg\u00e1ln\u00e1nak.<\/p> <p>K\u00e9rem a csal\u00e1dokat, hogy \u00fagy k\u00e9sz\u00fcljenek, hogy j\u00f6v\u0151 vas\u00e1rnap, december 12-\u00e9n szeretn\u00e9nk a gyermekeknek a szerepeket kiosztani.<\/p> <p><strong>\u00a0<\/strong><\/p> <p><strong>Temet\u00e9s:<\/strong><\/p> <p>&#8211; November 24-\u00e9n, Miskolcon b\u00facs\u00faztak Gy\u0151rffy J\u00f3zsefn\u00e9, sz\u00fcletett Pris\u00f3czki Ilona Ildik\u00f3 asszonytestv\u00e9r\u00fcnkt\u0151l, aki november 13-\u00e1n, Miskolcon hunyt el 65 \u00e9ves kor\u00e1ban. Isten vigasztal\u00e1s\u00e1t k\u00e9rj\u00fck, gyermekeinek, unok\u00e1inak \u00e9s szeretteinek A Boldog Felt\u00e1mad\u00e1s Rem\u00e9nys\u00e9ge Alatt.<\/p> <p>&#8211; November 29-\u00e9n d\u00e9lel\u0151tt a Kispesti \u00fajtemet\u0151ben b\u00facs\u00faztunk V\u00e9gh G\u00e9z\u00e1n\u00e9, sz\u00fcletett K\u00e1rpisz Julianna asszonytestv\u00e9r\u00fcnkt\u0151l, aki november 11-\u00e9n, 91 \u00e9ves kor\u00e1ban hunyt el \u00e9s betegs\u00e9g\u00e9ig h\u0171s\u00e9ges, templomba j\u00e1r\u00f3, szolg\u00e1l\u00f3 tagja volt k\u00f6z\u00f6ss\u00e9g\u00fcnknek. A temet\u00e9sen a R\u00f3ma: 8, 14 alapj\u00e1n hirdett\u00fck a vigasztal\u00e1s ig\u00e9it: \u201eAkiket Isten Lelke vez\u00e9rel, azok Isten fiai\u201d. Isten vigasztal\u00e1s\u00e1t k\u00e9rj\u00fck l\u00e1ny\u00e1nak, vej\u00e9nek, unok\u00e1inak \u00e9s szeretteinek \u00e9s a gy\u00e1szol\u00f3 gy\u00fclekezetnek A Boldog Felt\u00e1mad\u00e1s Rem\u00e9nys\u00e9ge Alatt.<\/p> <p>Elhunyt testv\u00e9r\u00fcnk sokszor szolg\u00e1lt egy-egy verssel is k\u00f6z\u00f6ss\u00e9g\u00fcnkben. N\u00e9h\u00e1ny \u00e9ve r\u00e1m b\u00edzott egy verset, hogy majd a temet\u00e9s\u00e9n olvassuk fel, ezt az \u00e1ltala \u00edrt k\u00f6ltem\u00e9nyt megosztom most gy\u00fclekezet\u00fcnk tagjaival is.<\/p> <p>Gyermeki hit<\/p> <p>Megsz\u00e1ml\u00e1lhatatlan Mi Aty\u00e1nk hangzik el naponta!<\/p> <p>Isten nev\u00e9t \u00edgy Aty\u00e1m, sok ember ejti ki naponta,<\/p> <p>Az Ige vil\u00e1gosan mutatja, tan\u00edtja!<\/p> <p>Nem mindenki gyermeke, aki \u0150t Aty\u00e1nak sz\u00f3l\u00edtja.<\/p> <p>Csak azok, akiket engedelmess\u00e9gben vezethet,<\/p> <p>Fontos dolog megtanulni leck\u00e9nket.<\/p> <p>Isten az \u00f6v\u00e9i \u00e9let\u00e9ben saj\u00e1t kez\u00e9ben tartja a vezet\u00e9st,<\/p> <p>Ha n\u00e9ha neh\u00e9z \u00faton is, de mind haza vezeti.\u201d<\/p> <p>V\u00e9ghn\u00e9 Julia (2008. febru\u00e1r)<\/p> <p><strong>Konfirm\u00e1ci\u00f3:<\/strong><\/p> <p>&#8211; Szeretettel v\u00e1rjuk azokat a legal\u00e1bb 8. oszt\u00e1lyos ifjakat is konfirm\u00e1ci\u00f3 el\u0151k\u00e9sz\u00edt\u0151re, akik m\u00e9g nem kezdt\u00e9k meg a legal\u00e1bb k\u00e9t \u00e9ves felk\u00e9sz\u00fcl\u00e9st a konfirm\u00e1ci\u00f3i fogadalomt\u00e9telre. Az \u0151 \u00f3r\u00e1juk szerd\u00e1n 16 \u00f3rakor van<\/p> <p>&#8211; Akiknek id\u00e9n tavasszal lett volna eredetileg a konfirm\u00e1ci\u00f3juk, <strong>cs\u00fct\u00f6rt\u00f6k\u00f6n, 16 \u00f3ra 30 perckor<\/strong> lesz \u00f3r\u00e1juk<\/p> <p>&#8211; <strong>Feln\u0151tteknek cs\u00fct\u00f6rt\u00f6k\u00f6n<\/strong> tartunk konfirm\u00e1ci\u00f3 el\u0151k\u00e9sz\u00edt\u0151t, ami <strong>\u00a0ezen a h\u00e9ten kiv\u00e9telesen 17<u><sup>15<\/sup><\/u>-kor \u00f3ra<\/strong>kor lesz<\/p> <p><strong>Iskolai el\u0151k\u00e9sz\u00edt\u0151:<\/strong><\/p> <p>&#8211; December 14-\u00e9n, kedden 17 \u00f3r\u00e1ra \u00fajra v\u00e1rjuk a leend\u0151 els\u0151s\u00f6ket \u00e9s sz\u00fcleiket az <strong>Ady Endre Reform\u00e1tus \u00c1ltal\u00e1nos Iskol\u00e1ba<\/strong> a TUD\u00c1S H\u00d6RPENT\u0150-SZ\u00d6RPENT\u0150 iskolael\u0151k\u00e9sz\u00edt\u0151 programunkra.<\/p> <p><strong>Szeretetdoboz:<\/strong><\/p> <p><strong>&#8211; <\/strong>A Magyar Reform\u00e1tus Szeretetszolg\u00e1lat ebben az \u00e9vben is meghirdeti Szeretetdoboz c\u00edmet visel\u0151 adventi gy\u0171jt\u0151akci\u00f3j\u00e1t. Az Alap\u00edtv\u00e1nyhoz december 14-ig lehet eljuttatni tart\u00f3s \u00e9lelmiszer felaj\u00e1nl\u00e1sokat, valamint orsz\u00e1gszerte t\u00f6bb \u00e1ruh\u00e1zi gy\u0171jt\u00e9st is tartanak az adventi id\u0151szakban, hogy kar\u00e1csonykor legal\u00e1bb t\u00edzezer n\u00e9lk\u00fcl\u00f6z\u00e9sben \u00e9l\u0151 csal\u00e1dnak, id\u0151snek \u00e9s betegnek tudjanak seg\u00edteni egy-egy csomaggal.<\/p> <p>Ebben az akci\u00f3ban Egyh\u00e1zk\u00f6zs\u00e9g\u00fcnk is r\u00e9szt vesz, \u00edgy hozz\u00e1nk is lehet hozni az adom\u00e1nyokat, amik majd innen ker\u00fclnek tov\u00e1bb a Szeretetszolg\u00e1lathoz, ez\u00e9rt<strong> december 12-ig mi is v\u00e1rjuk a felaj\u00e1nl\u00e1sokat!<\/strong><\/p> <p><strong>Mi az a Szeretetdoboz? <\/strong>A Szeretetdoboz k\u00f6rnyezetbar\u00e1t anyagokb\u00f3l k\u00e9sz\u00fclt, t\u00f6bbsz\u00f6r felhaszn\u00e1lhat\u00f3 adom\u00e1nydoboz, mivel ragaszt\u00f3szalag n\u00e9lk\u00fcl is z\u00e1r\u00f3dik, \u00edgy k\u00f6rnyezet\u00fcnket is \u00f3vjuk, mik\u00f6zben seg\u00edt\u00fcnk. Miut\u00e1n az adom\u00e1nya c\u00e9lba \u00e9rt, a dobozt m\u00e1s \u00fajra meg tudja t\u00f6lteni.<br \/> A doboz terhelhet\u0151s\u00e9ge: maximum 15 kg.<\/p> <p><strong>Mit tegy\u00fcnk a Szeretetdobozba? <\/strong>Legal\u00e1bb f\u00e9l \u00e9ves szavatoss\u00e1ggal rendelkez\u0151 tart\u00f3s \u00e9lelmiszert: cukrot, olajat, konzervet, lisztet, kaka\u00f3t, te\u00e1t, f\u0171szereket, \u00e9dess\u00e9get, sz\u00e1raz t\u00e9szt\u00e1t, kekszet, ketchupot, must\u00e1rt, majon\u00e9zt.<br \/> \u00d6r\u00f6mmel fogadunk tov\u00e1bb\u00e1 tiszt\u00e1lkod\u00e1si- \u00e9s tiszt\u00edt\u00f3szereket: mos\u00f3szert, \u00f6bl\u00edt\u0151t, fogkr\u00e9met, gyermek \u00e9s feln\u0151tt pelenk\u00e1t, sampont, tusf\u00fcrd\u0151t.<br \/> K\u00fcl\u00f6n k\u00f6sz\u00f6nj\u00fck, ha adom\u00e1nyoz\u00e1s sor\u00e1n gondolnak az \u00e9tel intolarenci\u00e1val k\u00fczd\u0151kre, \u00e9s cukor- vagy glut\u00e9nmentes term\u00e9keket is helyeznek a Szeretetdobozba, mint p\u00e9ld\u00e1ul \u00e9des\u00edt\u0151szert, cukormentes kekszet, glut\u00e9nmentes t\u00e9szt\u00e1t.<\/p> <p><strong>\u00c9nekkar:<\/strong><\/p> <p>&#8211; Az \u00e9nekkar pr\u00f3b\u00e1ja h\u00e9tf\u0151n, 18 \u00f3rakor van az alagsorban. Szeretettel v\u00e1rjuk azokat is, akik eddig is tagjai voltak ennek a k\u00f6z\u00f6ss\u00e9gnek \u00e9s h\u00edvjuk azokat a testv\u00e9reket is, akik eddig nem voltak ilyen alkalmon.<\/p> <p><strong>\u00a0<\/strong><\/p> <p><strong>Iratterjeszt\u00e9s:<\/strong><\/p> <p>&#8211; <strong>Ebben az \u00e9vben is elk\u00e9sz\u00fclt saj\u00e1t napt\u00e1runk, amit a templom kij\u00e1rat\u00e1n\u00e1l ingyen vehetnek el a testv\u00e9rek!<\/strong><\/p> <p>Rem\u00e9nys\u00e9g szerint j\u00f6v\u0151 vas\u00e1rnapra lesznek j\u00f6v\u0151 \u00e9vi Bibliaolvas\u00f3 Kalauzok, K\u00e1lvin Kalend\u00e1riumok \u00e9s Falinapt\u00e1rok, illetve az \u00faj \u00e9nekesk\u00f6nyv is meg\u00e9rkezik.<\/p> <p><strong>\u00a0<\/strong><\/p> <p><strong>Templomtakar\u00edt\u00e1s:<\/strong><\/p> <p>&#8211; Ezen a h\u00e9ten \u00fajra szeretettel v\u00e1rjuk a testv\u00e9reket, <strong>p\u00e9nteken<\/strong> 17 \u00f3r\u00e1t\u00f3l, hogy kitakar\u00edtsuk a templomot. K\u00f6sz\u00f6nj\u00fck azoknak, akik el nem m\u00fal\u00f3 szeretettel j\u00f6nnek h\u00e9tr\u0151l-h\u00e9tre takar\u00edtani, hogy templomunkban mindig tisztas\u00e1g \u00e9s rend lehessen alkalmainkra.<\/p> <p><strong>Orgona Cd:<\/strong><\/p> <p>&#8211; \u00d6r\u00f6mmel jelentem a gy\u00fclekezetnek, hogy Szotyori Nagy G\u00e1bor orgonam\u0171v\u00e9sz\u00fcnknek megjelent az \u00d6n\u00e1ll\u00f3 \u201eCD-je\u201d, Felix Mendelssohn orgona m\u0171veib\u0151l. A CD-k az iratterjeszt\u00e9sben megv\u00e1s\u00e1rolhat\u00f3k \u00e9s az \u00e1rukb\u00f3l befolyt \u00f6sszeget m\u0171v\u00e9sz \u00far az orgona tiszt\u00edt\u00e1s\u00e1ra, sz\u00fcks\u00e9ges karbantart\u00e1s\u00e1ra aj\u00e1nlotta fel.<\/p> <p><strong>Lectio:<\/strong> 1 P\u00e9ter: 1, 1-9<\/p> <p><strong>Textus:<\/strong> 1 P\u00e9ter: 1, 3-9<\/p> <p><strong>\u00c9nekek: \u00a0\u00a0\u00a0\u00a0\u00a0\u00a0\u00a0 <\/strong>121: 1<\/p> <p>Heidelbergi K\u00e1t\u00e9: XLIX. \u00darnapja<\/p> <p>301: 1-4 (\u00faj: 371)<\/p> <p>Vers: D\u00e9nes Emese, Harkai Julianna Zs\u00f3fia<\/p> <p>261: 1-2 (\u00faj:239)<\/p> <p>77: 1<\/p> <p>301: 5-8 (\u00faj: 371)<\/p> <p>Igehirdet\u0151: T\u00f3th Sebesty\u00e9n<\/p> <p><strong>\u00a0<\/strong><\/p> <p><strong><em>D\u00e9lut\u00e1n:<\/em><\/strong><\/p> <p><strong>\u00a0<\/strong><\/p> <p><strong>Textus:<\/strong> \u00c9nekek \u00e9neke: 1, 1-17<\/p> <h4><\/h4> <p><strong>Heidelbergi K\u00e1t\u00e9:<\/strong> XLIX. \u00darnapja<\/p> <h4><\/h4> <p><strong>\u00c9nekek:<\/strong> \u00a0\u00a0\u00a0\u00a0\u00a0\u00a0\u00a0 \u00a0\u00a024: 1<\/p> <p>24: 2-5<\/p> <p>198: 1-3 (\u00faj: 190)<\/p> <p>Igehirdet\u0151: T\u00f3th Sebesty\u00e9n<\/p> <p><strong>\u00a0<\/strong><\/p> <p><strong><em>Aktu\u00e1lis int\u00e9zked\u00e9sek a COVID 19-hez kapcsol\u00f3d\u00f3an:<\/em><\/strong><\/p> <p>Az Egyh\u00e1zk\u00f6zs\u00e9g eln\u00f6ks\u00e9g\u00e9nek, J\u00f3zsa J\u00f3zsef kur\u00e1tornak, \u00e9s Harkai Ferenc Csaba lelkip\u00e1sztornak a felel\u0151ss\u00e9ge, hogy minden el\u0151\u00edr\u00e1s be legyen tartva.<\/p> <p><strong>\u00a0<\/strong><\/p> <p><strong>\u201eAmit csak szeretn\u00e9tek, hogy az emberek tegyenek veletek, mindenben ugyan\u00fagy tegyetek ti is vel\u00fck, mert ezt tan\u00edtja a t\u00f6rv\u00e9ny \u00e9s a pr\u00f3f\u00e9t\u00e1k.\u201d M\u00e1t\u00e9 7, 12<\/strong><\/p> <p>K\u00e9rj\u00fck, hogy a jelenlegi helyzetben csak eg\u00e9szs\u00e9gesen \u00e9s v\u00e9detts\u00e9gi igazolv\u00e1nnyal j\u00f6jj\u00fcnk az alkalmakra. Minden alkalmunkat k\u00f6zvet\u00edt\u00fcnk, hogy akik betegs\u00e9g miatt nem lehetnek r\u00e9szesei a k\u00f6z\u00f6ss\u00e9gnek az igehallgat\u00e1s lehet\u0151s\u00e9g\u00e9b\u0151l ne maradjanak ki.<\/p> <p>Miut\u00e1n egyh\u00e1ztagjaink k\u00f6z\u00f6tt is sokan voltak az elm\u00falt hetekben covidosak, \u00edgy, ezen tapasztalat alapj\u00e1n mondjuk, hogy a beoltottak eset\u00e9ben komoly betegs\u00e9g, vagy s\u00falyos \u00e1llapot nem alakult ki. Viszont a n\u00e9h\u00e1ny oltatlan eset\u00e9ben s\u00falyosabb t\u00fcnetek \u00e9s bizony nagyon komoly k\u00f3rh\u00e1zi ell\u00e1t\u00e1st ig\u00e9nyl\u0151 helyzet is kialakult. B\u00e1tor\u00edtunk mindenkit az olt\u00e1s felv\u00e9tel\u00e9re.<\/p> <p>Addig pedig, am\u00edg a covid v\u00edrust nem tudjuk visszaszor\u00edtani, el kell tudnunk fogadni, hogy egyre t\u00f6bb helyen k\u00f6telez\u0151 a maszk visel\u00e9se, \u00edgy m\u00e1r a templomokban is k\u00e9rik a maszk visel\u00e9s\u00e9t.<\/p> <p>K\u00e9r\u00fcnk mindenkit, haszn\u00e1lja a bej\u00e1ratn\u00e1l elhelyezett <strong>k\u00e9zfert\u0151tlen\u00edt\u0151t<\/strong>!<\/p> <p>Meg\u00e9rt\u00e9s\u00fckben, egy\u00fctt m\u0171k\u00f6d\u00e9s\u00fckben b\u00edzva, k\u00e9rj\u00fck seg\u00edts\u00e9g\u00fcket!<\/p> <p><strong>\u00a0<\/strong><\/p> <p><strong>\u00a0<\/strong><\/p> <p>A templomi \u2013 j\u00e1rv\u00e1ny\u00fcgyi &#8211; <strong>\u00fcl\u00e9srenddel<\/strong> kapcsolatban k\u00e9rem, mindenki figyeljen az ajt\u00f3n\u00e1l szolg\u00e1latot teljes\u00edt\u0151 presbiterek ir\u00e1ny\u00edt\u00e1s\u00e1ra.<\/p> <p>Tov\u00e1bbra is a Templomban tartjuk az alkalmainkat. <strong>Fogadjuk el, hogy most nem tudunk a megszokott hely\u00fcnkre \u00fclni, hiszen \u00e9rkez\u00e9si sorrendben az els\u0151 padokt\u00f3l kezdve tudunk helyet foglalni.<\/strong> A k\u00e9s\u0151bb \u00e9rkez\u0151k, illetve a megengedett l\u00e9tsz\u00e1m f\u00f6l\u00f6tt \u00e9rkez\u0151k m\u00e1r csak a Gy\u00fclekezeti h\u00e1zban tudnak le\u00fclni.<\/p> <p>K\u00e9rj\u00fck, mindenki hozzon mag\u00e1val otthonr\u00f3l \u00c9nekesk\u00f6nyvet. Term\u00e9szetesen most is lehet a templomban a szokott helyr\u0151l elvenni \u00c9nekesk\u00f6nyvet, amit viszont k\u00e9rj\u00fck, hogy az erre a c\u00e9lra kihelyezett tart\u00f3ba tegyenek vissza, az Istentisztelet v\u00e9g\u00e9n, hogy \u00edgy is cs\u00f6kkents\u00fck az esetleges fert\u0151z\u00e9s lehet\u0151s\u00e9g\u00e9t!<\/p> <p><strong>\u00a0<\/strong><\/p> <p><strong>Kivonul\u00e1sn\u00e1l figyelj\u00fcnk arra, hogy el\u0151sz\u00f6r az els\u0151 sorban \u00fcl\u0151k induljanak el, majd sorban haladjunk a h\u00e1ts\u00f3 padok fel\u00e9, \u00edgy elker\u00fclhet\u0151, hogy a kij\u00e1ratn\u00e1l nagyon feltorl\u00f3djon a gy\u00fclekezet.<\/strong><\/p> <p><strong>\u00a0<\/strong><\/p> <p>Mindenki figyelm\u00e9t felh\u00edvjuk arra, hogy felel\u0151ss\u00e9ggel tartozunk egym\u00e1s ir\u00e1nt!<\/p> <p><strong>\u00a0<\/strong><\/p> <p><strong>K\u00e9rj\u00fck a gyakori k\u00e9zmos\u00e1s betart\u00e1s\u00e1t \u00e9s a sz\u00e1j \u00e9s orr eltakar\u00e1s\u00e1t minden\u00fctt, ahol erre el\u0151\u00edr\u00e1s van!<\/strong><\/p> <p><strong>\u00a0<\/strong><\/p> <p><strong>\u00a0<\/strong><\/p> <p><strong>\u201e<\/strong><strong>\u00d6r\u00fcljetek az \u00darban mindenkor! Ism\u00e9t mondom: \u00f6r\u00fcljetek! A ti szel\u00edds\u00e9getek legyen ismert minden ember el\u0151tt! Az \u00dar k\u00f6zel! Semmi\u00e9rt se agg\u00f3djatok, hanem im\u00e1ds\u00e1gban \u00e9s k\u00f6ny\u00f6rg\u00e9sben mindenkor h\u00e1laad\u00e1ssal t\u00e1rj\u00e1tok fel k\u00e9r\u00e9seiteket Isten el\u0151tt; \u00e9s Isten b\u00e9kess\u00e9ge, mely minden \u00e9rtelmet meghalad, \u00a0\u00a0meg fogja \u0151rizni sz\u00edveteket \u00e9s gondolataitokat Krisztus J\u00e9zusban.\u201d Filippi 4, 4-7<\/strong><\/p> ","protected":false},"excerpt":{"rendered":"<p>Aki szeretn\u00e9 a Hirdet\u00e9seket emailben is megkapni k\u00e9rj\u00fck, jelezze szem\u00e9lyesen a Lelk\u00e9szi hivatalban. \u00a0 Alkalmak: &#8211; Ma d\u00e9lut\u00e1n 17 \u00f3rakor is zen\u00e9s Istentisztelet lesz itt a templomban, evang\u00e9likus k\u00f3russal k\u00f6z\u00f6sen fog \u00e9nekelni az \u00e9nekkarunk (online k\u00f6zvet\u00edtve: https:\/\/kkre.hu\/wpm\/) &#8211; Kedden 18 \u00f3rakor tartunk Presbiteri Biblia\u00f3r\u00e1t a Gy\u00fclekezeti teremben &#8211; Szerd\u00e1n 18 \u00f3rakor tartunk Istentiszteletet itt a&hellip;<\/p>\n","protected":false},"author":15,"featured_media":0,"comment_status":"closed","ping_status":"closed","sticky":false,"template":"","format":"standard","meta":[],"categories":[17],"tags":[],"acf":[],"_links":{"self":[{"href":"https:\/\/kkre.hu\/wpm\/wp-json\/wp\/v2\/posts\/17350"}],"collection":[{"href":"https:\/\/kkre.hu\/wpm\/wp-json\/wp\/v2\/posts"}],"about":[{"href":"https:\/\/kkre.hu\/wpm\/wp-json\/wp\/v2\/types\/post"}],"author":[{"embeddable":true,"href":"https:\/\/kkre.hu\/wpm\/wp-json\/wp\/v2\/users\/15"}],"replies":[{"embeddable":true,"href":"https:\/\/kkre.hu\/wpm\/wp-json\/wp\/v2\/comments?post=17350"}],"version-history":[{"count":2,"href":"https:\/\/kkre.hu\/wpm\/wp-json\/wp\/v2\/posts\/17350\/revisions"}],"predecessor-version":[{"id":17352,"href":"https:\/\/kkre.hu\/wpm\/wp-json\/wp\/v2\/posts\/17350\/revisions\/17352"}],"wp:attachment":[{"href":"https:\/\/kkre.hu\/wpm\/wp-json\/wp\/v2\/media?parent=17350"}],"wp:term":[{"taxonomy":"category","embeddable":true,"href":"https:\/\/kkre.hu\/wpm\/wp-json\/wp\/v2\/categories?post=17350"},{"taxonomy":"post_tag","embeddable":true,"href":"https:\/\/kkre.hu\/wpm\/wp-json\/wp\/v2\/tags?post=17350"}],"curies":[{"name":"wp","href":"https:\/\/api.w.org\/{rel}","templated":true}]}}