{"id":17390,"date":"2021-12-27T04:13:20","date_gmt":"2021-12-27T03:13:20","guid":{"rendered":"https:\/\/kkre.hu\/wpm\/?p=17390"},"modified":"2021-12-27T04:15:22","modified_gmt":"2021-12-27T03:15:22","slug":"hirdetesek-2021-december-26","status":"publish","type":"post","link":"https:\/\/kkre.hu\/wpm\/blog\/2021\/12\/27\/hirdetesek-2021-december-26\/","title":{"rendered":"Hirdet\u00e9sek, 2021. december 26."},"content":{"rendered":"<p><strong>Aki szeretn\u00e9 a Hirdet\u00e9seket emailben is megkapni k\u00e9rj\u00fck, jelezze szem\u00e9lyesen a Lelk\u00e9szi hivatalban.<\/strong><\/p> <p><strong>\u00a0<\/strong><\/p> <p><strong>Hatod\u00e9ves gyakorlat: <\/strong><\/p> <p>&#8211; A mai napon szolg\u00e1lt k\u00f6z\u00f6tt\u00fcnk <strong>T\u00f3th Sebesty\u00e9n D\u00e1niel<\/strong> 6. \u00e9ves gyakornokk\u00e9nt utolj\u00e1ra. Febru\u00e1r 1-t\u0151l december 31-ig tart gyakorlata, \u00edgy terveink szerint m\u00e1r ebben az id\u0151szakban nem fog pr\u00e9dik\u00e1lni. Janu\u00e1rt\u00f3l az Egyh\u00e1zk\u00f6zs\u00e9g\u00fcnk ter\u00fclet\u00e9n lev\u0151 \u00e1llami iskol\u00e1kban fog k\u00f6telez\u0151en v\u00e1laszthat\u00f3 hit- \u00e9s erk\u00f6lcstan\u00f3r\u00e1kat tartani, \u00edgy m\u00e9g fogunk vele tal\u00e1lkozni.<\/p> <p>Isten \u00e1ld\u00e1s\u00e1t k\u00e9rj\u00fck \u00e9let\u00e9re teol\u00f3giai tanulm\u00e1nyainak utols\u00f3 f\u00e9l\u00e9v\u00e9ben, \u00e9s k\u00edv\u00e1njuk, hogy sikeres \u00e1llamvizsg\u00e1ja ut\u00e1n lelkip\u00e1sztork\u00e9nt szolg\u00e1ljon Reform\u00e1tus Egyh\u00e1zunkban.<\/p> <p><strong>\u00a0<\/strong><\/p> <p><strong>Alkalmak: <\/strong><\/p> <p>&#8211; Ma d\u00e9lut\u00e1n <strong>17 \u00f3ra<\/strong>kor <strong>Istentisztelet<\/strong> tartunk itt a templomban (online k\u00f6zvet\u00edtve: <a href=\"https:\/\/kkre.hu\/wpm\/\">https:\/\/kkre.hu\/wpm\/<\/a>)<\/p> <p>&#8211; <strong>\u00d3\u00e9v napj\u00e1n, december 31-\u00e9n 17 \u00f3ra<\/strong>kor lesz <strong>Istentisztelet <\/strong>itt a templomban, az igehirdet\u00e9s ut\u00e1n <strong>\u00farvacsorai k\u00f6z\u00f6ss\u00e9g is lesz <\/strong>(online k\u00f6zvet\u00edtve: <a href=\"https:\/\/kkre.hu\/wpm\/\">https:\/\/kkre.hu\/wpm\/<\/a>)<\/p> <p>&#8211; <strong>\u00daj\u00e9v napj\u00e1n, janu\u00e1r 1-j\u00e9n, 10 \u00f3ra<\/strong>kor lesz <strong>Istentisztelet <\/strong>itt a templomban (online k\u00f6zvet\u00edtve: <a href=\"https:\/\/kkre.hu\/wpm\/\">https:\/\/kkre.hu\/wpm\/<\/a>)<\/p> <p>&#8211; J\u00f6v\u0151 <strong>vas\u00e1rnap<\/strong> <strong>10 \u00f3ra<\/strong>kor lesz <strong>Istentisztelet<\/strong> itt a templomban (online k\u00f6zvet\u00edtve: <a href=\"https:\/\/kkre.hu\/wpm\/\">https:\/\/kkre.hu\/wpm\/<\/a>)<\/p> <p>&#8211; J\u00f6v\u0151 <strong>vas\u00e1rnap<\/strong> <strong>17 \u00f3ra<\/strong>kor is lesz <strong>Istentisztelet <\/strong>itt a templomban (online k\u00f6zvet\u00edtve: <a href=\"https:\/\/kkre.hu\/wpm\/\">https:\/\/kkre.hu\/wpm\/<\/a>)<\/p> <p>&#8211; A 2021. \u00e9vr\u0151l sz\u00f3l\u00f3 Lelk\u00e9szi jelent\u00e9s rem\u00e9nys\u00e9g szerint, janu\u00e1r 9-\u00e9n fog elhangzani<\/p> <p><strong>\u00a0<\/strong><\/p> <p><strong>Temet\u00e9s:<\/strong><\/p> <p>&#8211; Az elm\u00falt h\u00e9ten, december 20-\u00e1n h\u00e9tf\u0151n d\u00e9lut\u00e1n, itt a Templomban b\u00facs\u00faztunk, majd helyezt\u00fck v\u00e9gs\u0151 nyugalomra hamvait Dr. Kurcz Mih\u00e1lynak, aki november 26-\u00e1n 89 \u00e9ves kor\u00e1ban hunyt el. Isten vigasztal\u00f3 ig\u00e9j\u00e9t a Jelen\u00e9sek: 7, 9-17 alapj\u00e1n hirdett\u00fck. Isten vigasztal\u00e1s\u00e1t k\u00e9rj\u00fck A Boldog Felt\u00e1mad\u00e1s Rem\u00e9nys\u00e9ge Alatt csal\u00e1dj\u00e1nak.<\/p> <p><strong>\u00a0<\/strong><\/p> <p><strong>Elhunyt:<\/strong><\/p> <p>&#8211; Szomor\u00fa sz\u00edvvel, de A Boldog Felt\u00e1mad\u00e1s Rem\u00e9nys\u00e9ge Alatt hirdetem, hogy december 12-\u00e9n Mennyei Aty\u00e1nk 69 \u00e9ves kor\u00e1ban hazasz\u00f3l\u00edtotta, Apai Art\u00farn\u00e9 asszonytestv\u00e9r\u00fcnket. Marika h\u0171s\u00e9ges szolg\u00e1l\u00f3 tagja volt Egyh\u00e1zk\u00f6zs\u00e9g\u00fcnknek, aki p\u00e9ntekenk\u00e9nt a n\u00e9h\u00e1ny h\u00e9ttel ezel\u0151tt kezd\u0151d\u0151 betegs\u00e9g\u00e9ig egy\u00fctt k\u00e9sz\u00edtette a t\u00f6bbiekkel a templomot a vas\u00e1rnapi istentiszteletekre.<\/p> <p>Elhunyt testv\u00e9r\u00fcnknek ezen a h\u00e9ten, szerd\u00e1n, december 29-\u00e9n, 12<u><sup>15<\/sup><\/u>-kor lesz a temet\u00e9se a Kispesti temet\u0151ben. Isten vigasztal\u00e1s\u00e1t k\u00e9rj\u00fck szeretteinek!<\/p> <p><strong>\u00a0<\/strong><\/p> <p><strong>Iratterjeszt\u00e9s:<\/strong><\/p> <p>&#8211; <strong>Ebben az \u00e9vben is elk\u00e9sz\u00fclt saj\u00e1t napt\u00e1runk, amit a templom kij\u00e1rat\u00e1n\u00e1l ingyen vehetnek el a testv\u00e9rek!<\/strong><\/p> <p>Meg\u00e9rkeztek a j\u00f6v\u0151 \u00e9vi Bibliaolvas\u00f3 Kalauzok, K\u00e1lvin Kalend\u00e1riumok \u00e9s Falinapt\u00e1rok, illetve az <strong>\u00faj \u00e9nekesk\u00f6nyv<\/strong> is megv\u00e1s\u00e1rolhat\u00f3 az iratterjeszt\u00e9sben.<\/p> <p><strong>\u00a0<\/strong><\/p> <p><strong>Orgona Cd:<\/strong><\/p> <p>&#8211; \u00d6r\u00f6mmel jelentem a gy\u00fclekezetnek, hogy Szotyori Nagy G\u00e1bor orgonam\u0171v\u00e9sz\u00fcnknek megjelent az \u00d6n\u00e1ll\u00f3 \u201eCD-je\u201d, Felix Mendelssohn orgona m\u0171veib\u0151l. A CD-k az iratterjeszt\u00e9sben megv\u00e1s\u00e1rolhat\u00f3k \u00e9s az \u00e1rukb\u00f3l befolyt \u00f6sszeget m\u0171v\u00e9sz \u00far az orgona tiszt\u00edt\u00e1s\u00e1ra, sz\u00fcks\u00e9ges karbantart\u00e1s\u00e1ra aj\u00e1nlotta fel.<\/p> <p><strong>Lectio:<\/strong> Luk\u00e1cs: 2, 8-14<\/p> <p><strong>\u00a0<\/strong><\/p> <p><strong>Textus:<\/strong> Luk\u00e1cs: 2, 15-20<\/p> <p><strong>\u00c9nekek: \u00a0\u00a0\u00a0\u00a0\u00a0\u00a0\u00a0 <\/strong>119: 1<\/p> <p>Heidelbergi K\u00e1t\u00e9: LII. \u00darnapja<\/p> <p>318: 1-8 (\u00faj: 403)<\/p> <p>119: 2<\/p> <p>119: 3-4<\/p> <p>313: 1, 5-6 (\u00faj: 410)<\/p> <p>200: 1-6 (\u00faj:289)<\/p> <p>\u00dav: 436, 461, 462, 463<\/p> <p>Igehirdet\u0151: T\u00f3th Sebesty\u00e9n<\/p> <p><strong>\u00a0<\/strong><\/p> <p><strong>\u00a0<\/strong><\/p> <p><strong><em>D\u00e9lut\u00e1n:<\/em><\/strong><\/p> <p><strong>\u00a0<\/strong><\/p> <p><strong>Textus:<\/strong> Mike\u00e1s: 5, 1-3<\/p> <h4><\/h4> <p><strong>Heidelbergi K\u00e1t\u00e9:<\/strong> LII. \u00darnapja<\/p> <h4><\/h4> <p><strong>\u00c9nekek:<\/strong> \u00a0\u00a0\u00a0\u00a0\u00a0\u00a0\u00a0 \u00a0\u00a066: 1<\/p> <p>315: 1-7 (\u00faj: 401)<\/p> <p>323: 4 (\u00faj: 420)<\/p> <p>447: 1-2 (\u00faj: 292)<\/p> <p>Igehirdet\u0151: Harkai Ferenc<\/p> <p><strong>\u00a0<\/strong><\/p> <p><strong><em>Aktu\u00e1lis int\u00e9zked\u00e9sek a COVID 19-hez kapcsol\u00f3d\u00f3an:<\/em><\/strong><\/p> <p>Az Egyh\u00e1zk\u00f6zs\u00e9g eln\u00f6ks\u00e9g\u00e9nek, J\u00f3zsa J\u00f3zsef kur\u00e1tornak, \u00e9s Harkai Ferenc Csaba lelkip\u00e1sztornak a felel\u0151ss\u00e9ge, hogy minden el\u0151\u00edr\u00e1s be legyen tartva.<\/p> <p><strong>\u00a0<\/strong><\/p> <p><strong>\u201eAmit csak szeretn\u00e9tek, hogy az emberek tegyenek veletek,<\/strong><\/p> <p><strong>mindenben ugyan\u00fagy tegyetek ti is vel\u00fck,<\/strong><\/p> <p><strong>mert ezt tan\u00edtja a t\u00f6rv\u00e9ny \u00e9s a pr\u00f3f\u00e9t\u00e1k.\u201d<\/strong><\/p> <p><strong>M\u00e1t\u00e9 7, 12<\/strong><\/p> <p>K\u00e9rj\u00fck, hogy a jelenlegi helyzetben csak eg\u00e9szs\u00e9gesen \u00e9s v\u00e9detts\u00e9gi igazolv\u00e1nnyal j\u00f6jj\u00fcnk az alkalmakra. Minden alkalmunkat k\u00f6zvet\u00edt\u00fcnk, hogy akik betegs\u00e9g miatt nem lehetnek r\u00e9szesei a k\u00f6z\u00f6ss\u00e9gnek az igehallgat\u00e1s lehet\u0151s\u00e9g\u00e9b\u0151l ne maradjanak ki.<\/p> <p>Miut\u00e1n egyh\u00e1ztagjaink k\u00f6z\u00f6tt is sokan voltak az elm\u00falt id\u0151ben covidosok, \u00edgy, ezen tapasztalat alapj\u00e1n mondjuk, hogy a beoltottak eset\u00e9ben komoly betegs\u00e9g, vagy s\u00falyos \u00e1llapot nem alakult ki. Viszont a n\u00e9h\u00e1ny oltatlan eset\u00e9ben s\u00falyosabb t\u00fcnetek \u00e9s bizony nagyon komoly k\u00f3rh\u00e1zi ell\u00e1t\u00e1st ig\u00e9nyl\u0151 helyzet is kialakult. B\u00e1tor\u00edtunk mindenkit az olt\u00e1s felv\u00e9tel\u00e9re.<\/p> <p>Addig pedig, am\u00edg a covid v\u00edrust nem tudjuk visszaszor\u00edtani, el kell tudnunk fogadni, hogy egyre t\u00f6bb helyen k\u00f6telez\u0151 a maszk visel\u00e9se, \u00edgy m\u00e1r a templomokban is k\u00e9rik a maszk visel\u00e9s\u00e9t.<\/p> <p>K\u00e9r\u00fcnk mindenkit, haszn\u00e1lja a bej\u00e1ratn\u00e1l elhelyezett <strong>k\u00e9zfert\u0151tlen\u00edt\u0151t<\/strong>!<\/p> <p>Meg\u00e9rt\u00e9s\u00fckben, egy\u00fctt m\u0171k\u00f6d\u00e9s\u00fckben b\u00edzva, k\u00e9rj\u00fck seg\u00edts\u00e9g\u00fcket!<\/p> <p><strong>\u00a0<\/strong><\/p> <p>A templomi \u2013 j\u00e1rv\u00e1ny\u00fcgyi &#8211; <strong>\u00fcl\u00e9srenddel<\/strong> kapcsolatban k\u00e9rj\u00fck, mindenki figyeljen az ajt\u00f3n\u00e1l szolg\u00e1latot teljes\u00edt\u0151 presbiterek ir\u00e1ny\u00edt\u00e1s\u00e1ra!<\/p> <p>Tov\u00e1bbra is a Templomban tartjuk az alkalmainkat. <strong>Fogadjuk el, hogy most nem tudunk a megszokott hely\u00fcnkre \u00fclni, hiszen \u00e9rkez\u00e9si sorrendben az els\u0151 padokt\u00f3l kezdve tudunk helyet foglalni.<\/strong> A k\u00e9s\u0151bb \u00e9rkez\u0151k, lehet, hogy m\u00e1r csak a Gy\u00fclekezeti h\u00e1zban tudnak le\u00fclni.<\/p> <p>K\u00e9rj\u00fck, mindenki hozzon mag\u00e1val otthonr\u00f3l \u00c9nekesk\u00f6nyvet. Term\u00e9szetesen most is lehet a templomban a szokott helyr\u0151l elvenni \u00c9nekesk\u00f6nyvet.<\/p> <p><strong>\u00a0<\/strong><\/p> <p><strong>Kivonul\u00e1sn\u00e1l figyelj\u00fcnk arra, hogy el\u0151sz\u00f6r az els\u0151 sorban \u00fcl\u0151k induljanak el, majd sorban haladjunk a h\u00e1ts\u00f3 padok fel\u00e9, \u00edgy elker\u00fclhet\u0151, hogy a kij\u00e1ratn\u00e1l nagyon feltorl\u00f3djon a gy\u00fclekezet.<\/strong><\/p> <p><strong>\u00a0<\/strong><\/p> <p>Mindenki figyelm\u00e9t felh\u00edvjuk arra, hogy felel\u0151ss\u00e9ggel tartozunk egym\u00e1s ir\u00e1nt!<\/p> <p><strong>\u00a0<\/strong><\/p> <p><strong>K\u00e9rj\u00fck a gyakori k\u00e9zmos\u00e1s betart\u00e1s\u00e1t \u00e9s a sz\u00e1j \u00e9s orr eltakar\u00e1s\u00e1t minden\u00fctt, ahol erre el\u0151\u00edr\u00e1s van!<\/strong><\/p> <p><strong>\u00a0<\/strong><\/p> <p><strong>\u00a0<\/strong><\/p> <p><strong>\u201e<\/strong><strong>\u00d6r\u00fcljetek az \u00darban mindenkor! Ism\u00e9t mondom: \u00f6r\u00fcljetek! A ti szel\u00edds\u00e9getek legyen ismert minden ember el\u0151tt! Az \u00dar k\u00f6zel! Semmi\u00e9rt se agg\u00f3djatok, hanem im\u00e1ds\u00e1gban \u00e9s k\u00f6ny\u00f6rg\u00e9sben mindenkor h\u00e1laad\u00e1ssal t\u00e1rj\u00e1tok fel k\u00e9r\u00e9seiteket Isten el\u0151tt; \u00e9s Isten b\u00e9kess\u00e9ge, mely minden \u00e9rtelmet meghalad, \u00a0\u00a0meg fogja \u0151rizni sz\u00edveteket \u00e9s gondolataitokat Krisztus J\u00e9zusban.\u201d Filippi 4, 4-7<\/strong><\/p> ","protected":false},"excerpt":{"rendered":"<p>Aki szeretn\u00e9 a Hirdet\u00e9seket emailben is megkapni k\u00e9rj\u00fck, jelezze szem\u00e9lyesen a Lelk\u00e9szi hivatalban. \u00a0 Hatod\u00e9ves gyakorlat: &#8211; A mai napon szolg\u00e1lt k\u00f6z\u00f6tt\u00fcnk T\u00f3th Sebesty\u00e9n D\u00e1niel 6. \u00e9ves gyakornokk\u00e9nt utolj\u00e1ra. Febru\u00e1r 1-t\u0151l december 31-ig tart gyakorlata, \u00edgy terveink szerint m\u00e1r ebben az id\u0151szakban nem fog pr\u00e9dik\u00e1lni. Janu\u00e1rt\u00f3l az Egyh\u00e1zk\u00f6zs\u00e9g\u00fcnk ter\u00fclet\u00e9n lev\u0151 \u00e1llami iskol\u00e1kban fog k\u00f6telez\u0151en v\u00e1laszthat\u00f3&hellip;<\/p>\n","protected":false},"author":15,"featured_media":0,"comment_status":"closed","ping_status":"closed","sticky":false,"template":"","format":"standard","meta":[],"categories":[17],"tags":[],"acf":[],"_links":{"self":[{"href":"https:\/\/kkre.hu\/wpm\/wp-json\/wp\/v2\/posts\/17390"}],"collection":[{"href":"https:\/\/kkre.hu\/wpm\/wp-json\/wp\/v2\/posts"}],"about":[{"href":"https:\/\/kkre.hu\/wpm\/wp-json\/wp\/v2\/types\/post"}],"author":[{"embeddable":true,"href":"https:\/\/kkre.hu\/wpm\/wp-json\/wp\/v2\/users\/15"}],"replies":[{"embeddable":true,"href":"https:\/\/kkre.hu\/wpm\/wp-json\/wp\/v2\/comments?post=17390"}],"version-history":[{"count":2,"href":"https:\/\/kkre.hu\/wpm\/wp-json\/wp\/v2\/posts\/17390\/revisions"}],"predecessor-version":[{"id":17392,"href":"https:\/\/kkre.hu\/wpm\/wp-json\/wp\/v2\/posts\/17390\/revisions\/17392"}],"wp:attachment":[{"href":"https:\/\/kkre.hu\/wpm\/wp-json\/wp\/v2\/media?parent=17390"}],"wp:term":[{"taxonomy":"category","embeddable":true,"href":"https:\/\/kkre.hu\/wpm\/wp-json\/wp\/v2\/categories?post=17390"},{"taxonomy":"post_tag","embeddable":true,"href":"https:\/\/kkre.hu\/wpm\/wp-json\/wp\/v2\/tags?post=17390"}],"curies":[{"name":"wp","href":"https:\/\/api.w.org\/{rel}","templated":true}]}}