{"id":17809,"date":"2022-01-09T20:58:25","date_gmt":"2022-01-09T19:58:25","guid":{"rendered":"https:\/\/kkre.hu\/wpm\/?p=17809"},"modified":"2022-01-09T21:00:27","modified_gmt":"2022-01-09T20:00:27","slug":"hirdetesek-2022-januar-09","status":"publish","type":"post","link":"https:\/\/kkre.hu\/wpm\/blog\/2022\/01\/09\/hirdetesek-2022-januar-09\/","title":{"rendered":"Hirdet\u00e9sek, 2022.  janu\u00e1r 09."},"content":{"rendered":"<p><strong>Aki szeretn\u00e9 a Hirdet\u00e9seket emailben is megkapni k\u00e9rj\u00fck, jelezze szem\u00e9lyesen a Lelk\u00e9szi hivatalban.<\/strong><\/p> <p><strong>\u00a0<\/strong><\/p> <p><strong>Lelk\u00e9szi jelent\u00e9s a 2021. \u00e9vr\u0151l<\/strong><\/p> <p><strong>\u00a0<\/strong><\/p> <p>&#8211; Ma d\u00e9lut\u00e1n 17 \u00f3rakor is lesz<strong> Istentisztelet<\/strong>, (online k\u00f6zvet\u00edtve: <a href=\"https:\/\/kkre.hu\/wpm\/\">https:\/\/kkre.hu\/wpm\/<\/a>)<\/p> <p>&#8211; Kedden 18 \u00f3rakor lesz Presbiteri biblia\u00f3ra az alagsorban<\/p> <p>&#8211; Szerd\u00e1n 18 \u00f3rakor tartunk <strong>Istentiszteletet<\/strong> itt a templomban (online k\u00f6zvet\u00edtve: <a href=\"https:\/\/kkre.hu\/wpm\/\">https:\/\/kkre.hu\/wpm\/<\/a>)<\/p> <p>&#8211; Cs\u00fct\u00f6rt\u00f6k\u00f6n 19 \u00f3rakor lesz Biblia\u00f3ra az alagsorban<\/p> <p>&#8211; J\u00f6v\u0151 <strong>vas\u00e1rnap<\/strong> <strong>10 \u00f3ra<\/strong>kor lesz <strong>Istentiszteletet<\/strong> itt a Templomban<strong>, <\/strong>az igehirdet\u00e9s el\u0151tt a gyermekek kimehetnek a gy\u00fclekezeti h\u00e1zba <strong>Gyermekistentiszteletre<\/strong> (online k\u00f6zvet\u00edtve: <a href=\"https:\/\/kkre.hu\/wpm\/\">https:\/\/kkre.hu\/wpm\/<\/a>)<\/p> <p><strong>\u00a0<\/strong><\/p> <p><strong>\u00d6kumenikus imah\u00e9t:<\/strong><\/p> <p>&#8211; Janu\u00e1r 16-\u00e1n 17 \u00f3rakor n\u00e1lunk kezd\u0151dik az \u00d6kumenikus imah\u00e9t sorozata.<\/p> <p>Ebben az esztend\u0151ben is csak n\u00e9gy este lesz istentisztelet: p\u00e9nteken az evang\u00e9likus templomban, szombaton a r\u00f3mai katolikus templomban a Templom t\u00e9ren \u00e9s vas\u00e1rnap a baptista imah\u00e1zban. Minden alkalom 17 \u00f3rakor fog kezd\u0151dni \u00e9s az interneten igyeksz\u00fcnk \u00e9l\u0151 k\u00f6zvet\u00edt\u00e9st biztos\u00edtani.<\/p> <p>Janu\u00e1r 23-\u00e1n, aki sz\u00edvesen \u00e9nekelne egy k\u00f6z\u00f6s \u00f6kumenikus k\u00f3rusban f\u00e9l 4-re menjen a Baptista imah\u00e1zba, ahol a k\u00f3rusok fognak pr\u00f3b\u00e1lni, de most azok is tudnak csatlakozni, akik egy\u00e9bk\u00e9nt nem k\u00f3rustagok.<\/p> <p><strong>\u00a0<\/strong><\/p> <p><strong>M\u00e1trah\u00e1za:<\/strong><\/p> <p>&#8211; Janu\u00e1r 27-30 ig ism\u00e9t van lehet\u0151s\u00e9g\u00fcnk a kor\u00e1bbi \u00e9vekhez hasonl\u00f3an M\u00e1trah\u00e1z\u00e1ra menni csendesh\u00e9tv\u00e9g\u00e9re.<\/p> <p>Az al\u00e1bbi linken lehet jelentkezni:<\/p> <p><a href=\"https:\/\/docs.google.com\/forms\/d\/e\/1FAIpQLSd_NG6xvIDLkdcMUwUO9Im_IvVNdH5HC1Ju8W75Ckx6BPADmw\/viewform?usp=sf_link\">https:\/\/docs.google.com\/forms\/d\/e\/1FAIpQLSd_NG6xvIDLkdcMUwUO9Im_IvVNdH5HC1Ju8W75Ckx6BPADmw\/viewform?usp=sf_link<\/a><\/p> <p>A kor\u00e1bbi \u00e9vekhez k\u00e9pest jelent\u0151sen cs\u00f6kkent a sz\u00e1ll\u00e1shelyek sz\u00e1ma, \u00edgy kevesebben tudunk menni, mint eddig ment\u00fcnk, ez\u00e9rt is fontos a jelentkez\u00e9s, mert sz\u00e1m\u00edt az \u201e\u00e9rkez\u00e9si\u201d sorrend.<\/p> <p><strong>\u00a0<\/strong><\/p> <p><strong>Temet\u00e9s:<\/strong><\/p> <p>&#8211; P\u00e9nteken, janu\u00e1r 7-\u00e9n d\u00e9lut\u00e1n itt a templomban b\u00facs\u00faztunk D\u00e1vid J\u00f3zsefn\u00e9, sz\u00fcletett: Borsz\u00e9ki Gy\u00f6rgyit\u0151l, aki 63 \u00e9ves kor\u00e1ban december 15-\u00e9n hunyt el v\u00e1ratlanul. A vigasztal\u00e1s ig\u00e9it a J\u00e1nos evang\u00e9liuma 6. r\u00e9sze 66-69 verse alapj\u00e1n hirdett\u00fck: \u201eEtt\u0151l fogva tan\u00edtv\u00e1nyai k\u00f6z\u00fcl sokan visszavonultak, \u00e9s nem j\u00e1rtak vele t\u00f6bb\u00e9. <sup><a href=\"https:\/\/abibliamindenkie.hu\/uj\/JHN\/6#67\">67<\/a><\/sup>J\u00e9zus ekkor megk\u00e9rdezte a tizenkett\u0151t\u0151l: Vajon ti is el akartok menni? <sup><a href=\"https:\/\/abibliamindenkie.hu\/uj\/JHN\/6#68\">68<\/a><\/sup>Simon P\u00e9ter \u00edgy felelt: Uram, kihez menn\u00e9nk? \u00d6r\u00f6k \u00e9let besz\u00e9de van n\u00e1lad.<sup><a href=\"https:\/\/abibliamindenkie.hu\/uj\/JHN\/6#69\">69<\/a><\/sup>\u00c9s mi hissz\u00fck \u00e9s tudjuk, hogy te vagy az Istennek Szentje.. Isten vigasztal\u00e1s\u00e1t k\u00e9rj\u00fck \u00e9desanyj\u00e1nak, f\u00e9rj\u00e9nek gyermekeinek \u00e9s szeretteinek A Boldog Felt\u00e1mad\u00e1s Rem\u00e9nys\u00e9ge Alatt.<\/p> <p>&#8211; Szombaton, janu\u00e1r 8-\u00e1n a Wekerlei Munk\u00e1s Szent J\u00f3zsef templomban b\u00facs\u00faztunk Simokovic S\u00e1ndorn\u00e9, sz\u00fcletett Stark Emma asszonytestv\u00e9r\u00fcnkt\u0151l, aki december 5-\u00e9n 93 \u00e9ves kor\u00e1ban hunyt el. A vigasztal\u00e1s ig\u00e9it a k\u00f6vetkez\u0151 ig\u00e9k alapj\u00e1n hirdett\u00fck: \u00c9zsai\u00e1s: 43, 1: Ne f\u00e9lj, mert megv\u00e1ltottalak, neveden sz\u00f3l\u00edtottalak, eny\u00e9m vagy!\u201d \u00e9s a M\u00e1t\u00e9, 11: 28: \u201eJ\u00f6jjetek \u00e9nhozz\u00e1m mindny\u00e1jan, akik megf\u00e1radtatok \u00e9s meg vagytok terhelve, \u00e9s \u00e9n megnyugv\u00e1st adok nektek.\u201d Urunk vigasztal\u00e1s\u00e1t k\u00e9rj\u00fck, szeretteinek \u00a0A Boldog Felt\u00e1mad\u00e1s Rem\u00e9nys\u00e9ge Alatt.<\/p> <p><strong>\u00a0<\/strong><\/p> <p><strong>Iskolai el\u0151k\u00e9sz\u00edt\u0151:<\/strong><\/p> <p>&#8211; Janu\u00e1r 11-\u00e9n, kedden 17 \u00f3r\u00e1ra \u00fajra v\u00e1rjuk a leend\u0151 els\u0151s\u00f6ket \u00e9s sz\u00fcleiket az <strong>Ady Endre Reform\u00e1tus \u00c1ltal\u00e1nos Iskol\u00e1ba<\/strong> a TUD\u00c1S H\u00d6RPENT\u0150-SZ\u00d6RPENT\u0150 iskolael\u0151k\u00e9sz\u00edt\u0151 programunkra.<\/p> <p><strong>\u00a0<\/strong><\/p> <p><strong>V\u00e1laszt\u00f3i n\u00e9vjegyz\u00e9k:<\/strong><\/p> <p>&#8211; Ebben az \u00e9vben is szeretn\u00e9nk kiigaz\u00edtani a V\u00e1laszt\u00f3i n\u00e9vjegyz\u00e9ket! V\u00e1laszt\u00f3i n\u00e9vjegyz\u00e9k\u00fcnkben azok szerepelhetnek, akik konfirm\u00e1ltak, s\u00e1kramentumainkkal \u00e9lnek, hozz\u00e1j\u00e1rulnak Egyh\u00e1zk\u00f6zs\u00e9g\u00fcnk fenntart\u00e1s\u00e1hoz, bet\u00f6lt\u00f6tt\u00e9k 18. \u00e9let\u00e9v\u00fcket. Tov\u00e1bb\u00e1 Egyh\u00e1zk\u00f6zs\u00e9g\u00fcnk ter\u00fclet\u00e9n laknak, vagy nyilatkoznak arr\u00f3l, hogy ide szeretn\u00e9nek tartozni!<\/p> <p><strong>\u00a0<\/strong><\/p> <p><strong>Konfirm\u00e1ci\u00f3:<\/strong><\/p> <p>&#8211; Szeretettel v\u00e1rjuk azokat a <strong>legal\u00e1bb 8. oszt\u00e1lyos ifjakat<\/strong> is konfirm\u00e1ci\u00f3 el\u0151k\u00e9sz\u00edt\u0151re, akik m\u00e9g nem kezdt\u00e9k meg a legal\u00e1bb k\u00e9t \u00e9ves felk\u00e9sz\u00fcl\u00e9st a konfirm\u00e1ci\u00f3i fogadalomt\u00e9telre. Az \u0151 \u00f3r\u00e1juk <strong>szerd\u00e1n 16 \u00f3rako<\/strong>r van<\/p> <p>&#8211; Akiknek id\u00e9n tavasszal lett volna eredetileg a konfirm\u00e1ci\u00f3juk, <strong>cs\u00fct\u00f6rt\u00f6k\u00f6n, 16 \u00f3ra 30 perckor<\/strong> lesz \u00f3r\u00e1juk<\/p> <p>&#8211; <strong>Feln\u0151tteknek cs\u00fct\u00f6rt\u00f6k\u00f6n<\/strong> tartunk konfirm\u00e1ci\u00f3 el\u0151k\u00e9sz\u00edt\u0151t, ami <strong>\u00a018 \u00f3ra<\/strong>kor kezd\u0151dik<\/p> <p><strong>\u00a0<\/strong><\/p> <p><strong>\u00c9nekkar:<\/strong><\/p> <p>&#8211; Az \u00e9nekkar pr\u00f3b\u00e1ja h\u00e9tf\u0151n, 18 \u00f3rakor van az alagsorban. Szeretettel v\u00e1rjuk azokat is, akik eddig is tagjai voltak ennek a k\u00f6z\u00f6ss\u00e9gnek \u00e9s h\u00edvjuk azokat a testv\u00e9reket is, akik eddig nem voltak ilyen alkalmon.<\/p> <p><strong>\u00a0<\/strong><\/p> <p><strong>Templomtakar\u00edt\u00e1s:<\/strong><\/p> <p>&#8211; Ezen a h\u00e9ten \u00fajra szeretettel v\u00e1rjuk a testv\u00e9reket, <strong>p\u00e9nteken<\/strong> 17 \u00f3r\u00e1t\u00f3l, hogy kitakar\u00edtsuk a templomot. K\u00f6sz\u00f6nj\u00fck azoknak, akik el nem m\u00fal\u00f3 szeretettel j\u00f6nnek h\u00e9tr\u0151l-h\u00e9tre takar\u00edtani, hogy templomunkban mindig tisztas\u00e1g \u00e9s rend lehessen alkalmainkra.<\/p> <p><strong>\u00a0<\/strong><\/p> <p><strong>Iratterjeszt\u00e9s:<\/strong><\/p> <p>&#8211; <strong>Ebben az \u00e9vben is elk\u00e9sz\u00fclt saj\u00e1t napt\u00e1runk, amit a templom kij\u00e1rat\u00e1n\u00e1l ingyen vehetnek el a testv\u00e9rek!<\/strong><\/p> <p>Meg\u00e9rkeztek a j\u00f6v\u0151 \u00e9vi Bibliaolvas\u00f3 Kalauzok, K\u00e1lvin Kalend\u00e1riumok \u00e9s Falinapt\u00e1rok, illetve az <strong>\u00faj \u00e9nekesk\u00f6nyv<\/strong> is megv\u00e1s\u00e1rolhat\u00f3 az iratterjeszt\u00e9sben.<\/p> <p><strong>\u00a0<\/strong><\/p> <p><strong>Orgona Cd:<\/strong><\/p> <p>&#8211; \u00d6r\u00f6mmel jelentem a gy\u00fclekezetnek, hogy Szotyori Nagy G\u00e1bor orgonam\u0171v\u00e9sz\u00fcnknek megjelent az \u00d6n\u00e1ll\u00f3 \u201eCD-je\u201d, Felix Mendelssohn orgona m\u0171veib\u0151l. A CD-k az iratterjeszt\u00e9sben megv\u00e1s\u00e1rolhat\u00f3k \u00e9s az \u00e1rukb\u00f3l befolyt \u00f6sszeget m\u0171v\u00e9sz \u00far az orgona tiszt\u00edt\u00e1s\u00e1ra, sz\u00fcks\u00e9ges karbantart\u00e1s\u00e1ra aj\u00e1nlotta fel.<\/p> <p><strong>Lectio:<\/strong> 5 M\u00f3zes: 16, 1-17<\/p> <p><strong>Textus:<\/strong> 5 M\u00f3zes 16, 11-12<\/p> <p><strong>\u00a0<\/strong><\/p> <p><strong>\u00c9nekek:<\/strong> \u00a0\u00a0\u00a0\u00a0\u00a0\u00a0\u00a0\u00a0\u00a0\u00a0\u00a0\u00a0\u00a0\u00a0\u00a0\u00a0\u00a0\u00a0\u00a0 \u00a0\u00a024: 1<\/p> <p>Heidelbergi K\u00e1t\u00e9 II. \u00farnapja<\/p> <p>276: 1-3 (\u00faj: 718)<\/p> <p>485: 1-5 (\u00faj: 658)<\/p> <p>276: 4-5 (\u00faj: 718)<\/p> <p>111: 1<\/p> <p>Igehirdet\u0151: Harkai Ferenc<\/p> <p><strong><em>D\u00e9lut\u00e1n:<\/em><\/strong><\/p> <p><strong>\u00a0<\/strong><\/p> <p><strong>Textus:<\/strong> M\u00e1t\u00e9: 6, 5-15<\/p> <h4><\/h4> <p><strong>Heidelbergi K\u00e1t\u00e9:<\/strong> II. \u00darnapja<\/p> <h4><\/h4> <p><strong>\u00c9nekek:<\/strong> \u00a0\u00a0\u00a0\u00a0\u00a0\u00a0\u00a0 105: 1<\/p> <p>207: 1-3 (\u00faj: nincs)<\/p> <p>484: 1-3 (\u00faj: 333)<\/p> <p>Igehirdet\u0151: Harkai Ferenc<\/p> <p><strong>\u00a0<\/strong><\/p> <p><strong><em>Aktu\u00e1lis int\u00e9zked\u00e9sek a COVID 19-hez kapcsol\u00f3d\u00f3an:<\/em><\/strong><\/p> <p>Az Egyh\u00e1zk\u00f6zs\u00e9g eln\u00f6ks\u00e9g\u00e9nek, J\u00f3zsa J\u00f3zsef kur\u00e1tornak, \u00e9s Harkai Ferenc Csaba lelkip\u00e1sztornak a felel\u0151ss\u00e9ge, hogy minden el\u0151\u00edr\u00e1s be legyen tartva.<\/p> <p><strong>\u00a0<\/strong><\/p> <p><strong>\u201eAmit csak szeretn\u00e9tek, hogy az emberek tegyenek veletek,<\/strong><\/p> <p><strong>mindenben ugyan\u00fagy tegyetek ti is vel\u00fck,<\/strong><\/p> <p><strong>mert ezt tan\u00edtja a t\u00f6rv\u00e9ny \u00e9s a pr\u00f3f\u00e9t\u00e1k.\u201d<\/strong><\/p> <p><strong>M\u00e1t\u00e9 7, 12<\/strong><\/p> <p>K\u00e9rj\u00fck, hogy a jelenlegi helyzetben csak eg\u00e9szs\u00e9gesen \u00e9s v\u00e9detts\u00e9gi igazolv\u00e1nnyal j\u00f6jj\u00fcnk az alkalmakra. Minden alkalmunkat k\u00f6zvet\u00edt\u00fcnk, hogy akik betegs\u00e9g miatt nem lehetnek r\u00e9szesei a k\u00f6z\u00f6ss\u00e9gnek az igehallgat\u00e1s lehet\u0151s\u00e9g\u00e9b\u0151l ne maradjanak ki.<\/p> <p>Miut\u00e1n egyh\u00e1ztagjaink k\u00f6z\u00f6tt is sokan voltak az elm\u00falt id\u0151ben covidosok, \u00edgy, ezen tapasztalat alapj\u00e1n mondjuk, hogy a beoltottak eset\u00e9ben komoly betegs\u00e9g, vagy s\u00falyos \u00e1llapot nem alakult ki. Viszont a n\u00e9h\u00e1ny oltatlan eset\u00e9ben s\u00falyosabb t\u00fcnetek \u00e9s bizony nagyon komoly k\u00f3rh\u00e1zi ell\u00e1t\u00e1st ig\u00e9nyl\u0151 helyzet is kialakult. B\u00e1tor\u00edtunk mindenkit az olt\u00e1s felv\u00e9tel\u00e9re.<\/p> <p>Addig pedig, am\u00edg a covid v\u00edrust nem tudjuk visszaszor\u00edtani, el kell tudnunk fogadni, hogy egyre t\u00f6bb helyen k\u00f6telez\u0151 a maszk visel\u00e9se, \u00edgy m\u00e1r a templomokban is k\u00e9rik a maszk visel\u00e9s\u00e9t.<\/p> <p>K\u00e9r\u00fcnk mindenkit, haszn\u00e1lja a bej\u00e1ratn\u00e1l elhelyezett <strong>k\u00e9zfert\u0151tlen\u00edt\u0151t<\/strong>!<\/p> <p>Meg\u00e9rt\u00e9s\u00fckben, egy\u00fctt m\u0171k\u00f6d\u00e9s\u00fckben b\u00edzva, k\u00e9rj\u00fck seg\u00edts\u00e9g\u00fcket!<\/p> <p><strong>\u00a0<\/strong><\/p> <p>A templomi \u2013 j\u00e1rv\u00e1ny\u00fcgyi &#8211; <strong>\u00fcl\u00e9srenddel<\/strong> kapcsolatban k\u00e9rj\u00fck, mindenki figyeljen az ajt\u00f3n\u00e1l szolg\u00e1latot teljes\u00edt\u0151 presbiterek ir\u00e1ny\u00edt\u00e1s\u00e1ra!<\/p> <p>Tov\u00e1bbra is a Templomban tartjuk az alkalmainkat. <strong>Fogadjuk el, hogy most nem tudunk a megszokott hely\u00fcnkre \u00fclni, hiszen \u00e9rkez\u00e9si sorrendben az els\u0151 padokt\u00f3l kezdve tudunk helyet foglalni.<\/strong> A k\u00e9s\u0151bb \u00e9rkez\u0151k, lehet, hogy m\u00e1r csak a Gy\u00fclekezeti h\u00e1zban tudnak le\u00fclni.<\/p> <p>K\u00e9rj\u00fck, mindenki hozzon mag\u00e1val otthonr\u00f3l \u00c9nekesk\u00f6nyvet. Term\u00e9szetesen most is lehet a templomban a szokott helyr\u0151l elvenni \u00c9nekesk\u00f6nyvet.<\/p> <p><strong>\u00a0<\/strong><\/p> <p><strong>Kivonul\u00e1sn\u00e1l figyelj\u00fcnk arra, hogy el\u0151sz\u00f6r az els\u0151 sorban \u00fcl\u0151k induljanak el, majd sorban haladjunk a h\u00e1ts\u00f3 padok fel\u00e9, \u00edgy elker\u00fclhet\u0151, hogy a kij\u00e1ratn\u00e1l nagyon feltorl\u00f3djon a gy\u00fclekezet.<\/strong><\/p> <p><strong>\u00a0<\/strong><\/p> <p>Mindenki figyelm\u00e9t felh\u00edvjuk arra, hogy felel\u0151ss\u00e9ggel tartozunk egym\u00e1s ir\u00e1nt!<\/p> <p><strong>\u00a0<\/strong><\/p> <p><strong>K\u00e9rj\u00fck a gyakori k\u00e9zmos\u00e1s betart\u00e1s\u00e1t \u00e9s a sz\u00e1j \u00e9s orr eltakar\u00e1s\u00e1t minden\u00fctt, ahol erre el\u0151\u00edr\u00e1s van!<\/strong><\/p> <p><strong>\u00a0<\/strong><\/p> <p><strong>\u00a0<\/strong><\/p> <p><strong>\u201e<\/strong><strong>\u00d6r\u00fcljetek az \u00darban mindenkor! Ism\u00e9t mondom: \u00f6r\u00fcljetek! A ti szel\u00edds\u00e9getek legyen ismert minden ember el\u0151tt! Az \u00dar k\u00f6zel! Semmi\u00e9rt se agg\u00f3djatok, hanem im\u00e1ds\u00e1gban \u00e9s k\u00f6ny\u00f6rg\u00e9sben mindenkor h\u00e1laad\u00e1ssal t\u00e1rj\u00e1tok fel k\u00e9r\u00e9seiteket Isten el\u0151tt; \u00e9s Isten b\u00e9kess\u00e9ge, mely minden \u00e9rtelmet meghalad, meg fogja \u0151rizni sz\u00edveteket \u00e9s gondolataitokat Krisztus J\u00e9zusban.\u201d Filippi 4, 4-7<\/strong><\/p> ","protected":false},"excerpt":{"rendered":"<p>Aki szeretn\u00e9 a Hirdet\u00e9seket emailben is megkapni k\u00e9rj\u00fck, jelezze szem\u00e9lyesen a Lelk\u00e9szi hivatalban. \u00a0 Lelk\u00e9szi jelent\u00e9s a 2021. \u00e9vr\u0151l \u00a0 &#8211; Ma d\u00e9lut\u00e1n 17 \u00f3rakor is lesz Istentisztelet, (online k\u00f6zvet\u00edtve: https:\/\/kkre.hu\/wpm\/) &#8211; Kedden 18 \u00f3rakor lesz Presbiteri biblia\u00f3ra az alagsorban &#8211; Szerd\u00e1n 18 \u00f3rakor tartunk Istentiszteletet itt a templomban (online k\u00f6zvet\u00edtve: https:\/\/kkre.hu\/wpm\/) &#8211; Cs\u00fct\u00f6rt\u00f6k\u00f6n 19&hellip;<\/p>\n","protected":false},"author":15,"featured_media":0,"comment_status":"closed","ping_status":"closed","sticky":false,"template":"","format":"standard","meta":[],"categories":[17],"tags":[],"acf":[],"_links":{"self":[{"href":"https:\/\/kkre.hu\/wpm\/wp-json\/wp\/v2\/posts\/17809"}],"collection":[{"href":"https:\/\/kkre.hu\/wpm\/wp-json\/wp\/v2\/posts"}],"about":[{"href":"https:\/\/kkre.hu\/wpm\/wp-json\/wp\/v2\/types\/post"}],"author":[{"embeddable":true,"href":"https:\/\/kkre.hu\/wpm\/wp-json\/wp\/v2\/users\/15"}],"replies":[{"embeddable":true,"href":"https:\/\/kkre.hu\/wpm\/wp-json\/wp\/v2\/comments?post=17809"}],"version-history":[{"count":2,"href":"https:\/\/kkre.hu\/wpm\/wp-json\/wp\/v2\/posts\/17809\/revisions"}],"predecessor-version":[{"id":17811,"href":"https:\/\/kkre.hu\/wpm\/wp-json\/wp\/v2\/posts\/17809\/revisions\/17811"}],"wp:attachment":[{"href":"https:\/\/kkre.hu\/wpm\/wp-json\/wp\/v2\/media?parent=17809"}],"wp:term":[{"taxonomy":"category","embeddable":true,"href":"https:\/\/kkre.hu\/wpm\/wp-json\/wp\/v2\/categories?post=17809"},{"taxonomy":"post_tag","embeddable":true,"href":"https:\/\/kkre.hu\/wpm\/wp-json\/wp\/v2\/tags?post=17809"}],"curies":[{"name":"wp","href":"https:\/\/api.w.org\/{rel}","templated":true}]}}