{"id":18003,"date":"2022-03-06T19:08:15","date_gmt":"2022-03-06T18:08:15","guid":{"rendered":"https:\/\/kkre.hu\/wpm\/?p=18003"},"modified":"2022-03-06T19:10:01","modified_gmt":"2022-03-06T18:10:01","slug":"hirdetesek-2022-marcius-06","status":"publish","type":"post","link":"https:\/\/kkre.hu\/wpm\/blog\/2022\/03\/06\/hirdetesek-2022-marcius-06\/","title":{"rendered":"Hirdet\u00e9sek, 2022. m\u00e1rcius 06."},"content":{"rendered":"<p><strong>Aki szeretn\u00e9 a Hirdet\u00e9seket emailben is megkapni k\u00e9rj\u00fck, jelezze szem\u00e9lyesen a Lelk\u00e9szi hivatalban.<\/strong><\/p> <p><strong>Konfirm\u00e1ci\u00f3:<\/strong><\/p> <p>&#8211; Katona Anik\u00f3 m\u00e1r \u00e9vek \u00f3ta rendszeres igehallgat\u00f3ja k\u00f6z\u00f6ss\u00e9g\u00fcnknek \u00e9s az elm\u00falt \u0151sszel jelentkezett konfirm\u00e1ci\u00f3 el\u0151k\u00e9sz\u00edt\u0151re \u00e9s \u00edgy tett ma vall\u00e1st a Szenth\u00e1roms\u00e1g Istenbe vetett hit\u00e9r\u0151l \u00e9s k\u00f6telezte el mag\u00e1t, J\u00e9zus Krisztus k\u00f6vet\u00e9s\u00e9re a Reform\u00e1tus Egyh\u00e1zban.<\/p> <p><strong>Seg\u00edts\u00e9gny\u00fajt\u00e1s K\u00e1rp\u00e1talj\u00e1ra, Ukrajn\u00e1ba:<\/strong><\/p> <p>&#8211; Febru\u00e1r 24-ike \u00f3ta h\u00e1bor\u00fa zajlik Ukrajn\u00e1ban. Ennek k\u00f6vetkezt\u00e9ben sokan menek\u00fclnek otthonaikb\u00f3l. Egyh\u00e1zk\u00f6zs\u00e9g\u00fcnk \u00e9vek \u00f3ta a T\u00e9cs\u0151i Reform\u00e1tus Egyh\u00e1zk\u00f6zs\u00e9get t\u00e1mogatja els\u0151sorban p\u00e9nzbeli adom\u00e1nyokkal. Jelen helyzetben viszont term\u00e9szetbeni adom\u00e1nyokra lenne sz\u00fcks\u00e9g\u00fck.<\/p> <p>Saj\u00e1tos helyzetben van T\u00e9cs\u0151, mert az ottani Reform\u00e1tus L\u00edceum koll\u00e9gium\u00e1ban t\u00f6bb tucat Ukrajna keleti ter\u00fcleteir\u0151l \u00e9rkezett menek\u00fclt van, elsz\u00e1ll\u00e1solva, akikr\u0151l most nekik kell gondoskodni. Most \u00fagy t\u0171nik, hogy lehet\u0151s\u00e9g\u00fcnk lesz a h\u00e9t m\u00e1sodik fel\u00e9ben egyenesen T\u00e9cs\u0151re vinni seg\u00e9lysz\u00e1ll\u00edtm\u00e1nyt. Ehhez k\u00e9rj\u00fck a testv\u00e9rek adom\u00e1ny\u00e1t. Amire sz\u00fcks\u00e9g\u00fck lenne: <strong>liszt, rizs, cukor, \u00e9tolaj, sz\u00e1razt\u00e9szta.<\/strong><\/p> <p>A jelen helyzetben az lenne a j\u00f3, ha mindenki, aki csak teheti \u00edgy hozna adom\u00e1nyokat, hiszen a cukor, liszt bizonyos fajt\u00e1i \u00e9s az \u00e9tolaj is hat\u00f3s\u00e1gi \u00e1ras \u00e9s \u00edgy a nagy mennyis\u00e9g\u0171 v\u00e1s\u00e1rl\u00e1sa neh\u00e9zkes. Ez\u00e9rt azt k\u00e9rj\u00fck, hogy lehet\u0151s\u00e9g szerint ne p\u00e9nzbeli adom\u00e1nyt hozzanak a testv\u00e9rek, mivel jelenleg a k\u00e9szp\u00e9nzzel Ukrajn\u00e1ban sem nagyon tudnak mit kezdeni, hiszen akadozik a k\u00e1rp\u00e1taljai boltok ell\u00e1t\u00e1sa is.<\/p> <p>Az adom\u00e1nyokat szerd\u00e1n az esti Istentiszteletig v\u00e1rjuk. 7-17 \u00f3r\u00e1ig az \u00f3vod\u00e1n\u00e1l cs\u00f6ngetve lehet behozni \u00e9s a templomban elhelyezni felaj\u00e1nl\u00e1sainkat. Ha valaki 17 \u00f3ra ut\u00e1n tudja hozni az adom\u00e1ny\u00e1t, akkor a lelkip\u00e1sztorral kell egyeztetni (+36-30-636-5840-es telefonsz\u00e1mon) az adom\u00e1nyok elhelyez\u00e9s\u00e9nek lehet\u0151s\u00e9g\u00e9r\u0151l. Az \u00f6sszegy\u0171lt adom\u00e1nyokat Egyh\u00e1zk\u00f6zs\u00e9g\u00fcnk lelkip\u00e1sztora fogja elvinni a h\u00e9t m\u00e1sodik fel\u00e9ben.<\/p> <p>A templomban elhelyezt\u00fcnk egy perselyt is, amibe p\u00e9nzbeli adom\u00e1nyokat lehet elhelyezni, amib\u0151l Egyh\u00e1zk\u00f6zs\u00e9g\u00fcnk a k\u00f6z\u00e9nk \u00e9rkez\u0151 menek\u00fclteket \u00e9s a t\u00e9cs\u0151i reform\u00e1tusokat igyekszik majd t\u00e1mogatni.<\/p> <p>A Magyarorsz\u00e1gi Reform\u00e1tus Egyh\u00e1z is szervez gy\u0171jt\u00e9st a Magyar Reform\u00e1tus Szeretetszolg\u00e1laton kereszt\u00fcl, amihez szint\u00e9n lehet csatlakozni, illetve m\u00e1rcius 20-\u00e1n a perselyp\u00e9nz\u00fcnket szint\u00e9n a k\u00f6zponti gy\u0171jt\u00e9s t\u00e1mogat\u00e1s\u00e1ra fogjuk elk\u00fcldeni.<\/p> <p><strong>Alakalmaink:<\/strong><\/p> <p>&#8211; Ma <strong>17 \u00f3rakor<\/strong> is lesz Istentiszteletet itt a Templomban (online k\u00f6zvet\u00edtve: <a href=\"https:\/\/kkre.hu\/wpm\/\">https:\/\/kkre.hu\/wpm\/<\/a>)<\/p> <p>&#8211; Szerd\u00e1n 18 \u00f3rakor tartunk <strong>Istentiszteletet<\/strong> itt a templomban (online k\u00f6zvet\u00edtve: <a href=\"https:\/\/kkre.hu\/wpm\/\">https:\/\/kkre.hu\/wpm\/<\/a>)<\/p> <p>&#8211; Cs\u00fct\u00f6rt\u00f6k\u00f6n 19 \u00f3rakor tartunk <strong>Biblia\u00f3r\u00e1t<\/strong> az alagsorban<\/p> <p>&#8211; J\u00f6v\u0151 <strong>vas\u00e1rnap<\/strong> <strong>10 \u00f3ra<\/strong>kor lesz <strong>Istentiszteletet<\/strong> itt a Templomban<strong>, <\/strong>az igehirdet\u00e9s el\u0151tt a gyermekek kimehetnek a gy\u00fclekezeti h\u00e1zba <strong>Gyermekistentiszteletre. <\/strong>Rem\u00e9nys\u00e9g\u00fcnk szerint a kereszts\u00e9g s\u00e1kramentum\u00e1t is ki fogjuk szolg\u00e1ltatni Trecsk\u00f3 Istv\u00e1n \u00e9s feles\u00e9ge Trecsk\u00f3 Mohai M\u00e1ria gyermek\u00e9t, Noelt k\u00e9sz\u00fcl\u00fcnk megkeresztelni. Hordozzuk im\u00e1ds\u00e1gban a keresztel\u0151re k\u00e9sz\u00fcl\u0151 csal\u00e1dot! (online k\u00f6zvet\u00edtve: <a href=\"https:\/\/kkre.hu\/wpm\/\">https:\/\/kkre.hu\/wpm\/<\/a>)<\/p> <p>&#8211; J\u00f6v\u0151 vas\u00e1rnap <strong>17 \u00f3rakor<\/strong> is lesz Istentiszteletet itt a Templomban (online k\u00f6zvet\u00edtve: <a href=\"https:\/\/kkre.hu\/wpm\/\">https:\/\/kkre.hu\/wpm\/<\/a>)<\/p> <p><strong>Konfirm\u00e1ci\u00f3:<\/strong><\/p> <p>&#8211; Szeretettel v\u00e1rjuk azokat a <strong>legal\u00e1bb 8. oszt\u00e1lyos ifjakat<\/strong> is konfirm\u00e1ci\u00f3 el\u0151k\u00e9sz\u00edt\u0151re, akik m\u00e9g nem kezdt\u00e9k meg a legal\u00e1bb k\u00e9t \u00e9ves felk\u00e9sz\u00fcl\u00e9st a konfirm\u00e1ci\u00f3i fogadalomt\u00e9telre. Az \u0151 \u00f3r\u00e1juk <strong>szerd\u00e1n 16 \u00f3rako<\/strong>r van<\/p> <p>&#8211; Akiknek tavaly tavasszal lett volna eredetileg a konfirm\u00e1ci\u00f3juk, <strong>cs\u00fct\u00f6rt\u00f6k\u00f6n, 16 \u00f3ra 30 perckor<\/strong> lesz \u00f3r\u00e1juk<\/p> <p>-Terveink szerint tavasszal \u00fajabb feln\u0151tt konfirm\u00e1ci\u00f3s csoportot fogunk ind\u00edtani, ennek id\u0151pontj\u00e1t k\u00e9s\u0151bb jelezz\u00fck<\/p> <p><strong>\u00a0<\/strong><\/p> <p><strong>Iskolai el\u0151k\u00e9sz\u00edt\u0151:<\/strong><\/p> <p>&#8211; M\u00e1rcius 8-\u00e1n, kedden 17 \u00f3r\u00e1ra \u00fajra v\u00e1rjuk a leend\u0151 els\u0151s\u00f6ket \u00e9s sz\u00fcleiket az <strong>Ady Endre Reform\u00e1tus \u00c1ltal\u00e1nos Iskol\u00e1ba<\/strong> a TUD\u00c1S H\u00d6RPENT\u0150-SZ\u00d6RPENT\u0150 iskolael\u0151k\u00e9sz\u00edt\u0151 programunkra.<\/p> <p>Az iskol\u00e1nkban beiratkozni el\u0151sz\u00f6r m\u00e1rcius 9-11-ig lehet. K\u00e9rem, figyelj\u00fcnk r\u00e1, hogy aki k\u00f6z\u00f6ss\u00e9g\u00fcnkb\u0151l az Ady Endre Reform\u00e1tus \u00c1ltal\u00e1nos Iskol\u00e1ba szeretn\u00e9 \u00edratni a gyermek\u00e9t fenti id\u0151szakban adja be a jelentkez\u00e9s\u00e9t. Rem\u00e9nys\u00e9g\u00fcnk szerint hamar lesz k\u00e9t oszt\u00e1lyra val\u00f3 jelentkez\u0151nk, \u00e9s sajnos tavaly sem tudtuk a m\u00e1r k\u00e9s\u0151n jelentkez\u0151 gyermekeket felvenni az el\u00e9rt oszt\u00e1lyl\u00e9tsz\u00e1m miatt.<\/p> <p><strong>\u00a0<\/strong><\/p> <p><strong>\u00d3vodai jelentkez\u00e9s:<\/strong><\/p> <p>&#8211; A <strong>Sz\u0151l\u0151skert Reform\u00e1tus \u00d3vod\u00e1ba <\/strong>is lehet jelentkezni. Aki szeretn\u00e9, ha szeptembert\u0151l az \u00e1ltalunk fenntartott int\u00e9zm\u00e9nybe j\u00e1rna a gyermeke ne felejtse el a Jelentkez\u00e9si lapot leadni, mert an\u00e9lk\u00fcl nem fogjuk tudni felvenni az ide sz\u00e1nt gyermeket. A k\u00f6z\u00f6ss\u00e9g\u00fcnkh\u00f6z tartoz\u00f3 gyermekek els\u0151bbs\u00e9get \u00e9lveznek, de ennek \u00e9rv\u00e9nyes\u00edt\u00e9s\u00e9hez is kell jelentkezni az \u00f3v\u00f3d\u00e1ba.<\/p> <p><strong>\u00a0<\/strong><\/p> <p><strong>\u00c9nekkar:<\/strong><\/p> <p>&#8211; Az \u00e9nekkar pr\u00f3b\u00e1ja <strong>h\u00e9tf\u0151n, 18 \u00f3rakor<\/strong> van az alagsorban. Szeretettel v\u00e1rjuk azokat is, akik eddig is tagjai voltak ennek a k\u00f6z\u00f6ss\u00e9gnek \u00e9s h\u00edvjuk azokat a testv\u00e9reket is, akik eddig nem voltak ilyen alkalmon.<\/p> <p><strong>\u00a0<\/strong><\/p> <p><strong>Templomtakar\u00edt\u00e1s:<\/strong><\/p> <p>&#8211; Ezen a h\u00e9ten \u00fajra szeretettel v\u00e1rjuk a testv\u00e9reket, <strong>p\u00e9nteken <\/strong>17 \u00f3r\u00e1t\u00f3l, hogy kitakar\u00edtsuk a templomot. K\u00f6sz\u00f6nj\u00fck azoknak, akik el nem m\u00fal\u00f3 szeretettel j\u00f6nnek h\u00e9tr\u0151l-h\u00e9tre takar\u00edtani, hogy templomunkban mindig tisztas\u00e1g \u00e9s rend lehessen alkalmainkra.<\/p> <p><strong>\u00a0<\/strong><\/p> <p><strong>Iratterjeszt\u00e9s:<\/strong><\/p> <p>&#8211; <strong>Erre az \u00e9vre is elk\u00e9sz\u00fclt saj\u00e1t napt\u00e1runk, amit a templom kij\u00e1rat\u00e1n\u00e1l ingyen vehetnek el a testv\u00e9rek!<\/strong><\/p> <p>M\u00e9g vannak idei Bibliaolvas\u00f3 Kalauzok, K\u00e1lvin Kalend\u00e1riumok \u00e9s Falinapt\u00e1rok, illetve az <strong>\u00faj \u00e9nekesk\u00f6nyv<\/strong> is megv\u00e1s\u00e1rolhat\u00f3 az iratterjeszt\u00e9sben.<\/p> <p><strong>\u00a0<\/strong><\/p> <p><strong>Orgona Cd:<\/strong><\/p> <p>&#8211; \u00d6r\u00f6mmel jelentem a gy\u00fclekezetnek, hogy Szotyori Nagy G\u00e1bor orgonam\u0171v\u00e9sz\u00fcnknek megjelent az \u00d6n\u00e1ll\u00f3 \u201eCD-je\u201d, Felix Mendelssohn orgona m\u0171veib\u0151l. A CD-k az iratterjeszt\u00e9sben megv\u00e1s\u00e1rolhat\u00f3k \u00e9s az \u00e1rukb\u00f3l befolyt \u00f6sszeget m\u0171v\u00e9sz \u00far az orgona tiszt\u00edt\u00e1s\u00e1ra, sz\u00fcks\u00e9ges karbantart\u00e1s\u00e1ra aj\u00e1nlotta fel.<\/p> <p><strong>\u00a0<\/strong><\/p> <p><strong>\u00a0<\/strong><\/p> <p><strong>Lectio:<\/strong> M\u00e1t\u00e9:18: 21-35<\/p> <p><strong>Textus:<\/strong> M\u00e1t\u00e9: 18: 27<\/p> <p><strong>\u00c9nekek: \u00a0\u00a0\u00a0\u00a0\u00a0\u00a0\u00a0 \u00a0\u00a0\u00a0\u00a0\u00a0\u00a0\u00a0\u00a0\u00a0\u00a0\u00a0 <\/strong>\u00a090 1, 9<\/p> <p>32: 1<\/p> <p>Heidelbergi K\u00e1t\u00e9 X. \u00farnapja<\/p> <p>458: 1-4 (\u00faj: 757)<\/p> <p>Konfirm\u00e1ci\u00f3ra k\u00e9sz\u00fclve<\/p> <p>25: 1-2<\/p> <p>435: 1-2 (\u00faj: 351)<\/p> <p>447: 1-2 (\u00faj: 292)<\/p> <p>\u00darvacsora alatt: 436 (\u00faj:352), 438 (\u00faj: 363)<\/p> <p>Igehirdet\u0151: Harkai Ferenc<\/p> <p><strong><em>D\u00e9lut\u00e1n:<\/em><\/strong><\/p> <p><strong>\u00a0<\/strong><\/p> <p><strong>Textus:<\/strong> 1S\u00e1muel: 20, 1-34<\/p> <h4><\/h4> <p><strong>Heidelbergi K\u00e1t\u00e9:<\/strong> X. \u00darnapja<\/p> <h4><\/h4> <p><strong>\u00c9nekek:<\/strong> \u00a0\u00a0\u00a0\u00a0\u00a0\u00a0\u00a0 \u00a0\u00a089: 1<\/p> <p>276: 1-5 (\u00faj: 718)<\/p> <p>448: 1-7 (\u00faj: 294)<\/p> <p>Igehirdet\u0151: Harkai Ferenc<\/p> <p><strong>\u00a0<\/strong><\/p> <p><strong><em>Aktu\u00e1lis int\u00e9zked\u00e9sek a COVID 19-hez kapcsol\u00f3d\u00f3an:<\/em><\/strong><\/p> <p>Az Egyh\u00e1zk\u00f6zs\u00e9g eln\u00f6ks\u00e9g\u00e9nek, J\u00f3zsa J\u00f3zsef kur\u00e1tornak, \u00e9s Harkai Ferenc Csaba lelkip\u00e1sztornak a felel\u0151ss\u00e9ge, hogy minden el\u0151\u00edr\u00e1s be legyen tartva.<\/p> <p><strong>\u00a0<\/strong><\/p> <p><strong>\u201eAmit csak szeretn\u00e9tek, hogy az emberek tegyenek veletek,<\/strong><\/p> <p><strong>mindenben ugyan\u00fagy tegyetek ti is vel\u00fck,<\/strong><\/p> <p><strong>mert ezt tan\u00edtja a t\u00f6rv\u00e9ny \u00e9s a pr\u00f3f\u00e9t\u00e1k.\u201d<\/strong><\/p> <p><strong>M\u00e1t\u00e9 7, 12<\/strong><\/p> <p>K\u00e9rj\u00fck, hogy a jelenlegi helyzetben csak eg\u00e9szs\u00e9gesen j\u00f6jj\u00fcnk az alkalmakra. Minden templomi alkalmunkat k\u00f6zvet\u00edtj\u00fck, hogy akik betegs\u00e9g miatt nem lehetnek r\u00e9szesei a k\u00f6z\u00f6ss\u00e9gnek, az igehallgat\u00e1s lehet\u0151s\u00e9g\u00e9b\u0151l ne maradjanak ki.<\/p> <p>Tov\u00e1bbra is b\u00e1tor\u00edtunk mindenkit az olt\u00e1s felv\u00e9tel\u00e9re, hiszen az elm\u00falt egy \u00e9vben megtapasztalhattuk a v\u00e9d\u0151olt\u00e1s seg\u00edt a jelenlegi v\u00edrus ellen is.<\/p> <p>K\u00e9r\u00fcnk mindenkit, haszn\u00e1lja a bej\u00e1ratn\u00e1l elhelyezett <strong>k\u00e9zfert\u0151tlen\u00edt\u0151t<\/strong>!<\/p> <p>Meg\u00e9rt\u00e9s\u00fckben, egy\u00fctt m\u0171k\u00f6d\u00e9s\u00fckben b\u00edzva, k\u00e9rj\u00fck seg\u00edts\u00e9g\u00fcket!<\/p> <p><strong>\u00a0<\/strong><\/p> <p>A templomi \u2013 j\u00e1rv\u00e1ny\u00fcgyi &#8211; <strong>\u00fcl\u00e9srenddel<\/strong> kapcsolatban k\u00e9rj\u00fck, mindenki figyeljen az ajt\u00f3n\u00e1l szolg\u00e1latot teljes\u00edt\u0151 presbiterek ir\u00e1ny\u00edt\u00e1s\u00e1ra!<\/p> <p><strong>Fogadjuk el, hogy most nem tudunk a megszokott hely\u00fcnkre \u00fclni, hiszen \u00e9rkez\u00e9si sorrendben az els\u0151 padokt\u00f3l kezdve tudunk helyet foglalni.<\/strong> A k\u00e9s\u0151bb \u00e9rkez\u0151k, lehet, hogy m\u00e1r csak a Gy\u00fclekezeti h\u00e1zban tudnak le\u00fclni.<\/p> <p>K\u00e9rj\u00fck, mindenki hozzon mag\u00e1val otthonr\u00f3l \u00c9nekesk\u00f6nyvet. Term\u00e9szetesen most is lehet a templomban a szokott helyr\u0151l elvenni \u00c9nekesk\u00f6nyvet.<\/p> <p><strong>\u00a0<\/strong><\/p> <p><strong>Kivonul\u00e1sn\u00e1l figyelj\u00fcnk arra, hogy el\u0151sz\u00f6r az els\u0151 sorban \u00fcl\u0151k induljanak el, majd sorban haladjunk a h\u00e1ts\u00f3 padok fel\u00e9, \u00edgy elker\u00fclhet\u0151, hogy a kij\u00e1ratn\u00e1l nagyon feltorl\u00f3djon a gy\u00fclekezet.<\/strong><\/p> <p><strong>\u00a0<\/strong><\/p> <p>Mindenki figyelm\u00e9t felh\u00edvjuk arra, hogy felel\u0151ss\u00e9ggel tartozunk egym\u00e1s ir\u00e1nt!<\/p> <p><strong>\u00a0<\/strong><\/p> <p><strong>K\u00e9rj\u00fck a gyakori k\u00e9zmos\u00e1s betart\u00e1s\u00e1t \u00e9s a sz\u00e1j \u00e9s orr eltakar\u00e1s\u00e1t minden\u00fctt, ahol erre el\u0151\u00edr\u00e1s van!<\/strong><\/p> <p><strong>\u00a0<\/strong><\/p> <p><strong>\u00a0<\/strong><\/p> <p><strong>\u201eTi teh\u00e1t, szeretteim, mivel el\u0151re tudj\u00e1tok ezt, vigy\u00e1zzatok, hogy az elvetem\u00fcltek t\u00e9velyg\u00e9sei el ne sodorjanak, \u00e9s saj\u00e1t biztos meggy\u0151z\u0151d\u00e9seteket el ne vesz\u00edts\u00e9tek. <sup><a href=\"https:\/\/abibliamindenkie.hu\/uj\/2PE\/3#18\">18<\/a><\/sup>Ink\u00e1bb n\u00f6vekedjetek a kegyelemben \u00e9s a mi Urunk, \u00fcdv\u00f6z\u00edt\u0151 J\u00e9zus Krisztusunk ismeret\u00e9ben. \u00d6v\u00e9 a dics\u0151s\u00e9g most \u00e9s az \u00f6r\u00f6kk\u00e9val\u00f3s\u00e1gban!\u201d<\/strong><\/p> <p><strong>\u00a02 P\u00e9ter: 3, 17-18<\/strong><\/p> <p><strong>\u00a0<\/strong><\/p> ","protected":false},"excerpt":{"rendered":"<p>Aki szeretn\u00e9 a Hirdet\u00e9seket emailben is megkapni k\u00e9rj\u00fck, jelezze szem\u00e9lyesen a Lelk\u00e9szi hivatalban. Konfirm\u00e1ci\u00f3: &#8211; Katona Anik\u00f3 m\u00e1r \u00e9vek \u00f3ta rendszeres igehallgat\u00f3ja k\u00f6z\u00f6ss\u00e9g\u00fcnknek \u00e9s az elm\u00falt \u0151sszel jelentkezett konfirm\u00e1ci\u00f3 el\u0151k\u00e9sz\u00edt\u0151re \u00e9s \u00edgy tett ma vall\u00e1st a Szenth\u00e1roms\u00e1g Istenbe vetett hit\u00e9r\u0151l \u00e9s k\u00f6telezte el mag\u00e1t, J\u00e9zus Krisztus k\u00f6vet\u00e9s\u00e9re a Reform\u00e1tus Egyh\u00e1zban. Seg\u00edts\u00e9gny\u00fajt\u00e1s K\u00e1rp\u00e1talj\u00e1ra, Ukrajn\u00e1ba: &#8211; Febru\u00e1r&hellip;<\/p>\n","protected":false},"author":15,"featured_media":0,"comment_status":"closed","ping_status":"closed","sticky":false,"template":"","format":"standard","meta":[],"categories":[17],"tags":[],"acf":[],"_links":{"self":[{"href":"https:\/\/kkre.hu\/wpm\/wp-json\/wp\/v2\/posts\/18003"}],"collection":[{"href":"https:\/\/kkre.hu\/wpm\/wp-json\/wp\/v2\/posts"}],"about":[{"href":"https:\/\/kkre.hu\/wpm\/wp-json\/wp\/v2\/types\/post"}],"author":[{"embeddable":true,"href":"https:\/\/kkre.hu\/wpm\/wp-json\/wp\/v2\/users\/15"}],"replies":[{"embeddable":true,"href":"https:\/\/kkre.hu\/wpm\/wp-json\/wp\/v2\/comments?post=18003"}],"version-history":[{"count":2,"href":"https:\/\/kkre.hu\/wpm\/wp-json\/wp\/v2\/posts\/18003\/revisions"}],"predecessor-version":[{"id":18005,"href":"https:\/\/kkre.hu\/wpm\/wp-json\/wp\/v2\/posts\/18003\/revisions\/18005"}],"wp:attachment":[{"href":"https:\/\/kkre.hu\/wpm\/wp-json\/wp\/v2\/media?parent=18003"}],"wp:term":[{"taxonomy":"category","embeddable":true,"href":"https:\/\/kkre.hu\/wpm\/wp-json\/wp\/v2\/categories?post=18003"},{"taxonomy":"post_tag","embeddable":true,"href":"https:\/\/kkre.hu\/wpm\/wp-json\/wp\/v2\/tags?post=18003"}],"curies":[{"name":"wp","href":"https:\/\/api.w.org\/{rel}","templated":true}]}}