{"id":18096,"date":"2022-04-12T08:07:30","date_gmt":"2022-04-12T06:07:30","guid":{"rendered":"https:\/\/kkre.hu\/wpm\/?p=18096"},"modified":"2022-04-12T08:08:07","modified_gmt":"2022-04-12T06:08:07","slug":"hirdetesek-2022-aprilis-10","status":"publish","type":"post","link":"https:\/\/kkre.hu\/wpm\/blog\/2022\/04\/12\/hirdetesek-2022-aprilis-10\/","title":{"rendered":"Hirdet\u00e9sek, 2022. \u00e1prilis 10."},"content":{"rendered":"<p><strong>Aki szeretn\u00e9 a Hirdet\u00e9seket emailben is megkapni k\u00e9rj\u00fck, jelezze szem\u00e9lyesen a Lelk\u00e9szi hivatalban.<\/strong><\/p> <p><strong>H\u00fasv\u00e9ti gy\u00fclekezeti k\u00f6rlev\u00e9l:<\/strong><\/p> <p>-Ebben az \u00e9vben is szeretn\u00e9nk megsz\u00f3l\u00edtani a hozz\u00e1nk tartoz\u00f3kat egy \u00fcnnepi k\u00f6rlev\u00e9llel. <a href=\"http:\/\/kkre.hu\/wpm\/wp-content\/uploads\/2022\/04\/Husveti-level-2022.pdf\" target=\"_blank\" rel=\"noopener\">Ide kattintva el\u00e9rhet\u0151 a lev\u00e9l<\/a>.<\/p> <p><strong>Sz\u0151l\u0151skert Reform\u00e1tus \u00d3voda fejleszt\u00e9se:<\/strong><\/p> <p>-\u00d6r\u00f6mmel jelentj\u00fck, hogy miut\u00e1n az Egyh\u00e1zk\u00f6zs\u00e9g eln\u00f6ks\u00e9ge al\u00e1\u00edrt egy ingatlan ad\u00e1s-v\u00e9teli szerz\u0151d\u00e9st m\u00e1rcius 31-\u00e9n, \u00e1prilis 5-\u00e9n pedig \u00e1tutal\u00e1sra ker\u00fclt a foglal\u00f3 is, \u00edgy rem\u00e9nys\u00e9g\u00fcnk szerint lehet\u0151s\u00e9g\u00fcnk lesz arra, hogy a Sz\u0151l\u0151skert Reform\u00e1tus \u00d3voda egy \u00f6n\u00e1ll\u00f3 \u00e9p\u00fcletbe k\u00f6lt\u00f6zhessen \u00e9s a jelenlegi 3 csoportr\u00f3l 4 csoportra b\u0151v\u00fclhessen.<\/p> <p><strong>Seg\u00edts\u00e9gny\u00fajt\u00e1s K\u00e1rp\u00e1talj\u00e1ra, Ukrajn\u00e1ba:<\/strong><\/p> <p>-Azt besz\u00e9lt\u00fck meg k\u00e1rp\u00e1taljai testv\u00e9reinkkel, hogy amennyiben lehet\u0151s\u00e9g lesz r\u00e1, \u00e9s jelzik, \u00fajra visz\u00fcnk \u00edgy egy sz\u00e1ll\u00edtm\u00e1nyt.<\/p> <p>Rem\u00e9nys\u00e9g\u00fcnk szerint ma este tudjuk a seg\u00e9ly\u00fcnket elvinni.<\/p> <p>Amint l\u00e1tj\u00e1k a testv\u00e9rek a templom h\u00e1tulj\u00e1ban el\u00e9g sok minden van \u00e9s azzal egy\u00fctt ami az alagsorban van, ism\u00e9t \u00f6sszegy\u0171lt egy kisbusznyi sz\u00e1ll\u00edtm\u00e1ny!<\/p> <p>K\u00f6sz\u00f6n\u00f6m a testv\u00e9rek \u00f6nzetlen, j\u00f3kedv\u0171 \u00e9s b\u0151s\u00e9ges adakoz\u00e1s\u00e1t! Soli Deo gloria!<\/p> <p>Istentisztelet\u00fcnk v\u00e9g\u00e9n a k\u00e1rp\u00e1taljai reform\u00e1tusok kedves \u00e9nek\u00e9t fogjuk \u00e9nekelni, amit az ottani reform\u00e1tus templomokban \u201ekivonul\u00f3ra\u201d \u00e9nekelnek: \u201eMindig velem Uram, mindig velem\u2026\u201d<\/p> <p><strong>Alakalmaink:<\/strong><\/p> <p>&#8211; Ma <strong>18 \u00f3rakor<\/strong> is tartunk Istentiszteletet itt a Templomban, ami egyben a Sz\u0151l\u0151skert Reform\u00e1tus \u00d3voda csal\u00e1di istentisztelete is (online k\u00f6zvet\u00edtve: <a href=\"https:\/\/kkre.hu\/wpm\/\">https:\/\/kkre.hu\/wpm\/<\/a><\/p> <p>&#8211; Szerd\u00e1n 11 \u00f3rakor az Ady Endre Reform\u00e1tus \u00c1ltal\u00e1nos Iskola \u00dcnnepi Istentisztelete lesz itt a templomban<\/p> <p>&#8211; Szerd\u00e1n \u00e9s cs\u00fct\u00f6rt\u00f6k\u00f6n 18 \u00f3rakor B\u0171nb\u00e1nati Istentisztelet lesz itt a templomban<\/p> <p>&#8211; Nagyp\u00e9nteken 10 \u00f3rakor \u00dcnnepi Istentisztelet\u00fcnk lesz \u00farvacsorai k\u00f6z\u00f6ss\u00e9ggel itt a templomban<\/p> <p>&#8211; Nagyp\u00e9nteken 18 \u00f3rakor is tartunk Istentiszteletet lesz \u00farvacsorai k\u00f6z\u00f6ss\u00e9ggel itt a templomban. Ezen az alkalmon Szotyori Nagy G\u00e1bor orgonam\u0171v\u00e9sz\u00fcnk \u00e9s Szak\u00e1cs Ildik\u00f3 opera\u00e9nekes fog r\u00e9szteleteket el\u0151adni J. S. Bach M\u00e1t\u00e9 passi\u00f3 c\u00edm\u0171 m\u0171v\u00e9b\u0151l<\/p> <p>&#8211; H\u00fasv\u00e9t vas\u00e1rnap 10 \u00f3rakor \u00dcnnepi Istentisztelet\u00fcnk lesz \u00farvacsorai k\u00f6z\u00f6ss\u00e9ggel itt a templomban<\/p> <p>&#8211; H\u00fasv\u00e9t vas\u00e1rnap 18 \u00f3rakor is lesz Istentisztelet itt a templomban<\/p> <p>&#8211; H\u00fasv\u00e9t h\u00e9tf\u0151n 10 \u00f3rakor \u00dcnnepi Istentisztelet\u00fcnk lesz \u00farvacsorai k\u00f6z\u00f6ss\u00e9ggel itt a templomban, ezen az alkalmon Boross S\u00e1muel G\u00e9za 4. \u00e9ves teol\u00f3giai hallagat\u00f3, \u00fcnnepi leg\u00e1tusunk fog szolg\u00e1lni.<\/p> <p><strong>Iskolai el\u0151k\u00e9sz\u00edt\u0151, jelentkez\u00e9s:<\/strong><\/p> <p>&#8211; Ezen a h\u00e9ten, \u00e1prilis 12-\u00e9n, kedden 17 \u00f3r\u00e1ra \u00fajra v\u00e1rjuk a leend\u0151 els\u0151s\u00f6ket \u00e9s sz\u00fcleiket az <strong>Ady Endre Reform\u00e1tus \u00c1ltal\u00e1nos Iskol\u00e1ba<\/strong> a TUD\u00c1S H\u00d6RPENT\u0150-SZ\u00d6RPENT\u0150 iskolael\u0151k\u00e9sz\u00edt\u0151 programunkra.<\/p> <p>K\u00e9rem, figyelj\u00fcnk r\u00e1, hogy aki k\u00f6z\u00f6ss\u00e9g\u00fcnkb\u0151l az Ady Endre Reform\u00e1tus \u00c1ltal\u00e1nos Iskol\u00e1ba szeretn\u00e9 \u00edratni a gyermek\u00e9t, adja be a jelentkez\u00e9s\u00e9t. Rem\u00e9nys\u00e9g\u00fcnk szerint hamar lesz k\u00e9t oszt\u00e1lyra val\u00f3 jelentkez\u0151nk, \u00e9s sajnos tavaly sem tudtuk a m\u00e1r k\u00e9s\u0151n jelentkez\u0151 gyermekeket felvenni az el\u00e9rt oszt\u00e1lyl\u00e9tsz\u00e1m miatt.<\/p> <p>\u00d6r\u00f6mmel jelzem, hogy az iskol\u00e1nkban is sz\u00e9pen gy\u0171lnek a jelentkez\u00e9sek \u00e9s m\u00e1r t\u00f6bbeknek a felv\u00e9teli hat\u00e1rozatot is \u00e1tadtuk az elm\u00falt h\u00e9ten.<\/p> <p><strong>\u00a0<\/strong><\/p> <p><strong>\u00d3vodai jelentkez\u00e9s:<\/strong><\/p> <p>&#8211; A <strong>Sz\u0151l\u0151skert Reform\u00e1tus \u00d3vod\u00e1ba <\/strong>is lehet jelentkezni. Az \u00f3vod\u00e1nkba nagyon nagy a t\u00faljelentkez\u00e9s, \u00e9s ezen a h\u00e9ten le is z\u00e1rjuk a beiratkoz\u00e1st, ez\u00e9rt eml\u00e9keztetek mindenkit arra, hogy a mi k\u00f6z\u00f6ss\u00e9g\u00fcnkh\u00f6z tartoz\u00f3 gyermekek els\u0151bbs\u00e9get \u00e9lveznek, de csak akkor, ha id\u0151ben be\u00e9rkezik a jelentkez\u00e9si lapjuk.<\/p> <p><strong>Konfirm\u00e1ci\u00f3:<\/strong><\/p> <p>&#8211; Ezen a h\u00e9ten a tavaszi sz\u00fcnet miatt a konfirmandus \u00f3r\u00e1k elmaradnak!<\/p> <p>-Terveink szerint tavasszal \u00fajabb feln\u0151tt konfirm\u00e1ci\u00f3s csoportot fogunk ind\u00edtani, azok sz\u00e1m\u00e1ra, akik meg vannak m\u00e1r keresztelve, de m\u00e9g nem tettek fogadalmat, illetve azokat is szeretettel v\u00e1rjuk, akik m\u00e9g nem r\u00e9szes\u00fcltek a kereszts\u00e9g s\u00e1kramentum\u00e1ban sem. Az egyh\u00e1zk\u00f6zs\u00e9g lelkip\u00e1sztor\u00e1n\u00e1l lehet \u00e9rdekl\u0151dni, felk\u00e9sz\u00edt\u0151r\u0151l \u00e9s jelentkezni r\u00e1.<\/p> <p><strong>\u00a0<\/strong><\/p> <p><strong>\u00c9nekkar:<\/strong><\/p> <p>&#8211; Az \u00e9nekkar pr\u00f3b\u00e1ja <strong>h\u00e9tf\u0151n, 18 \u00f3rakor<\/strong> van az alagsorban. Szeretettel v\u00e1rjuk azokat is, akik eddig is tagjai voltak ennek a k\u00f6z\u00f6ss\u00e9gnek \u00e9s h\u00edvjuk azokat a testv\u00e9reket is, akik eddig nem voltak ilyen alkalmon.<\/p> <p><strong>\u00a0<\/strong><\/p> <p><strong>Templomtakar\u00edt\u00e1s:<\/strong><\/p> <p>&#8211; Ezen a h\u00e9ten \u00fajra szeretettel v\u00e1rjuk a testv\u00e9reket, <strong>cs\u00fct\u00f6rt\u00f6k\u00f6n <\/strong>az esti Istentisztelet ut\u00e1n, hogy az \u00fcnnep el\u0151tt kitakar\u00edtsuk a templomot. K\u00f6sz\u00f6nj\u00fck azoknak, akik el nem m\u00fal\u00f3 szeretettel j\u00f6nnek h\u00e9tr\u0151l-h\u00e9tre takar\u00edtani, hogy templomunkban mindig tisztas\u00e1g \u00e9s rend lehessen alkalmainkra.<\/p> <p><strong>\u00a0<\/strong><\/p> <p><strong>Iratterjeszt\u00e9s:<\/strong><\/p> <p>&#8211; <strong>Erre az \u00e9vre is elk\u00e9sz\u00fclt saj\u00e1t napt\u00e1runk, amit a templom kij\u00e1rat\u00e1n\u00e1l ingyen vehetnek el a testv\u00e9rek!<\/strong><\/p> <p>M\u00e9g vannak idei Bibliaolvas\u00f3 Kalauzok, K\u00e1lvin Kalend\u00e1riumok \u00e9s Falinapt\u00e1rok, illetve az <strong>\u00faj \u00e9nekesk\u00f6nyv<\/strong> is megv\u00e1s\u00e1rolhat\u00f3 az iratterjeszt\u00e9sben.<\/p> <p><strong>\u00a0<\/strong><\/p> <p><strong>Orgona Cd:<\/strong><\/p> <p>&#8211; \u00d6r\u00f6mmel jelentem a gy\u00fclekezetnek, hogy Szotyori Nagy G\u00e1bor orgonam\u0171v\u00e9sz\u00fcnknek megjelent az \u00d6n\u00e1ll\u00f3 \u201eCD-je\u201d, Felix Mendelssohn orgona m\u0171veib\u0151l. A CD-k az iratterjeszt\u00e9sben megv\u00e1s\u00e1rolhat\u00f3k \u00e9s az \u00e1rukb\u00f3l befolyt \u00f6sszeget m\u0171v\u00e9sz \u00far az orgona tiszt\u00edt\u00e1s\u00e1ra, sz\u00fcks\u00e9ges karbantart\u00e1s\u00e1ra aj\u00e1nlotta fel.<\/p> <p><strong>\u00a0<\/strong><\/p> <p><strong>Lectio:<\/strong> Luk\u00e1cs: 19, 28-40<\/p> <p><strong>Textus:<\/strong> 2 S\u00e1muel: 12, 1-14<\/p> <p><strong>\u00c9nekek: \u00a0\u00a0\u00a0\u00a0\u00a0\u00a0\u00a0 \u00a0\u00a0\u00a0\u00a0\u00a0\u00a0\u00a0\u00a0\u00a0\u00a0\u00a0 \u00a0\u00a0\u00a0\u00a0<\/strong>1: 1-2<\/p> <p>431 (\u00faj: 342) 68. Zsolt\u00e1r dallama<\/p> <p>Ker.: Szab\u00f3 Laura Maja 1 1-3<\/p> <p>Sz\u00fcl\u0151k: Szab\u00f3 Zolt\u00e1n Tibor \u00e9s Szab\u00f3-Gyovai Anita<\/p> <p>134: 3<\/p> <p>Heidelbergi K\u00e1t\u00e9 XV. \u00farnapja<\/p> <p>90: 1, 9<\/p> <p>331: 1-5 (\u00faj: 482) 32. Zsolt\u00e1r dallama<\/p> <p>51: 1, 4<\/p> <p>459: 1-4 (\u00faj: 758)<\/p> <p>799: 1<\/p> <p>Igehirdet\u0151: Harkai Ferenc<\/p> <p><strong><em>D\u00e9lut\u00e1n:<\/em><\/strong><\/p> <p><strong>\u00a0<\/strong><\/p> <p><strong>Lectio:<\/strong> M\u00e1t\u00e9: 26, 36-46<\/p> <h4><\/h4> <p><strong>Heidelbergi K\u00e1t\u00e9:<\/strong> XV. \u00darnapja<\/p> <h4><\/h4> <p><strong>\u00c9nekek:<\/strong> \u00a0\u00a0\u00a0\u00a0\u00a0\u00a0\u00a0 \u00a0\u00a0\u00a05: 1<\/p> <p>165: 1-2 (\u00faj: 225)<\/p> <p>356: 1-5 (\u00faj: 513)<\/p> <p>799: 1<\/p> <p>Igehirdet\u0151: Harkai Ferenc<\/p> <p><strong>\u00a0<\/strong><\/p> <p><strong><em>Aktu\u00e1lis int\u00e9zked\u00e9sek a COVID 19-hez kapcsol\u00f3d\u00f3an:<\/em><\/strong><\/p> <p>Az Egyh\u00e1zk\u00f6zs\u00e9g eln\u00f6ks\u00e9g\u00e9nek, J\u00f3zsa J\u00f3zsef kur\u00e1tornak, \u00e9s Harkai Ferenc Csaba lelkip\u00e1sztornak a felel\u0151ss\u00e9ge, hogy minden el\u0151\u00edr\u00e1s be legyen tartva.<\/p> <p><strong>\u00a0<\/strong><\/p> <p><strong>\u201eAmit csak szeretn\u00e9tek, hogy az emberek tegyenek veletek,<\/strong><\/p> <p><strong>mindenben ugyan\u00fagy tegyetek ti is vel\u00fck,<\/strong><\/p> <p><strong>mert ezt tan\u00edtja a t\u00f6rv\u00e9ny \u00e9s a pr\u00f3f\u00e9t\u00e1k.\u201d<\/strong><\/p> <p><strong>M\u00e1t\u00e9 7, 12<\/strong><\/p> <p>K\u00e9rj\u00fck, hogy a jelenlegi helyzetben csak eg\u00e9szs\u00e9gesen j\u00f6jj\u00fcnk az alkalmakra. Minden templomi alkalmunkat k\u00f6zvet\u00edtj\u00fck, hogy akik betegs\u00e9g miatt nem lehetnek r\u00e9szesei a k\u00f6z\u00f6ss\u00e9gnek, az igehallgat\u00e1s lehet\u0151s\u00e9g\u00e9b\u0151l ne maradjanak ki.<\/p> <p>Tov\u00e1bbra is b\u00e1tor\u00edtunk mindenkit az olt\u00e1s felv\u00e9tel\u00e9re, hiszen az elm\u00falt egy \u00e9vben megtapasztalhattuk a v\u00e9d\u0151olt\u00e1s seg\u00edt a jelenlegi v\u00edrus ellen is.<\/p> <p>K\u00e9r\u00fcnk mindenkit, haszn\u00e1lja a bej\u00e1ratn\u00e1l elhelyezett <strong>k\u00e9zfert\u0151tlen\u00edt\u0151t<\/strong>!<\/p> <p>Meg\u00e9rt\u00e9s\u00fckben, egy\u00fctt m\u0171k\u00f6d\u00e9s\u00fckben b\u00edzva, k\u00e9rj\u00fck seg\u00edts\u00e9g\u00fcket!<\/p> <p><strong>\u00a0<\/strong><\/p> <p>A templomi \u2013 j\u00e1rv\u00e1ny\u00fcgyi &#8211; <strong>\u00fcl\u00e9srenddel<\/strong> kapcsolatban k\u00e9rj\u00fck, mindenki figyeljen az ajt\u00f3n\u00e1l szolg\u00e1latot teljes\u00edt\u0151 presbiterek ir\u00e1ny\u00edt\u00e1s\u00e1ra!<\/p> <p><strong>Fogadjuk el, hogy most nem tudunk a megszokott hely\u00fcnkre \u00fclni, hiszen \u00e9rkez\u00e9si sorrendben az els\u0151 padokt\u00f3l kezdve tudunk helyet foglalni.<\/strong> A k\u00e9s\u0151bb \u00e9rkez\u0151k, lehet, hogy m\u00e1r csak a Gy\u00fclekezeti h\u00e1zban tudnak le\u00fclni.<\/p> <p>K\u00e9rj\u00fck, mindenki hozzon mag\u00e1val otthonr\u00f3l \u00c9nekesk\u00f6nyvet. Term\u00e9szetesen most is lehet a templomban a szokott helyr\u0151l elvenni \u00c9nekesk\u00f6nyvet.<\/p> <p><strong>\u00a0<\/strong><\/p> <p><strong>Kivonul\u00e1sn\u00e1l figyelj\u00fcnk arra, hogy el\u0151sz\u00f6r az els\u0151 sorban \u00fcl\u0151k induljanak el, majd sorban haladjunk a h\u00e1ts\u00f3 padok fel\u00e9, \u00edgy elker\u00fclhet\u0151, hogy a kij\u00e1ratn\u00e1l nagyon feltorl\u00f3djon a gy\u00fclekezet.<\/strong><\/p> <p><strong>\u00a0<\/strong><\/p> <p>Mindenki figyelm\u00e9t felh\u00edvjuk arra, hogy felel\u0151ss\u00e9ggel tartozunk egym\u00e1s ir\u00e1nt!<\/p> <p><strong>\u00a0<\/strong><\/p> <p><strong>K\u00e9rj\u00fck a gyakori k\u00e9zmos\u00e1s betart\u00e1s\u00e1t \u00e9s a sz\u00e1j \u00e9s orr eltakar\u00e1s\u00e1t minden\u00fctt, ahol erre el\u0151\u00edr\u00e1s van!<\/strong><\/p> <p><strong>\u00a0<\/strong><\/p> <p><strong>\u00a0<\/strong><\/p> <p><strong>\u201eTi teh\u00e1t, szeretteim, mivel el\u0151re tudj\u00e1tok ezt, vigy\u00e1zzatok, hogy az elvetem\u00fcltek t\u00e9velyg\u00e9sei el ne sodorjanak, \u00e9s saj\u00e1t biztos meggy\u0151z\u0151d\u00e9seteket el ne vesz\u00edts\u00e9tek. <sup><a href=\"https:\/\/abibliamindenkie.hu\/uj\/2PE\/3#18\">18<\/a><\/sup>Ink\u00e1bb n\u00f6vekedjetek a kegyelemben \u00e9s a mi Urunk, \u00fcdv\u00f6z\u00edt\u0151 J\u00e9zus Krisztusunk ismeret\u00e9ben. \u00d6v\u00e9 a dics\u0151s\u00e9g most \u00e9s az \u00f6r\u00f6kk\u00e9val\u00f3s\u00e1gban!\u201d<\/strong><\/p> <p><strong>\u00a02 P\u00e9ter: 3, 17-18<\/strong><\/p> ","protected":false},"excerpt":{"rendered":"<p>Aki szeretn\u00e9 a Hirdet\u00e9seket emailben is megkapni k\u00e9rj\u00fck, jelezze szem\u00e9lyesen a Lelk\u00e9szi hivatalban. H\u00fasv\u00e9ti gy\u00fclekezeti k\u00f6rlev\u00e9l: -Ebben az \u00e9vben is szeretn\u00e9nk megsz\u00f3l\u00edtani a hozz\u00e1nk tartoz\u00f3kat egy \u00fcnnepi k\u00f6rlev\u00e9llel. Ide kattintva el\u00e9rhet\u0151 a lev\u00e9l. Sz\u0151l\u0151skert Reform\u00e1tus \u00d3voda fejleszt\u00e9se: -\u00d6r\u00f6mmel jelentj\u00fck, hogy miut\u00e1n az Egyh\u00e1zk\u00f6zs\u00e9g eln\u00f6ks\u00e9ge al\u00e1\u00edrt egy ingatlan ad\u00e1s-v\u00e9teli szerz\u0151d\u00e9st m\u00e1rcius 31-\u00e9n, \u00e1prilis 5-\u00e9n pedig \u00e1tutal\u00e1sra&hellip;<\/p>\n","protected":false},"author":15,"featured_media":0,"comment_status":"closed","ping_status":"closed","sticky":false,"template":"","format":"standard","meta":[],"categories":[17],"tags":[],"acf":[],"_links":{"self":[{"href":"https:\/\/kkre.hu\/wpm\/wp-json\/wp\/v2\/posts\/18096"}],"collection":[{"href":"https:\/\/kkre.hu\/wpm\/wp-json\/wp\/v2\/posts"}],"about":[{"href":"https:\/\/kkre.hu\/wpm\/wp-json\/wp\/v2\/types\/post"}],"author":[{"embeddable":true,"href":"https:\/\/kkre.hu\/wpm\/wp-json\/wp\/v2\/users\/15"}],"replies":[{"embeddable":true,"href":"https:\/\/kkre.hu\/wpm\/wp-json\/wp\/v2\/comments?post=18096"}],"version-history":[{"count":2,"href":"https:\/\/kkre.hu\/wpm\/wp-json\/wp\/v2\/posts\/18096\/revisions"}],"predecessor-version":[{"id":18098,"href":"https:\/\/kkre.hu\/wpm\/wp-json\/wp\/v2\/posts\/18096\/revisions\/18098"}],"wp:attachment":[{"href":"https:\/\/kkre.hu\/wpm\/wp-json\/wp\/v2\/media?parent=18096"}],"wp:term":[{"taxonomy":"category","embeddable":true,"href":"https:\/\/kkre.hu\/wpm\/wp-json\/wp\/v2\/categories?post=18096"},{"taxonomy":"post_tag","embeddable":true,"href":"https:\/\/kkre.hu\/wpm\/wp-json\/wp\/v2\/tags?post=18096"}],"curies":[{"name":"wp","href":"https:\/\/api.w.org\/{rel}","templated":true}]}}