{"id":18113,"date":"2022-04-18T19:11:52","date_gmt":"2022-04-18T17:11:52","guid":{"rendered":"https:\/\/kkre.hu\/wpm\/?p=18113"},"modified":"2022-04-18T19:12:33","modified_gmt":"2022-04-18T17:12:33","slug":"hirdetesek-2022-aprilis-15-17-18-nagypentek-husvet","status":"publish","type":"post","link":"https:\/\/kkre.hu\/wpm\/blog\/2022\/04\/18\/hirdetesek-2022-aprilis-15-17-18-nagypentek-husvet\/","title":{"rendered":"Hirdet\u00e9sek, 2022. \u00e1prilis 15-17-18. (Nagyp\u00e9ntek-H\u00fasv\u00e9t)"},"content":{"rendered":"<p><strong>Budapest-Kispest-K\u00f6zpont, 2022. \u00e1prilis 18.<\/strong><\/p> <p><strong>H\u00daSV\u00c9TH\u00c9TF\u0150<\/strong><\/p> <p><strong>\u00a0<\/strong><\/p> <p><strong>Aki szeretn\u00e9 a Hirdet\u00e9seket emailben is megkapni k\u00e9rj\u00fck, jelezze szem\u00e9lyesen a Lelk\u00e9szi hivatalban.<\/strong><\/p> <p><strong>Seg\u00edts\u00e9gny\u00fajt\u00e1s K\u00e1rp\u00e1talj\u00e1ra, Ukrajn\u00e1ba:<\/strong><\/p> <p>-Az elm\u00falt h\u00e9ten \u00e1prilis 10-\u00e9n \u00e9s 11-\u00e9n \u00fajra K\u00e1rp\u00e1talj\u00e1n j\u00e1rtunk \u00e9s elvitt\u00fck az eddig \u00f6sszegy\u0171jt\u00f6tt adom\u00e1nyainkat: t\u00f6bb, mint f\u00e9l tonna \u00e9lelmet \u00e9s 310.000.- forintot. Az adom\u00e1nyaink egy r\u00e9sz\u00e9t az\u00f3ta m\u00e1r T\u00e9cs\u0151r\u0151l tov\u00e1bb\u00edtott\u00e1k is az elm\u00falt hetekben a h\u00edrad\u00e1sokban is sokszor szerepl\u0151 Bucs\u00e1ba, ami egy Kijev k\u00f6zel\u00e9ben lev\u0151 ukr\u00e1n v\u00e1ros.<\/p> <p>A t\u00e9cs\u0151iek \u00f6r\u00f6mmel fogadt\u00e1k seg\u00edts\u00e9g\u00fcnket \u00e9s egyben \u00e1ldott H\u00fasv\u00e9ti \u00fcnnepet k\u00edv\u00e1nnak<\/p> <p>K\u00f6sz\u00f6n\u00f6m a testv\u00e9rek \u00f6nzetlen, j\u00f3kedv\u0171 \u00e9s b\u0151s\u00e9ges adakoz\u00e1s\u00e1t! Soli Deo gloria!<\/p> <p>Az adom\u00e1nygy\u0171jt\u0151 perselyt kint hagytuk a templom h\u00e1tulj\u00e1ban, amibe folyamatosan lehet K\u00e1rp\u00e1talj\u00e1ra, Ukrajn\u00e1ba sz\u00e1nt t\u00e1mogat\u00e1sokat elhelyezni. A k\u00f6vetkez\u0151 utunk el\u0151tt pedig majd fogjuk jelezni, hogy milyen \u00e9lelmiszeradom\u00e1nyokra van sz\u00fcks\u00e9g, addig k\u00e9rj\u00fck a testv\u00e9reket, ilyen felaj\u00e1nl\u00e1sokat ne hozzanak, hiszen azt nek\u00fcnk is t\u00e1rolni kell.<\/p> <p>Istentisztelet\u00fcnk v\u00e9g\u00e9n a k\u00e1rp\u00e1taljai reform\u00e1tusok kedves \u00e9nek\u00e9t fogjuk \u00e9nekelni, amit az ottani reform\u00e1tus templomokban \u201ekivonul\u00f3ra\u201d \u00e9nekelnek: \u201eMindig velem Uram, mindig velem\u2026\u201d<\/p> <p><strong>Alakalmaink:<\/strong><\/p> <p>&#8211; Szerd\u00e1n 18 \u00f3rakor tartunk <strong>Istentiszteletet<\/strong> itt a templomban (online k\u00f6zvet\u00edtve: <a href=\"https:\/\/kkre.hu\/wpm\/\">https:\/\/kkre.hu\/wpm\/<\/a>)<\/p> <p>&#8211; J\u00f6v\u0151 <strong>vas\u00e1rnap<\/strong> <strong>10 \u00f3ra<\/strong>kor lesz <strong>Istentiszteletet<\/strong> itt a Templomban<strong>, <\/strong>az igehirdet\u00e9s el\u0151tt a gyermekek kimehetnek a gy\u00fclekezeti h\u00e1zba <strong>Gyermekistentiszteletre. <\/strong>Rem\u00e9nys\u00e9g\u00fcnk szerint a kereszts\u00e9g s\u00e1kramentum\u00e1t is ki fogjuk szolg\u00e1ltatni Cs\u00e1sz\u00e1r Norbert \u00e9s Lengyel Orsolya kisfi\u00e1t Alexet k\u00e9sz\u00fcl\u00fcnk megkeresztelni. Hordozzuk im\u00e1ds\u00e1gban a keresztel\u0151re k\u00e9sz\u00fcl\u0151 csal\u00e1dot! (online k\u00f6zvet\u00edtve: <a href=\"https:\/\/kkre.hu\/wpm\/\">https:\/\/kkre.hu\/wpm\/<\/a>)<\/p> <p>&#8211; J\u00f6v\u0151 vas\u00e1rnap <strong>18 \u00f3rakor<\/strong> is tartunk Istentiszteletet itt a Templomban (online k\u00f6zvet\u00edtve: <a href=\"https:\/\/kkre.hu\/wpm\/\">https:\/\/kkre.hu\/wpm\/<\/a>)<\/p> <p><strong>Iskolai beiratkoz\u00e1s:<\/strong><\/p> <p>&#8211; Ezen a h\u00e9ten, \u00e1prilis 21-\u00e9n, cs\u00fct\u00f6rt\u00f6k\u00f6n \u00e9s 22-\u00e9n, p\u00e9nteken lesznek az \u00e1ltal\u00e1nos iskolai beiratkoz\u00e1sok. Ekkor lesz lehet\u0151s\u00e9g m\u00e9g azok sz\u00e1m\u00e1ra is beiratkoz\u00e1sra az <strong>Ady Endre Reform\u00e1tus \u00c1ltal\u00e1nos Iskol\u00e1ba<\/strong>, akik ezt eddig nem tett\u00e9k meg.<\/p> <p>Ebben az esztend\u0151ben kett\u0151 oszt\u00e1lyt fogunk ind\u00edtani, \u00edgy m\u00e9g van hely\u00fcnk.<\/p> <p><strong>\u00a0<\/strong><\/p> <p><strong>\u00d3vodai jelentkez\u00e9s:<\/strong><\/p> <p>&#8211; A <strong>Sz\u0151l\u0151skert Reform\u00e1tus \u00d3vod\u00e1ba <\/strong>ebben az \u00e9vben is t\u00f6bben jelentkeztek, mint ah\u00e1ny hely\u00fcnk van, de k\u00e9rem egyh\u00e1ztagjainkat, ha ebbe az int\u00e9zm\u00e9nyben szeretn\u00e9k gyermek\u00fcket j\u00e1ratni, akkor jelentkezzenek.<\/p> <p><strong>Konfirm\u00e1ci\u00f3:<\/strong><\/p> <p>&#8211; Ezen a h\u00e9ten a tavaszi sz\u00fcnet miatt a konfirmandus \u00f3r\u00e1k elmaradnak!<\/p> <p>-Terveink szerint tavasszal \u00fajabb feln\u0151tt konfirm\u00e1ci\u00f3s csoportot fogunk ind\u00edtani, azok sz\u00e1m\u00e1ra, akik meg vannak m\u00e1r keresztelve, de m\u00e9g nem tettek fogadalmat, illetve azokat is szeretettel v\u00e1rjuk, akik m\u00e9g nem r\u00e9szes\u00fcltek a kereszts\u00e9g s\u00e1kramentum\u00e1ban sem. Az egyh\u00e1zk\u00f6zs\u00e9g lelkip\u00e1sztor\u00e1n\u00e1l lehet \u00e9rdekl\u0151dni, felk\u00e9sz\u00edt\u0151r\u0151l \u00e9s jelentkezni r\u00e1.<\/p> <p><strong>\u00a0<\/strong><\/p> <p><strong>Templomtakar\u00edt\u00e1s:<\/strong><\/p> <p>&#8211; Ezen a h\u00e9ten \u00fajra szeretettel v\u00e1rjuk a testv\u00e9reket, <strong>p\u00e9nteken <\/strong>17 \u00f3r\u00e1t\u00f3l, hogy kitakar\u00edtsuk a templomot. K\u00f6sz\u00f6nj\u00fck azoknak, akik el nem m\u00fal\u00f3 szeretettel j\u00f6nnek h\u00e9tr\u0151l-h\u00e9tre takar\u00edtani, hogy templomunkban mindig tisztas\u00e1g \u00e9s rend lehessen alkalmainkra.<\/p> <p><strong>\u00a0<\/strong><\/p> <p><strong>Orgona Cd:<\/strong><\/p> <p>&#8211; \u00d6r\u00f6mmel jelentem a gy\u00fclekezetnek, hogy Szotyori Nagy G\u00e1bor orgonam\u0171v\u00e9sz\u00fcnknek megjelent az \u00d6n\u00e1ll\u00f3 \u201eCD-je\u201d, Felix Mendelssohn orgona m\u0171veib\u0151l. A CD-k az iratterjeszt\u00e9sben megv\u00e1s\u00e1rolhat\u00f3k \u00e9s az \u00e1rukb\u00f3l befolyt \u00f6sszeget m\u0171v\u00e9sz \u00far az orgona tiszt\u00edt\u00e1s\u00e1ra, sz\u00fcks\u00e9ges karbantart\u00e1s\u00e1ra aj\u00e1nlotta fel.<\/p> <p><strong>Lectio: <\/strong>B\u00edr\u00e1k: 16, 15-21. 27-30<\/p> <p><strong>Textus:<\/strong> J\u00e1nos: 20, 1-10<\/p> <p><strong>\u00c9nekek:<\/strong> \u00a0\u00a0\u00a0\u00a0\u00a0\u00a0\u00a0 \u00a0\u00a0\u00a0\u00a0\u00a0\u00a0\u00a0\u00a0\u00a0\u00a0\u00a0 164: 1 (\u00faj: 202)<\/p> <p>229: 1-3 (\u00faj: 291)<\/p> <p>105: 1<\/p> <p>230: 1-3 (\u00faj: 756)<\/p> <p>435: 1-2 (\u00faj: 351)<\/p> <p>357: 1-7 \u00a0(\u00faj: 508)<\/p> <p>799: 1<\/p> <p>\u00darvacsora alatt: 436 (\u00faj: 352), 440: 1-8 (\u00faj: 360)<\/p> <p>Igehirdet\u0151: Boross S\u00e1muel IV. \u00e9ves teol\u00f3giai hallgat\u00f3<\/p> <p><strong>\u00a0<\/strong><\/p> <p><strong>Budapest-Kispest-K\u00f6zpont, 2022. \u00e1prilis 17.<\/strong><\/p> <p><strong>H\u00daSV\u00c9TVAS\u00c1RNAP<\/strong><\/p> <p><strong>Lectio:<\/strong> M\u00e1t\u00e9: 28, 1-10<\/p> <p><strong>Textus:<\/strong> M\u00e1t\u00e9: 28: 9<\/p> <p><strong>\u00c9nekek:<\/strong> \u00a0\u00a0\u00a0\u00a0\u00a0\u00a0\u00a0\u00a0\u00a0\u00a0\u00a0\u00a0\u00a0\u00a0\u00a0\u00a0\u00a0\u00a0\u00a0 185(\u00faj: 501)<\/p> <p>Heidelbergi K\u00e1t\u00e9 XV. \u00farnapja<\/p> <p>356: 1-5 (\u00faj: 513)<\/p> <p>348: 1 (\u00faj: 516)<\/p> <p>348: 2-5 (\u00faj: 516)<\/p> <p>90: 1, 9<\/p> <p>799: 1<\/p> <p>\u00darvacsora alatt: 438: 1-9 (\u00faj: 363), 440 (\u00faj: 360)<\/p> <p>Igehirdet\u0151: Harkai Ferenc<\/p> <p><strong><em>D\u00e9lut\u00e1n: <\/em><\/strong><\/p> <p><strong><em>\u00a0<\/em><\/strong><\/p> <p><strong>Textus:<\/strong> M\u00e1t\u00e9: 28, 1-10 \u00e9s 2 S\u00e1muel: 15, 1-12<\/p> <p><strong>\u00c9nekek:<\/strong> \u00a0\u00a0\u00a0\u00a0\u00a0\u00a0\u00a0 \u00a0\u00a030: 1<\/p> <p>355: 1-4<\/p> <p>448: 1-7 (\u00faj: 294)<\/p> <p>799: 1<\/p> <p>Igehirdet\u0151: Harkai Ferenc<\/p> <p><strong>\u00a0<\/strong><\/p> <p><strong>\u00a0<\/strong><\/p> <p><strong>Budapest-Kispest-K\u00f6zpont, 2022. \u00e1prilis 15.<\/strong><\/p> <p><strong>NAGYP\u00c9NTEK<\/strong><\/p> <p><strong>\u00a0<\/strong><\/p> <p><strong>Lectio:<\/strong> M\u00e1t\u00e9: 27: 45-61<\/p> <p><strong>Textus:<\/strong> M\u00e1t\u00e9: 27: 54<\/p> <p><strong>\u00c9nekek: \u00a0\u00a0\u00a0\u00a0\u00a0\u00a0\u00a0 \u00a0\u00a0\u00a0\u00a0\u00a0\u00a0\u00a0\u00a0\u00a0\u00a0\u00a0 <\/strong>\u00a024: 1<\/p> <p>344: 1-5 (\u00faj: 486)<\/p> <p>90: 1, 9<\/p> <p>398: 1-5 (\u00faj: 251)<\/p> <p>346: 1-5 (\u00faj: 456)<\/p> <p>799: 1<\/p> <p>\u00darvacsora alatt: 440 (\u00faj: 360), 436 (\u00faj: 352)<\/p> <p>Igehirdet\u0151: Harkai Ferenc<\/p> <p><strong><em>D\u00e9lut\u00e1n: Nagyp\u00e9nteki Zen\u00e9s Istentisztelet: J. S. Bach M\u00e1t\u00e9 \u00e9s J\u00e1nos passi\u00f3 r\u00e9szleteivel<\/em><\/strong><\/p> <p><strong>\u00a0<\/strong><\/p> <p><strong>Lectio:<\/strong> M\u00e1t\u00e9: 27: 45-61<\/p> <p><strong>Textus:<\/strong> M\u00e1t\u00e9: 27: 57-60<\/p> <h4><\/h4> <p><strong>\u00c9nekek:<\/strong> \u00a0\u00a0\u00a0\u00a0\u00a0\u00a0\u00a0 \u00a0337: 1, 12-15 (\u00faj: 491)<\/p> <p>89: 1<\/p> <p>341: 1, 3, 4, 6 (\u00faj: 493)<\/p> <p>799: 1<\/p> <p>\u00darvacsora alatt: 440 (\u00faj: 360)<\/p> <p>\u00c9nek: Szak\u00e1cs Ildik\u00f3 opera\u00e9nekes, szopr\u00e1n<\/p> <p>Fuvola: Nyakas Istv\u00e1n fuvolam\u0171v\u00e9sz<\/p> <p>Orgona: Szotyori Nagy G\u00e1bor orgonam\u0171v\u00e9sz<\/p> <p>Igehirdet\u0151: Harkai Ferenc<\/p> <p><strong><em>Aktu\u00e1lis int\u00e9zked\u00e9sek a COVID 19-hez kapcsol\u00f3d\u00f3an:<\/em><\/strong><\/p> <p>Az Egyh\u00e1zk\u00f6zs\u00e9g eln\u00f6ks\u00e9g\u00e9nek, J\u00f3zsa J\u00f3zsef kur\u00e1tornak, \u00e9s Harkai Ferenc Csaba lelkip\u00e1sztornak a felel\u0151ss\u00e9ge, hogy minden el\u0151\u00edr\u00e1s be legyen tartva.<\/p> <p><strong>\u00a0<\/strong><\/p> <p><strong>\u201eAmit csak szeretn\u00e9tek, hogy az emberek tegyenek veletek,<\/strong><\/p> <p><strong>mindenben ugyan\u00fagy tegyetek ti is vel\u00fck,<\/strong><\/p> <p><strong>mert ezt tan\u00edtja a t\u00f6rv\u00e9ny \u00e9s a pr\u00f3f\u00e9t\u00e1k.\u201d<\/strong><\/p> <p><strong>M\u00e1t\u00e9 7, 12<\/strong><\/p> <p>K\u00e9rj\u00fck, hogy a jelenlegi helyzetben csak eg\u00e9szs\u00e9gesen j\u00f6jj\u00fcnk az alkalmakra. Minden templomi alkalmunkat k\u00f6zvet\u00edtj\u00fck, hogy akik betegs\u00e9g miatt nem lehetnek r\u00e9szesei a k\u00f6z\u00f6ss\u00e9gnek, az igehallgat\u00e1s lehet\u0151s\u00e9g\u00e9b\u0151l ne maradjanak ki.<\/p> <p>Tov\u00e1bbra is b\u00e1tor\u00edtunk mindenkit az olt\u00e1s felv\u00e9tel\u00e9re, hiszen az elm\u00falt egy \u00e9vben megtapasztalhattuk a v\u00e9d\u0151olt\u00e1s seg\u00edt a jelenlegi v\u00edrus ellen is.<\/p> <p>K\u00e9r\u00fcnk mindenkit, haszn\u00e1lja a bej\u00e1ratn\u00e1l elhelyezett <strong>k\u00e9zfert\u0151tlen\u00edt\u0151t<\/strong>!<\/p> <p>Meg\u00e9rt\u00e9s\u00fckben, egy\u00fctt m\u0171k\u00f6d\u00e9s\u00fckben b\u00edzva, k\u00e9rj\u00fck seg\u00edts\u00e9g\u00fcket!<\/p> <p><strong>\u00a0<\/strong><\/p> <p>A templomi \u2013 j\u00e1rv\u00e1ny\u00fcgyi &#8211; <strong>\u00fcl\u00e9srenddel<\/strong> kapcsolatban k\u00e9rj\u00fck, mindenki figyeljen az ajt\u00f3n\u00e1l szolg\u00e1latot teljes\u00edt\u0151 presbiterek ir\u00e1ny\u00edt\u00e1s\u00e1ra!<\/p> <p><strong>Fogadjuk el, hogy most nem tudunk a megszokott hely\u00fcnkre \u00fclni, hiszen \u00e9rkez\u00e9si sorrendben az els\u0151 padokt\u00f3l kezdve tudunk helyet foglalni.<\/strong> A k\u00e9s\u0151bb \u00e9rkez\u0151k, lehet, hogy m\u00e1r csak a Gy\u00fclekezeti h\u00e1zban tudnak le\u00fclni.<\/p> <p>K\u00e9rj\u00fck, mindenki hozzon mag\u00e1val otthonr\u00f3l \u00c9nekesk\u00f6nyvet. Term\u00e9szetesen most is lehet a templomban a szokott helyr\u0151l elvenni \u00c9nekesk\u00f6nyvet.<\/p> <p><strong>\u00a0<\/strong><\/p> <p><strong>Kivonul\u00e1sn\u00e1l figyelj\u00fcnk arra, hogy el\u0151sz\u00f6r az els\u0151 sorban \u00fcl\u0151k induljanak el, majd sorban haladjunk a h\u00e1ts\u00f3 padok fel\u00e9, \u00edgy elker\u00fclhet\u0151, hogy a kij\u00e1ratn\u00e1l nagyon feltorl\u00f3djon a gy\u00fclekezet.<\/strong><\/p> <p><strong>\u00a0<\/strong><\/p> <p>Mindenki figyelm\u00e9t felh\u00edvjuk arra, hogy felel\u0151ss\u00e9ggel tartozunk egym\u00e1s ir\u00e1nt!<\/p> <p><strong>\u00a0<\/strong><\/p> <p><strong>K\u00e9rj\u00fck a gyakori k\u00e9zmos\u00e1s betart\u00e1s\u00e1t \u00e9s a sz\u00e1j \u00e9s orr eltakar\u00e1s\u00e1t minden\u00fctt, ahol erre el\u0151\u00edr\u00e1s van!<\/strong><\/p> <p><strong>\u00a0<\/strong><\/p> <p><strong>\u00a0<\/strong><\/p> <p><strong>\u201e<\/strong><strong>\u00d6r\u00fcljetek az \u00darban mindenkor! Ism\u00e9t mondom: \u00f6r\u00fcljetek! A ti szel\u00edds\u00e9getek legyen ismert minden ember el\u0151tt! Az \u00dar k\u00f6zel! Semmi\u00e9rt se agg\u00f3djatok, hanem im\u00e1ds\u00e1gban \u00e9s k\u00f6ny\u00f6rg\u00e9sben mindenkor h\u00e1laad\u00e1ssal t\u00e1rj\u00e1tok fel k\u00e9r\u00e9seiteket Isten el\u0151tt; \u00e9s Isten b\u00e9kess\u00e9ge, mely minden \u00e9rtelmet meghalad, meg fogja \u0151rizni sz\u00edveteket \u00e9s gondolataitokat Krisztus J\u00e9zusban.\u201d Filippi 4, 4-7<\/strong><\/p> ","protected":false},"excerpt":{"rendered":"<p>Budapest-Kispest-K\u00f6zpont, 2022. \u00e1prilis 18. H\u00daSV\u00c9TH\u00c9TF\u0150 \u00a0 Aki szeretn\u00e9 a Hirdet\u00e9seket emailben is megkapni k\u00e9rj\u00fck, jelezze szem\u00e9lyesen a Lelk\u00e9szi hivatalban. Seg\u00edts\u00e9gny\u00fajt\u00e1s K\u00e1rp\u00e1talj\u00e1ra, Ukrajn\u00e1ba: -Az elm\u00falt h\u00e9ten \u00e1prilis 10-\u00e9n \u00e9s 11-\u00e9n \u00fajra K\u00e1rp\u00e1talj\u00e1n j\u00e1rtunk \u00e9s elvitt\u00fck az eddig \u00f6sszegy\u0171jt\u00f6tt adom\u00e1nyainkat: t\u00f6bb, mint f\u00e9l tonna \u00e9lelmet \u00e9s 310.000.- forintot. Az adom\u00e1nyaink egy r\u00e9sz\u00e9t az\u00f3ta m\u00e1r T\u00e9cs\u0151r\u0151l tov\u00e1bb\u00edtott\u00e1k is&hellip;<\/p>\n","protected":false},"author":15,"featured_media":0,"comment_status":"closed","ping_status":"closed","sticky":false,"template":"","format":"standard","meta":[],"categories":[17],"tags":[],"acf":[],"_links":{"self":[{"href":"https:\/\/kkre.hu\/wpm\/wp-json\/wp\/v2\/posts\/18113"}],"collection":[{"href":"https:\/\/kkre.hu\/wpm\/wp-json\/wp\/v2\/posts"}],"about":[{"href":"https:\/\/kkre.hu\/wpm\/wp-json\/wp\/v2\/types\/post"}],"author":[{"embeddable":true,"href":"https:\/\/kkre.hu\/wpm\/wp-json\/wp\/v2\/users\/15"}],"replies":[{"embeddable":true,"href":"https:\/\/kkre.hu\/wpm\/wp-json\/wp\/v2\/comments?post=18113"}],"version-history":[{"count":2,"href":"https:\/\/kkre.hu\/wpm\/wp-json\/wp\/v2\/posts\/18113\/revisions"}],"predecessor-version":[{"id":18115,"href":"https:\/\/kkre.hu\/wpm\/wp-json\/wp\/v2\/posts\/18113\/revisions\/18115"}],"wp:attachment":[{"href":"https:\/\/kkre.hu\/wpm\/wp-json\/wp\/v2\/media?parent=18113"}],"wp:term":[{"taxonomy":"category","embeddable":true,"href":"https:\/\/kkre.hu\/wpm\/wp-json\/wp\/v2\/categories?post=18113"},{"taxonomy":"post_tag","embeddable":true,"href":"https:\/\/kkre.hu\/wpm\/wp-json\/wp\/v2\/tags?post=18113"}],"curies":[{"name":"wp","href":"https:\/\/api.w.org\/{rel}","templated":true}]}}