{"id":18187,"date":"2022-05-22T22:30:45","date_gmt":"2022-05-22T20:30:45","guid":{"rendered":"https:\/\/kkre.hu\/wpm\/?p=18187"},"modified":"2022-05-22T22:31:19","modified_gmt":"2022-05-22T20:31:19","slug":"hirdetesek-2022-majus-22","status":"publish","type":"post","link":"https:\/\/kkre.hu\/wpm\/blog\/2022\/05\/22\/hirdetesek-2022-majus-22\/","title":{"rendered":"Hirdet\u00e9sek, 2022. m\u00e1jus 22."},"content":{"rendered":"<p><strong>Aki szeretn\u00e9 a Hirdet\u00e9seket emailben is megkapni k\u00e9rj\u00fck, jelezze szem\u00e9lyesen a Lelk\u00e9szi hivatalban.<\/strong><\/p> <p>Szeretettel k\u00f6sz\u00f6ntj\u00fck Wim en Margariet van Voorent, akik a hollandiai Heemstedeb\u0151l \u00e9rkeztek ma is k\u00f6z\u00e9nk Holland testv\u00e9reink \u00e9vtizedek \u00f3ta seg\u00edtik erd\u00e9lyi \u00e9s k\u00e1rp\u00e1taljai testv\u00e9reinket \u00e9s most is \u00fatban Kolozsv\u00e1r fel\u00e9 l\u00e1togatnak meg minket is. Isten \u00e1ld\u00e1sa legyen \u00e9let\u00fck\u00f6n \u00e9s szolg\u00e1latukon!<\/p> <p>Szeretettel k\u00f6sz\u00f6ntj\u00fck az al\u00e1bbi ig\u00e9vel Harkai Ferenc Csaba lelkip\u00e1sztorunkat, aki 10 \u00e9ve, 2012 m\u00e1jusa \u00f3ta \u00e9l k\u00f6z\u00f6tt\u00fcnk csal\u00e1dj\u00e1val \u00e9s l\u00e1tja el a vezet\u0151 lelkip\u00e1sztori szolg\u00e1latot: \u201eMegigazulv\u00e1n az\u00e9rt hit \u00e1ltal, b\u00e9kess\u00e9g\u00fcnk van Istennel, a mi Urunk J\u00e9zus Krisztus \u00e1ltal\u2026 A b\u00e9kess\u00e9ges t\u0171r\u00e9s pedig pr\u00f3bat\u00e9telt, a pr\u00f3bat\u00e9tel pedig rem\u00e9nys\u00e9get. A rem\u00e9nys\u00e9g pedig nem sz\u00e9gyen\u00edt meg, mert az Istennek szerelme kit\u00f6ltetett a mi sz\u00edv\u00fcnkbe a Szentl\u00e9lek \u00e1ltal, ki adatott n\u00e9k\u00fcnk.\u201d (R\u00f3ma: 5, 1. 4-5)<\/p> <p><strong>Seg\u00edts\u00e9gny\u00fajt\u00e1s K\u00e1rp\u00e1talj\u00e1ra, Ukrajn\u00e1ba:<\/strong><\/p> <p>&#8211; K\u00e1rp\u00e1taljai testv\u00e9reinket folyamatosan k\u00edv\u00e1njuk t\u00e1mogatni, ez\u00e9rt az adom\u00e1nygy\u0171jt\u0151 perselyt kint hagytuk a templom h\u00e1tulj\u00e1ban, ebbe lehet az Ukrajn\u00e1ba sz\u00e1nt t\u00e1mogat\u00e1sokat elhelyezni.<\/p> <p>A k\u00f6vetkez\u0151 utunk el\u0151tt pedig majd fogjuk jelezni, hogy milyen \u00e9lelmiszeradom\u00e1nyokra van sz\u00fcks\u00e9g, addig k\u00e9rj\u00fck a testv\u00e9reket, ilyen felaj\u00e1nl\u00e1sokat ne hozzanak, hiszen azt nek\u00fcnk is t\u00e1rolni kell.<\/p> <p>Istentisztelet\u00fcnk v\u00e9g\u00e9n a k\u00e1rp\u00e1taljai reform\u00e1tusok kedves \u00e9nek\u00e9t fogjuk \u00e9nekelni, amit az ottani reform\u00e1tus templomokban \u201ekivonul\u00f3ra\u201d \u00e9nekelnek: \u201eMindig velem Uram, mindig velem\u2026\u201d<\/p> <p><strong>\u00a0<\/strong><\/p> <p><strong>Alakalmaink:<\/strong><\/p> <p>&#8211; Ma <strong>18 \u00f3rakor<\/strong> is lesz Istentiszteletet itt a templomban, amikor az igehirdet\u00e9s ut\u00e1n Szotyori Nagy G\u00e1bor orgonam\u0171v\u00e9sz\u00fcnk j\u00e1t\u00e9k\u00e1t hallgathatjuk (online k\u00f6zvet\u00edtve: <a href=\"https:\/\/kkre.hu\/wpm\/\">https:\/\/kkre.hu\/wpm\/<\/a>)<\/p> <p>&#8211; Szerd\u00e1n 18 \u00f3rakor tartunk <strong>istentiszteletet<\/strong> itt a templomban (online k\u00f6zvet\u00edtve: <a href=\"https:\/\/kkre.hu\/wpm\/\">https:\/\/kkre.hu\/wpm\/<\/a>)<\/p> <p>&#8211; <strong>Cs\u00fct\u00f6rt\u00f6k\u00f6n 18 \u00f3rakor<\/strong> az evang\u00e9likus testv\u00e9reinkkel k\u00f6z\u00f6sen tartjuk itt a templomban <strong>Mennybemenetel \u00fcnnepi istentisztelet\u00fcnket.<\/strong> Ez az alkalom egy \u00fagynevezett vesper\u00e1s istentisztelet lesz, amikor a k\u00e9t k\u00f6z\u00f6ss\u00e9g k\u00f3rusa egy\u00fctt fog \u00e9nekelni az itt lev\u0151 gy\u00fclekezettel (online k\u00f6zvet\u00edtve: <a href=\"https:\/\/kkre.hu\/wpm\/\">https:\/\/kkre.hu\/wpm\/<\/a>)<\/p> <p>&#8211; J\u00f6v\u0151 <strong>vas\u00e1rnap<\/strong> <strong>10 \u00f3ra<\/strong>kor lesz <strong>istentiszteletet<\/strong> itt a templomban \u00e9s az alkalom ut\u00e1n m\u00e9g marasztaljuk a gy\u00fclekezetet egy kis besz\u00e9lget\u00e9sre a feh\u00e9r asztalok mell\u00e9. Kor\u00e1bbi gyakorlatunk szerint k\u00e9rj\u00fck a testv\u00e9reket, hogy hozzanak s\u00fctem\u00e9nyt \u00e9s \u00fcd\u00edt\u0151t az asztalokra, mi pedig k\u00e9szt\u00fcnk k\u00e1v\u00e9t \u00e9s te\u00e1t. Ez j\u00f3 alkalom arra, hogy jobban megismerj\u00fck egym\u00e1st, akik ebbe a k\u00f6z\u00f6ss\u00e9gbe j\u00e1runk. (online k\u00f6zvet\u00edtve: <a href=\"https:\/\/kkre.hu\/wpm\/\">https:\/\/kkre.hu\/wpm\/<\/a>)<\/p> <p>&#8211; J\u00f6v\u0151 vas\u00e1rnap <strong>18 \u00f3rakor<\/strong> is tartunk istentiszteletet itt a templomban (online k\u00f6zvet\u00edtve: <a href=\"https:\/\/kkre.hu\/wpm\/\">https:\/\/kkre.hu\/wpm\/<\/a>)<\/p> <p><strong>Reform\u00e1tus Zenei Fesztiv\u00e1l:<\/strong><\/p> <p>&#8211; K\u00e9t \u00e9v sz\u00fcnet ut\u00e1n<strong> m\u00e1jus 27-29-ig<\/strong> ker\u00fcl megrendez\u00e9sre a Reform\u00e1tus Zenei Fesztiv\u00e1l.<\/p> <p><strong>P\u00e9nteken<\/strong> id\u00e9n is megrendez\u00e9sre ker\u00fcl a Zsolt\u00e1r\u00e9nekl\u0151 felvonul\u00e1s 21 \u00f3rai kezdettel a Bak\u00e1ts t\u00e9rt\u0151l a K\u00e1lvin t\u00e9rig, majd ott a templomban lesz a k\u00e9s\u0151 esti \u00e1h\u00edtat. Kor\u00e1bban t\u00f6bben is r\u00e9szt vett\u00fcnk, id\u00e9n is b\u00edztatom a testv\u00e9reket, hogy tal\u00e1lkozzunk ezen az alkalmon.<\/p> <p>A t\u00f6bbi programr\u00f3l a <a href=\"http:\/\/www.rzf.reformatus.hu\">www.rzf.reformatus.hu<\/a> oldalon, illetve a Templom kij\u00e1rat\u00e1n\u00e1l lev\u0151 programf\u00fczetb\u0151l lehet inform\u00e1ci\u00f3t kapni.<\/p> <p><strong>Rem\u00e9nys\u00e9g Iskola:<\/strong><\/p> <p>&#8211; M\u00e1jus 27-\u00e9n, 10 \u00f3rakor h\u00e1laad\u00f3 szentmise lesz a Rem\u00e9nys\u00e9g Iskola alap\u00edt\u00e1s\u00e1nak 30. \u00e9vfordul\u00f3ja \u00e9s az iskola katolikus fenntart\u00e1s\u00fa v\u00e1l\u00e1s\u00e1nak 10. \u00e9vfordul\u00f3ja alkalm\u00e1b\u00f3l a Kispesti Nagyboldogasszony-templomban<\/p> <p><strong>\u00a0<\/strong><\/p> <p><strong>Konfirm\u00e1ci\u00f3:<\/strong><\/p> <p>&#8211; Szeretettel v\u00e1rjuk azokat a <strong>legal\u00e1bb 8. oszt\u00e1lyos ifjakat<\/strong> is konfirm\u00e1ci\u00f3 el\u0151k\u00e9sz\u00edt\u0151re, akik m\u00e9g nem kezdt\u00e9k meg a legal\u00e1bb k\u00e9t \u00e9ves felk\u00e9sz\u00fcl\u00e9st a konfirm\u00e1ci\u00f3i fogadalomt\u00e9telre. Az \u0151 \u00f3r\u00e1juk <strong>szerd\u00e1n 16 \u00f3ra 30 percko<\/strong>r van<\/p> <p>&#8211; A cs\u00fct\u00f6rt\u00f6ki konfirmandus csoportot a 18 \u00f3rai Mennybemenetel \u00fcnnepi istentiszteletre v\u00e1rjuk<\/p> <p>&#8211; Terveink szerint tavasszal \u00fajabb feln\u0151tt konfirm\u00e1ci\u00f3s csoportot fogunk ind\u00edtani, azok sz\u00e1m\u00e1ra, akik meg vannak m\u00e1r keresztelve, de m\u00e9g nem tettek fogadalmat, illetve azokat is szeretettel v\u00e1rjuk, akik m\u00e9g nem r\u00e9szes\u00fcltek a kereszts\u00e9g s\u00e1kramentum\u00e1ban sem. Az egyh\u00e1zk\u00f6zs\u00e9g lelkip\u00e1sztor\u00e1n\u00e1l lehet \u00e9rdekl\u0151dni, felk\u00e9sz\u00edt\u0151r\u0151l \u00e9s jelentkezni r\u00e1.<\/p> <p><strong>\u00a0<\/strong><\/p> <p><strong>\u00c9nekkar:<\/strong><\/p> <p>&#8211; Az \u00e9nekkar pr\u00f3b\u00e1ja ezen a h\u00e9ten <strong>h\u00e9tf\u0151n \u00e9s kedden 18 \u00f3rakor<\/strong> lesz az alagsorban. Szeretettel v\u00e1rjuk azokat is, akik eddig is tagjai voltak ennek a k\u00f6z\u00f6ss\u00e9gnek \u00e9s h\u00edvjuk azokat a testv\u00e9reket is, akik eddig nem voltak ilyen alkalmon.<\/p> <p><strong>\u00a0<\/strong><\/p> <p><strong>Templomtakar\u00edt\u00e1s:<\/strong><\/p> <p>&#8211; Ezen a h\u00e9ten \u00fajra szeretettel v\u00e1rjuk a testv\u00e9reket, <strong>p\u00e9nteken <\/strong>17 \u00f3r\u00e1t\u00f3l, hogy kitakar\u00edtsuk a templomot. K\u00f6sz\u00f6nj\u00fck azoknak, akik el nem m\u00fal\u00f3 szeretettel j\u00f6nnek h\u00e9tr\u0151l-h\u00e9tre takar\u00edtani, hogy templomunkban mindig tisztas\u00e1g \u00e9s rend lehessen alkalmainkra.<\/p> <p><strong>\u00a0<\/strong><\/p> <p><strong>Iratterjeszt\u00e9s:<\/strong><\/p> <p>&#8211; <strong>Erre az \u00e9vre is elk\u00e9sz\u00fclt saj\u00e1t napt\u00e1runk, amit a templom kij\u00e1rat\u00e1n\u00e1l ingyen vehetnek el a testv\u00e9rek!<\/strong><\/p> <p>M\u00e9g vannak idei Bibliaolvas\u00f3 Kalauzok, K\u00e1lvin Kalend\u00e1riumok \u00e9s Falinapt\u00e1rok, illetve az <strong>\u00faj \u00e9nekesk\u00f6nyv<\/strong> is megv\u00e1s\u00e1rolhat\u00f3 az iratterjeszt\u00e9sben.<\/p> <p><strong>\u00a0<\/strong><\/p> <p><strong>Orgona Cd:<\/strong><\/p> <p>&#8211; \u00d6r\u00f6mmel jelentem a gy\u00fclekezetnek, hogy Szotyori Nagy G\u00e1bor orgonam\u0171v\u00e9sz\u00fcnknek megjelent az \u00d6n\u00e1ll\u00f3 \u201eCD-je\u201d, Felix Mendelssohn orgona m\u0171veib\u0151l. A CD-k az iratterjeszt\u00e9sben megv\u00e1s\u00e1rolhat\u00f3k \u00e9s az \u00e1rukb\u00f3l befolyt \u00f6sszeget m\u0171v\u00e9sz \u00far az orgona tiszt\u00edt\u00e1s\u00e1ra, sz\u00fcks\u00e9ges karbantart\u00e1s\u00e1ra aj\u00e1nlotta fel.<\/p> <p><strong>\u00a0<\/strong><\/p> <p><strong>Lectio:<\/strong> R\u00f3ma: 14, 1-13<\/p> <p><strong>Textus:<\/strong> R\u00f3ma: 14, 8<\/p> <p><strong>\u00c9nekek:<\/strong> \u00a0\u00a0\u00a0\u00a0\u00a0\u00a0\u00a0\u00a0\u00a0\u00a0\u00a0\u00a0\u00a0\u00a0\u00a0\u00a0\u00a0\u00a0\u00a0 \u00a0\u00a0\u00a0\u00a06: 1<\/p> <p>329: 2 (\u00faj: 412)<\/p> <p>Ker.: Rauf Ol\u00edvia Zsolt\u00e1rok 6, 9<\/p> <p>Sz\u00fcl\u0151k: dr. Rauf Csaba \u00e9s dr. Gally Eszter<\/p> <p>134: 3<\/p> <p>Heidelbergi K\u00e1t\u00e9 XXI. \u00farnapja<\/p> <p>25: 1-2<\/p> <p>395: 1-3 (\u00faj: 821)<\/p> <p>133: 1<\/p> <p>799: 1-6<\/p> <p>Igehirdet\u0151: Harkai Ferenc<\/p> <p><strong><em>D\u00e9lut\u00e1n: Orgonazen\u00e9s \u00e1h\u00edtat<\/em><\/strong><\/p> <p><strong>\u00a0<\/strong><\/p> <p><strong>Textus:<\/strong> H\u00f3se\u00e1s: 10, 1-11<\/p> <h4><\/h4> <p><strong>Heidelbergi K\u00e1t\u00e9:<\/strong> XXI. \u00darnapja<\/p> <h4><\/h4> <p><strong>\u00c9nekek:<\/strong> \u00a0\u00a0\u00a0\u00a0\u00a0\u00a0\u00a0 \u00a0\u00a051: 1<\/p> <p>393: 1-2 (\u00faj: 589)<\/p> <p>799: 1<\/p> <p>Igehirdet\u0151: Harkai Ferenc, orgonam\u0171v\u00e9sz: Szotyori Nagy G\u00e1bor<\/p> <p><strong>\u00a0<\/strong><\/p> <p><strong><em>Aktu\u00e1lis int\u00e9zked\u00e9sek a COVID 19-hez kapcsol\u00f3d\u00f3an:<\/em><\/strong><\/p> <p>Az Egyh\u00e1zk\u00f6zs\u00e9g eln\u00f6ks\u00e9g\u00e9nek, J\u00f3zsa J\u00f3zsef kur\u00e1tornak, \u00e9s Harkai Ferenc Csaba lelkip\u00e1sztornak a felel\u0151ss\u00e9ge, hogy minden el\u0151\u00edr\u00e1s be legyen tartva.<\/p> <p><strong>\u00a0<\/strong><\/p> <p><strong>\u201eAmit csak szeretn\u00e9tek, hogy az emberek tegyenek veletek,<\/strong><\/p> <p><strong>mindenben ugyan\u00fagy tegyetek ti is vel\u00fck,<\/strong><\/p> <p><strong>mert ezt tan\u00edtja a t\u00f6rv\u00e9ny \u00e9s a pr\u00f3f\u00e9t\u00e1k.\u201d<\/strong><\/p> <p><strong>M\u00e1t\u00e9 7, 12<\/strong><\/p> <p>K\u00e9rj\u00fck, hogy a jelenlegi helyzetben csak eg\u00e9szs\u00e9gesen j\u00f6jj\u00fcnk az alkalmakra. Minden templomi alkalmunkat k\u00f6zvet\u00edtj\u00fck, hogy akik betegs\u00e9g miatt nem lehetnek r\u00e9szesei a k\u00f6z\u00f6ss\u00e9gnek, az igehallgat\u00e1s lehet\u0151s\u00e9g\u00e9b\u0151l ne maradjanak ki.<\/p> <p>Tov\u00e1bbra is b\u00e1tor\u00edtunk mindenkit az olt\u00e1s felv\u00e9tel\u00e9re, hiszen az elm\u00falt egy \u00e9vben megtapasztalhattuk a v\u00e9d\u0151olt\u00e1s seg\u00edt a jelenlegi v\u00edrus ellen is.<\/p> <p>K\u00e9r\u00fcnk mindenkit, haszn\u00e1lja a bej\u00e1ratn\u00e1l elhelyezett <strong>k\u00e9zfert\u0151tlen\u00edt\u0151t<\/strong>!<\/p> <p>Meg\u00e9rt\u00e9s\u00fckben, egy\u00fctt m\u0171k\u00f6d\u00e9s\u00fckben b\u00edzva, k\u00e9rj\u00fck seg\u00edts\u00e9g\u00fcket!<\/p> <p><strong>\u00a0<\/strong><\/p> <p>A templomi \u2013 j\u00e1rv\u00e1ny\u00fcgyi &#8211; <strong>\u00fcl\u00e9srenddel<\/strong> kapcsolatban k\u00e9rj\u00fck, mindenki figyeljen az ajt\u00f3n\u00e1l szolg\u00e1latot teljes\u00edt\u0151 presbiterek ir\u00e1ny\u00edt\u00e1s\u00e1ra!<\/p> <p><strong>Fogadjuk el, hogy most nem tudunk a megszokott hely\u00fcnkre \u00fclni, hiszen \u00e9rkez\u00e9si sorrendben az els\u0151 padokt\u00f3l kezdve tudunk helyet foglalni.<\/strong> A k\u00e9s\u0151bb \u00e9rkez\u0151k, lehet, hogy m\u00e1r csak a Gy\u00fclekezeti h\u00e1zban tudnak le\u00fclni.<\/p> <p>K\u00e9rj\u00fck, mindenki hozzon mag\u00e1val otthonr\u00f3l \u00c9nekesk\u00f6nyvet. Term\u00e9szetesen most is lehet a templomban a szokott helyr\u0151l elvenni \u00c9nekesk\u00f6nyvet.<\/p> <p><strong>\u00a0<\/strong><\/p> <p><strong>Kivonul\u00e1sn\u00e1l figyelj\u00fcnk arra, hogy el\u0151sz\u00f6r az els\u0151 sorban \u00fcl\u0151k induljanak el, majd sorban haladjunk a h\u00e1ts\u00f3 padok fel\u00e9, \u00edgy elker\u00fclhet\u0151, hogy a kij\u00e1ratn\u00e1l nagyon feltorl\u00f3djon a gy\u00fclekezet.<\/strong><\/p> <p><strong>\u00a0<\/strong><\/p> <p>Mindenki figyelm\u00e9t felh\u00edvjuk arra, hogy felel\u0151ss\u00e9ggel tartozunk egym\u00e1s ir\u00e1nt!<\/p> <p><strong>\u00a0<\/strong><\/p> <p><strong>K\u00e9rj\u00fck a gyakori k\u00e9zmos\u00e1s betart\u00e1s\u00e1t \u00e9s a sz\u00e1j \u00e9s orr eltakar\u00e1s\u00e1t minden\u00fctt, ahol erre el\u0151\u00edr\u00e1s van!<\/strong><\/p> <p><strong>\u00a0<\/strong><\/p> <p><strong>\u201eTi teh\u00e1t, szeretteim, mivel el\u0151re tudj\u00e1tok ezt, vigy\u00e1zzatok, hogy az elvetem\u00fcltek t\u00e9velyg\u00e9sei el ne sodorjanak, \u00e9s saj\u00e1t biztos meggy\u0151z\u0151d\u00e9seteket el ne vesz\u00edts\u00e9tek. <sup><a href=\"https:\/\/abibliamindenkie.hu\/uj\/2PE\/3#18\">18<\/a><\/sup>Ink\u00e1bb n\u00f6vekedjetek a kegyelemben \u00e9s a mi Urunk, \u00fcdv\u00f6z\u00edt\u0151 J\u00e9zus Krisztusunk ismeret\u00e9ben. \u00d6v\u00e9 a dics\u0151s\u00e9g most \u00e9s az \u00f6r\u00f6kk\u00e9val\u00f3s\u00e1gban!\u201d<\/strong><\/p> <p><strong>\u00a02 P\u00e9ter: 3, 17-18<\/strong><\/p> ","protected":false},"excerpt":{"rendered":"<p>Aki szeretn\u00e9 a Hirdet\u00e9seket emailben is megkapni k\u00e9rj\u00fck, jelezze szem\u00e9lyesen a Lelk\u00e9szi hivatalban. Szeretettel k\u00f6sz\u00f6ntj\u00fck Wim en Margariet van Voorent, akik a hollandiai Heemstedeb\u0151l \u00e9rkeztek ma is k\u00f6z\u00e9nk Holland testv\u00e9reink \u00e9vtizedek \u00f3ta seg\u00edtik erd\u00e9lyi \u00e9s k\u00e1rp\u00e1taljai testv\u00e9reinket \u00e9s most is \u00fatban Kolozsv\u00e1r fel\u00e9 l\u00e1togatnak meg minket is. Isten \u00e1ld\u00e1sa legyen \u00e9let\u00fck\u00f6n \u00e9s szolg\u00e1latukon! Szeretettel k\u00f6sz\u00f6ntj\u00fck&hellip;<\/p>\n","protected":false},"author":15,"featured_media":0,"comment_status":"closed","ping_status":"closed","sticky":false,"template":"","format":"standard","meta":[],"categories":[17],"tags":[],"acf":[],"_links":{"self":[{"href":"https:\/\/kkre.hu\/wpm\/wp-json\/wp\/v2\/posts\/18187"}],"collection":[{"href":"https:\/\/kkre.hu\/wpm\/wp-json\/wp\/v2\/posts"}],"about":[{"href":"https:\/\/kkre.hu\/wpm\/wp-json\/wp\/v2\/types\/post"}],"author":[{"embeddable":true,"href":"https:\/\/kkre.hu\/wpm\/wp-json\/wp\/v2\/users\/15"}],"replies":[{"embeddable":true,"href":"https:\/\/kkre.hu\/wpm\/wp-json\/wp\/v2\/comments?post=18187"}],"version-history":[{"count":2,"href":"https:\/\/kkre.hu\/wpm\/wp-json\/wp\/v2\/posts\/18187\/revisions"}],"predecessor-version":[{"id":18189,"href":"https:\/\/kkre.hu\/wpm\/wp-json\/wp\/v2\/posts\/18187\/revisions\/18189"}],"wp:attachment":[{"href":"https:\/\/kkre.hu\/wpm\/wp-json\/wp\/v2\/media?parent=18187"}],"wp:term":[{"taxonomy":"category","embeddable":true,"href":"https:\/\/kkre.hu\/wpm\/wp-json\/wp\/v2\/categories?post=18187"},{"taxonomy":"post_tag","embeddable":true,"href":"https:\/\/kkre.hu\/wpm\/wp-json\/wp\/v2\/tags?post=18187"}],"curies":[{"name":"wp","href":"https:\/\/api.w.org\/{rel}","templated":true}]}}