{"id":18265,"date":"2022-06-13T07:38:47","date_gmt":"2022-06-13T05:38:47","guid":{"rendered":"https:\/\/kkre.hu\/wpm\/?p=18265"},"modified":"2022-06-13T07:39:22","modified_gmt":"2022-06-13T05:39:22","slug":"hirdetesek-2022-junius-12","status":"publish","type":"post","link":"https:\/\/kkre.hu\/wpm\/blog\/2022\/06\/13\/hirdetesek-2022-junius-12\/","title":{"rendered":"Hirdet\u00e9sek, 2022. j\u00fanius 12."},"content":{"rendered":"<p><strong>Aki szeretn\u00e9 a Hirdet\u00e9seket emailben is megkapni k\u00e9rj\u00fck, jelezze szem\u00e9lyesen a Lelk\u00e9szi hivatalban.<\/strong><\/p> <p><strong>Seg\u00edts\u00e9gny\u00fajt\u00e1s K\u00e1rp\u00e1talj\u00e1ra, Ukrajn\u00e1ba:<\/strong><\/p> <p>&#8211; K\u00e1rp\u00e1taljai testv\u00e9reinket folyamatosan k\u00edv\u00e1njuk t\u00e1mogatni, ez\u00e9rt az adom\u00e1nygy\u0171jt\u0151 perselyt kint hagytuk a templom h\u00e1tulj\u00e1ban, ebbe lehet az Ukrajn\u00e1ba sz\u00e1nt t\u00e1mogat\u00e1sokat elhelyezni.<\/p> <p><strong>Terveink szerint j\u00fanius 17-\u00e9n, p\u00e9nteken \u00fajra elmegy\u00fcnk T\u00e9cs\u0151re, \u00e9s ekkor tudunk \u00fajra seg\u00e9lyt is vinni. Aki sz\u00edvesen ad tart\u00f3s \u00e9lelmiszert a kor\u00e1bbiakhoz hasonl\u00f3an, cs\u00fct\u00f6rt\u00f6k d\u00e9lut\u00e1nig hozza el a templomba!<\/strong><\/p> <p>Istentisztelet\u00fcnk v\u00e9g\u00e9n a k\u00e1rp\u00e1taljai reform\u00e1tusok kedves \u00e9nek\u00e9t fogjuk \u00e9nekelni, amit az ottani reform\u00e1tus templomokban \u201ekivonul\u00f3ra\u201d \u00e9nekelnek: \u201eMindig velem Uram, mindig velem\u2026\u201d<\/p> <p><strong>Hittan\u00e9vz\u00e1r\u00f3:<\/strong><\/p> <p>&#8211; Hit- \u00e9s erk\u00f6lcstanoktat\u00e1s szolg\u00e1latban 7-en vettek r\u00e9szt, mint hittanoktat\u00f3k: Csereszny\u00e9s \u00c1gota, Harkai Ferenc Csab\u00e1n\u00e9, Kissn\u00e9 Jakab Olga, dr. Szente P\u00e9tern\u00e9, \u00e9s Wisinger Andrea \u00e9s T\u00f3th Sebesty\u00e9n \u00e9s Varga Fanni. K\u00e9rj\u00fck Urunkat, hogy er\u0151s\u00edtse a hittanoktat\u00f3inkat a gyermekek nevel\u00e9s\u00e9ben!<\/p> <p>Gyermekmisszi\u00f3ban m\u00e9g Sajtos D\u00f3ri \u00e9s Harkai Judit Zsuzsanna vett r\u00e9szt, \u0151k gyermek-istentiszteletek tart\u00e1s\u00e1nak szolg\u00e1lat\u00e1ban voltak akt\u00edvak \u00e9s k\u00f6sz\u00f6nj\u00fck azoknak a fi\u00faknak is, akik az \u0151 szolg\u00e1latukat seg\u00edtett\u00e9k.<\/p> <p>Isten \u00e1ld\u00e1sa legyen tov\u00e1bbra is minden gyermekek nevel\u00e9s\u00e9ben, oktat\u00e1s\u00e1ban r\u00e9szt vev\u0151 munkat\u00e1rsunk \u00e9let\u00e9n, hogy Egyh\u00e1zk\u00f6zs\u00e9g\u00fcnk ezt a szolg\u00e1lat\u00e1t Isten dics\u0151s\u00e9g\u00e9re tudja bet\u00f6lteni!<\/p> <p><strong>Alakalmaink:<\/strong><\/p> <p>&#8211; <strong>Szerd\u00e1n<\/strong> 18 \u00f3rakor istentiszteletet tartunk a templomban (online k\u00f6zvet\u00edtve: <a href=\"https:\/\/kkre.hu\/wpm\/\">https:\/\/kkre.hu\/wpm\/<\/a>)<\/p> <p>&#8211; <strong>Cs\u00fct\u00f6rt\u00f6k\u00f6n <\/strong>19 \u00f3rakor tartunk biblia\u00f3r\u00e1t az alagsorban<\/p> <p>&#8211; J\u00f6v\u0151 vas\u00e1rnap <strong>10 \u00f3ra<\/strong>kor lesz <strong>istentisztelet<\/strong> itt a templomban, amely egyben az <strong>Ady Endre \u00c1ltal\u00e1nos Iskola tan\u00e9vz\u00e1r\u00f3ja <\/strong>is! Rem\u00e9nys\u00e9g\u00fcnk szerint ekkor fogjuk megkeresztelni Pasku P\u00e9ter \u00e9s feles\u00e9ge Kiss Eszter gyermek\u00e9t Benedeket. Hordozzuk im\u00e1ds\u00e1gban a <strong>keresztel\u0151<\/strong>re k\u00e9sz\u00fcl\u0151 csal\u00e1dot! (online k\u00f6zvet\u00edtve: <a href=\"https:\/\/kkre.hu\/wpm\/\">https:\/\/kkre.hu\/wpm\/<\/a>)<\/p> <p>Az istentisztelet ut\u00e1n \u00fajra tartunk szeretetvend\u00e9gs\u00e9get az udvaron, ahov\u00e1 v\u00e1rjuk a testv\u00e9rekt\u0151l az \u00fcd\u00edt\u0151t \u00e9s a s\u00fctem\u00e9nyt!<\/p> <p><strong>J\u00f6v\u0151 vas\u00e1rnap d\u00e9lut\u00e1n m\u00e1r a ny\u00e1ri sz\u00fcnet kezdet\u00e9re val\u00f3 tekintettel nem fogunk d\u00e9lut\u00e1ni istentiszteletet tartani<\/strong><\/p> <p><strong>V\u00e1ros\u00fcnnep: <\/strong><\/p> <p>&#8211; Ezen a h\u00e9tv\u00e9g\u00e9n van a \u201eV\u00e1ros\u00fcnnep\u201d. A kor\u00e1bbi \u00e9vekhez hasonl\u00f3an<strong> 15 \u00f3rakor kinyitjuk a Templomot \u00e9s az udvart, hogy a templomba be lehessen menni, illetve az udvaron v\u00e1rjuk a kisgyermekes csal\u00e1dokat a kreat\u00edv asztalok mell\u00e9.<\/strong><\/p> <p>K\u00e9rj\u00fck a testv\u00e9reket, hogy a vend\u00e9gl\u00e1t\u00e1shoz hozzanak magukkal s\u00fctem\u00e9nyt \u00e9s \u00fcd\u00edt\u0151t.<\/p> <p><strong>Presbiterigy\u0171l\u00e9s:<\/strong><\/p> <p>&#8211; J\u00fanius 8-\u00e1n, szerd\u00e1n az istentisztelet ut\u00e1n, 19 \u00f3r\u00e1t\u00f3l a Presbiteri gy\u0171l\u00e9st tartottunk az al\u00e1bbi k\u00e9t hat\u00e1rozattal:<\/p> <p>A Presbit\u00e9rium felhatalmazta az eln\u00f6ks\u00e9get az \u00e1ltalunk fenntartott Ady Endre Reform\u00e1tus \u00c1ltal\u00e1nos Iskola p\u00e1ly\u00e1zatainak al\u00e1\u00edr\u00e1s\u00e1ra<\/p> <p>A Presbit\u00e9rium j\u00f3v\u00e1hagyta egy \u00fajabb Egyh\u00e1zk\u00f6zs\u00e9g\u00fcnk k\u00f6znevel\u00e9si c\u00e9ljait szolg\u00e1l\u00f3 ingatlan megv\u00e1s\u00e1rl\u00e1s\u00e1t<\/p> <p><strong>\u00a0<\/strong><\/p> <p><strong>Gyermek csendesh\u00e9t:<\/strong><\/p> <p>&#8211; Amint ezt kor\u00e1bban jelezt\u00fck \u00e9s \u201eH\u00fasv\u00e9ti k\u00f6rlev\u00e9lben\u201d is meg\u00edrtuk, Gyenesdi\u00e1son j\u00fanius 27- t\u0151l j\u00falius 3-ig fogunk csendeshetet tartani gyermekeinknek. A jelentkez\u00e9sn\u00e9l, els\u0151bbs\u00e9get \u00e9lveznek azok, akik \u00e9v k\u00f6zben r\u00e9szt vettek istentiszteleten is egyh\u00e1zk\u00f6zs\u00e9g\u00fcnkben.<\/p> <p>Az al\u00e1bbi linket kit\u00f6ltve lehet jelentkezni: <a href=\"https:\/\/docs.google.com\/forms\/d\/e\/1FAIpQLSf6t-0xvXUtgpYEBeGUNmtMx08huo9c3udBV-e6h7Wl6hfq8g\/viewform\">https:\/\/docs.google.com\/forms\/d\/e\/1FAIpQLSf6t-0xvXUtgpYEBeGUNmtMx08huo9c3udBV-e6h7Wl6hfq8g\/viewform<\/a><\/p> <p><strong>\u00a0<\/strong><\/p> <p><strong>Konfirm\u00e1ci\u00f3:<\/strong><\/p> <p>Legk\u00f6zelebb \u0151sszel fogunk tartani konfirm\u00e1ci\u00f3i \u00f3r\u00e1kat<\/p> <p><strong>\u00a0<\/strong><\/p> <p><strong>Templomtakar\u00edt\u00e1s:<\/strong><\/p> <p>&#8211; Ezen a h\u00e9ten \u00fajra szeretettel v\u00e1rjuk a testv\u00e9reket, <strong>p\u00e9nteken a 17 \u00f3r\u00e1ra<\/strong>, hogy kitakar\u00edtsuk a templomot. K\u00f6sz\u00f6nj\u00fck azoknak, akik el nem m\u00fal\u00f3 szeretettel j\u00f6nnek h\u00e9tr\u0151l-h\u00e9tre takar\u00edtani, hogy templomunkban mindig tisztas\u00e1g \u00e9s rend lehessen alkalmainkra.<\/p> <p><strong>\u00a0<\/strong><\/p> <p><strong>Iratterjeszt\u00e9s:<\/strong><\/p> <p>&#8211; <strong>Erre az \u00e9vre is elk\u00e9sz\u00fclt saj\u00e1t napt\u00e1runk, amit a templom kij\u00e1rat\u00e1n\u00e1l ingyen vehetnek el a testv\u00e9rek!<\/strong><\/p> <p>M\u00e9g vannak idei Bibliaolvas\u00f3 Kalauzok, K\u00e1lvin Kalend\u00e1riumok \u00e9s Falinapt\u00e1rok, illetve az <strong>\u00faj \u00e9nekesk\u00f6nyv<\/strong> is megv\u00e1s\u00e1rolhat\u00f3 az iratterjeszt\u00e9sben.<\/p> <p><strong>\u00a0<\/strong><\/p> <p><strong>Orgona Cd:<\/strong><\/p> <p>&#8211; \u00d6r\u00f6mmel jelentem a gy\u00fclekezetnek, hogy Szotyori Nagy G\u00e1bor orgonam\u0171v\u00e9sz\u00fcnknek megjelent az \u00d6n\u00e1ll\u00f3 \u201eCD-je\u201d, Felix Mendelssohn orgona m\u0171veib\u0151l. A CD-k az iratterjeszt\u00e9sben megv\u00e1s\u00e1rolhat\u00f3k \u00e9s az \u00e1rukb\u00f3l befolyt \u00f6sszeget m\u0171v\u00e9sz \u00far az orgona tiszt\u00edt\u00e1s\u00e1ra, sz\u00fcks\u00e9ges karbantart\u00e1s\u00e1ra aj\u00e1nlotta fel.<\/p> <p><strong>\u00a0<\/strong><\/p> <p><strong>Textus:<\/strong> 1 J\u00e1nos: 1, 1-4<\/p> <p><strong>\u00c9nekek:<\/strong> \u00a0\u00a0\u00a0\u00a0\u00a0\u00a0\u00a0\u00a0\u00a0\u00a0\u00a0\u00a0\u00a0\u00a0\u00a0\u00a0\u00a0\u00a0\u00a0 \u00a0\u00a0\u00a0\u00a07: 1<\/p> <p>329: 2 (\u00faj: 412)<\/p> <p>Ker.: Szente Roland &#8211; Zsolt\u00e1rok 7, 18<\/p> <p>Sz\u00fcl\u0151k: Szente Istv\u00e1n \u00e9s Tepl\u00e1nszky Katalin<\/p> <p>134: 3<\/p> <p>Heidelbergi K\u00e1t\u00e9 XXIV. \u00farnapja<\/p> <p>165: 1-2 (\u00faj. 225)<\/p> <p>\u00c9nekkar<\/p> <p>799: 1<\/p> <p>Igehirdet\u0151: Harkai Ferenc<\/p> <p><strong><em>Aktu\u00e1lis int\u00e9zked\u00e9sek a COVID 19-hez kapcsol\u00f3d\u00f3an:<\/em><\/strong><\/p> <p>Az Egyh\u00e1zk\u00f6zs\u00e9g eln\u00f6ks\u00e9g\u00e9nek, J\u00f3zsa J\u00f3zsef kur\u00e1tornak, \u00e9s Harkai Ferenc Csaba lelkip\u00e1sztornak a a felel\u0151ss\u00e9ge, hogy minden el\u0151\u00edr\u00e1s be legyen tartva.<\/p> <p><strong>\u00a0<\/strong><\/p> <p><strong>\u201eAmit csak szeretn\u00e9tek, hogy az emberek tegyenek veletek,<\/strong><\/p> <p><strong>mindenben ugyan\u00fagy tegyetek ti is vel\u00fck,<\/strong><\/p> <p><strong>mert ezt tan\u00edtja a t\u00f6rv\u00e9ny \u00e9s a pr\u00f3f\u00e9t\u00e1k.\u201d<\/strong><\/p> <p><strong>M\u00e1t\u00e9 7, 12<\/strong><\/p> <p>K\u00e9rj\u00fck, hogy a jelenlegi helyzetben csak eg\u00e9szs\u00e9gesen j\u00f6jj\u00fcnk az alkalmakra. Minden templomi alkalmunkat k\u00f6zvet\u00edtj\u00fck, hogy akik betegs\u00e9g miatt nem lehetnek r\u00e9szesei a k\u00f6z\u00f6ss\u00e9gnek, az igehallgat\u00e1s lehet\u0151s\u00e9g\u00e9b\u0151l ne maradjanak ki.<\/p> <p>Tov\u00e1bbra is b\u00e1tor\u00edtunk mindenkit az olt\u00e1s felv\u00e9tel\u00e9re, hiszen az elm\u00falt egy \u00e9vben megtapasztalhattuk a v\u00e9d\u0151olt\u00e1s seg\u00edt a jelenlegi v\u00edrus ellen is.<\/p> <p>K\u00e9r\u00fcnk mindenkit, haszn\u00e1lja a bej\u00e1ratn\u00e1l elhelyezett <strong>k\u00e9zfert\u0151tlen\u00edt\u0151t<\/strong>!<\/p> <p>Meg\u00e9rt\u00e9s\u00fckben, egy\u00fctt m\u0171k\u00f6d\u00e9s\u00fckben b\u00edzva, k\u00e9rj\u00fck seg\u00edts\u00e9g\u00fcket!<\/p> <p><strong>\u00a0<\/strong><\/p> <p>A templomi \u2013 j\u00e1rv\u00e1ny\u00fcgyi &#8211; <strong>\u00fcl\u00e9srenddel<\/strong> kapcsolatban k\u00e9rj\u00fck, mindenki figyeljen az ajt\u00f3n\u00e1l szolg\u00e1latot teljes\u00edt\u0151 presbiterek ir\u00e1ny\u00edt\u00e1s\u00e1ra!<\/p> <p><strong>Fogadjuk el, hogy most nem tudunk a megszokott hely\u00fcnkre \u00fclni, hiszen \u00e9rkez\u00e9si sorrendben az els\u0151 padokt\u00f3l kezdve tudunk helyet foglalni.<\/strong> A k\u00e9s\u0151bb \u00e9rkez\u0151k, lehet, hogy m\u00e1r csak a Gy\u00fclekezeti h\u00e1zban tudnak le\u00fclni.<\/p> <p>K\u00e9rj\u00fck, mindenki hozzon mag\u00e1val otthonr\u00f3l \u00c9nekesk\u00f6nyvet. Term\u00e9szetesen most is lehet a templomban a szokott helyr\u0151l elvenni \u00c9nekesk\u00f6nyvet.<\/p> <p><strong>\u00a0<\/strong><\/p> <p><strong>Kivonul\u00e1sn\u00e1l figyelj\u00fcnk arra, hogy el\u0151sz\u00f6r az els\u0151 sorban \u00fcl\u0151k induljanak el, majd sorban haladjunk a h\u00e1ts\u00f3 padok fel\u00e9, \u00edgy elker\u00fclhet\u0151, hogy a kij\u00e1ratn\u00e1l nagyon feltorl\u00f3djon a gy\u00fclekezet.<\/strong><\/p> <p><strong>\u00a0<\/strong><\/p> <p>Mindenki figyelm\u00e9t felh\u00edvjuk arra, hogy felel\u0151ss\u00e9ggel tartozunk egym\u00e1s ir\u00e1nt!<\/p> <p><strong>\u00a0<\/strong><\/p> <p><strong>K\u00e9rj\u00fck a gyakori k\u00e9zmos\u00e1s betart\u00e1s\u00e1t \u00e9s a sz\u00e1j \u00e9s orr eltakar\u00e1s\u00e1t minden\u00fctt, ahol erre el\u0151\u00edr\u00e1s van!<\/strong><\/p> <p><strong>\u00a0<\/strong><\/p> <p><strong>\u201eTi teh\u00e1t, szeretteim, mivel el\u0151re tudj\u00e1tok ezt, vigy\u00e1zzatok, hogy az elvetem\u00fcltek t\u00e9velyg\u00e9sei el ne sodorjanak, \u00e9s saj\u00e1t biztos meggy\u0151z\u0151d\u00e9seteket el ne vesz\u00edts\u00e9tek. <sup><a href=\"https:\/\/abibliamindenkie.hu\/uj\/2PE\/3#18\">18<\/a><\/sup>Ink\u00e1bb n\u00f6vekedjetek a kegyelemben \u00e9s a mi Urunk, \u00fcdv\u00f6z\u00edt\u0151 J\u00e9zus Krisztusunk ismeret\u00e9ben. \u00d6v\u00e9 a dics\u0151s\u00e9g most \u00e9s az \u00f6r\u00f6kk\u00e9val\u00f3s\u00e1gban!\u201d<\/strong><\/p> <p><strong>\u00a02 P\u00e9ter: 3, 17-18<\/strong><\/p> ","protected":false},"excerpt":{"rendered":"<p>Aki szeretn\u00e9 a Hirdet\u00e9seket emailben is megkapni k\u00e9rj\u00fck, jelezze szem\u00e9lyesen a Lelk\u00e9szi hivatalban. Seg\u00edts\u00e9gny\u00fajt\u00e1s K\u00e1rp\u00e1talj\u00e1ra, Ukrajn\u00e1ba: &#8211; K\u00e1rp\u00e1taljai testv\u00e9reinket folyamatosan k\u00edv\u00e1njuk t\u00e1mogatni, ez\u00e9rt az adom\u00e1nygy\u0171jt\u0151 perselyt kint hagytuk a templom h\u00e1tulj\u00e1ban, ebbe lehet az Ukrajn\u00e1ba sz\u00e1nt t\u00e1mogat\u00e1sokat elhelyezni. Terveink szerint j\u00fanius 17-\u00e9n, p\u00e9nteken \u00fajra elmegy\u00fcnk T\u00e9cs\u0151re, \u00e9s ekkor tudunk \u00fajra seg\u00e9lyt is vinni. Aki sz\u00edvesen&hellip;<\/p>\n","protected":false},"author":15,"featured_media":0,"comment_status":"closed","ping_status":"closed","sticky":false,"template":"","format":"standard","meta":[],"categories":[17],"tags":[],"acf":[],"_links":{"self":[{"href":"https:\/\/kkre.hu\/wpm\/wp-json\/wp\/v2\/posts\/18265"}],"collection":[{"href":"https:\/\/kkre.hu\/wpm\/wp-json\/wp\/v2\/posts"}],"about":[{"href":"https:\/\/kkre.hu\/wpm\/wp-json\/wp\/v2\/types\/post"}],"author":[{"embeddable":true,"href":"https:\/\/kkre.hu\/wpm\/wp-json\/wp\/v2\/users\/15"}],"replies":[{"embeddable":true,"href":"https:\/\/kkre.hu\/wpm\/wp-json\/wp\/v2\/comments?post=18265"}],"version-history":[{"count":2,"href":"https:\/\/kkre.hu\/wpm\/wp-json\/wp\/v2\/posts\/18265\/revisions"}],"predecessor-version":[{"id":18267,"href":"https:\/\/kkre.hu\/wpm\/wp-json\/wp\/v2\/posts\/18265\/revisions\/18267"}],"wp:attachment":[{"href":"https:\/\/kkre.hu\/wpm\/wp-json\/wp\/v2\/media?parent=18265"}],"wp:term":[{"taxonomy":"category","embeddable":true,"href":"https:\/\/kkre.hu\/wpm\/wp-json\/wp\/v2\/categories?post=18265"},{"taxonomy":"post_tag","embeddable":true,"href":"https:\/\/kkre.hu\/wpm\/wp-json\/wp\/v2\/tags?post=18265"}],"curies":[{"name":"wp","href":"https:\/\/api.w.org\/{rel}","templated":true}]}}