{"id":18286,"date":"2022-06-20T08:00:34","date_gmt":"2022-06-20T06:00:34","guid":{"rendered":"https:\/\/kkre.hu\/wpm\/?p=18286"},"modified":"2022-06-21T11:14:55","modified_gmt":"2022-06-21T09:14:55","slug":"hirdetesek-2022-junius-19","status":"publish","type":"post","link":"https:\/\/kkre.hu\/wpm\/blog\/2022\/06\/20\/hirdetesek-2022-junius-19\/","title":{"rendered":"Hirdet\u00e9sek, 2022. j\u00fanius 19."},"content":{"rendered":"<p><strong>Aki szeretn\u00e9 a Hirdet\u00e9seket emailben is megkapni k\u00e9rj\u00fck, jelezze szem\u00e9lyesen a Lelk\u00e9szi hivatalban.<\/strong><\/p> <p><strong>Ady Endre Reform\u00e1tus \u00c1ltal\u00e1nos Iskola tan\u00e9vz\u00e1r\u00f3ja <\/strong>tan\u00e9vz\u00e1r\u00f3j\u00e1n a 3.a. oszt\u00e1ly di\u00e1kjai verssel szolg\u00e1ltak, a t\u00f6bbi jelen lev\u0151 di\u00e1k pedig az 5. zsolt\u00e1r els\u0151 k\u00e9t vers\u00e9t \u00e9nekelte el.<\/p> <p>K\u00f6sz\u00f6nj\u00fck pedag\u00f3gusaink \u00e9s technikai dolgoz\u00f3ink eg\u00e9sz \u00e9ves szolg\u00e1lat\u00e1t!<\/p> <p><strong>Seg\u00edts\u00e9gny\u00fajt\u00e1s K\u00e1rp\u00e1talj\u00e1ra, Ukrajn\u00e1ba:<\/strong><\/p> <p>&#8211; P\u00e9nteken \u00e9s szombaton elvitt\u00fck az \u00f6sszegy\u0171lt \u00e9lelmiszer \u00e9s egy\u00e9b t\u00e1rgyi adom\u00e1nyianakt, illetve az elm\u00falt hetekben \u00f6sszegy\u0171lt p\u00e9nzadom\u00e1nyainkat T\u00e9cs\u0151re. Ez alkalommal holland testv\u00e9reink is voltak vel\u00fcnk. Wim \u00e9s Margariet van Vooren a hollandiai Heemstedeb\u0151l, az ottani reform\u00e1tus testv\u00e9rek adom\u00e1ny\u00e1t hozta mag\u00e1val.<\/p> <p>A t\u00e9cs\u0151iek k\u00f6sz\u00f6nik az adom\u00e1nyokat \u00e9s az \u00e9rt\u00fck mondott im\u00e1ds\u00e1gokat \u00e9s Isten \u00e1ld\u00e1s\u00e1t k\u00e9rik a Kispest-K\u00f6zponti reform\u00e1tus testv\u00e9rekre.<\/p> <p>&#8211; K\u00e1rp\u00e1taljai testv\u00e9reinket folyamatosan k\u00edv\u00e1njuk t\u00e1mogatni, ez\u00e9rt az adom\u00e1nygy\u0171jt\u0151 perselyt kint hagytuk a templom h\u00e1tulj\u00e1ban, ebbe lehet az Ukrajn\u00e1ba sz\u00e1nt t\u00e1mogat\u00e1sokat elhelyezni.<\/p> <p>Istentisztelet\u00fcnk v\u00e9g\u00e9n a k\u00e1rp\u00e1taljai reform\u00e1tusok kedves \u00e9nek\u00e9t fogjuk \u00e9nekelni, amit az ottani reform\u00e1tus templomokban \u201ekivonul\u00f3ra\u201d \u00e9nekelnek: \u201eMindig velem Uram, mindig velem\u2026\u201d<\/p> <p><strong>Alakalmaink:<\/strong><\/p> <p>&#8211; <strong>Szerd\u00e1n<\/strong> 18 \u00f3rakor istentiszteletet tartunk a templomban (online k\u00f6zvet\u00edtve: <a href=\"https:\/\/kkre.hu\/wpm\/\">https:\/\/kkre.hu\/wpm\/<\/a>)<\/p> <p>&#8211; J\u00f6v\u0151 vas\u00e1rnap <strong>10 \u00f3ra<\/strong>kor lesz <strong>istentisztelet<\/strong> itt a templomban, rem\u00e9nys\u00e9g\u00fcnk szerint ekkor fogjuk megkeresztelni Vask\u00f3 P\u00e9ter \u00e9s feles\u00e9ge Horv\u00e1th \u00c9va els\u0151 gyermek\u00e9t D\u00e1nielt tov\u00e1bb\u00e1, Pint\u00e9r M\u00e1t\u00e9 \u00e9s Pint\u00e9r-Cs\u00f6ndes Vikt\u00f3ria els\u0151 gyermek\u00e9t Bor\u00f3ka S\u00e1r\u00e1t. Hordozzuk im\u00e1ds\u00e1gban a <strong>keresztel\u0151<\/strong>re k\u00e9sz\u00fcl\u0151 csal\u00e1dokat! (online k\u00f6zvet\u00edtve: <a href=\"https:\/\/kkre.hu\/wpm\/\">https:\/\/kkre.hu\/wpm\/<\/a>)<\/p> <p><strong>Esk\u00fcv\u0151:<\/strong><\/p> <p>&#8211; \u00d6r\u00f6mmel hirdetem a gy\u00fclekezetnek, hogy Dr. Bajg\u00f3 Mikl\u00f3s n\u0151tlen r\u00f3mai katolikus leg\u00e9ny eljegyezte, Dr. Moln\u00e1r Emese reform\u00e1tus hajadont. H\u00e1zass\u00e1gk\u00f6t\u00e9s\u00fck tervezett id\u0151pontja, j\u00falius 8.<\/p> <p><strong>Gyermek csendesh\u00e9t:<\/strong><\/p> <p>&#8211; Tegnap minden jelentkez\u0151nek visszajelezt\u00fcnk a j\u00fanius 27-\u00e9n Gyenesdi\u00e1son kezd\u0151d\u0151 csendesh\u00e9tre.<\/p> <p><strong>\u00a0<\/strong><\/p> <p><strong>\u00c1ll\u00e1s:<\/strong><\/p> <p>&#8211; A Sz\u0151l\u0151skert Reform\u00e1tus \u00d3vod\u00e1ban meg\u00fcresedett egy dajka \u00e1ll\u00e1s. \u00c9rdekl\u0151dni h\u00e9tk\u00f6zben Rajkin\u00e9 S\u00f6r\u00f6s Andrea vezet\u0151 \u00f3v\u00f3n\u0151n\u00e9l, vagy a lelkip\u00e1sztorn\u00e1l lehet.<\/p> <p>Az Ady Endre Reform\u00e1tus \u00c1ltal\u00e1nos Iskol\u00e1ba is keres\u00fcnk pedag\u00f3gusokat \u00e9s technikai dolgoz\u00f3kat. \u00c9rdekl\u0151dni Botka N\u00f3ra int\u00e9zm\u00e9nyvezet\u0151n\u00e9l, vagy a lelkip\u00e1sztorn\u00e1l lehet.<\/p> <p><strong>Iskola haszn\u00e1latba ad\u00e1sa:<\/strong><\/p> <p>&#8211; Ebben az esztend\u0151ben lej\u00e1r az \u00f6nkorm\u00e1nyzattal k\u00f6t\u00f6tt 5 \u00e9ves meg\u00e1llapod\u00e1sunk az Ady Endre Reform\u00e1tus \u00c1ltal\u00e1nos Iskola \u00e9p\u00fclet\u00e9nek haszn\u00e1lat\u00e1ra. Polg\u00e1rmester \u00farral m\u00e1r kor\u00e1bban egyeztett\u00fcnk ez \u00fcgyben \u00e9s k\u00e9rt\u00fck, hogy 5 \u00e9vn\u00e9l hosszabb id\u0151re, t\u00e9r\u00edt\u00e9smentesen az eg\u00e9sz \u00e9p\u00fcletet adja \u00e1t az \u00f6nkorm\u00e1nyzat egyh\u00e1zk\u00f6zs\u00e9g\u00fcnknek k\u00f6znevel\u00e9si c\u00e9lokra. K\u00e9r\u00e9s\u00fcnket nemr\u00e9g \u00edr\u00e1sban is meger\u0151s\u00edtett\u00fck. H\u00e9tf\u0151n beh\u00edvtak a jogi irod\u00e1ra, ahol t\u00e1j\u00e9koztattak, hogy 2,5 milli\u00f3 forint kauci\u00f3t k\u00e9r az \u00d6nkorm\u00e1nyzat. Ezut\u00e1n Polg\u00e1rmester \u00farral \u00fajra egyeztettem.<\/p> <p>Szerd\u00e1n kaptunk egy szerz\u0151d\u00e9stervezetet, amiben m\u00e1r nem is szerepelt kauci\u00f3. Cs\u00fct\u00f6rt\u00f6k\u00f6n reggel egy \u00fajabb tervezetett kaptunk, de ebben sem volt kauci\u00f3.<\/p> <p>Cs\u00fct\u00f6rt\u00f6k d\u00e9lel\u0151tt felh\u00edvott Varga Attila alpolg\u00e1rmester \u00far \u00e9s arr\u00f3l t\u00e1j\u00e9koztatott, hogy \u201eugyan tudnak Polg\u00e1rmester \u00far \u00edg\u00e9ret\u00e9r\u0151l, de a k\u00e9pvisel\u0151k t\u00f6bbs\u00e9ge, akik ugyan nem alkotnak frakci\u00f3t, de \u00fagy d\u00f6nt\u00f6ttek, hogy nemcsak a Baptista Szeretetszolg\u00e1latt\u00f3l, de t\u0151l\u00fcnk is k\u00e9rnek kauci\u00f3t.\u201d Alpolg\u00e1rmester \u00farral hosszan besz\u00e9lt\u00fcnk telefonon, majd azt mondta, hogy csak 1milli\u00f3 forint kauci\u00f3t fog m\u00f3dos\u00edt\u00e1sk\u00e9nt r\u00e9sz\u00fcnkre javasolni, de k\u00e9rte, hogy a d\u00e9lut\u00e1ni test\u00fcleti \u00fcl\u00e9s el\u0151tt besz\u00e9lj\u00fcnk m\u00e9g. A test\u00fcleti \u00fcl\u00e9s el\u0151tt Varga Attila alpolg\u00e1rmester \u00far irod\u00e1j\u00e1ban besz\u00e9lt\u00fcnk, ahol azt mondta, hogy 1 milli\u00f3 forint kauci\u00f3t kell majd fizetn\u00fcnk december 31-ig, de ezt megtehetj\u00fck ak\u00e1r r\u00e9szletekben is. Tov\u00e1bb\u00e1 biztos\u00edtott r\u00f3la, hogy b\u00e1rmilyen seg\u00edts\u00e9gre van sz\u00fcks\u00e9g\u00fcnk, ak\u00e1r anyagira is sz\u00e1m\u00edthatunk az \u00f6nkorm\u00e1nyzatra.<\/p> <p>Ezek ut\u00e1n Varga alpolg\u00e1rmester \u00farral egy\u00fctt bement\u00fcnk a V\u00e1rosh\u00e1za d\u00edszterm\u00e9be, ahol 5 perc m\u00falva elkezd\u0151d\u00f6tt a K\u00e9pvisel\u0151 test\u00fcleti \u00fcl\u00e9s. Az \u00fcl\u00e9s 2. napirendi pontja volt az Ady Endre Reform\u00e1tus \u00c1ltal\u00e1nos Iskola t\u00e9r\u00edt\u00e9smentes haszn\u00e1latba ad\u00e1sa. Varga alpolg\u00e1rmester \u00far kevesebb mint f\u00e9l \u00f3r\u00e1val azut\u00e1n, hogy velem az irod\u00e1j\u00e1ban besz\u00e9lt, sz\u00f3t k\u00e9rt \u00e9s bejelentette, hogy b\u00e1r velem m\u00e1st besz\u00e9lt meg, javasolja, hogy a Budapest-Kispest-K\u00f6zponti Reform\u00e1tus Egyh\u00e1zk\u00f6zs\u00e9g is adjon 2,5 milli\u00f3 forint kauci\u00f3t, hogy \u00edgy legyen az \u00f6nkorm\u00e1nyzatnak biztos\u00edt\u00e9ka arra az esetre, ha a k\u00f6z\u00fczemi sz\u00e1ml\u00e1k nem ker\u00fclnek befizet\u00e9sre az iskol\u00e1n\u00e1l. A javaslatot a k\u00e9pvisel\u0151 test\u00fclet baloldali t\u00f6bbs\u00e9ge Polg\u00e1rmester \u00far tart\u00f3zkod\u00e1sa mellett a jobboldali k\u00e9pvisel\u0151k tiltakoz\u00e1sa ellen\u00e9re elfogadta.<\/p> <p>Az Ady Endre Reform\u00e1tus \u00c1ltal\u00e1nos Iskola \u00f6sszes k\u00f6zm\u0171v\u00e9t \u00e9vekkel ezel\u0151tt \u00e1t\u00edrattuk, amennyiben valamelyik szolg\u00e1ltat\u00f3 fel\u00e9 tartoz\u00e1s keletkezne, akkor azt a fenntart\u00f3 Budapest-Kispest-K\u00f6zponti Reform\u00e1tus Egyh\u00e1zk\u00f6zs\u00e9gnek kell rendeznie, ahogy sok \u00e9vvel ezel\u0151tt a Sz\u0151l\u0151skert Reform\u00e1tus \u00d3voda k\u00f6ztartoz\u00e1s\u00e1t is\u00a0 a NAV az egyh\u00e1zk\u00f6zs\u00e9g banksz\u00e1ml\u00e1j\u00e1r\u00f3l inkassz\u00e1lta.<\/p> <p>Nagyon sajn\u00e1lom, hogy a K\u00e9pvisel\u0151 test\u00fclet egy r\u00e9sze \u00edgy j\u00e1rt el, ez\u00faton is k\u00f6sz\u00f6nj\u00fck Polg\u00e1rmester \u00far eddigi t\u00e1mogat\u00e1s\u00e1t.<\/p> <p><strong>\u00a0<\/strong><\/p> <p><strong>Templomtakar\u00edt\u00e1s:<\/strong><\/p> <p>&#8211; Ezen a h\u00e9ten \u00fajra szeretettel v\u00e1rjuk a testv\u00e9reket, <strong>p\u00e9nteken a 17 \u00f3r\u00e1ra<\/strong>, hogy kitakar\u00edtsuk a templomot. K\u00f6sz\u00f6nj\u00fck azoknak, akik el nem m\u00fal\u00f3 szeretettel j\u00f6nnek h\u00e9tr\u0151l-h\u00e9tre takar\u00edtani, hogy templomunkban mindig tisztas\u00e1g \u00e9s rend lehessen alkalmainkra.<\/p> <p><strong>\u00a0<\/strong><\/p> <p><strong>Iratterjeszt\u00e9s:<\/strong><\/p> <p>&#8211; <strong>Erre az \u00e9vre is elk\u00e9sz\u00fclt saj\u00e1t napt\u00e1runk, amit a templom kij\u00e1rat\u00e1n\u00e1l ingyen vehetnek el a testv\u00e9rek!<\/strong><\/p> <p>M\u00e9g vannak idei Bibliaolvas\u00f3 Kalauzok, K\u00e1lvin Kalend\u00e1riumok \u00e9s Falinapt\u00e1rok, illetve az <strong>\u00faj \u00e9nekesk\u00f6nyv<\/strong> is megv\u00e1s\u00e1rolhat\u00f3 az iratterjeszt\u00e9sben.<\/p> <p><strong>\u00a0<\/strong><\/p> <p><strong>Orgona Cd:<\/strong><\/p> <p>&#8211; \u00d6r\u00f6mmel jelentem a gy\u00fclekezetnek, hogy Szotyori Nagy G\u00e1bor orgonam\u0171v\u00e9sz\u00fcnknek megjelent az \u00d6n\u00e1ll\u00f3 \u201eCD-je\u201d, Felix Mendelssohn orgona m\u0171veib\u0151l. A CD-k az iratterjeszt\u00e9sben megv\u00e1s\u00e1rolhat\u00f3k \u00e9s az \u00e1rukb\u00f3l befolyt \u00f6sszeget m\u0171v\u00e9sz \u00far az orgona tiszt\u00edt\u00e1s\u00e1ra, sz\u00fcks\u00e9ges karbantart\u00e1s\u00e1ra aj\u00e1nlotta fel.<\/p> <p><strong>\u00a0<\/strong><\/p> <p><strong>Textus:<\/strong> 1 J\u00e1nos: 3, 1-12<\/p> <p><strong>\u00c9nekek:<\/strong> \u00a0\u00a0\u00a0\u00a0\u00a0\u00a0\u00a0\u00a0\u00a0\u00a0\u00a0\u00a0\u00a0\u00a0\u00a0\u00a0\u00a0\u00a0\u00a0 \u00a0\u00a0\u00a0\u00a08: 1<\/p> <p>329: 2 (\u00faj: 412)<\/p> <p>Ker.: Pasku Benedek \u2013 Zsolt\u00e1rok: 8, 5<\/p> <p>Sz\u00fcl\u0151k: Pasku P\u00e9ter \u00e9s Kiss Eszter<\/p> <p>134: 3<\/p> <p>Heidelbergi K\u00e1t\u00e9 XXV. \u00farnapja<\/p> <p>236: 1-7 (\u00faj. 184)<\/p> <p>471: 1-4 (\u00faj: 831)<\/p> <p>799: 1<\/p> <p>Himnusz<\/p> <p>Igehirdet\u0151: Harkai Ferenc<\/p> <p><strong><em>Aktu\u00e1lis int\u00e9zked\u00e9sek a COVID 19-hez kapcsol\u00f3d\u00f3an:<\/em><\/strong><\/p> <p>Az Egyh\u00e1zk\u00f6zs\u00e9g eln\u00f6ks\u00e9g\u00e9nek, J\u00f3zsa J\u00f3zsef kur\u00e1tornak, \u00e9s Harkai Ferenc Csaba lelkip\u00e1sztornak a a felel\u0151ss\u00e9ge, hogy minden el\u0151\u00edr\u00e1s be legyen tartva.<\/p> <p><strong>\u00a0<\/strong><\/p> <p><strong>\u201eAmit csak szeretn\u00e9tek, hogy az emberek tegyenek veletek,<\/strong><\/p> <p><strong>mindenben ugyan\u00fagy tegyetek ti is vel\u00fck,<\/strong><\/p> <p><strong>mert ezt tan\u00edtja a t\u00f6rv\u00e9ny \u00e9s a pr\u00f3f\u00e9t\u00e1k.\u201d<\/strong><\/p> <p><strong>M\u00e1t\u00e9 7, 12<\/strong><\/p> <p>K\u00e9rj\u00fck, hogy a jelenlegi helyzetben csak eg\u00e9szs\u00e9gesen j\u00f6jj\u00fcnk az alkalmakra. Minden templomi alkalmunkat k\u00f6zvet\u00edtj\u00fck, hogy akik betegs\u00e9g miatt nem lehetnek r\u00e9szesei a k\u00f6z\u00f6ss\u00e9gnek, az igehallgat\u00e1s lehet\u0151s\u00e9g\u00e9b\u0151l ne maradjanak ki.<\/p> <p>Tov\u00e1bbra is b\u00e1tor\u00edtunk mindenkit az olt\u00e1s felv\u00e9tel\u00e9re, hiszen az elm\u00falt egy \u00e9vben megtapasztalhattuk a v\u00e9d\u0151olt\u00e1s seg\u00edt a jelenlegi v\u00edrus ellen is.<\/p> <p>K\u00e9r\u00fcnk mindenkit, haszn\u00e1lja a bej\u00e1ratn\u00e1l elhelyezett <strong>k\u00e9zfert\u0151tlen\u00edt\u0151t<\/strong>!<\/p> <p>Meg\u00e9rt\u00e9s\u00fckben, egy\u00fctt m\u0171k\u00f6d\u00e9s\u00fckben b\u00edzva, k\u00e9rj\u00fck seg\u00edts\u00e9g\u00fcket!<\/p> <p><strong>\u00a0<\/strong><\/p> <p>A templomi \u2013 j\u00e1rv\u00e1ny\u00fcgyi &#8211; <strong>\u00fcl\u00e9srenddel<\/strong> kapcsolatban k\u00e9rj\u00fck, mindenki figyeljen az ajt\u00f3n\u00e1l szolg\u00e1latot teljes\u00edt\u0151 presbiterek ir\u00e1ny\u00edt\u00e1s\u00e1ra!<\/p> <p><strong>Fogadjuk el, hogy most nem tudunk a megszokott hely\u00fcnkre \u00fclni, hiszen \u00e9rkez\u00e9si sorrendben az els\u0151 padokt\u00f3l kezdve tudunk helyet foglalni.<\/strong> A k\u00e9s\u0151bb \u00e9rkez\u0151k, lehet, hogy m\u00e1r csak a Gy\u00fclekezeti h\u00e1zban tudnak le\u00fclni.<\/p> <p>K\u00e9rj\u00fck, mindenki hozzon mag\u00e1val otthonr\u00f3l \u00c9nekesk\u00f6nyvet. Term\u00e9szetesen most is lehet a templomban a szokott helyr\u0151l elvenni \u00c9nekesk\u00f6nyvet.<\/p> <p><strong>\u00a0<\/strong><\/p> <p><strong>Kivonul\u00e1sn\u00e1l figyelj\u00fcnk arra, hogy el\u0151sz\u00f6r az els\u0151 sorban \u00fcl\u0151k induljanak el, majd sorban haladjunk a h\u00e1ts\u00f3 padok fel\u00e9, \u00edgy elker\u00fclhet\u0151, hogy a kij\u00e1ratn\u00e1l nagyon feltorl\u00f3djon a gy\u00fclekezet.<\/strong><\/p> <p><strong>\u00a0<\/strong><\/p> <p>Mindenki figyelm\u00e9t felh\u00edvjuk arra, hogy felel\u0151ss\u00e9ggel tartozunk egym\u00e1s ir\u00e1nt!<\/p> <p><strong>\u00a0<\/strong><\/p> <p><strong>K\u00e9rj\u00fck a gyakori k\u00e9zmos\u00e1s betart\u00e1s\u00e1t \u00e9s a sz\u00e1j \u00e9s orr eltakar\u00e1s\u00e1t minden\u00fctt, ahol erre el\u0151\u00edr\u00e1s van!<\/strong><\/p> <p><strong>\u00a0<\/strong><\/p> <p><strong>\u201eTi teh\u00e1t, szeretteim, mivel el\u0151re tudj\u00e1tok ezt, vigy\u00e1zzatok, hogy az elvetem\u00fcltek t\u00e9velyg\u00e9sei el ne sodorjanak, \u00e9s saj\u00e1t biztos meggy\u0151z\u0151d\u00e9seteket el ne vesz\u00edts\u00e9tek. <sup><a href=\"https:\/\/abibliamindenkie.hu\/uj\/2PE\/3#18\">18<\/a><\/sup>Ink\u00e1bb n\u00f6vekedjetek a kegyelemben \u00e9s a mi Urunk, \u00fcdv\u00f6z\u00edt\u0151 J\u00e9zus Krisztusunk ismeret\u00e9ben. \u00d6v\u00e9 a dics\u0151s\u00e9g most \u00e9s az \u00f6r\u00f6kk\u00e9val\u00f3s\u00e1gban!\u201d<\/strong><\/p> <p><strong>\u00a02 P\u00e9ter: 3, 17-18<\/strong><\/p> ","protected":false},"excerpt":{"rendered":"<p>Aki szeretn\u00e9 a Hirdet\u00e9seket emailben is megkapni k\u00e9rj\u00fck, jelezze szem\u00e9lyesen a Lelk\u00e9szi hivatalban. Ady Endre Reform\u00e1tus \u00c1ltal\u00e1nos Iskola tan\u00e9vz\u00e1r\u00f3ja tan\u00e9vz\u00e1r\u00f3j\u00e1n a 3.a. oszt\u00e1ly di\u00e1kjai verssel szolg\u00e1ltak, a t\u00f6bbi jelen lev\u0151 di\u00e1k pedig az 5. zsolt\u00e1r els\u0151 k\u00e9t vers\u00e9t \u00e9nekelte el. K\u00f6sz\u00f6nj\u00fck pedag\u00f3gusaink \u00e9s technikai dolgoz\u00f3ink eg\u00e9sz \u00e9ves szolg\u00e1lat\u00e1t! Seg\u00edts\u00e9gny\u00fajt\u00e1s K\u00e1rp\u00e1talj\u00e1ra, Ukrajn\u00e1ba: &#8211; P\u00e9nteken \u00e9s szombaton&hellip;<\/p>\n","protected":false},"author":15,"featured_media":0,"comment_status":"closed","ping_status":"closed","sticky":false,"template":"","format":"standard","meta":[],"categories":[17],"tags":[],"acf":[],"_links":{"self":[{"href":"https:\/\/kkre.hu\/wpm\/wp-json\/wp\/v2\/posts\/18286"}],"collection":[{"href":"https:\/\/kkre.hu\/wpm\/wp-json\/wp\/v2\/posts"}],"about":[{"href":"https:\/\/kkre.hu\/wpm\/wp-json\/wp\/v2\/types\/post"}],"author":[{"embeddable":true,"href":"https:\/\/kkre.hu\/wpm\/wp-json\/wp\/v2\/users\/15"}],"replies":[{"embeddable":true,"href":"https:\/\/kkre.hu\/wpm\/wp-json\/wp\/v2\/comments?post=18286"}],"version-history":[{"count":3,"href":"https:\/\/kkre.hu\/wpm\/wp-json\/wp\/v2\/posts\/18286\/revisions"}],"predecessor-version":[{"id":18289,"href":"https:\/\/kkre.hu\/wpm\/wp-json\/wp\/v2\/posts\/18286\/revisions\/18289"}],"wp:attachment":[{"href":"https:\/\/kkre.hu\/wpm\/wp-json\/wp\/v2\/media?parent=18286"}],"wp:term":[{"taxonomy":"category","embeddable":true,"href":"https:\/\/kkre.hu\/wpm\/wp-json\/wp\/v2\/categories?post=18286"},{"taxonomy":"post_tag","embeddable":true,"href":"https:\/\/kkre.hu\/wpm\/wp-json\/wp\/v2\/tags?post=18286"}],"curies":[{"name":"wp","href":"https:\/\/api.w.org\/{rel}","templated":true}]}}