{"id":18311,"date":"2022-06-26T20:24:31","date_gmt":"2022-06-26T18:24:31","guid":{"rendered":"https:\/\/kkre.hu\/wpm\/?p=18311"},"modified":"2022-06-26T20:25:04","modified_gmt":"2022-06-26T18:25:04","slug":"hirdetesek-2022-junius-26","status":"publish","type":"post","link":"https:\/\/kkre.hu\/wpm\/blog\/2022\/06\/26\/hirdetesek-2022-junius-26\/","title":{"rendered":"Hirdet\u00e9sek, 2022. j\u00fanius 26."},"content":{"rendered":"<p><strong>Aki szeretn\u00e9 a Hirdet\u00e9seket emailben is megkapni k\u00e9rj\u00fck, jelezze szem\u00e9lyesen a Lelk\u00e9szi hivatalban.<\/strong><\/p> <p><strong>Seg\u00edts\u00e9gny\u00fajt\u00e1s K\u00e1rp\u00e1talj\u00e1ra, Ukrajn\u00e1ba:<\/strong><\/p> <p>&#8211; K\u00e1rp\u00e1taljai testv\u00e9reinket folyamatosan k\u00edv\u00e1njuk t\u00e1mogatni, ez\u00e9rt az adom\u00e1nygy\u0171jt\u0151 perselyt kint hagytuk a templom h\u00e1tulj\u00e1ban, ebbe lehet az Ukrajn\u00e1ba sz\u00e1nt t\u00e1mogat\u00e1sokat elhelyezni.<\/p> <p>A k\u00f6vetkez\u0151 utunk el\u0151tt pedig majd fogjuk jelezni, hogy milyen \u00e9lelmiszeradom\u00e1nyokra van sz\u00fcks\u00e9g, addig k\u00e9rj\u00fck a testv\u00e9reket, ilyen felaj\u00e1nl\u00e1sokat ne hozzanak, hiszen azt nek\u00fcnk is t\u00e1rolni kell.<\/p> <p>Istentisztelet\u00fcnk v\u00e9g\u00e9n a k\u00e1rp\u00e1taljai reform\u00e1tusok kedves \u00e9nek\u00e9t fogjuk \u00e9nekelni, amit az ottani reform\u00e1tus templomokban \u201ekivonul\u00f3ra\u201d \u00e9nekelnek: \u201eMindig velem Uram, mindig velem\u2026\u201d<\/p> <p><strong>Alakalmaink:<\/strong><\/p> <p>&#8211; A helyettes\u00edt\u00e9sek neh\u00e9zs\u00e9ge miatt, ny\u00e1ron csak akkor tartunk szerd\u00e1n istentiszteletet, ha az el\u0151re hirdetj\u00fck<\/p> <p>&#8211; J\u00f6v\u0151 vas\u00e1rnap <strong>10 \u00f3ra<\/strong>kor lesz <strong>istentisztelet<\/strong> itt a templomban. (online k\u00f6zvet\u00edtve: <a href=\"https:\/\/kkre.hu\/wpm\/\">https:\/\/kkre.hu\/wpm\/<\/a>)<\/p> <p><strong>Esk\u00fcv\u0151:<\/strong><\/p> <p>&#8211; \u00d6r\u00f6mmel hirdetem a gy\u00fclekezetnek, hogy Dr. Bajg\u00f3 Mikl\u00f3s n\u0151tlen r\u00f3mai katolikus rendv\u00e9delmi alkalmazott leg\u00e9ny eljegyezte, Dr. Moln\u00e1r Emese reform\u00e1tus sv\u00e9dmassz\u0151r hajadont. H\u00e1zass\u00e1gk\u00f6t\u00e9s\u00fck tervezett id\u0151pontja, j\u00falius 8.<\/p> <p><strong>Temet\u00e9s:<\/strong><\/p> <p>&#8211; Az elm\u00falt h\u00e9ten j\u00fanius 22-\u00e9n, szerd\u00e1n a Kispesti temet\u0151ben b\u00facs\u00faztunk Veres Imr\u00e9n\u00e9, sz\u00fcletett: G\u00e1l M\u00e1ri\u00e1t\u00f3l, aki 79 \u00e9ves kor\u00e1ban, j\u00fanius 4-\u00e9n hunyt el. A vigasztal\u00e1s ig\u00e9it a J\u00f3zsu\u00e9, 24, 15: alapj\u00e1n hirdett\u00fck. Isten vigasztal\u00e1s\u00e1t k\u00e9rj\u00fck: l\u00e1ny\u00e1nak, fi\u00e1nak, csal\u00e1dj\u00e1nak \u00e9s szeretteinek A Boldog Felt\u00e1mad\u00e1s Rem\u00e9nys\u00e9ge Alatt<\/p> <p>&#8211; P\u00e9nteken, j\u00fanius 24-\u00e9n d\u00e9lel\u0151tt a Kispesti temet\u0151ben b\u00facs\u00faztunk Straub Attila testv\u00e9r\u00fcnkt\u0151l, aki 51 \u00e9ves kor\u00e1ban j\u00fanius 7-\u00e9n v\u00e1ratlanul hunyt el. A vigasztal\u00e1s ig\u00e9it: 1 J\u00e1nos: 5,1-5: \u201eAki hiszi, hogy J\u00e9zus a Krisztus, Istent\u0151l sz\u00fcletett, \u00e9s aki szereti azt, aki sz\u00fclte, azt is szereti, aki att\u00f3l sz\u00fcletett. <sup><a href=\"https:\/\/abibliamindenkie.hu\/uj\/1JN\/5#2\">2<\/a><\/sup>Abb\u00f3l tudjuk meg, hogy szeretj\u00fck Isten gyermekeit, ha szeretj\u00fck Istent, \u00e9s megtartjuk az \u0151 parancsolatait. <sup><a href=\"https:\/\/abibliamindenkie.hu\/uj\/1JN\/5#3\">3<\/a><\/sup>Mert az az Isten ir\u00e1nti szeretet, hogy parancsolatait megtartjuk, az \u0151 parancsolatai pedig nem nehezek. <sup><a href=\"https:\/\/abibliamindenkie.hu\/uj\/1JN\/5#4\">4<\/a><\/sup>Mert aki Istent\u0151l sz\u00fcletett, az legy\u0151zi a vil\u00e1got, \u00e9s az a gy\u0151zelem, amely legy\u0151zte a vil\u00e1got, a mi hit\u00fcnk. <sup><a href=\"https:\/\/abibliamindenkie.hu\/uj\/1JN\/5#5\">5<\/a><\/sup>Ki az, aki legy\u0151zi a vil\u00e1got, ha nem az, aki hiszi, hogy J\u00e9zus az Isten Fia?\u201d; M\u00e1t\u00e9:5, 16: \u201e\u00dagy ragyogjon a ti vil\u00e1goss\u00e1gotok az emberek el\u0151tt, hogy l\u00e1ss\u00e1k j\u00f3 cselekedeteiteket, \u00e9s dics\u0151\u00edts\u00e9k a ti mennyei Aty\u00e1tokat.\u201d \u00e9s a J\u00e1nos: 6, 68-69: \u201eSimon P\u00e9ter \u00edgy felelt: Uram, kihez menn\u00e9nk? \u00d6r\u00f6k \u00e9let besz\u00e9de van n\u00e1lad <sup><a href=\"https:\/\/abibliamindenkie.hu\/uj\/JHN\/6#69\">69<\/a><\/sup>\u00c9s mi hissz\u00fck \u00e9s tudjuk, hogy te vagy az Istennek Szentje\u201d alapj\u00e1n hirdett\u00fck. \u00a0Isten vigasztal\u00e1s\u00e1t k\u00e9rj\u00fck, feles\u00e9g\u00e9nek, l\u00e1ny\u00e1nak \u00e9s vej\u00e9nek, unok\u00e1j\u00e1nak, sz\u00fcleinek, nagymam\u00e1j\u00e1nak, csal\u00e1dj\u00e1nak \u00e9s szeretteinek A Boldog Felt\u00e1mad\u00e1s Rem\u00e9nys\u00e9ge Alatt<\/p> <p><strong>Gyermek csendesh\u00e9t:<\/strong><\/p> <p>&#8211; Holnap j\u00fanius 27-\u00e9n indulunk Gyenesdi\u00e1sra, gyermekeinkkel \u00e9s ifjainkkal csendesh\u00e9tre \u00e9s j\u00f6v\u0151 h\u00e9t vas\u00e1rnap \u00e9rkez\u00fcnk vissza.<\/p> <p><strong>\u00a0<\/strong><\/p> <p><strong>\u00c1ll\u00e1s:<\/strong><\/p> <p>&#8211; A Sz\u0151l\u0151skert Reform\u00e1tus \u00d3vod\u00e1ban keres\u00fcnk \u00f3v\u00f3n\u0151ket. \u00c9rdekl\u0151dni h\u00e9tk\u00f6zben Rajkin\u00e9 S\u00f6r\u00f6s Andrea vezet\u0151 \u00f3v\u00f3n\u0151n\u00e9l, vagy a lelkip\u00e1sztorn\u00e1l lehet.<\/p> <p>Az Ady Endre Reform\u00e1tus \u00c1ltal\u00e1nos Iskol\u00e1ba is keres\u00fcnk pedag\u00f3gusokat \u00e9s technikai dolgoz\u00f3kat. \u00c9rdekl\u0151dni Botka N\u00f3ra int\u00e9zm\u00e9nyvezet\u0151n\u00e9l, vagy a lelkip\u00e1sztorn\u00e1l lehet.<\/p> <p><strong>\u00a0<\/strong><\/p> <p><strong>Templomtakar\u00edt\u00e1s:<\/strong><\/p> <p>&#8211; Ezen a h\u00e9ten \u00fajra szeretettel v\u00e1rjuk a testv\u00e9reket, <strong>p\u00e9nteken a 17 \u00f3r\u00e1ra<\/strong>, hogy kitakar\u00edtsuk a templomot. K\u00f6sz\u00f6nj\u00fck azoknak, akik el nem m\u00fal\u00f3 szeretettel j\u00f6nnek h\u00e9tr\u0151l-h\u00e9tre takar\u00edtani, hogy templomunkban mindig tisztas\u00e1g \u00e9s rend lehessen alkalmainkra.<\/p> <p><strong>\u00a0<\/strong><\/p> <p><strong>Iratterjeszt\u00e9s:<\/strong><\/p> <p>&#8211; <strong>Erre az \u00e9vre is elk\u00e9sz\u00fclt saj\u00e1t napt\u00e1runk, amit a templom kij\u00e1rat\u00e1n\u00e1l ingyen vehetnek el a testv\u00e9rek!<\/strong><\/p> <p>M\u00e9g vannak idei Bibliaolvas\u00f3 Kalauzok, K\u00e1lvin Kalend\u00e1riumok \u00e9s Falinapt\u00e1rok, illetve az <strong>\u00faj \u00e9nekesk\u00f6nyv<\/strong> is megv\u00e1s\u00e1rolhat\u00f3 az iratterjeszt\u00e9sben.<\/p> <p><strong>\u00a0<\/strong><\/p> <p><strong>Orgona Cd:<\/strong><\/p> <p>&#8211; \u00d6r\u00f6mmel jelentem a gy\u00fclekezetnek, hogy Szotyori Nagy G\u00e1bor orgonam\u0171v\u00e9sz\u00fcnknek megjelent az \u00d6n\u00e1ll\u00f3 \u201eCD-je\u201d, Felix Mendelssohn orgona m\u0171veib\u0151l. A CD-k az iratterjeszt\u00e9sben megv\u00e1s\u00e1rolhat\u00f3k \u00e9s az \u00e1rukb\u00f3l befolyt \u00f6sszeget m\u0171v\u00e9sz \u00far az orgona tiszt\u00edt\u00e1s\u00e1ra, sz\u00fcks\u00e9ges karbantart\u00e1s\u00e1ra aj\u00e1nlotta fel.<\/p> <p><strong>\u00a0<\/strong><\/p> <p><strong>Textus:<\/strong> 1 J\u00e1nos: 5, 13-17<\/p> <p><strong>\u00c9nekek:<\/strong> \u00a0\u00a0\u00a0\u00a0\u00a0\u00a0\u00a0\u00a0\u00a0\u00a0\u00a0\u00a0\u00a0\u00a0\u00a0\u00a0\u00a0\u00a0\u00a0 \u00a0\u00a0\u00a0\u00a09: 1<\/p> <p>329: 2 (\u00faj: 412)<\/p> <p>Ker.: Pint\u00e9r Bor\u00f3ka S\u00e1ra \u2013 Zsolt\u00e1rok: 9<\/p> <p>Sz\u00fcl\u0151k: Pint\u00e9r M\u00e1t\u00e9 \u00e9s Pint\u00e9r-Cs\u00f6ndes Vikt\u00f3ria<\/p> <p>134: 3<\/p> <p>Heidelbergi K\u00e1t\u00e9 XXVI. \u00farnapja<\/p> <p>25: 1-4<\/p> <p>434: 1 (\u00faj: 290)<\/p> <p>434: 2-4 (\u00faj: 290)<\/p> <p>799: 1<\/p> <p>Igehirdet\u0151: Harkai Ferenc<\/p> <p><strong><em>Aktu\u00e1lis int\u00e9zked\u00e9sek a COVID 19-hez kapcsol\u00f3d\u00f3an:<\/em><\/strong><\/p> <p>Az Egyh\u00e1zk\u00f6zs\u00e9g eln\u00f6ks\u00e9g\u00e9nek, J\u00f3zsa J\u00f3zsef kur\u00e1tornak, \u00e9s Harkai Ferenc Csaba lelkip\u00e1sztornak a a felel\u0151ss\u00e9ge, hogy minden el\u0151\u00edr\u00e1s be legyen tartva.<\/p> <p><strong>\u00a0<\/strong><\/p> <p><strong>\u201eAmit csak szeretn\u00e9tek, hogy az emberek tegyenek veletek,<\/strong><\/p> <p><strong>mindenben ugyan\u00fagy tegyetek ti is vel\u00fck,<\/strong><\/p> <p><strong>mert ezt tan\u00edtja a t\u00f6rv\u00e9ny \u00e9s a pr\u00f3f\u00e9t\u00e1k.\u201d<\/strong><\/p> <p><strong>M\u00e1t\u00e9 7, 12<\/strong><\/p> <p>K\u00e9rj\u00fck, hogy a jelenlegi helyzetben csak eg\u00e9szs\u00e9gesen j\u00f6jj\u00fcnk az alkalmakra. Minden templomi alkalmunkat k\u00f6zvet\u00edtj\u00fck, hogy akik betegs\u00e9g miatt nem lehetnek r\u00e9szesei a k\u00f6z\u00f6ss\u00e9gnek, az igehallgat\u00e1s lehet\u0151s\u00e9g\u00e9b\u0151l ne maradjanak ki.<\/p> <p>Tov\u00e1bbra is b\u00e1tor\u00edtunk mindenkit az olt\u00e1s felv\u00e9tel\u00e9re, hiszen az elm\u00falt egy \u00e9vben megtapasztalhattuk a v\u00e9d\u0151olt\u00e1s seg\u00edt a jelenlegi v\u00edrus ellen is.<\/p> <p>K\u00e9r\u00fcnk mindenkit, haszn\u00e1lja a bej\u00e1ratn\u00e1l elhelyezett <strong>k\u00e9zfert\u0151tlen\u00edt\u0151t<\/strong>!<\/p> <p>Meg\u00e9rt\u00e9s\u00fckben, egy\u00fctt m\u0171k\u00f6d\u00e9s\u00fckben b\u00edzva, k\u00e9rj\u00fck seg\u00edts\u00e9g\u00fcket!<\/p> <p><strong>\u00a0<\/strong><\/p> <p>A templomi \u2013 j\u00e1rv\u00e1ny\u00fcgyi &#8211; <strong>\u00fcl\u00e9srenddel<\/strong> kapcsolatban k\u00e9rj\u00fck, mindenki figyeljen az ajt\u00f3n\u00e1l szolg\u00e1latot teljes\u00edt\u0151 presbiterek ir\u00e1ny\u00edt\u00e1s\u00e1ra!<\/p> <p><strong>Fogadjuk el, hogy most nem tudunk a megszokott hely\u00fcnkre \u00fclni, hiszen \u00e9rkez\u00e9si sorrendben az els\u0151 padokt\u00f3l kezdve tudunk helyet foglalni.<\/strong> A k\u00e9s\u0151bb \u00e9rkez\u0151k, lehet, hogy m\u00e1r csak a Gy\u00fclekezeti h\u00e1zban tudnak le\u00fclni.<\/p> <p>K\u00e9rj\u00fck, mindenki hozzon mag\u00e1val otthonr\u00f3l \u00c9nekesk\u00f6nyvet. Term\u00e9szetesen most is lehet a templomban a szokott helyr\u0151l elvenni \u00c9nekesk\u00f6nyvet.<\/p> <p><strong>\u00a0<\/strong><\/p> <p><strong>Kivonul\u00e1sn\u00e1l figyelj\u00fcnk arra, hogy el\u0151sz\u00f6r az els\u0151 sorban \u00fcl\u0151k induljanak el, majd sorban haladjunk a h\u00e1ts\u00f3 padok fel\u00e9, \u00edgy elker\u00fclhet\u0151, hogy a kij\u00e1ratn\u00e1l nagyon feltorl\u00f3djon a gy\u00fclekezet.<\/strong><\/p> <p><strong>\u00a0<\/strong><\/p> <p>Mindenki figyelm\u00e9t felh\u00edvjuk arra, hogy felel\u0151ss\u00e9ggel tartozunk egym\u00e1s ir\u00e1nt!<\/p> <p><strong>\u00a0<\/strong><\/p> <p><strong>K\u00e9rj\u00fck a gyakori k\u00e9zmos\u00e1s betart\u00e1s\u00e1t \u00e9s a sz\u00e1j \u00e9s orr eltakar\u00e1s\u00e1t minden\u00fctt, ahol erre el\u0151\u00edr\u00e1s van!<\/strong><\/p> <p><strong>\u00a0<\/strong><\/p> <p><strong>\u201eTi teh\u00e1t, szeretteim, mivel el\u0151re tudj\u00e1tok ezt, vigy\u00e1zzatok, hogy az elvetem\u00fcltek t\u00e9velyg\u00e9sei el ne sodorjanak, \u00e9s saj\u00e1t biztos meggy\u0151z\u0151d\u00e9seteket el ne vesz\u00edts\u00e9tek. <sup><a href=\"https:\/\/abibliamindenkie.hu\/uj\/2PE\/3#18\">18<\/a><\/sup>Ink\u00e1bb n\u00f6vekedjetek a kegyelemben \u00e9s a mi Urunk, \u00fcdv\u00f6z\u00edt\u0151 J\u00e9zus Krisztusunk ismeret\u00e9ben. \u00d6v\u00e9 a dics\u0151s\u00e9g most \u00e9s az \u00f6r\u00f6kk\u00e9val\u00f3s\u00e1gban!\u201d<\/strong><\/p> <p><strong>\u00a02 P\u00e9ter: 3, 17-18<\/strong><\/p> ","protected":false},"excerpt":{"rendered":"<p>Aki szeretn\u00e9 a Hirdet\u00e9seket emailben is megkapni k\u00e9rj\u00fck, jelezze szem\u00e9lyesen a Lelk\u00e9szi hivatalban. Seg\u00edts\u00e9gny\u00fajt\u00e1s K\u00e1rp\u00e1talj\u00e1ra, Ukrajn\u00e1ba: &#8211; K\u00e1rp\u00e1taljai testv\u00e9reinket folyamatosan k\u00edv\u00e1njuk t\u00e1mogatni, ez\u00e9rt az adom\u00e1nygy\u0171jt\u0151 perselyt kint hagytuk a templom h\u00e1tulj\u00e1ban, ebbe lehet az Ukrajn\u00e1ba sz\u00e1nt t\u00e1mogat\u00e1sokat elhelyezni. A k\u00f6vetkez\u0151 utunk el\u0151tt pedig majd fogjuk jelezni, hogy milyen \u00e9lelmiszeradom\u00e1nyokra van sz\u00fcks\u00e9g, addig k\u00e9rj\u00fck a testv\u00e9reket,&hellip;<\/p>\n","protected":false},"author":15,"featured_media":0,"comment_status":"closed","ping_status":"closed","sticky":false,"template":"","format":"standard","meta":[],"categories":[17],"tags":[],"acf":[],"_links":{"self":[{"href":"https:\/\/kkre.hu\/wpm\/wp-json\/wp\/v2\/posts\/18311"}],"collection":[{"href":"https:\/\/kkre.hu\/wpm\/wp-json\/wp\/v2\/posts"}],"about":[{"href":"https:\/\/kkre.hu\/wpm\/wp-json\/wp\/v2\/types\/post"}],"author":[{"embeddable":true,"href":"https:\/\/kkre.hu\/wpm\/wp-json\/wp\/v2\/users\/15"}],"replies":[{"embeddable":true,"href":"https:\/\/kkre.hu\/wpm\/wp-json\/wp\/v2\/comments?post=18311"}],"version-history":[{"count":2,"href":"https:\/\/kkre.hu\/wpm\/wp-json\/wp\/v2\/posts\/18311\/revisions"}],"predecessor-version":[{"id":18313,"href":"https:\/\/kkre.hu\/wpm\/wp-json\/wp\/v2\/posts\/18311\/revisions\/18313"}],"wp:attachment":[{"href":"https:\/\/kkre.hu\/wpm\/wp-json\/wp\/v2\/media?parent=18311"}],"wp:term":[{"taxonomy":"category","embeddable":true,"href":"https:\/\/kkre.hu\/wpm\/wp-json\/wp\/v2\/categories?post=18311"},{"taxonomy":"post_tag","embeddable":true,"href":"https:\/\/kkre.hu\/wpm\/wp-json\/wp\/v2\/tags?post=18311"}],"curies":[{"name":"wp","href":"https:\/\/api.w.org\/{rel}","templated":true}]}}