{"id":18343,"date":"2022-07-10T15:07:22","date_gmt":"2022-07-10T13:07:22","guid":{"rendered":"https:\/\/kkre.hu\/wpm\/?p=18343"},"modified":"2022-07-10T15:08:09","modified_gmt":"2022-07-10T13:08:09","slug":"hirdetesek-2022-julius-10","status":"publish","type":"post","link":"https:\/\/kkre.hu\/wpm\/blog\/2022\/07\/10\/hirdetesek-2022-julius-10\/","title":{"rendered":"Hirdet\u00e9sek, 2022. j\u00falius 10."},"content":{"rendered":"<p><strong>\u00a0<\/strong><\/p> <p><strong>Aki szeretn\u00e9 a Hirdet\u00e9seket emailben is megkapni k\u00e9rj\u00fck, jelezze szem\u00e9lyesen a Lelk\u00e9szi hivatalban.<\/strong><\/p> <p><strong>Seg\u00edts\u00e9gny\u00fajt\u00e1s K\u00e1rp\u00e1talj\u00e1ra, Ukrajn\u00e1ba:<\/strong><\/p> <p>&#8211; K\u00e1rp\u00e1taljai testv\u00e9reinket folyamatosan k\u00edv\u00e1njuk t\u00e1mogatni, ez\u00e9rt az adom\u00e1nygy\u0171jt\u0151 perselyt kint hagytuk a templom h\u00e1tulj\u00e1ban, ebbe lehet az Ukrajn\u00e1ba sz\u00e1nt t\u00e1mogat\u00e1sokat elhelyezni.<\/p> <p>A k\u00f6vetkez\u0151 utunk el\u0151tt pedig majd fogjuk jelezni, hogy milyen \u00e9lelmiszeradom\u00e1nyokra van sz\u00fcks\u00e9g, addig k\u00e9rj\u00fck a testv\u00e9reket, ilyen felaj\u00e1nl\u00e1sokat ne hozzanak, hiszen azt nek\u00fcnk is t\u00e1rolni kell.<\/p> <p>Istentisztelet\u00fcnk v\u00e9g\u00e9n a k\u00e1rp\u00e1taljai reform\u00e1tusok kedves \u00e9nek\u00e9t fogjuk \u00e9nekelni, amit az ottani reform\u00e1tus templomokban \u201ekivonul\u00f3ra\u201d \u00e9nekelnek: \u201eMindig velem Uram, mindig velem\u2026\u201d<\/p> <p><strong>Alakalmaink:<\/strong><\/p> <p>&#8211; J\u00f6v\u0151 vas\u00e1rnap <strong>10 \u00f3ra<\/strong>kor lesz <strong>istentisztelet<\/strong> itt a templomban. (online k\u00f6zvet\u00edtve: <a href=\"https:\/\/kkre.hu\/wpm\/\">https:\/\/kkre.hu\/wpm\/<\/a>)<\/p> <p><strong>Temet\u00e9sek:<\/strong><\/p> <p>&#8211; Kedden j\u00falius 5-\u00e9n d\u00e9lel\u0151tt az \u00dajk\u00f6ztemet\u0151ben b\u00facs\u00faztunk Szab\u00f3 J\u00e1nos testv\u00e9r\u00fcnkt\u0151l, aki \u00e9let\u00e9nek 78. \u00e9v\u00e9ben j\u00fanius 12-\u00e9n hunyt el. A vigasztal\u00e1s ig\u00e9it a 1J\u00e1nos: 1, 1-4 alapj\u00e1n hirdett\u00fck: \u201e<a href=\"https:\/\/abibliamindenkie.hu\/uj\/1JN\/1#1\">1<\/a> Ami kezdett\u0151l fogva volt, amit hallottunk, amit szem\u00fcnkkel l\u00e1ttunk, amit megfigyelt\u00fcnk, amit kez\u00fcnkkel is megtapintottunk, azt hirdetj\u00fck az \u00e9let ig\u00e9j\u00e9r\u0151l. <sup><a href=\"https:\/\/abibliamindenkie.hu\/uj\/1JN\/1#2\">2<\/a><\/sup>Mert megjelent az \u00e9let, mi pedig l\u00e1ttuk, \u00e9s bizonys\u00e1got tesz\u00fcnk r\u00f3la, \u00e9s hirdetj\u00fck nektek is az \u00f6r\u00f6k \u00e9letet, amely az Aty\u00e1n\u00e1l volt, \u00e9s megjelent nek\u00fcnk. <sup><a href=\"https:\/\/abibliamindenkie.hu\/uj\/1JN\/1#3\">3<\/a><\/sup>Amit teh\u00e1t l\u00e1ttunk \u00e9s hallottunk, azt hirdetj\u00fck nektek is, hogy nektek is k\u00f6z\u00f6ss\u00e9getek legyen vel\u00fcnk: a mi k\u00f6z\u00f6ss\u00e9g\u00fcnk pedig k\u00f6z\u00f6ss\u00e9g az Aty\u00e1val \u00e9s az \u0151 Fi\u00e1val, J\u00e9zus Krisztussal. <sup><a href=\"https:\/\/abibliamindenkie.hu\/uj\/1JN\/1#4\">4<\/a><\/sup>Ezt az\u00e9rt \u00edrjuk meg nektek, hogy \u00f6r\u00f6m\u00fcnk teljes legyen.\u201d Isten vigasztal\u00e1s\u00e1t k\u00e9rj\u00fck: gyermekeinek, unok\u00e1inak, csal\u00e1dj\u00e1nak \u00e9s szeretteinek A Boldog Felt\u00e1mad\u00e1s Rem\u00e9nys\u00e9ge Alatt<\/p> <p>&#8211; Szerd\u00e1n, j\u00falius 6-\u00e1n d\u00e9lel\u0151tt a kispesti \u00dajtemet\u0151ben b\u00facs\u00faztunk Szekeres B\u00e9l\u00e1n\u00e9, sz\u00fcletett: Falvai M\u00e1ria asszonytestv\u00e9r\u00fcnkt\u0151l, aki 85 \u00e9ves kor\u00e1ban j\u00fanius 8-\u00e1n hunyt el. A vigasztal\u00e1s ig\u00e9it az \u00c9zsai\u00e1s 43,1 alapj\u00e1n hirdett\u00fck: \u201eDe most \u00edgy sz\u00f3l az \u00dar, a te teremt\u0151d, J\u00e1k\u00f3b, a te form\u00e1l\u00f3d, Izr\u00e1el: Ne f\u00e9lj, mert megv\u00e1ltottalak, neveden sz\u00f3l\u00edtottalak, eny\u00e9m vagy!\u201d Isten vigasztal\u00e1s\u00e1t k\u00e9rj\u00fck: gyermek\u00e9nek, testv\u00e9r\u00e9nek, unok\u00e1inak, d\u00e9dunok\u00e1inak \u00e9s csal\u00e1dj\u00e1nak \u00e9s szeretteinek A Boldog Felt\u00e1mad\u00e1s Rem\u00e9nys\u00e9ge Alatt<\/p> <p><strong>\u00c1ll\u00e1s:<\/strong><\/p> <p>&#8211; A Sz\u0151l\u0151skert Reform\u00e1tus \u00d3vod\u00e1ban keres\u00fcnk \u00f3v\u00f3n\u0151ket. \u00c9rdekl\u0151dni h\u00e9tk\u00f6zben Rajkin\u00e9 S\u00f6r\u00f6s Andrea vezet\u0151 \u00f3v\u00f3n\u0151n\u00e9l, vagy a lelkip\u00e1sztorn\u00e1l lehet.<\/p> <p>Az Ady Endre Reform\u00e1tus \u00c1ltal\u00e1nos Iskol\u00e1ba is keres\u00fcnk pedag\u00f3gusokat \u00e9s technikai dolgoz\u00f3kat. \u00c9rdekl\u0151dni Botka N\u00f3ra int\u00e9zm\u00e9nyvezet\u0151n\u00e9l, vagy a lelkip\u00e1sztorn\u00e1l lehet.<\/p> <p><strong>\u00a0<\/strong><\/p> <p><strong>Templomtakar\u00edt\u00e1s:<\/strong><\/p> <p>&#8211; Ezen a h\u00e9ten \u00fajra szeretettel v\u00e1rjuk a testv\u00e9reket, <strong>p\u00e9nteken, 17 \u00f3r\u00e1t\u00f3l<\/strong>, hogy kitakar\u00edtsuk a templomot. K\u00f6sz\u00f6nj\u00fck azoknak, akik el nem m\u00fal\u00f3 szeretettel j\u00f6nnek h\u00e9tr\u0151l-h\u00e9tre takar\u00edtani, hogy templomunkban mindig tisztas\u00e1g \u00e9s rend lehessen alkalmainkra.<\/p> <p><strong>\u00a0<\/strong><\/p> <p><strong>Lectio:<\/strong> Zsolt\u00e1rok: 42, 1-5a. 6-7a. 8-9. 12a<\/p> <p><strong>\u00a0<\/strong><\/p> <p><strong>Textus:<\/strong> R\u00f3ma: 3, 27-28<\/p> <p><strong>\u00c9nekek:<\/strong> \u00a0\u00a0\u00a0\u00a0\u00a0\u00a0\u00a0\u00a0\u00a0\u00a0\u00a0\u00a0\u00a0\u00a0\u00a0\u00a0\u00a0\u00a0\u00a0 \u00a032: 1<\/p> <p>Heidelbergi K\u00e1t\u00e9 XXVIII. \u00farnapja<\/p> <p>224: 1-5 (\u00faj: 471)<\/p> <p>224: 6 (\u00faj: 471)<\/p> <p>451:1 (\u00faj: 155)<\/p> <p>451:2-4 (\u00faj: 155)<\/p> <p>799: 1<\/p> <p>Igehirdet\u0151: Vincze-Bod\u00e1cs Istv\u00e1n (Kiskunmajsa)<\/p> ","protected":false},"excerpt":{"rendered":"<p>\u00a0 Aki szeretn\u00e9 a Hirdet\u00e9seket emailben is megkapni k\u00e9rj\u00fck, jelezze szem\u00e9lyesen a Lelk\u00e9szi hivatalban. Seg\u00edts\u00e9gny\u00fajt\u00e1s K\u00e1rp\u00e1talj\u00e1ra, Ukrajn\u00e1ba: &#8211; K\u00e1rp\u00e1taljai testv\u00e9reinket folyamatosan k\u00edv\u00e1njuk t\u00e1mogatni, ez\u00e9rt az adom\u00e1nygy\u0171jt\u0151 perselyt kint hagytuk a templom h\u00e1tulj\u00e1ban, ebbe lehet az Ukrajn\u00e1ba sz\u00e1nt t\u00e1mogat\u00e1sokat elhelyezni. A k\u00f6vetkez\u0151 utunk el\u0151tt pedig majd fogjuk jelezni, hogy milyen \u00e9lelmiszeradom\u00e1nyokra van sz\u00fcks\u00e9g, addig k\u00e9rj\u00fck a&hellip;<\/p>\n","protected":false},"author":15,"featured_media":0,"comment_status":"closed","ping_status":"closed","sticky":false,"template":"","format":"standard","meta":[],"categories":[17],"tags":[],"acf":[],"_links":{"self":[{"href":"https:\/\/kkre.hu\/wpm\/wp-json\/wp\/v2\/posts\/18343"}],"collection":[{"href":"https:\/\/kkre.hu\/wpm\/wp-json\/wp\/v2\/posts"}],"about":[{"href":"https:\/\/kkre.hu\/wpm\/wp-json\/wp\/v2\/types\/post"}],"author":[{"embeddable":true,"href":"https:\/\/kkre.hu\/wpm\/wp-json\/wp\/v2\/users\/15"}],"replies":[{"embeddable":true,"href":"https:\/\/kkre.hu\/wpm\/wp-json\/wp\/v2\/comments?post=18343"}],"version-history":[{"count":2,"href":"https:\/\/kkre.hu\/wpm\/wp-json\/wp\/v2\/posts\/18343\/revisions"}],"predecessor-version":[{"id":18345,"href":"https:\/\/kkre.hu\/wpm\/wp-json\/wp\/v2\/posts\/18343\/revisions\/18345"}],"wp:attachment":[{"href":"https:\/\/kkre.hu\/wpm\/wp-json\/wp\/v2\/media?parent=18343"}],"wp:term":[{"taxonomy":"category","embeddable":true,"href":"https:\/\/kkre.hu\/wpm\/wp-json\/wp\/v2\/categories?post=18343"},{"taxonomy":"post_tag","embeddable":true,"href":"https:\/\/kkre.hu\/wpm\/wp-json\/wp\/v2\/tags?post=18343"}],"curies":[{"name":"wp","href":"https:\/\/api.w.org\/{rel}","templated":true}]}}