{"id":18355,"date":"2022-07-31T16:31:40","date_gmt":"2022-07-31T14:31:40","guid":{"rendered":"https:\/\/kkre.hu\/wpm\/?p=18355"},"modified":"2022-07-31T16:32:21","modified_gmt":"2022-07-31T14:32:21","slug":"hirdetesek-2022-julius-31","status":"publish","type":"post","link":"https:\/\/kkre.hu\/wpm\/blog\/2022\/07\/31\/hirdetesek-2022-julius-31\/","title":{"rendered":"Hirdet\u00e9sek, 2022. j\u00falius 31."},"content":{"rendered":"<p><strong>Aki szeretn\u00e9 a Hirdet\u00e9seket emailben is megkapni k\u00e9rj\u00fck, jelezze szem\u00e9lyesen a Lelk\u00e9szi hivatalban.<\/strong><\/p> <p><strong>Seg\u00edts\u00e9gny\u00fajt\u00e1s K\u00e1rp\u00e1talj\u00e1ra, Ukrajn\u00e1ba:<\/strong><\/p> <p>&#8211; K\u00e1rp\u00e1taljai testv\u00e9reinket folyamatosan k\u00edv\u00e1njuk t\u00e1mogatni, ez\u00e9rt az adom\u00e1nygy\u0171jt\u0151 perselyt kint hagytuk a templom h\u00e1tulj\u00e1ban, ebbe lehet az Ukrajn\u00e1ba sz\u00e1nt t\u00e1mogat\u00e1sokat elhelyezni.<\/p> <p>A k\u00f6vetkez\u0151 utunk el\u0151tt pedig majd fogjuk jelezni, hogy milyen \u00e9lelmiszeradom\u00e1nyokra van sz\u00fcks\u00e9g, addig k\u00e9rj\u00fck a testv\u00e9reket, ilyen felaj\u00e1nl\u00e1sokat ne hozzanak, hiszen azt nek\u00fcnk is t\u00e1rolni kell.<\/p> <p>Istentisztelet\u00fcnk v\u00e9g\u00e9n a k\u00e1rp\u00e1taljai reform\u00e1tusok kedves \u00e9nek\u00e9t fogjuk \u00e9nekelni, amit az ottani reform\u00e1tus templomokban \u201ekivonul\u00f3ra\u201d \u00e9nekelnek: \u201eMindig velem Uram, mindig velem\u2026\u201d<\/p> <p><strong>Alakalmaink:<\/strong><\/p> <p>&#8211; J\u00f6v\u0151 vas\u00e1rnap <strong>10 \u00f3ra<\/strong>kor lesz <strong>istentisztelet<\/strong> itt a templomban (online k\u00f6zvet\u00edtve: <a href=\"https:\/\/kkre.hu\/wpm\/\">https:\/\/kkre.hu\/wpm\/<\/a>)<\/p> <p><strong>Esk\u00fcv\u0151:<\/strong><\/p> <p>&#8211; Harmadik alkalommal hirdetj\u00fck a gy\u00fclekezetnek, hogy Oscsadnics\u00e1n Istv\u00e1n \u00e9s M\u00e9sz\u00e1ros Margit reform\u00e1tus felekezet\u0171, \u00fczemzavar elh\u00e1r\u00edt\u00f3 elv\u00e1lt fia, L\u00e1szl\u00f3 eljegyezte n\u00e9hai Vida Imre \u00e9s Borb\u00e9ly Vikt\u00f3ria r\u00f3mai katolikus felekezet\u0171, bolti elad\u00f3 hajadon le\u00e1ny\u00e1t, Vikt\u00f3ri\u00e1t. H\u00e1zass\u00e1gk\u00f6t\u00e9s\u00fck tervezett id\u0151pontja augusztus 6. 15 \u00f3ra. \u00a0Hordozzuk im\u00e1ds\u00e1gban az esk\u00fcv\u0151re k\u00e9sz\u00fcl\u0151 p\u00e1rt.<\/p> <p><strong>\u00a0<\/strong><\/p> <p><strong>Temet\u00e9s:<\/strong><\/p> <p>&#8211; P\u00e9nteken, j\u00falius 29-\u00e9n d\u00e9lel\u0151tt a Kispesti temet\u0151ben b\u00facs\u00faztunk H\u00f3dos Gyula testv\u00e9r\u00fcnkt\u0151l, aki \u00e9let\u00e9nek 75. \u00e9v\u00e9ben j\u00falius 3-\u00e1n hunyt el. A vigasztal\u00e1s ig\u00e9it: M\u00e1t\u00e9: 11, 28-30 alapj\u00e1n hirdett\u00fck \u201eJ\u00f6jjetek \u00e9nhozz\u00e1m mindny\u00e1jan, akik megf\u00e1radtatok \u00e9s meg vagytok terhelve, \u00e9s \u00e9n megnyugv\u00e1st adok nektek. <sup><a href=\"https:\/\/abibliamindenkie.hu\/uj\/MAT\/11#29\">29<\/a><\/sup>Vegy\u00e9tek magatokra az \u00e9n ig\u00e1mat, \u00e9s tanulj\u00e1tok meg t\u0151lem, hogy szel\u00edd vagyok \u00e9s al\u00e1zatos sz\u00edv\u0171, \u00e9s megnyugv\u00e1st tal\u00e1ltok lelketeknek. <sup><a href=\"https:\/\/abibliamindenkie.hu\/uj\/MAT\/11#30\">30<\/a><\/sup>Mert az \u00e9n ig\u00e1m j\u00f3, \u00e9s az \u00e9n terhem k\u00f6nny\u0171.\u201d alapj\u00e1n hirdett\u00fck. Isten vigasztal\u00e1s\u00e1t k\u00e9rj\u00fck \u00e9lett\u00e1rs\u00e1nak, l\u00e1ny\u00e1nak \u00e9s csal\u00e1dj\u00e1nak \u00e9s szeretteinek A Boldog Felt\u00e1mad\u00e1s Rem\u00e9nys\u00e9ge Alatt<\/p> <p><strong>\u00a0<\/strong><\/p> <p><strong>\u00c1ll\u00e1s:<\/strong><\/p> <p>&#8211; A Sz\u0151l\u0151skert Reform\u00e1tus \u00d3vod\u00e1ban keres\u00fcnk \u00f3v\u00f3n\u0151ket. \u00c9rdekl\u0151dni h\u00e9tk\u00f6zben Rajkin\u00e9 S\u00f6r\u00f6s Andrea vezet\u0151 \u00f3v\u00f3n\u0151n\u00e9l, vagy a lelkip\u00e1sztorn\u00e1l lehet.<\/p> <p>Az Ady Endre Reform\u00e1tus \u00c1ltal\u00e1nos Iskol\u00e1ba is keres\u00fcnk pedag\u00f3gusokat \u00e9s technikai dolgoz\u00f3kat. \u00c9rdekl\u0151dni Botka N\u00f3ra int\u00e9zm\u00e9nyvezet\u0151n\u00e9l, vagy a lelkip\u00e1sztorn\u00e1l lehet.<\/p> <p><strong>\u00a0<\/strong><\/p> <p><strong>Ingatlanv\u00e1s\u00e1rl\u00e1s:<\/strong><\/p> <p>&#8211; Az Ady Endre Reform\u00e1tus \u00c1ltal\u00e1nos Iskola fejleszt\u00e9s\u00e9re elnyert p\u00e1ly\u00e1zatunk keret\u00e9ben az elm\u00falt h\u00e9ten megv\u00e1s\u00e1roltuk az \u00c1rp\u00e1d u. 47. sz\u00e1m alatti ingatlant, amelyet \u00edgy az iskola sportudvar\u00e1hoz fogunk csatolni.<\/p> <p><strong>\u00a0<\/strong><\/p> <p><strong>Templomtakar\u00edt\u00e1s:<\/strong><\/p> <p>&#8211; Ezen a h\u00e9ten \u00fajra szeretettel v\u00e1rjuk a testv\u00e9reket, <strong>p\u00e9nteken, 17 \u00f3r\u00e1t\u00f3l<\/strong>, hogy kitakar\u00edtsuk a templomot. K\u00f6sz\u00f6nj\u00fck azoknak, akik el nem m\u00fal\u00f3 szeretettel j\u00f6nnek h\u00e9tr\u0151l-h\u00e9tre takar\u00edtani, hogy templomunkban mindig tisztas\u00e1g \u00e9s rend lehessen alkalmainkra.<\/p> <p><strong>\u00a0<\/strong><\/p> <p><strong>\u00a0<\/strong><\/p> <p><strong>Lectio: <\/strong>Jelen\u00e9sek: 17: 1-18<\/p> <p><strong>Textus:<\/strong> Jelen\u00e9sek: 17: 14<\/p> <p><strong>\u00c9nekek:<\/strong> \u00a0\u00a0\u00a0\u00a0\u00a0\u00a0\u00a0\u00a0\u00a0\u00a0\u00a0\u00a0\u00a0\u00a0\u00a0\u00a0\u00a0\u00a0\u00a0 \u00a0\u00a010: 1<\/p> <p>329: 2 (\u00faj: 412)<\/p> <p>Ker.: Hujber Mira R\u00e9ka \u2013 Zsolt\u00e1rok: 10:17<\/p> <p>Sz\u00fcl\u0151k: Hujber P\u00e9ter \u00e9s Hujber-StraubT\u00edmea Szandra<\/p> <p>134: 3<\/p> <p>Heidelbergi K\u00e1t\u00e9 XXXI. \u00darnapja<\/p> <p>488: 1-4(\u00faj: 667)<\/p> <p>172: 1 (\u00faj: 266)<\/p> <p>459: 1 (\u00faj: 758)<\/p> <p>459: 2-4 (\u00faj: 758)<\/p> <p>799: 1<\/p> <p>Igehirdet\u0151: Harkai Ferenc lelkip\u00e1sztor<\/p> ","protected":false},"excerpt":{"rendered":"<p>Aki szeretn\u00e9 a Hirdet\u00e9seket emailben is megkapni k\u00e9rj\u00fck, jelezze szem\u00e9lyesen a Lelk\u00e9szi hivatalban. Seg\u00edts\u00e9gny\u00fajt\u00e1s K\u00e1rp\u00e1talj\u00e1ra, Ukrajn\u00e1ba: &#8211; K\u00e1rp\u00e1taljai testv\u00e9reinket folyamatosan k\u00edv\u00e1njuk t\u00e1mogatni, ez\u00e9rt az adom\u00e1nygy\u0171jt\u0151 perselyt kint hagytuk a templom h\u00e1tulj\u00e1ban, ebbe lehet az Ukrajn\u00e1ba sz\u00e1nt t\u00e1mogat\u00e1sokat elhelyezni. A k\u00f6vetkez\u0151 utunk el\u0151tt pedig majd fogjuk jelezni, hogy milyen \u00e9lelmiszeradom\u00e1nyokra van sz\u00fcks\u00e9g, addig k\u00e9rj\u00fck a testv\u00e9reket,&hellip;<\/p>\n","protected":false},"author":15,"featured_media":0,"comment_status":"closed","ping_status":"closed","sticky":false,"template":"","format":"standard","meta":[],"categories":[17],"tags":[],"acf":[],"_links":{"self":[{"href":"https:\/\/kkre.hu\/wpm\/wp-json\/wp\/v2\/posts\/18355"}],"collection":[{"href":"https:\/\/kkre.hu\/wpm\/wp-json\/wp\/v2\/posts"}],"about":[{"href":"https:\/\/kkre.hu\/wpm\/wp-json\/wp\/v2\/types\/post"}],"author":[{"embeddable":true,"href":"https:\/\/kkre.hu\/wpm\/wp-json\/wp\/v2\/users\/15"}],"replies":[{"embeddable":true,"href":"https:\/\/kkre.hu\/wpm\/wp-json\/wp\/v2\/comments?post=18355"}],"version-history":[{"count":2,"href":"https:\/\/kkre.hu\/wpm\/wp-json\/wp\/v2\/posts\/18355\/revisions"}],"predecessor-version":[{"id":18357,"href":"https:\/\/kkre.hu\/wpm\/wp-json\/wp\/v2\/posts\/18355\/revisions\/18357"}],"wp:attachment":[{"href":"https:\/\/kkre.hu\/wpm\/wp-json\/wp\/v2\/media?parent=18355"}],"wp:term":[{"taxonomy":"category","embeddable":true,"href":"https:\/\/kkre.hu\/wpm\/wp-json\/wp\/v2\/categories?post=18355"},{"taxonomy":"post_tag","embeddable":true,"href":"https:\/\/kkre.hu\/wpm\/wp-json\/wp\/v2\/tags?post=18355"}],"curies":[{"name":"wp","href":"https:\/\/api.w.org\/{rel}","templated":true}]}}