{"id":18373,"date":"2022-08-14T16:09:53","date_gmt":"2022-08-14T14:09:53","guid":{"rendered":"https:\/\/kkre.hu\/wpm\/?p=18373"},"modified":"2022-08-14T16:11:23","modified_gmt":"2022-08-14T14:11:23","slug":"hirdetesek-2022-augusztus-14","status":"publish","type":"post","link":"https:\/\/kkre.hu\/wpm\/blog\/2022\/08\/14\/hirdetesek-2022-augusztus-14\/","title":{"rendered":"Hirdet\u00e9sek, 2022. augusztus 14."},"content":{"rendered":"<p><strong>Aki szeretn\u00e9 a Hirdet\u00e9seket emailben is megkapni k\u00e9rj\u00fck, jelezze szem\u00e9lyesen a Lelk\u00e9szi hivatalban.<\/strong><\/p> <p><strong>Seg\u00edts\u00e9gny\u00fajt\u00e1s K\u00e1rp\u00e1talj\u00e1ra, Ukrajn\u00e1ba:<\/strong><\/p> <p>&#8211; K\u00e1rp\u00e1taljai testv\u00e9reinket folyamatosan k\u00edv\u00e1njuk t\u00e1mogatni, ez\u00e9rt az adom\u00e1nygy\u0171jt\u0151 perselyt kint hagytuk a templom h\u00e1tulj\u00e1ban, ebbe lehet az Ukrajn\u00e1ba sz\u00e1nt t\u00e1mogat\u00e1sokat elhelyezni.<\/p> <p>A k\u00f6vetkez\u0151 utunk el\u0151tt pedig majd fogjuk jelezni, hogy milyen \u00e9lelmiszeradom\u00e1nyokra van sz\u00fcks\u00e9g, addig k\u00e9rj\u00fck a testv\u00e9reket, ilyen felaj\u00e1nl\u00e1sokat ne hozzanak, hiszen azt nek\u00fcnk is t\u00e1rolni kell.<\/p> <p>Istentisztelet\u00fcnk v\u00e9g\u00e9n a k\u00e1rp\u00e1taljai reform\u00e1tusok kedves \u00e9nek\u00e9t fogjuk \u00e9nekelni, amit az ottani reform\u00e1tus templomokban \u201ekivonul\u00f3ra\u201d \u00e9nekelnek: \u201eMindig velem Uram, mindig velem\u2026\u201d<\/p> <p><strong>Alakalmaink:<\/strong><\/p> <p>&#8211; \u00dajkeny\u00e9ri \u00farvacsorai k\u00f6z\u00f6ss\u00e9g\u00fcnkre k\u00e9sz\u00fclve <strong>b\u0171nb\u00e1nati istentisztelet<\/strong>eket fogunk tartani <strong>szerd\u00e1<\/strong>n, <strong>cs\u00fct\u00f6rt\u00f6k<\/strong>\u00f6n \u00e9s <strong>p\u00e9ntek<\/strong>en <strong>18 \u00f3ra<\/strong>kor<\/p> <p>&#8211; J\u00f6v\u0151 vas\u00e1rnap <strong>10 \u00f3ra<\/strong>kor lesz <strong>istentisztelet<\/strong> itt a templomban, ekkor meg fogjuk ter\u00edteni az \u00farasztal\u00e1t is az \u00fajkeny\u00e9ri \u00farvacsora alkalm\u00e1b\u00f3l (online k\u00f6zvet\u00edtve: <a href=\"https:\/\/kkre.hu\/wpm\/\">https:\/\/kkre.hu\/wpm\/<\/a>)<\/p> <p><strong>\u00a0<\/strong><\/p> <p><strong>Presbiteri gy\u0171l\u00e9s:<\/strong><\/p> <p>&#8211; 2022. augusztus 19-\u00e9n, p\u00e9nteken a 18 \u00f3rakor kezd\u0151d\u0151 b\u0171nb\u00e1nati istentisztelet ut\u00e1n, az alagsorban, Presbiteri gy\u0171l\u00e9st tartunk k\u00e9t t\u00e1rgysorozattal:<\/p> <ol> <li>\u00d3vodavezet\u0151 v\u00e1laszt\u00e1sa<\/li> <li>Besz\u00e1mol\u00f3 az Egyh\u00e1zk\u00f6zs\u00e9g folyamatban lev\u0151 p\u00e1ly\u00e1zatair\u00f3l<\/li> <\/ol> <p><strong>\u00a0<\/strong><\/p> <p><strong>\u00c1llamalap\u00edt\u00e1s \u00fcnnepe:<\/strong><\/p> <p>&#8211; Augusztus 20-\u00e1n, szombaton 10.30-kor a Templom t\u00e9ren a Szent Istv\u00e1n szoborn\u00e1l lesz Kispest v\u00e1ros\u00e1nak \u00fcnneps\u00e9ge a magyar \u00e1llam alap\u00edt\u00e1s\u00e1ra \u00e9s I. Istv\u00e1n kir\u00e1lyunkra eml\u00e9kezve. Az \u00fcnneps\u00e9gen elfogjuk helyezni egyh\u00e1zk\u00f6zs\u00e9g\u00fcnk \u00e9s az int\u00e9zm\u00e9nyeink koszor\u00faj\u00e1t.<\/p> <p><strong>\u00a0<\/strong><\/p> <p><strong>\u00c1ll\u00e1s:<\/strong><\/p> <p>&#8211; A Sz\u0151l\u0151skert Reform\u00e1tus \u00d3vod\u00e1ban keres\u00fcnk \u00f3v\u00f3n\u0151ket. \u00c9rdekl\u0151dni h\u00e9tk\u00f6zben Rajkin\u00e9 S\u00f6r\u00f6s Andrea vezet\u0151 \u00f3v\u00f3n\u0151n\u00e9l, vagy a lelkip\u00e1sztorn\u00e1l lehet.<\/p> <p>Az Ady Endre Reform\u00e1tus \u00c1ltal\u00e1nos Iskol\u00e1ba is keres\u00fcnk pedag\u00f3gusokat \u00e9s technikai dolgoz\u00f3kat. \u00c9rdekl\u0151dni Botka N\u00f3ra int\u00e9zm\u00e9nyvezet\u0151n\u00e9l, vagy a lelkip\u00e1sztorn\u00e1l lehet.<\/p> <p><strong>\u00a0<\/strong><\/p> <p><strong>Templomtakar\u00edt\u00e1s:<\/strong><\/p> <p>&#8211; Ezen a h\u00e9ten \u00fajra szeretettel v\u00e1rjuk a testv\u00e9reket, <strong>p\u00e9nteken, az istentisztelet ut\u00e1n<\/strong>, hogy kitakar\u00edtsuk a templomot. K\u00f6sz\u00f6nj\u00fck azoknak, akik el nem m\u00fal\u00f3 szeretettel j\u00f6nnek h\u00e9tr\u0151l-h\u00e9tre takar\u00edtani, hogy templomunkban mindig tisztas\u00e1g \u00e9s rend lehessen alkalmainkra.<\/p> <p><strong>\u00a0<\/strong><\/p> <p><strong>Lectio: <\/strong>2 M\u00f3zes: 20, 1-17\u00a0 \u00e9s M\u00e1t\u00e9: 22, 37-40<\/p> <p><strong>Textus:<\/strong> 1 M\u00f3zes: 4, 1-15 (6-7)<\/p> <p><strong>\u00c9nekek:<\/strong> \u00a0\u00a0\u00a0\u00a0\u00a0\u00a0\u00a0\u00a0\u00a0\u00a0\u00a0\u00a0\u00a0\u00a0\u00a0\u00a0\u00a0\u00a0\u00a0 \u00a0\u00a011: 1<\/p> <p>329: 2 (\u00faj: 412)<\/p> <p>Ker.: Szigeti \u00c1ron L\u00e1szl\u00f3\u2013 Zsolt\u00e1rok: 11: 4<\/p> <p>Sz\u00fcl\u0151k: Szigeti L\u00e1szl\u00f3 \u00e9s B. Balog Marianna<\/p> <p>134: 3<\/p> <p>Heidelbergi K\u00e1t\u00e9 XXXIII. \u00darnapja<\/p> <p>168: 1-4(\u00faj: 205)<\/p> <p>180 (\u00faj: 461)<\/p> <p>461: 1-6 (\u00faj: 760)<\/p> <p>799: 1<\/p> <p>Igehirdet\u0151: Harkai Ferenc lelkip\u00e1sztor<\/p> ","protected":false},"excerpt":{"rendered":"<p>Aki szeretn\u00e9 a Hirdet\u00e9seket emailben is megkapni k\u00e9rj\u00fck, jelezze szem\u00e9lyesen a Lelk\u00e9szi hivatalban. Seg\u00edts\u00e9gny\u00fajt\u00e1s K\u00e1rp\u00e1talj\u00e1ra, Ukrajn\u00e1ba: &#8211; K\u00e1rp\u00e1taljai testv\u00e9reinket folyamatosan k\u00edv\u00e1njuk t\u00e1mogatni, ez\u00e9rt az adom\u00e1nygy\u0171jt\u0151 perselyt kint hagytuk a templom h\u00e1tulj\u00e1ban, ebbe lehet az Ukrajn\u00e1ba sz\u00e1nt t\u00e1mogat\u00e1sokat elhelyezni. A k\u00f6vetkez\u0151 utunk el\u0151tt pedig majd fogjuk jelezni, hogy milyen \u00e9lelmiszeradom\u00e1nyokra van sz\u00fcks\u00e9g, addig k\u00e9rj\u00fck a testv\u00e9reket,&hellip;<\/p>\n","protected":false},"author":15,"featured_media":0,"comment_status":"closed","ping_status":"closed","sticky":false,"template":"","format":"standard","meta":[],"categories":[17],"tags":[],"acf":[],"_links":{"self":[{"href":"https:\/\/kkre.hu\/wpm\/wp-json\/wp\/v2\/posts\/18373"}],"collection":[{"href":"https:\/\/kkre.hu\/wpm\/wp-json\/wp\/v2\/posts"}],"about":[{"href":"https:\/\/kkre.hu\/wpm\/wp-json\/wp\/v2\/types\/post"}],"author":[{"embeddable":true,"href":"https:\/\/kkre.hu\/wpm\/wp-json\/wp\/v2\/users\/15"}],"replies":[{"embeddable":true,"href":"https:\/\/kkre.hu\/wpm\/wp-json\/wp\/v2\/comments?post=18373"}],"version-history":[{"count":2,"href":"https:\/\/kkre.hu\/wpm\/wp-json\/wp\/v2\/posts\/18373\/revisions"}],"predecessor-version":[{"id":18375,"href":"https:\/\/kkre.hu\/wpm\/wp-json\/wp\/v2\/posts\/18373\/revisions\/18375"}],"wp:attachment":[{"href":"https:\/\/kkre.hu\/wpm\/wp-json\/wp\/v2\/media?parent=18373"}],"wp:term":[{"taxonomy":"category","embeddable":true,"href":"https:\/\/kkre.hu\/wpm\/wp-json\/wp\/v2\/categories?post=18373"},{"taxonomy":"post_tag","embeddable":true,"href":"https:\/\/kkre.hu\/wpm\/wp-json\/wp\/v2\/tags?post=18373"}],"curies":[{"name":"wp","href":"https:\/\/api.w.org\/{rel}","templated":true}]}}