{"id":18384,"date":"2022-08-21T21:28:07","date_gmt":"2022-08-21T19:28:07","guid":{"rendered":"https:\/\/kkre.hu\/wpm\/?p=18384"},"modified":"2022-08-21T21:30:16","modified_gmt":"2022-08-21T19:30:16","slug":"hirdetesek-2022-augusztus-21","status":"publish","type":"post","link":"https:\/\/kkre.hu\/wpm\/blog\/2022\/08\/21\/hirdetesek-2022-augusztus-21\/","title":{"rendered":"Hirdet\u00e9sek, 2022. augusztus 21."},"content":{"rendered":"<p><strong>Aki szeretn\u00e9 a Hirdet\u00e9seket emailben is megkapni k\u00e9rj\u00fck, jelezze szem\u00e9lyesen a Lelk\u00e9szi hivatalban.<\/strong><\/p> <p>\u00a0<\/p> <p><strong>Seg\u00edts\u00e9gny\u00fajt\u00e1s K\u00e1rp\u00e1talj\u00e1ra, Ukrajn\u00e1ba:<\/strong><\/p> <p>&#8211; K\u00e1rp\u00e1taljai testv\u00e9reinket folyamatosan k\u00edv\u00e1njuk t\u00e1mogatni, ez\u00e9rt az adom\u00e1nygy\u0171jt\u0151 perselyt kint hagytuk a templom h\u00e1tulj\u00e1ban, ebbe lehet az Ukrajn\u00e1ba sz\u00e1nt t\u00e1mogat\u00e1sokat elhelyezni.<\/p> <p>A k\u00f6vetkez\u0151 utunk el\u0151tt pedig majd fogjuk jelezni, hogy milyen \u00e9lelmiszeradom\u00e1nyokra van sz\u00fcks\u00e9g, addig k\u00e9rj\u00fck a testv\u00e9reket, ilyen felaj\u00e1nl\u00e1sokat ne hozzanak, hiszen azt nek\u00fcnk is t\u00e1rolni kell.<\/p> <p>Istentisztelet\u00fcnk v\u00e9g\u00e9n a k\u00e1rp\u00e1taljai reform\u00e1tusok kedves \u00e9nek\u00e9t fogjuk \u00e9nekelni, amit az ottani reform\u00e1tus templomokban \u201ekivonul\u00f3ra\u201d \u00e9nekelnek: \u201eMindig velem Uram, mindig velem\u2026\u201d<\/p> <p><strong>\u00a0<\/strong><\/p> <p><strong>Alakalmaink:<\/strong><\/p> <p>&#8211; Ma <strong>18 \u00f3rakor<\/strong> is lesz h\u00e1laad\u00f3 istentiszteletet a mostani \u00farvacsor\u00e1\u00e9rt itt a templomban (online k\u00f6zvet\u00edtve: <a href=\"https:\/\/kkre.hu\/wpm\/\">https:\/\/kkre.hu\/wpm\/<\/a>)<\/p> <p>&#8211; Szerd\u00e1n 18 \u00f3rakor tartunk <strong>istentiszteletet<\/strong> itt a templomban (online k\u00f6zvet\u00edtve: <a href=\"https:\/\/kkre.hu\/wpm\/\">https:\/\/kkre.hu\/wpm\/<\/a>)<\/p> <p>&#8211; J\u00f6v\u0151 <strong>vas\u00e1rnap<\/strong> <strong>10 \u00f3ra<\/strong>kor lesz <strong>istentiszteletet<\/strong> itt a templomban \u00a0(online k\u00f6zvet\u00edtve: <a href=\"https:\/\/kkre.hu\/wpm\/\">https:\/\/kkre.hu\/wpm\/<\/a>)<\/p> <p>&#8211; <strong>Tan\u00e9vnyit\u00f3 istentisztelet\u00fcnk szeptember 4-\u00e9n 10 \u00f3ra<\/strong>kor lesz itt a templomban, erre az alkalomra minden gyermeket v\u00e1runk, aki hittanosunk, k\u00fcl\u00f6n\u00f6sen azokat, akik voltak <strong>Gyenesdi\u00e1s<\/strong>on!<\/p> <p>\u00a0<\/p> <p><strong>Megeml\u00e9kez\u00e9s :<\/strong><\/p> <p>&#8211; Holnap lesz h\u00fasz \u00e9ve, hogy 2002. augusztus 22-\u00e9n \u00e9let\u00e9nek 46 \u00e9ves kor\u00e1ban elhunyt Dr. Szente P\u00e9ter, presbiter testv\u00e9r\u00fcnk. H\u00e1l\u00e1t adunk szolg\u00e1l\u00f3 \u00e9let\u00e9\u00e9rt, \u00e9s mindaz\u00e9rt, ami ennek volt eredm\u00e9nye itt a Budapest-Kispest-K\u00f6zponti Reform\u00e1tus Egyh\u00e1zk\u00f6zs\u00e9gben \u00e9s a Magyar Reform\u00e1tus Egyh\u00e1zban. Isten vigasztal\u00e1st k\u00e9rj\u00fck eml\u00e9kez\u0151 feles\u00e9g\u00e9nek Iboly\u00e1nak, gyermekeinek rokons\u00e1g\u00e1nak \u00e9s a gy\u00fclekezetnek A Boldog Felt\u00e1mad\u00e1s Rem\u00e9nys\u00e9ge Alatt.<\/p> <p><strong>\u00a0<\/strong><\/p> <p><strong>Presbiteri gy\u0171l\u00e9s:<\/strong><\/p> <p>&#8211; P\u00e9nteken a b\u0171nb\u00e1nati istentisztelet ut\u00e1n, az alagsorban, \u00a0Presbiteri gy\u0171l\u00e9st tartottunk k\u00e9t t\u00e1rgysorozattal:<\/p> <ol> <li>A Presbit\u00e9rium titkos szavaz\u00e1ssal egyhang\u00faan megv\u00e1lasztotta Rajkin\u00e9 S\u00f6r\u00f6s Andre\u00e1t egy \u00fajabb ciklusra int\u00e9zm\u00e9nyvezet\u0151nek \u00e9s szint\u00e9n egyhang\u00fa titkos szavaz\u00e1ssal elfogadta Benk\u0151 T\u00edmea int\u00e9zm\u00e9nyvezet\u0151 helyettesi megb\u00edz\u00e1s\u00e1t.<\/li> <li>A Presbit\u00e9rium megvitatta az EGYH-EKF-22-P-0012 sz\u00e1m\u00fa p\u00e1ly\u00e1zat megval\u00f3s\u00edt\u00e1s\u00e1t.<\/li> <\/ol> <p>\u00d6r\u00f6mmel nyugt\u00e1zta, hogy a munk\u00e1latok \u00e9s fejleszt\u00e9sek a tervek szerint haladnak. Elk\u00e9sz\u00fclt a padl\u00f3fel\u00faj\u00edt\u00e1s tantermekben \u00e9s az \u00faj padl\u00f3burkolat az \u00e9tkez\u0151ben. Folyamatban van \u00a0az \u00e9tkez\u0151 falburkol\u00e1sa, a tantermek \u00e9s egy\u00e9b helyis\u00e9gek fest\u00e9s-m\u00e1zol\u00e1sa. Elkezd\u0151d\u00f6tt a sz\u00e9kek, asztalok beszerz\u00e9se, mind a di\u00e1kok, mind a tan\u00e1rok r\u00e9sz\u00e9re a tantermekbe \u00e9s \u00e9tkez\u0151be, folyamatban van \u00faj \u201ehagyom\u00e1nyos\u201d \u00e9s \u201emodern\u201d t\u00e1bl\u00e1k, s\u00f6t\u00e9t\u00edt\u0151 f\u00fcgg\u00f6ny\u00f6k beszerz\u00e9se a tantermekbe, tov\u00e1bb\u00e1 a szaktantermek eszk\u00f6zbeszerz\u00e9se. K\u00e9sz\u00fcl\u00fcnk elhaszn\u00e1l\u00f3dott ny\u00edl\u00e1sz\u00e1r\u00f3k cser\u00e9j\u00e9re, villanyszerel\u00e9sre \u00e9s egyes helyis\u00e9gek kl\u00edmatiz\u00e1l\u00e1s\u00e1ra \u00e9s szeretn\u00e9nk \u00faj ed\u00e9nyeket is v\u00e1s\u00e1rolni a konyh\u00e1ba \u00e9s \u00e9tkez\u0151be.<\/p> <p>B\u00edzunk benne, hogy a tan\u00e9v kezd\u00e9s\u00e9ig minden munk\u00e1t befejez\u00fcnk, amit tervezt\u00fcnk \u00e9s a tan\u00e9v k\u00f6zben az oktat\u00e1s-nevel\u00e9s zavar\u00e1sa n\u00e9lk\u00fcl folytathatjuk a fejleszt\u00e9seket.<\/p> <p><strong>\u00a0<\/strong><\/p> <p><strong>\u00c1ll\u00e1s:<\/strong><\/p> <p>&#8211; A Sz\u0151l\u0151skert Reform\u00e1tus \u00d3vod\u00e1ban keres\u00fcnk \u00f3v\u00f3n\u0151ket. \u00c9rdekl\u0151dni h\u00e9tk\u00f6zben Rajkin\u00e9 S\u00f6r\u00f6s Andrea vezet\u0151 \u00f3v\u00f3n\u0151n\u00e9l, vagy a lelkip\u00e1sztorn\u00e1l lehet.<\/p> <p>Az Ady Endre Reform\u00e1tus \u00c1ltal\u00e1nos Iskol\u00e1ba is keres\u00fcnk pedag\u00f3gusokat \u00e9s technikai dolgoz\u00f3kat. \u00c9rdekl\u0151dni Botka N\u00f3ra int\u00e9zm\u00e9nyvezet\u0151n\u00e9l, vagy a lelkip\u00e1sztorn\u00e1l lehet.<\/p> <p><strong>\u00a0<\/strong><\/p> <p><strong>Templomtakar\u00edt\u00e1s:<\/strong><\/p> <p>&#8211; Ezen a h\u00e9ten \u00fajra szeretettel v\u00e1rjuk a testv\u00e9reket, <strong>p\u00e9nteken <\/strong>17 \u00f3r\u00e1t\u00f3l, hogy kitakar\u00edtsuk a templomot. K\u00f6sz\u00f6nj\u00fck azoknak, akik el nem m\u00fal\u00f3 szeretettel j\u00f6nnek h\u00e9tr\u0151l-h\u00e9tre takar\u00edtani, hogy templomunkban mindig tisztas\u00e1g \u00e9s rend lehessen alkalmainkra.<\/p> <p>\u00a0<\/p> <p><strong>Lectio: <\/strong>1 Korinthus 7, 1-16<\/p> <p><strong>Textus:<\/strong> 1 Korinthus 7, 5<\/p> <p>\u00a0<\/p> <p><strong>\u00c9nekek:<\/strong> \u00a0\u00a0\u00a0\u00a0\u00a0\u00a0\u00a0\u00a0\u00a0\u00a0\u00a0\u00a0\u00a0\u00a0\u00a0\u00a0\u00a0\u00a0\u00a0 \u00a0\u00a065: 1<\/p> <p>Heidelbergi K\u00e1t\u00e9 XXXIV. \u00darnapja<\/p> <p>475: 1-3 (\u00faj: 334)<\/p> <p>395: 1-3\u00a0 \u00a0(\u00faj: 821)<\/p> <p>435: 1-2 (\u00faj: 351)<\/p> <p>\u00darvacsora alatt: 436: 1-2 (\u00faj: 352), 438 (\u00faj: 363)<\/p> <p>Im\u00e1ds\u00e1g, \u00dari im\u00e1ds\u00e1g, csendes perc, Hirdet\u00e9sek<\/p> <p>447: 1-2 (\u00faj: 292)<\/p> <p>799: 1<\/p> <p>\u00a0<\/p> <p>Igehirdet\u0151: Harkai Ferenc lelkip\u00e1sztor<\/p> <p>\u00a0<\/p> <p>\u00a0<\/p> <p><strong><em>D\u00e9lut\u00e1n:<\/em><\/strong><\/p> <p><strong>\u00a0<\/strong><\/p> <p><strong>Lectio:<\/strong> 1M\u00f3zes: 11, 1-9<\/p> <h4>\u00a0<\/h4> <p><strong>Heidelbergi K\u00e1t\u00e9:<\/strong> XXXIV. \u00darnapja<\/p> <h4>\u00a0<\/h4> <p><strong>\u00c9nekek:<\/strong> \u00a0\u00a0\u00a0\u00a0\u00a0\u00a0\u00a0 139: 1<\/p> <p>448: 1-7 (\u00faj: 294 )<\/p> <p>264: 1-5 (\u00faj: 249)<\/p> <p>799: 1<\/p> <p>\u00a0<\/p> <p>Igehirdet\u0151: Harkai Ferenc<\/p>   <p><\/p> ","protected":false},"excerpt":{"rendered":"<p>Aki szeretn\u00e9 a Hirdet\u00e9seket emailben is megkapni k\u00e9rj\u00fck, jelezze szem\u00e9lyesen a Lelk\u00e9szi hivatalban. \u00a0 Seg\u00edts\u00e9gny\u00fajt\u00e1s K\u00e1rp\u00e1talj\u00e1ra, Ukrajn\u00e1ba: &#8211; K\u00e1rp\u00e1taljai testv\u00e9reinket folyamatosan k\u00edv\u00e1njuk t\u00e1mogatni, ez\u00e9rt az adom\u00e1nygy\u0171jt\u0151 perselyt kint hagytuk a templom h\u00e1tulj\u00e1ban, ebbe lehet az Ukrajn\u00e1ba sz\u00e1nt t\u00e1mogat\u00e1sokat elhelyezni. A k\u00f6vetkez\u0151 utunk el\u0151tt pedig majd fogjuk jelezni, hogy milyen \u00e9lelmiszeradom\u00e1nyokra van sz\u00fcks\u00e9g, addig k\u00e9rj\u00fck a&hellip;<\/p>\n","protected":false},"author":15,"featured_media":0,"comment_status":"closed","ping_status":"closed","sticky":false,"template":"","format":"standard","meta":[],"categories":[17],"tags":[],"acf":[],"_links":{"self":[{"href":"https:\/\/kkre.hu\/wpm\/wp-json\/wp\/v2\/posts\/18384"}],"collection":[{"href":"https:\/\/kkre.hu\/wpm\/wp-json\/wp\/v2\/posts"}],"about":[{"href":"https:\/\/kkre.hu\/wpm\/wp-json\/wp\/v2\/types\/post"}],"author":[{"embeddable":true,"href":"https:\/\/kkre.hu\/wpm\/wp-json\/wp\/v2\/users\/15"}],"replies":[{"embeddable":true,"href":"https:\/\/kkre.hu\/wpm\/wp-json\/wp\/v2\/comments?post=18384"}],"version-history":[{"count":2,"href":"https:\/\/kkre.hu\/wpm\/wp-json\/wp\/v2\/posts\/18384\/revisions"}],"predecessor-version":[{"id":18387,"href":"https:\/\/kkre.hu\/wpm\/wp-json\/wp\/v2\/posts\/18384\/revisions\/18387"}],"wp:attachment":[{"href":"https:\/\/kkre.hu\/wpm\/wp-json\/wp\/v2\/media?parent=18384"}],"wp:term":[{"taxonomy":"category","embeddable":true,"href":"https:\/\/kkre.hu\/wpm\/wp-json\/wp\/v2\/categories?post=18384"},{"taxonomy":"post_tag","embeddable":true,"href":"https:\/\/kkre.hu\/wpm\/wp-json\/wp\/v2\/tags?post=18384"}],"curies":[{"name":"wp","href":"https:\/\/api.w.org\/{rel}","templated":true}]}}