{"id":18389,"date":"2022-08-28T21:21:03","date_gmt":"2022-08-28T19:21:03","guid":{"rendered":"https:\/\/kkre.hu\/wpm\/?p=18389"},"modified":"2022-08-28T21:22:44","modified_gmt":"2022-08-28T19:22:44","slug":"hirdetesek-2022-augusztus-28","status":"publish","type":"post","link":"https:\/\/kkre.hu\/wpm\/blog\/2022\/08\/28\/hirdetesek-2022-augusztus-28\/","title":{"rendered":"Hirdet\u00e9sek, 2022. augusztus 28."},"content":{"rendered":"<p><strong>Aki szeretn\u00e9 a Hirdet\u00e9seket emailben is megkapni k\u00e9rj\u00fck, jelezze szem\u00e9lyesen a Lelk\u00e9szi hivatalban.<\/strong><\/p> <p><strong>Seg\u00edts\u00e9gny\u00fajt\u00e1s K\u00e1rp\u00e1talj\u00e1ra, Ukrajn\u00e1ba:<\/strong><\/p> <p>&#8211; K\u00e1rp\u00e1taljai testv\u00e9reinket folyamatosan k\u00edv\u00e1njuk t\u00e1mogatni, ez\u00e9rt az adom\u00e1nygy\u0171jt\u0151 perselyt kint hagytuk a templom h\u00e1tulj\u00e1ban, ebbe lehet az Ukrajn\u00e1ba sz\u00e1nt t\u00e1mogat\u00e1sokat elhelyezni.<\/p> <p>Jelenlegi terveink szerint szeptember 4-\u00e9n kezd\u0151d\u0151 h\u00e9ten fogunk menni K\u00e1rp\u00e1talj\u00e1ra. Ha ez \u00edgy lesz, akkor j\u00f6v\u0151 vas\u00e1rnap fogom hirdetni, hogy mire van sz\u00fcks\u00e9g. Am\u00edg nem hirdetem az utaz\u00e1sunk id\u0151pontj\u00e1t, addig k\u00e9rj\u00fck a testv\u00e9reket, ilyen felaj\u00e1nl\u00e1sokat ne hozzanak, hiszen azt nek\u00fcnk is t\u00e1rolni kell.<\/p> <p>Istentisztelet\u00fcnk v\u00e9g\u00e9n a k\u00e1rp\u00e1taljai reform\u00e1tusok kedves \u00e9nek\u00e9t fogjuk \u00e9nekelni, amit az ottani reform\u00e1tus templomokban \u201ekivonul\u00f3ra\u201d \u00e9nekelnek: \u201eMindig velem Uram, mindig velem\u2026\u201d<\/p> <p><strong>&nbsp;<\/strong><\/p> <p><strong>Alakalmaink:<\/strong><\/p> <p>&#8211; Ma <strong>18 \u00f3rakor<\/strong> is lesz istentiszteletet itt a templomban (online k\u00f6zvet\u00edtve: <a href=\"https:\/\/kkre.hu\/wpm\/\">https:\/\/kkre.hu\/wpm\/<\/a>)<\/p> <p>&#8211; Szerd\u00e1n 18 \u00f3rakor tartunk <strong>istentiszteletet<\/strong> itt a templomban (online k\u00f6zvet\u00edtve: <a href=\"https:\/\/kkre.hu\/wpm\/\">https:\/\/kkre.hu\/wpm\/<\/a>)<\/p> <p>&#8211; J\u00f6v\u0151 <strong>vas\u00e1rnap<\/strong> <strong>10 \u00f3ra<\/strong>kor lesz <strong>istentiszteletet<\/strong> itt a templomban, rem\u00e9nys\u00e9g\u00fcnk szerint ekkor fogjuk megkeresztelni Vask\u00f3 P\u00e9ter \u00e9s Horv\u00e1th \u00c9va kisfi\u00e1t D\u00e1nielt. Hordozzuk im\u00e1ds\u00e1gban a keresztel\u0151re k\u00e9sz\u00fcl\u0151 csal\u00e1dot! (online k\u00f6zvet\u00edtve: <a href=\"https:\/\/kkre.hu\/wpm\/\">https:\/\/kkre.hu\/wpm\/<\/a>)<\/p> <p>J\u00f6v\u0151 vas\u00e1rnap d\u00e9lel\u0151tt az alkalom egyben a <strong>Tan\u00e9vnyit\u00f3 istentisztelet\u00fcnk <\/strong>is. Erre az alkalomra minden gyermeket v\u00e1runk, aki hittanosunk, k\u00fcl\u00f6n\u00f6sen azokat, akik voltak <strong>Gyenesdi\u00e1s<\/strong>on is! Az istentisztelet ut\u00e1n <strong>szeretetvend\u00e9gs\u00e9get<\/strong> tartunk az udvaron. Ehhez k\u00e9rj\u00fck a testv\u00e9rek seg\u00edts\u00e9g\u00e9t is, hogy ki legyenek k\u00e9sz\u00edtve az asztalok, \u00e9s legyenek s\u00fctem\u00e9nyek, \u00fcd\u00edt\u0151k is.<\/p> <p><strong>Temet\u00e9s:<\/strong><\/p> <p>&#8211; \u00c9let\u00e9nek 93. \u00e9v\u00e9ben, 2022. j\u00falius 16-\u00e1n elhunyt f\u0151tisztelet\u0171 dr. Nagy Tibor nyugalmazott dunamell\u00e9ki egyh\u00e1zker\u00fcleti f\u0151jegyz\u0151, B\u00e1cs-Kiskun egyh\u00e1zmegyei esperes, Budapest-Budahegyvid\u00e9k, Kecskem\u00e9t, Veszpr\u00e9m \u00e9s Nagydobos egyh\u00e1zk\u00f6zs\u00e9gek egykori lelkip\u00e1sztora, temet\u00e9se augusztus 25-\u00e9n volt a Budapest-Fasori Reform\u00e1tus Egyh\u00e1zk\u00f6zs\u00e9g templom\u00e1ban. Isten vigasztal\u00e1s\u00e1t k\u00e9rj\u00fck gyermekeinek rokons\u00e1g\u00e1nak \u00e9s a Reform\u00e1tus Egyh\u00e1znak A Boldog Felt\u00e1mad\u00e1s Rem\u00e9nys\u00e9ge Alatt.<\/p> <p><strong>&nbsp;<\/strong><\/p> <p><strong>Tan\u00e9vkezd\u00e9s:<\/strong><\/p> <p>&#8211; Holnap d\u00e9lel\u0151tt, augusztus 29-\u00e9n, h\u00e9tf\u0151n 9 \u00f3r\u00e1t\u00f3l csendesnap lesz int\u00e9zm\u00e9nyeink munkat\u00e1rsainak itt a templomban. Erre az alkalomra szeretettel h\u00edvjuk a gy\u00fclekezet tagjait is.<\/p> <p>&#8211; Szeptember 1-j\u00e9n, cs\u00fct\u00f6rt\u00f6k\u00f6n 8 \u00f3rakor lesz az iskol\u00e1nknak az Ady Endre Reform\u00e1tus \u00c1ltal\u00e1nos Iskol\u00e1nak a tan\u00e9vnyit\u00f3ja rem\u00e9nys\u00e9g\u00fcnk szerint az iskola udvar\u00e1n<\/p> <p>&#8211; Szeptember 11-\u00e9n vas\u00e1rnap a d\u00e9lut\u00e1ni istentisztelet egyben tan\u00e9vnyit\u00f3 istentisztelet is lesz az Ady Endre Reform\u00e1tus \u00c1ltal\u00e1nos Iskola di\u00e1kjainak \u00e9s tan\u00e1raink itt a templomban<\/p> <p><strong>&nbsp;<\/strong><\/p> <p><strong>\u00c1ll\u00e1s:<\/strong><\/p> <p>&#8211; A Sz\u0151l\u0151skert Reform\u00e1tus \u00d3vod\u00e1ban keres\u00fcnk \u00f3v\u00f3n\u0151ket. \u00c9rdekl\u0151dni h\u00e9tk\u00f6zben Rajkin\u00e9 S\u00f6r\u00f6s Andrea vezet\u0151 \u00f3v\u00f3n\u0151n\u00e9l, vagy a lelkip\u00e1sztorn\u00e1l lehet.<\/p> <p>Az Ady Endre Reform\u00e1tus \u00c1ltal\u00e1nos Iskol\u00e1ba is keres\u00fcnk pedag\u00f3gusokat \u00e9s technikai dolgoz\u00f3kat. \u00c9rdekl\u0151dni Botka N\u00f3ra int\u00e9zm\u00e9nyvezet\u0151n\u00e9l, vagy a lelkip\u00e1sztorn\u00e1l lehet.<\/p> <p><strong>&nbsp;<\/strong><\/p> <p><strong>Templomtakar\u00edt\u00e1s:<\/strong><\/p> <p>&#8211; Ezen a h\u00e9ten \u00fajra szeretettel v\u00e1rjuk a testv\u00e9reket, <strong>p\u00e9nteken <\/strong>17 \u00f3r\u00e1t\u00f3l, hogy kitakar\u00edtsuk a templomot. K\u00f6sz\u00f6nj\u00fck azoknak, akik el nem m\u00fal\u00f3 szeretettel j\u00f6nnek h\u00e9tr\u0151l-h\u00e9tre takar\u00edtani, hogy templomunkban mindig tisztas\u00e1g \u00e9s rend lehessen alkalmainkra.<\/p> <p><strong>Lectio: <\/strong>1 Korinthus 10, 1-13<\/p> <p><strong>Textus:<\/strong> 1 Korinthus 10, 12-13<\/p> <p><strong>\u00c9nekek:<\/strong> &nbsp;&nbsp;&nbsp;&nbsp;&nbsp;&nbsp;&nbsp;&nbsp;&nbsp;&nbsp;&nbsp;&nbsp;&nbsp;&nbsp;&nbsp;&nbsp;&nbsp;&nbsp;&nbsp; &nbsp;&nbsp;91: 1<\/p> <p>Heidelbergi K\u00e1t\u00e9 XXXVV. \u00darnapja<\/p> <p>139: 1-3<\/p> <p>162: 1, 3, 7&nbsp; &nbsp;(\u00faj: 224)<\/p> <p>Im\u00e1ds\u00e1g, \u00dari im\u00e1ds\u00e1g, csendes perc, Hirdet\u00e9sek<\/p> <p>128: 1-3<\/p> <p>799: 1<\/p> <p>Igehirdet\u0151: Harkai Ferenc lelkip\u00e1sztor<\/p> <p><strong><em>D\u00e9lut\u00e1n:<\/em><\/strong><\/p> <p><strong>&nbsp;<\/strong><\/p> <p><strong>Lectio:<\/strong> 1M\u00f3zes: 18, 1-33<\/p> <h4><\/h4> <p><strong>Heidelbergi K\u00e1t\u00e9:<\/strong> XXXV. \u00darnapja<\/p> <h4><\/h4> <p><strong>\u00c9nekek:<\/strong> &nbsp;&nbsp;&nbsp;&nbsp;&nbsp;&nbsp;&nbsp; &nbsp;&nbsp;47: 1, 4-5<\/p> <p>425: 1-4 (\u00faj: 797)<\/p> <p>500: 1-8 (\u00faj: 681)<\/p> <p>799: 1<\/p> <p>Igehirdet\u0151: Harkai Ferenc<\/p> ","protected":false},"excerpt":{"rendered":"<p>Aki szeretn\u00e9 a Hirdet\u00e9seket emailben is megkapni k\u00e9rj\u00fck, jelezze szem\u00e9lyesen a Lelk\u00e9szi hivatalban. Seg\u00edts\u00e9gny\u00fajt\u00e1s K\u00e1rp\u00e1talj\u00e1ra, Ukrajn\u00e1ba: &#8211; K\u00e1rp\u00e1taljai testv\u00e9reinket folyamatosan k\u00edv\u00e1njuk t\u00e1mogatni, ez\u00e9rt az adom\u00e1nygy\u0171jt\u0151 perselyt kint hagytuk a templom h\u00e1tulj\u00e1ban, ebbe lehet az Ukrajn\u00e1ba sz\u00e1nt t\u00e1mogat\u00e1sokat elhelyezni. Jelenlegi terveink szerint szeptember 4-\u00e9n kezd\u0151d\u0151 h\u00e9ten fogunk menni K\u00e1rp\u00e1talj\u00e1ra. Ha ez \u00edgy lesz, akkor j\u00f6v\u0151 vas\u00e1rnap&hellip;<\/p>\n","protected":false},"author":15,"featured_media":0,"comment_status":"closed","ping_status":"closed","sticky":false,"template":"","format":"standard","meta":[],"categories":[17],"tags":[],"acf":[],"_links":{"self":[{"href":"https:\/\/kkre.hu\/wpm\/wp-json\/wp\/v2\/posts\/18389"}],"collection":[{"href":"https:\/\/kkre.hu\/wpm\/wp-json\/wp\/v2\/posts"}],"about":[{"href":"https:\/\/kkre.hu\/wpm\/wp-json\/wp\/v2\/types\/post"}],"author":[{"embeddable":true,"href":"https:\/\/kkre.hu\/wpm\/wp-json\/wp\/v2\/users\/15"}],"replies":[{"embeddable":true,"href":"https:\/\/kkre.hu\/wpm\/wp-json\/wp\/v2\/comments?post=18389"}],"version-history":[{"count":3,"href":"https:\/\/kkre.hu\/wpm\/wp-json\/wp\/v2\/posts\/18389\/revisions"}],"predecessor-version":[{"id":18392,"href":"https:\/\/kkre.hu\/wpm\/wp-json\/wp\/v2\/posts\/18389\/revisions\/18392"}],"wp:attachment":[{"href":"https:\/\/kkre.hu\/wpm\/wp-json\/wp\/v2\/media?parent=18389"}],"wp:term":[{"taxonomy":"category","embeddable":true,"href":"https:\/\/kkre.hu\/wpm\/wp-json\/wp\/v2\/categories?post=18389"},{"taxonomy":"post_tag","embeddable":true,"href":"https:\/\/kkre.hu\/wpm\/wp-json\/wp\/v2\/tags?post=18389"}],"curies":[{"name":"wp","href":"https:\/\/api.w.org\/{rel}","templated":true}]}}