{"id":18497,"date":"2022-09-04T21:15:02","date_gmt":"2022-09-04T19:15:02","guid":{"rendered":"https:\/\/kkre.hu\/wpm\/?p=18497"},"modified":"2022-09-04T21:15:37","modified_gmt":"2022-09-04T19:15:37","slug":"hirdetesek-2022-szeptember-4","status":"publish","type":"post","link":"https:\/\/kkre.hu\/wpm\/blog\/2022\/09\/04\/hirdetesek-2022-szeptember-4\/","title":{"rendered":"Hirdet\u00e9sek, 2022. szeptember 4."},"content":{"rendered":"<p><strong>Aki szeretn\u00e9 a Hirdet\u00e9seket emailben is megkapni k\u00e9rj\u00fck, jelezze szem\u00e9lyesen a Lelk\u00e9szi hivatalban.<\/strong><\/p> <p><strong>Seg\u00edts\u00e9gny\u00fajt\u00e1s K\u00e1rp\u00e1talj\u00e1ra, Ukrajn\u00e1ba:<\/strong><\/p> <p>&#8211; K\u00e1rp\u00e1taljai testv\u00e9reinket folyamatosan k\u00edv\u00e1njuk t\u00e1mogatni, ez\u00e9rt az adom\u00e1nygy\u0171jt\u0151 perselyt kint hagytuk a templom h\u00e1tulj\u00e1ban, ebbe lehet az Ukrajn\u00e1ba sz\u00e1nt t\u00e1mogat\u00e1sokat elhelyezni.<\/p> <p>Jelenlegi terveink szerint szeptember 7-\u00e9n, szerd\u00e1n reggel fogunk menni K\u00e1rp\u00e1talj\u00e1ra. Aki szeretne adom\u00e1nyt k\u00fcldeni, tov\u00e1bbra is lisztet, cukrot, rizs\u00e1t, \u00e9tolajat \u00e9s sz\u00e1razt\u00e9szt\u00e1t tudnak j\u00f3l haszn\u00e1lni. Aki p\u00e9nzbeli adom\u00e1nyt szeretne adni a templom v\u00e9g\u00e9ben Az adom\u00e1nyokat kedd estig lehet elhozni a templomba. K\u00e1rp\u00e1taljaik megseg\u00edt\u00e9s\u00e9re kihelyezett perselybe helyezheti el felaj\u00e1nl\u00e1s\u00e1t.<\/p> <p>Istentisztelet\u00fcnk v\u00e9g\u00e9n a k\u00e1rp\u00e1taljai reform\u00e1tusok kedves \u00e9nek\u00e9t fogjuk \u00e9nekelni, amit az ottani reform\u00e1tus templomokban \u201ekivonul\u00f3ra\u201d \u00e9nekelnek: \u201eMindig velem Uram, mindig velem\u2026\u201d<\/p> <p><strong>\u00a0<\/strong><\/p> <p><strong>Alakalmaink:<\/strong><\/p> <p>&#8211; Az istentisztelet ut\u00e1n szeretetvend\u00e9gs\u00e9get tartunk az udvaron<\/p> <p>&#8211; Ma <strong>18 \u00f3rakor<\/strong> is lesz istentiszteletet itt a templomban (online k\u00f6zvet\u00edtve: <a href=\"https:\/\/kkre.hu\/wpm\/\">https:\/\/kkre.hu\/wpm\/<\/a>)<\/p> <p>&#8211; Kedden presbiteri biblia\u00f3r\u00e1t tartunk az alagsori gy\u00fclekezeti teremben<\/p> <p>&#8211; Szerd\u00e1n 18 \u00f3rakor <strong>nem tartunk<\/strong> istentiszteletet<\/p> <p>&#8211; J\u00f6v\u0151 <strong>vas\u00e1rnap<\/strong> <strong>10 \u00f3ra<\/strong>kor lesz <strong>istentisztelet<\/strong> itt a templomban (online k\u00f6zvet\u00edtve: <a href=\"https:\/\/kkre.hu\/wpm\/\">https:\/\/kkre.hu\/wpm\/<\/a>)<\/p> <p>&#8211; J\u00f6v\u0151 vas\u00e1rnap <strong>18 \u00f3ra<\/strong>kor is tartunk <strong>istentiszteletet<\/strong> itt a templomban. Ez az alkalom egyben tan\u00e9vnyit\u00f3 istentisztelet is lesz az Ady Endre Reform\u00e1tus \u00c1ltal\u00e1nos Iskola di\u00e1kjainak \u00e9s tan\u00e1rainak, ami ut\u00e1n szeretetvend\u00e9gs\u00e9get is tartunk\u00a0 (online k\u00f6zvet\u00edtve: <a href=\"https:\/\/kkre.hu\/wpm\/\">https:\/\/kkre.hu\/wpm\/<\/a>)<\/p> <p>18-\u00e1n 18 \u00f3rakor a Sz\u0151l\u0151skert Reform\u00e1tus \u00d3voda \u00e9vnyit\u00f3 istentisztelete lesz, ami ut\u00e1n majd szeretetvend\u00e9gs\u00e9get is tartunk<\/p> <p><strong>Ez\u00fcstmennyegz\u0151:<\/strong><\/p> <p>&#8211; Papp Iv\u00e1n G\u00e9za \u00e9s Czipp\u00e1n Anita M\u00e1ria 25 \u00e9vvel ezel\u0151tt h\u00e1zasodott \u00f6ssze. Ezen a h\u00e9ten szeptember 10-\u00e9n, szombaton 14 \u00f3rakor itt a templomban adnak h\u00e1l\u00e1t az ez\u00fcstmennyegz\u0151j\u00fck\u00e9rt. Isten \u00e1ld\u00e1s\u00e1t k\u00e9rj\u00fck tov\u00e1bbi k\u00f6z\u00f6s \u00e9let\u00fckre \u00e9s a szombati \u00fcnnepl\u00e9sre!<\/p> <p><strong>Temet\u00e9s:<\/strong><\/p> <p>&#8211; Az elm\u00falt h\u00e9ten, szeptember 2-\u00e1n, p\u00e9nteken temett\u00fck a Kispesti \u00fajk\u00f6ztemet\u0151ben Mosonyi Gy\u00f6ngyi, sz\u00fcletett Tak\u00e1cs Gy\u00f6ngyi asszonytestv\u00e9r\u00fcnket, aki 76 \u00e9ves kor\u00e1ban augusztus 19-\u00e9n hunyt el. A felt\u00e1mad\u00e1s ig\u00e9it az 1 Korinthus: 12, <a href=\"https:\/\/abibliamindenkie.hu\/uj\/1CO\/12#26\">26<\/a>-27:\u00a0\u201e\u00c9s \u00edgy ha szenved az egyik tag, vele egy\u00fctt szenved valamennyi, ha dics\u0151s\u00e9gben r\u00e9szes\u00fcl az egyik tag, vele egy\u00fctt \u00f6r\u00fcl valamennyi.\u00a0<u><sup><a href=\"https:\/\/abibliamindenkie.hu\/uj\/1CO\/12#27\">27<\/a>\u00a0<\/sup><\/u>Ti pedig Krisztus teste vagytok, \u00e9s egyenk\u00e9nt annak tagjai\u201d \u00a0Isten vigasztal\u00e1s\u00e1t k\u00e9rj\u00fck elhunyt testv\u00e9r\u00fcnk f\u00e9rj\u00e9nek, gyermekeinek rokons\u00e1g\u00e1nak A Boldog Felt\u00e1mad\u00e1s Rem\u00e9nys\u00e9ge Alatt.<\/p> <p><strong>\u00a0<\/strong><\/p> <p><strong>Presbiterk\u00e9pz\u00e9s:<\/strong><\/p> <p>&#8211; Szeretettel h\u00edvunk minden \u00e9rdekl\u0151d\u0151t, Bp-D\u00e9l \u00e9s Bp-\u00c9szak ter\u00fcleti szervezet\u00fcnkb\u0151l egyar\u00e1nt, a k\u00f6vetkez\u0151 presbiteri alkalmunkra\u00a0szeptember 10-\u00e9n, szombaton 9:30 \u00f3r\u00e1ra a Budai Reform\u00e1tus Egyh\u00e1zk\u00f6zs\u00e9g gy\u00fclekezeti term\u00e9be\u00a0(Budapest I. Szil\u00e1gyi Dezs\u0151 t\u00e9r) (el\u00e9rhet\u0151s\u00e9g:\u00a0<a href=\"http:\/\/gyulekezet.hu\/\">http:\/\/gyulekezet.hu\/<\/a>).<\/p> <p>Az \u00e1h\u00edtatot Ill\u00e9s D\u00e1vid esperes \u00far, az el\u0151ad\u00e1st Derencs\u00e9nyi Istv\u00e1n f\u0151tisztelet\u0171 \u00far, nyugalmazott tisz\u00e1nt\u00fali lelk\u00e9szi f\u0151jegyz\u0151 fogja tartani. Az el\u0151ad\u00e1s c\u00edme: \u201eA KERESZTS\u00c9GR\u0150L&#8221;<\/p> <p><strong>\u00a0<\/strong><\/p> <p><strong>TAN\u00c9VKEZD\u00c9S:<\/strong><\/p> <p><strong>\u00a0<\/strong><\/p> <p><strong>\u00d3voda, iskola:<\/strong><\/p> <p>&#8211; \u00d6r\u00f6mmel jelentem a gy\u00fclekezetnek, hogy mind a Sz\u0151l\u0151skert Reform\u00e1tus \u00d3vod\u00e1ban, mind az Ady Endre Reform\u00e1tus \u00c1ltal\u00e1nos Iskol\u00e1ban szeptember 1-j\u00e9n elkezd\u0151d\u00f6tt a nevel\u00e9si-, illetve a tan\u00e9v.<\/p> <p>H\u00e1laad\u00e1ssal t\u00e1j\u00e9koztatom a gy\u00fclekezetet, hogy a iskol\u00e1nkban az els\u0151 \u00e9s m\u00e1sodik \u00e9vfolyam tantermeit fel\u00faj\u00edtottuk, illetve fejlesztett\u00fck a tan\u00e9v kezdet\u00e9re a kor\u00e1bban megnyert p\u00e1ly\u00e1zati forr\u00e1sb\u00f3l. Elk\u00e9sz\u00fclt az \u00faj melegburkolat, ki lettek cser\u00e9lve az elektromos vezet\u00e9kek \u00e9s minden le lett festve, m\u00e1zolva. Meg\u00e9rkeztek az \u00faj tanul\u00f3i sz\u00e9kek, asztalok \u00e9s be\u00fczemelt\u00fck az \u00faj interakt\u00edv kijelz\u0151ket.<\/p> <p>A tan\u00e1riban illetve egy fels\u0151s teremben is fel tudtuk \u00faj\u00edtani a r\u00e9gi kopott parkett\u00e1t.<\/p> <p>Az \u00e9tkez\u0151ben \u00faj hidegburkolat \u00e9s csempe ker\u00fclt a r\u00e9gi elhaszn\u00e1l\u00f3dott hely\u00e9re \u00e9s be tudtuk szerezni az \u00faj \u00e9tk\u00e9szleteket \u00e9s ev\u0151eszk\u00f6z\u00f6ket, amikkel az iskola teljes k\u00f6z\u00f6ss\u00e9ge \u00e9lvezheti a megkezdett fejleszt\u00e9seket \u00e9s b\u00edzunk benne, hogy m\u00e9g a tov\u00e1bbi terveink is meg fognak val\u00f3sulni az iskola korszer\u0171s\u00edt\u00e9s\u00e9ben.<\/p> <p>Az \u00f3vod\u00e1nkban is megt\u00f6rt\u00e9ntek a sz\u00fcks\u00e9ges karbantart\u00e1sok.<\/p> <p>K\u00f6sz\u00f6n\u00f6m f\u0151gondnok \u00farnak, hogy az int\u00e9zm\u00e9nyeinkben elv\u00e9gzett munk\u00e1kat szervezte, tervezte \u00e9s megval\u00f3s\u00edtotta!<\/p> <p><strong>\u00a0<\/strong><\/p> <p><strong>Diploma:<\/strong><\/p> <p>&#8211; \u00d6r\u00f6mmel jelentem a gy\u00fclekezetnek, hogy a tegnapi napon J\u00f3zsa G\u00e1borral \u00e1tvehett\u00fck a Budapest M\u0171szaki \u00e9s Gazdas\u00e1gtudom\u00e1nyi Egyetemen a szakvizsg\u00e1zott pedag\u00f3gus \u00e9s k\u00f6zoktat\u00e1si vezet\u0151 diplom\u00e1nkat.<\/p> <p>K\u00f6sz\u00f6nj\u00fck, mindazoknak akik seg\u00edtettek nek\u00fcnk ebben a munk\u00e1ban \u00e9s hogy a gy\u00fclekezet anyagilag is t\u00e1mogatta tanulm\u00e1nyainkat!<\/p> <p><strong>\u00a0<\/strong><\/p> <p><strong>Teol\u00f3gia:<\/strong><\/p> <p>&#8211; \u00d6r\u00f6mmel jelentem a gy\u00fclekezetnek, hogy a 2019-ben kigyulladt, majd lebontott koll\u00e9gium \u00e9p\u00fclet hely\u00e9n elk\u00e9sz\u00fclt egy \u00faj koll\u00e9gium \u00e9p\u00fclet, fel\u00faj\u00edt\u00e1sra ker\u00fclt a Hittudom\u00e1nyi Kar \u00e9s a Ker\u00fcleti sz\u00e9kh\u00e1z is.<\/p> <p>\u00d6r\u00f6mmel t\u00e1j\u00e9koztatom a gy\u00fclekezetet, hogy a holnap elkezd\u0151d\u0151 egyetemi \u00e9vben a 10 els\u0151 \u00e9ves hallgat\u00f3 k\u00f6z\u00fcl az egyik di\u00e1k, m\u00e1r az Ady Endre Reform\u00e1tus \u00c1ltal\u00e1nos Iskol\u00e1ban v\u00e9gzett \u00e9s Egyh\u00e1zk\u00f6zs\u00e9g\u00fcnk tagja. Isten ir\u00e1nti h\u00e1l\u00e1val mutatom be a gy\u00fclekezetnek harmadik gyermek\u00fcnket Harkai Korn\u00e9l Imr\u00e9t, aki holnap kezdi meg felk\u00e9sz\u00fcl\u00e9s\u00e9t\u00a0 a lelk\u00e9szi szolg\u00e1latra! Isten \u00e1ld\u00e1s\u00e1t k\u00e9rj\u00fck \u00e9let\u00e9re \u00e9s tanulm\u00e1nyaira!<\/p> <p>Filippi: 4, 4-7: \u201e\u00d6r\u00fcljetek az \u00darban mindenkor! Ism\u00e9t mondom: \u00f6r\u00fcljetek! A ti szel\u00edds\u00e9getek legyen ismert minden ember el\u0151tt! Az \u00dar k\u00f6zel! Semmi\u00e9rt se agg\u00f3djatok, hanem im\u00e1ds\u00e1gban \u00e9s k\u00f6ny\u00f6rg\u00e9sben mindenkor h\u00e1laad\u00e1ssal t\u00e1rj\u00e1tok fel k\u00e9r\u00e9seiteket Isten el\u0151tt; \u00e9s Isten b\u00e9kess\u00e9ge, mely minden \u00e9rtelmet meghalad,\u00a0\u00a0 meg fogja \u0151rizni sz\u00edveteket \u00e9s gondolataitokat Krisztus J\u00e9zusban.\u201d<\/p> <p>Filippi: 3, 14: \u201e\u2026egyet teszek: ami m\u00f6g\u00f6ttem van, azt elfelejtve, ami pedig el\u0151ttem van, annak nekifesz\u00fclve futok egyenest a c\u00e9l fel\u00e9, Isten mennyei elh\u00edv\u00e1s\u00e1nak Krisztus J\u00e9zusban adott jutalm\u00e1\u00e9rt.\u201d<\/p> <p><strong>\u00a0<\/strong><\/p> <p><strong>Padok m\u00e1zol\u00e1sa, fel\u00faj\u00edt\u00e1sa:<\/strong><\/p> <p>&#8211; K\u00f6sz\u00f6n\u00f6m, hogy f\u0151gondnok \u00far szakmai t\u00e1mogat\u00e1s\u00e1val fiataljaink fel\u00faj\u00edtott\u00e1k a templom el\u0151tti padokat: megtiszt\u00edtott\u00e1k \u00e9s lem\u00e1zolt\u00e1k vasszerkezeteket \u00e9s lecsiszolt\u00e1k, lem\u00e1zolt\u00e1k az \u00faj deszk\u00e1kat.<\/p> <p><strong>\u00a0<\/strong><\/p> <p><strong>\u00c1ll\u00e1s:<\/strong><\/p> <p>&#8211; Az Ady Endre Reform\u00e1tus \u00c1ltal\u00e1nos Iskol\u00e1ba keres\u00fcnk pedag\u00f3gusokat els\u0151sorban az als\u00f3 tagozatra \u00e9s takar\u00edt\u00f3kat. \u00c9rdekl\u0151dni Botka N\u00f3ra int\u00e9zm\u00e9nyvezet\u0151n\u00e9l, vagy a lelkip\u00e1sztorn\u00e1l lehet.<\/p> <p><strong>\u00a0\u00a0\u00a0\u00a0\u00a0\u00a0\u00a0\u00a0\u00a0\u00a0\u00a0\u00a0\u00a0\u00a0\u00a0\u00a0\u00a0\u00a0\u00a0\u00a0\u00a0 <\/strong><\/p> <p><strong>Templomtakar\u00edt\u00e1s:<\/strong><\/p> <p>&#8211; Ezen a h\u00e9ten \u00fajra szeretettel v\u00e1rjuk a testv\u00e9reket, <strong>p\u00e9nteken <\/strong>17 \u00f3r\u00e1t\u00f3l, hogy kitakar\u00edtsuk a templomot. K\u00f6sz\u00f6nj\u00fck azoknak, akik el nem m\u00fal\u00f3 szeretettel j\u00f6nnek h\u00e9tr\u0151l-h\u00e9tre takar\u00edtani, hogy templomunkban mindig tisztas\u00e1g \u00e9s rend lehessen alkalmainkra.<\/p> <p><strong>Lectio: <\/strong>1 M\u00f3zes: 24, 1-6. 26-49<\/p> <p><strong>Textus:<\/strong> 1 M\u00f3zes: 24, 26-27<\/p> <p><strong>\u00c9nekek:<\/strong> \u00a0\u00a0\u00a0\u00a0\u00a0\u00a0\u00a0\u00a0\u00a0\u00a0\u00a0\u00a0\u00a0\u00a0\u00a0\u00a0\u00a0\u00a0\u00a0 \u00a0\u00a012: 1<\/p> <p>329: 2 (\u00faj: 412)<\/p> <p>Ker.: Vask\u00f3 D\u00e1niel &#8211; Zsolt\u00e1rok: 12: 6<\/p> <p>Sz\u00fcl\u0151k: Vask\u00f3 P\u00e9ter \u00e9s Horv\u00e1th \u00c9va<\/p> <p>134: 3<\/p> <p>Heidelbergi K\u00e1t\u00e9 XXXVI. \u00darnapja<\/p> <p>25: 1-2<\/p> <p>265: 1-2 (\u00faj: 158)<\/p> <p>A gyenesdi\u00e1si csendesheti \u00e9nekl\u00e9s r\u00e9sztvev\u0151inek \u00e9neke<\/p> <p>Im\u00e1ds\u00e1g, \u00dari im\u00e1ds\u00e1g, csendes perc, Hirdet\u00e9sek<\/p> <p>462: 1-3 (\u00faj: 774)<\/p> <p>Igehirdet\u0151: Harkai Ferenc lelkip\u00e1sztor<\/p> <p><strong><em>D\u00e9lut\u00e1n:<\/em><\/strong><\/p> <p><strong>\u00a0<\/strong><\/p> <p><strong>Lectio:<\/strong> 1Korinthus: 14, 1-25<\/p> <h4><\/h4> <p><strong>Heidelbergi K\u00e1t\u00e9:<\/strong> XXXVI. \u00darnapja<\/p> <h4><\/h4> <p><strong>\u00c9nekek:<\/strong> \u00a0\u00a0\u00a0\u00a0\u00a0\u00a0\u00a0 \u00a0\u00a067: 1<\/p> <p>384: 1-8 (\u00faj: 169)<\/p> <p>502: 1-6 (\u00faj: 701)<\/p> <p>799: 1<\/p> <p>Igehirdet\u0151: Harkai Ferenc<\/p> ","protected":false},"excerpt":{"rendered":"<p>Aki szeretn\u00e9 a Hirdet\u00e9seket emailben is megkapni k\u00e9rj\u00fck, jelezze szem\u00e9lyesen a Lelk\u00e9szi hivatalban. Seg\u00edts\u00e9gny\u00fajt\u00e1s K\u00e1rp\u00e1talj\u00e1ra, Ukrajn\u00e1ba: &#8211; K\u00e1rp\u00e1taljai testv\u00e9reinket folyamatosan k\u00edv\u00e1njuk t\u00e1mogatni, ez\u00e9rt az adom\u00e1nygy\u0171jt\u0151 perselyt kint hagytuk a templom h\u00e1tulj\u00e1ban, ebbe lehet az Ukrajn\u00e1ba sz\u00e1nt t\u00e1mogat\u00e1sokat elhelyezni. Jelenlegi terveink szerint szeptember 7-\u00e9n, szerd\u00e1n reggel fogunk menni K\u00e1rp\u00e1talj\u00e1ra. Aki szeretne adom\u00e1nyt k\u00fcldeni, tov\u00e1bbra is lisztet,&hellip;<\/p>\n","protected":false},"author":15,"featured_media":0,"comment_status":"closed","ping_status":"closed","sticky":false,"template":"","format":"standard","meta":[],"categories":[17],"tags":[],"acf":[],"_links":{"self":[{"href":"https:\/\/kkre.hu\/wpm\/wp-json\/wp\/v2\/posts\/18497"}],"collection":[{"href":"https:\/\/kkre.hu\/wpm\/wp-json\/wp\/v2\/posts"}],"about":[{"href":"https:\/\/kkre.hu\/wpm\/wp-json\/wp\/v2\/types\/post"}],"author":[{"embeddable":true,"href":"https:\/\/kkre.hu\/wpm\/wp-json\/wp\/v2\/users\/15"}],"replies":[{"embeddable":true,"href":"https:\/\/kkre.hu\/wpm\/wp-json\/wp\/v2\/comments?post=18497"}],"version-history":[{"count":2,"href":"https:\/\/kkre.hu\/wpm\/wp-json\/wp\/v2\/posts\/18497\/revisions"}],"predecessor-version":[{"id":18499,"href":"https:\/\/kkre.hu\/wpm\/wp-json\/wp\/v2\/posts\/18497\/revisions\/18499"}],"wp:attachment":[{"href":"https:\/\/kkre.hu\/wpm\/wp-json\/wp\/v2\/media?parent=18497"}],"wp:term":[{"taxonomy":"category","embeddable":true,"href":"https:\/\/kkre.hu\/wpm\/wp-json\/wp\/v2\/categories?post=18497"},{"taxonomy":"post_tag","embeddable":true,"href":"https:\/\/kkre.hu\/wpm\/wp-json\/wp\/v2\/tags?post=18497"}],"curies":[{"name":"wp","href":"https:\/\/api.w.org\/{rel}","templated":true}]}}