{"id":18517,"date":"2022-09-13T06:15:39","date_gmt":"2022-09-13T04:15:39","guid":{"rendered":"https:\/\/kkre.hu\/wpm\/?p=18517"},"modified":"2022-09-13T06:16:38","modified_gmt":"2022-09-13T04:16:38","slug":"hirdetesek-2022-szeptember-11","status":"publish","type":"post","link":"https:\/\/kkre.hu\/wpm\/blog\/2022\/09\/13\/hirdetesek-2022-szeptember-11\/","title":{"rendered":"Hirdet\u00e9sek, 2022. szeptember 11."},"content":{"rendered":"<p><strong>Aki szeretn\u00e9 a Hirdet\u00e9seket emailben is megkapni k\u00e9rj\u00fck, jelezze szem\u00e9lyesen a Lelk\u00e9szi hivatalban.<\/strong><\/p> <p><strong>\u00a0<\/strong><\/p> <p><strong>Alakalmaink:\u00a0\u00a0\u00a0\u00a0\u00a0\u00a0\u00a0\u00a0\u00a0\u00a0\u00a0\u00a0\u00a0\u00a0\u00a0\u00a0\u00a0\u00a0\u00a0\u00a0\u00a0\u00a0\u00a0\u00a0\u00a0\u00a0\u00a0\u00a0\u00a0\u00a0\u00a0\u00a0\u00a0\u00a0\u00a0\u00a0\u00a0\u00a0\u00a0\u00a0\u00a0\u00a0\u00a0\u00a0\u00a0\u00a0\u00a0\u00a0\u00a0\u00a0\u00a0\u00a0\u00a0\u00a0\u00a0\u00a0\u00a0\u00a0\u00a0\u00a0\u00a0\u00a0\u00a0\u00a0\u00a0\u00a0\u00a0\u00a0\u00a0\u00a0\u00a0\u00a0\u00a0\u00a0\u00a0\u00a0\u00a0\u00a0\u00a0\u00a0\u00a0\u00a0\u00a0\u00a0\u00a0\u00a0\u00a0\u00a0\u00a0\u00a0\u00a0\u00a0\u00a0\u00a0\u00a0\u00a0\u00a0\u00a0\u00a0\u00a0\u00a0\u00a0\u00a0\u00a0\u00a0\u00a0\u00a0\u00a0 <\/strong><\/p> <p>&#8211; Ma <strong>18 \u00f3rakor<\/strong> is lesz istentiszteletet itt a templomban ez egyben az Ady Endre Reform\u00e1tus \u00c1ltal\u00e1nos Iskola di\u00e1kjainak \u00e9s tan\u00e1rainak a tan\u00e9vkezd\u0151 istentisztelete, ami ut\u00e1n szeretetvend\u00e9gs\u00e9get is tartunk (online k\u00f6zvet\u00edtve: <a href=\"https:\/\/kkre.hu\/wpm\/\">https:\/\/kkre.hu\/wpm\/<\/a>)<\/p> <p>&#8211; Szerd\u00e1n 18 \u00f3rakor <strong>lesz <\/strong>istentiszteletet itt a templomban (online k\u00f6zvet\u00edtve: <a href=\"https:\/\/kkre.hu\/wpm\/\">https:\/\/kkre.hu\/wpm\/<\/a>)<\/p> <p>&#8211; J\u00f6v\u0151 <strong>vas\u00e1rnap<\/strong> <strong>10 \u00f3ra<\/strong>kor lesz <strong>istentisztelet<\/strong> itt a templomban rem\u00e9nys\u00e9g\u00fcnk szerint ekkor keresztelj\u00fck meg Kincses L\u00e1szl\u00f3 K\u00e1rolynak \u00e9s feles\u00e9g\u00e9nek Oscsadnics\u00e1n Gy\u00f6ngyi Amand\u00e1nak els\u0151 gyermek\u00e9t D\u00f3ra Amand\u00e1t. Hordozzuk im\u00e1ds\u00e1gban a keresztel\u0151re k\u00e9sz\u00fcl\u0151 csal\u00e1dot (online k\u00f6zvet\u00edtve: <a href=\"https:\/\/kkre.hu\/wpm\/\">https:\/\/kkre.hu\/wpm\/<\/a>)<\/p> <p>&#8211; J\u00f6v\u0151 vas\u00e1rnap <strong>18 \u00f3ra<\/strong>kor is tartunk <strong>istentiszteletet<\/strong> itt a templomban. Ez az alkalom egyben a Sz\u0151l\u0151skert Reform\u00e1tus \u00d3voda \u00e9vnyit\u00f3 istentisztelete lesz, ami ut\u00e1n majd szeretetvend\u00e9gs\u00e9get is tartunk\u00a0 (online k\u00f6zvet\u00edtve: <a href=\"https:\/\/kkre.hu\/wpm\/\">https:\/\/kkre.hu\/wpm\/<\/a>)<\/p> <p><strong>Seg\u00edts\u00e9gny\u00fajt\u00e1s K\u00e1rp\u00e1talj\u00e1ra, Ukrajn\u00e1ba:<\/strong><\/p> <p>&#8211; Az elm\u00falt h\u00e9ten cs\u00fct\u00f6rt\u00f6k\u00f6n siker\u00fclt elvinn\u00fcnk K\u00e1rp\u00e1talj\u00e1ra az elm\u00falt id\u0151ben \u00f6sszegy\u0171jt\u00f6tt seg\u00edts\u00e9g\u00fcnket.<\/p> <p>Az \u00f6sszegy\u0171jt\u00f6tt p\u00e9nzadom\u00e1nyb\u00f3l t\u00e9cs\u0151i testv\u00e9reink a k\u00f6z\u00fczemi d\u00edjakat fogj\u00e1k kifizetni. Az ut\u00f3bbi id\u0151ben T\u00e9cs\u0151n is jelent\u0151sen cs\u00f6kkent az otthonmaradottak l\u00e9tsz\u00e1ma, \u00edgy sokkal kevesebb a bev\u00e9tel\u00fck, ez\u00e9rt fontos a mi seg\u00edts\u00e9g\u00fcnk.<\/p> <p>A T\u00e9cs\u0151iek k\u00f6sz\u00f6nik hogy imm\u00e1r negyedszer seg\u00edtett\u00fcnk nekik ebben az \u00e9vben.<\/p> <p>Most a hollandiai delfti reform\u00e1tusok adom\u00e1ny\u00e1t is el tudtuk vinni K\u00e1rp\u00e1talj\u00e1ra.<\/p> <p>Istentisztelet\u00fcnk v\u00e9g\u00e9n a k\u00e1rp\u00e1taljai reform\u00e1tusok kedves \u00e9nek\u00e9t fogjuk \u00e9nekelni, amit az ottani reform\u00e1tus templomokban \u201ekivonul\u00f3ra\u201d \u00e9nekelnek: \u201eMindig velem Uram, mindig velem\u2026\u201d<\/p> <p><strong>K\u00f6sz\u00f6nt\u00e9s:<\/strong><\/p> <p>&#8211; Szeretettel k\u00f6sz\u00f6nt\u00f6m, Cor van Groningent \u00e9s Peter Gooijert, akik az\u00e9rt \u00e9rkeztek Hollandi\u00e1b\u00f3l, hogy a delftiek seg\u00edts\u00e9g\u00e9t elvigy\u00e9k T\u00e9cs\u0151re. Cor van Groningen m\u00e1r t\u00f6bbsz\u00f6r volt k\u00f6z\u00f6tt\u00fcnk, 2012. szeptember 16-\u00e1n a beiktat\u00e1somon is \u0151 k\u00f6sz\u00f6nt\u00f6tt a holland testv\u00e9rek r\u00e9sz\u00e9r\u0151l.<\/p> <p><strong>Temet\u00e9s:<\/strong><\/p> <p>&#8211; Az elm\u00falt h\u00e9ten, szeptember 9-\u00e9n, p\u00e9nteken temett\u00fck a R\u00e1koskereszt\u00fari \u00fajk\u00f6ztemet\u0151ben Mezei-R\u00e1cz M\u00e1rton h\u0171s\u00e9ges templomba j\u00e1r\u00f3 testv\u00e9r\u00fcnket, aki a R\u00e1k\u00f3czi utc\u00e1ban lakott \u00e9s augusztus 31-\u00e9n 82 \u00e9ves kor\u00e1ban hunyt el. A felt\u00e1mad\u00e1s ig\u00e9it a J\u00e1nos: 3, 16 alapj\u00e1n hirdett\u00fck: \u201eMert \u00fagy szerette Isten a vil\u00e1got, hogy egysz\u00fcl\u00f6tt Fi\u00e1t adta, hogy aki hisz \u0151benne el ne vesszen, hanem \u00f6r\u00f6k \u00e9lete legyen.\u201d \u00a0Isten vigasztal\u00e1s\u00e1t k\u00e9rj\u00fck elhunyt testv\u00e9r\u00fcnk feles\u00e9g\u00e9nek, gyermekeinek rokons\u00e1g\u00e1nak A Boldog Felt\u00e1mad\u00e1s Rem\u00e9nys\u00e9ge Alatt.<\/p> <p><strong>\u00a0<\/strong><\/p> <p><strong>\u00c1ll\u00e1s:<\/strong><\/p> <p>&#8211; Az Ady Endre Reform\u00e1tus \u00c1ltal\u00e1nos Iskol\u00e1ba keres\u00fcnk pedag\u00f3gusokat els\u0151sorban az als\u00f3 tagozatra \u00e9s takar\u00edt\u00f3kat. \u00c9rdekl\u0151dni Botka N\u00f3ra int\u00e9zm\u00e9nyvezet\u0151n\u00e9l, vagy a lelkip\u00e1sztorn\u00e1l lehet.<\/p> <p><strong>\u00a0\u00a0\u00a0\u00a0\u00a0\u00a0\u00a0\u00a0\u00a0\u00a0\u00a0\u00a0\u00a0\u00a0\u00a0\u00a0\u00a0\u00a0\u00a0\u00a0\u00a0 <\/strong><\/p> <p><strong>Templomtakar\u00edt\u00e1s:<\/strong><\/p> <p>&#8211; Ezen a h\u00e9ten \u00fajra szeretettel v\u00e1rjuk a testv\u00e9reket, <strong>p\u00e9nteken <\/strong>17 \u00f3r\u00e1t\u00f3l, hogy kitakar\u00edtsuk a templomot. K\u00f6sz\u00f6nj\u00fck azoknak, akik el nem m\u00fal\u00f3 szeretettel j\u00f6nnek h\u00e9tr\u0151l-h\u00e9tre takar\u00edtani, hogy templomunkban mindig tisztas\u00e1g \u00e9s rend lehessen alkalmainkra.<\/p> <p><strong>\u00a0<\/strong><\/p> <p><strong>Lectio: <\/strong>2 Korinthus: 1, 1-11 \u00e9s M\u00e1t\u00e9: 13, 1-23<\/p> <p><strong>Textus:<\/strong> 2 Korinthus: 1, 4<\/p> <p><strong>\u00c9nekek:<\/strong> \u00a0\u00a0\u00a0\u00a0\u00a0\u00a0\u00a0\u00a0\u00a0\u00a0\u00a0\u00a0\u00a0\u00a0\u00a0\u00a0\u00a0\u00a0\u00a0 \u00a0\u00a089: 1<\/p> <p>Heidelbergi K\u00e1t\u00e9 XXXVII. \u00darnapja<\/p> <p>89: 7-8 (\u00faj: 89: 4-5)<\/p> <p>164: 1-3 \u00a0(\u00faj: 202)<\/p> <p>338: 1 (\u00faj: 715)<\/p> <p>338: 2-4 (\u00faj: 715)<\/p> <p>799: 1<\/p> <p>Igehirdet\u0151: Harkai Ferenc lelkip\u00e1sztor<\/p> <p><strong><em>D\u00e9lut\u00e1n:<\/em><\/strong><\/p> <p><strong><em>Ady Endre Reform\u00e1tus \u00c1ltal\u00e1nos Iskola Tan\u00e9vnyit\u00f3 Istentisztelete<\/em><\/strong><\/p> <p><strong>\u00a0<\/strong><\/p> <p>\u00d6r\u00fcl\u00fcnk, hogy ebben az esztend\u0151ben az Ady Endre \u00c1ltal\u00e1nos Iskol\u00e1ban olyan fejleszt\u00e9st val\u00f3s\u00edthattunk meg, amelynek eredm\u00e9ny\u00e9t minden di\u00e1kunk \u00e9lvezheti. P\u00e1ly\u00e1zati forr\u00e1sb\u00f3l fel tudtuk \u00faj\u00edtani az \u00e9tkez\u0151 padl\u00f3- \u00a0\u00e9s falburkolat\u00e1t, \u00e9s be tudtunk szerezni \u00faj \u00e9t- \u00e9s ev\u0151eszk\u00f6zk\u00e9szleteket. Ebben az esztend\u0151ben is fel\u00faj\u00edtottuk azt a k\u00e9t termet, amibe az els\u0151 oszt\u00e1lyok ker\u00fcltek elhelyez\u00e9sre. A pedag\u00f3gusaink \u00f6r\u00f6mmel haszn\u00e1lj\u00e1k az \u00faj interakt\u00edv kijelz\u0151t, mert az els\u0151 k\u00e9t oszt\u00e1ly termeibe \u00faj interakt\u00edv t\u00e1bl\u00e1kat is be tudtunk szerelni. A gyermekek az els\u0151 k\u00e9t \u00e9vfolyamon \u00f6r\u00f6mmel vehett\u00e9k birtokba az \u00faj sz\u00e9keket \u00e9s asztalokat a tantermeikben.<\/p> <p>K\u00f6sz\u00f6n\u00f6m f\u0151gondnok \u00farnak, hogy koordin\u00e1lta az iskol\u00e1ban foly\u00f3 fel\u00faj\u00edt\u00e1sokat.<\/p> <p>Soli Deo gloria \u2013 Egyed\u00fcl Isten\u00e9 a dics\u0151s\u00e9g!<\/p> <p><strong>Lectio:<\/strong> J\u00e1nos: 15, 1-8; Zsolt\u00e1rok: 6, 1-11; 1 M\u00f3zes: 29, 1-20<\/p> <p><strong>\u00a0<\/strong><\/p> <p><strong>Textus: <\/strong>Zsolt\u00e1rok: 6, 10<\/p> <p><strong>\u00a0<\/strong><\/p> <p><strong>Heidelbergi K\u00e1t\u00e9:<\/strong> XXXVII. \u00darnapja<\/p> <p><strong>\u00c9nekek:<\/strong> \u00a0\u00a0\u00a0\u00a0\u00a0\u00a0\u00a0\u00a0\u00a0\u00a0\u00a0\u00a0\u00a0\u00a0\u00a0\u00a0\u00a0\u00a0\u00a0 \u00a0\u00a090: 1<\/p> <p>356: 1 (\u00faj: 513)<\/p> <p>Orgonaj\u00e1t\u00e9k<\/p> <p>Esk\u00fc, Biblia \u00e1tad\u00e1s<\/p> <p>Im\u00e1ds\u00e1g, Hirdet\u00e9sek<\/p> <p>90:\u00a0 9<\/p> <p>799: 1<\/p> <p>Himnusz<\/p> <p>Igehirdet\u0151: Harkai Ferenc<\/p> ","protected":false},"excerpt":{"rendered":"<p>Aki szeretn\u00e9 a Hirdet\u00e9seket emailben is megkapni k\u00e9rj\u00fck, jelezze szem\u00e9lyesen a Lelk\u00e9szi hivatalban. \u00a0 Alakalmaink:\u00a0\u00a0\u00a0\u00a0\u00a0\u00a0\u00a0\u00a0\u00a0\u00a0\u00a0\u00a0\u00a0\u00a0\u00a0\u00a0\u00a0\u00a0\u00a0\u00a0\u00a0\u00a0\u00a0\u00a0\u00a0\u00a0\u00a0\u00a0\u00a0\u00a0\u00a0\u00a0\u00a0\u00a0\u00a0\u00a0\u00a0\u00a0\u00a0\u00a0\u00a0\u00a0\u00a0\u00a0\u00a0\u00a0\u00a0\u00a0\u00a0\u00a0\u00a0\u00a0\u00a0\u00a0\u00a0\u00a0\u00a0\u00a0\u00a0\u00a0\u00a0\u00a0\u00a0\u00a0\u00a0\u00a0\u00a0\u00a0\u00a0\u00a0\u00a0\u00a0\u00a0\u00a0\u00a0\u00a0\u00a0\u00a0\u00a0\u00a0\u00a0\u00a0\u00a0\u00a0\u00a0\u00a0\u00a0\u00a0\u00a0\u00a0\u00a0\u00a0\u00a0\u00a0\u00a0\u00a0\u00a0\u00a0\u00a0\u00a0\u00a0\u00a0\u00a0\u00a0\u00a0\u00a0\u00a0\u00a0 &#8211; Ma 18 \u00f3rakor is lesz istentiszteletet itt a templomban ez egyben az Ady Endre Reform\u00e1tus \u00c1ltal\u00e1nos Iskola di\u00e1kjainak \u00e9s tan\u00e1rainak a tan\u00e9vkezd\u0151 istentisztelete, ami ut\u00e1n szeretetvend\u00e9gs\u00e9get is tartunk (online k\u00f6zvet\u00edtve: https:\/\/kkre.hu\/wpm\/) &#8211; Szerd\u00e1n 18 \u00f3rakor lesz istentiszteletet itt a&hellip;<\/p>\n","protected":false},"author":15,"featured_media":0,"comment_status":"closed","ping_status":"closed","sticky":false,"template":"","format":"standard","meta":[],"categories":[17],"tags":[],"acf":[],"_links":{"self":[{"href":"https:\/\/kkre.hu\/wpm\/wp-json\/wp\/v2\/posts\/18517"}],"collection":[{"href":"https:\/\/kkre.hu\/wpm\/wp-json\/wp\/v2\/posts"}],"about":[{"href":"https:\/\/kkre.hu\/wpm\/wp-json\/wp\/v2\/types\/post"}],"author":[{"embeddable":true,"href":"https:\/\/kkre.hu\/wpm\/wp-json\/wp\/v2\/users\/15"}],"replies":[{"embeddable":true,"href":"https:\/\/kkre.hu\/wpm\/wp-json\/wp\/v2\/comments?post=18517"}],"version-history":[{"count":2,"href":"https:\/\/kkre.hu\/wpm\/wp-json\/wp\/v2\/posts\/18517\/revisions"}],"predecessor-version":[{"id":18519,"href":"https:\/\/kkre.hu\/wpm\/wp-json\/wp\/v2\/posts\/18517\/revisions\/18519"}],"wp:attachment":[{"href":"https:\/\/kkre.hu\/wpm\/wp-json\/wp\/v2\/media?parent=18517"}],"wp:term":[{"taxonomy":"category","embeddable":true,"href":"https:\/\/kkre.hu\/wpm\/wp-json\/wp\/v2\/categories?post=18517"},{"taxonomy":"post_tag","embeddable":true,"href":"https:\/\/kkre.hu\/wpm\/wp-json\/wp\/v2\/tags?post=18517"}],"curies":[{"name":"wp","href":"https:\/\/api.w.org\/{rel}","templated":true}]}}