{"id":18521,"date":"2022-09-19T08:00:13","date_gmt":"2022-09-19T06:00:13","guid":{"rendered":"https:\/\/kkre.hu\/wpm\/?p=18521"},"modified":"2022-09-19T08:00:32","modified_gmt":"2022-09-19T06:00:32","slug":"hirdetesek-2022-szeptember-18","status":"publish","type":"post","link":"https:\/\/kkre.hu\/wpm\/blog\/2022\/09\/19\/hirdetesek-2022-szeptember-18\/","title":{"rendered":"Hirdet\u00e9sek, 2022 szeptember 18."},"content":{"rendered":"<p><strong>Aki szeretn\u00e9 a Hirdet\u00e9seket emailben is megkapni k\u00e9rj\u00fck, jelezze szem\u00e9lyesen a Lelk\u00e9szi hivatalban.<\/strong><\/p> <p><strong>Seg\u00edts\u00e9gny\u00fajt\u00e1s K\u00e1rp\u00e1talj\u00e1ra, Ukrajn\u00e1ba:<\/strong><\/p> <p>&#8211; K\u00e1rp\u00e1taljai testv\u00e9reinket folyamatosan k\u00edv\u00e1njuk t\u00e1mogatni, ez\u00e9rt az adom\u00e1nygy\u0171jt\u0151 perselyt kint hagytuk a templom h\u00e1tulj\u00e1ban, ebbe lehet az Ukrajn\u00e1ba sz\u00e1nt t\u00e1mogat\u00e1sokat elhelyezni.<\/p> <p>A k\u00f6vetkez\u0151 utunk el\u0151tt pedig majd fogjuk jelezni, hogy milyen \u00e9lelmiszeradom\u00e1nyokra van sz\u00fcks\u00e9g, addig k\u00e9rj\u00fck a testv\u00e9reket, ilyen felaj\u00e1nl\u00e1sokat ne hozzanak, hiszen azt nek\u00fcnk is t\u00e1rolni kell.<\/p> <p>Istentisztelet\u00fcnk v\u00e9g\u00e9n a k\u00e1rp\u00e1taljai reform\u00e1tusok kedves \u00e9nek\u00e9t fogjuk \u00e9nekelni, amit az ottani reform\u00e1tus templomokban \u201ekivonul\u00f3ra\u201d \u00e9nekelnek: \u201eMindig velem Uram, mindig velem\u2026\u201d<\/p> <p><strong>\u00a0<\/strong><\/p> <p><strong>Alakalmaink:\u00a0\u00a0\u00a0\u00a0\u00a0\u00a0\u00a0\u00a0\u00a0\u00a0\u00a0\u00a0\u00a0\u00a0\u00a0\u00a0\u00a0\u00a0\u00a0\u00a0\u00a0\u00a0\u00a0\u00a0\u00a0\u00a0\u00a0\u00a0\u00a0\u00a0\u00a0\u00a0\u00a0\u00a0\u00a0\u00a0\u00a0\u00a0\u00a0\u00a0\u00a0\u00a0\u00a0\u00a0\u00a0\u00a0\u00a0\u00a0\u00a0\u00a0\u00a0\u00a0\u00a0\u00a0\u00a0\u00a0\u00a0\u00a0\u00a0\u00a0\u00a0\u00a0\u00a0\u00a0\u00a0\u00a0\u00a0\u00a0\u00a0\u00a0\u00a0\u00a0\u00a0\u00a0\u00a0\u00a0\u00a0\u00a0\u00a0\u00a0\u00a0\u00a0\u00a0\u00a0\u00a0\u00a0\u00a0\u00a0\u00a0\u00a0\u00a0\u00a0\u00a0\u00a0\u00a0\u00a0\u00a0\u00a0\u00a0\u00a0\u00a0\u00a0\u00a0\u00a0\u00a0\u00a0\u00a0\u00a0 <\/strong><\/p> <p>&#8211; Ma <strong>18 \u00f3rakor<\/strong> is lesz istentiszteletet itt a templomban ez egyben a Sz\u0151l\u0151skert Reform\u00e1tus \u00d3voda k\u00f6z\u00f6ss\u00e9g\u00e9nek nevel\u00e9si \u00e9vkezd\u0151 istentisztelete, ami ut\u00e1n szeretetvend\u00e9gs\u00e9get is tartunk (online k\u00f6zvet\u00edtve: <a href=\"https:\/\/kkre.hu\/wpm\/\">https:\/\/kkre.hu\/wpm\/<\/a>)<\/p> <p>&#8211; Szerd\u00e1n 18 \u00f3rakor <strong>lesz <\/strong>istentiszteletet itt a templomban (online k\u00f6zvet\u00edtve: <a href=\"https:\/\/kkre.hu\/wpm\/\">https:\/\/kkre.hu\/wpm\/<\/a>)<\/p> <p>&#8211; J\u00f6v\u0151 <strong>vas\u00e1rnap<\/strong> <strong>10 \u00f3ra<\/strong>kor lesz <strong>istentisztelet<\/strong> itt a templomban, az igehirdet\u00e9s el\u0151tt a gyermekek kimehetnek gyermekistentiszteletre a gy\u00fclekezeti h\u00e1z alagsor\u00e1ba a gy\u00fclekezeti terembe (online k\u00f6zvet\u00edtve: <a href=\"https:\/\/kkre.hu\/wpm\/\">https:\/\/kkre.hu\/wpm\/<\/a>)<\/p> <p>&#8211; J\u00f6v\u0151 vas\u00e1rnap <strong>18 \u00f3ra<\/strong>kor is tartunk <strong>istentiszteletet<\/strong> itt a templomban, amely orgonazen\u00e9s istentisztelet lesz, amelyen Szotyori Nagy G\u00e1bor orgonam\u0171v\u00e9sz\u00fcnk fog j\u00e1tszani\u00a0 (online k\u00f6zvet\u00edtve: <a href=\"https:\/\/kkre.hu\/wpm\/\">https:\/\/kkre.hu\/wpm\/<\/a>)<\/p> <p><strong>Konfirm\u00e1ci\u00f3:<\/strong><\/p> <p>&#8211; Lassan elkezd\u0151dnek a konfirmandus \u00f3r\u00e1k is.<\/p> <p>&#8211; Szeptember 29-\u00e9n, cs\u00fct\u00f6rt\u00f6k\u00f6n 17 \u00f3rakor lesz azoknak az \u00f3r\u00e1ja, akik m\u00e1r tavaly is cs\u00fct\u00f6rt\u00f6k\u00f6n j\u00e1rtak.<\/p> <p>&#8211; Szeptember 29-\u00e9n, cs\u00fct\u00f6rt\u00f6k\u00f6n 16 \u00f3rakor lesz azoknak az els\u0151 \u00f3r\u00e1ja, akik tavaly szerd\u00e1n j\u00e1rtak<\/p> <p>&#8211; Okt\u00f3ber 5-\u00e9n, szerd\u00e1n 16 \u00f3rakor v\u00e1rjuk azokat, akik m\u00e1r legal\u00e1bb 8. oszt\u00e1lyosok \u00e9s eddig nem j\u00e1rtak konfirm\u00e1ci\u00f3 el\u0151k\u00e9sz\u00edt\u0151re.<\/p> <p><strong>Beiktat\u00e1s:<\/strong><\/p> <p>&#8211; Budapest-Soroks\u00e1r-\u00dajtelepi Reform\u00e1tus Egyh\u00e1zk\u00f6zs\u00e9gben ma 15 \u00f3rakor lesz nagytisztelet\u0171 P\u00e9terffy Gy\u00f6rgy lelkip\u00e1sztor \u00far beiktat\u00e1sa.<\/p> <p><strong>R\u00e1day H\u00e1z \u00e1tad\u00e1sa:<\/strong><\/p> <p>&#8211; 2019 janu\u00e1rj\u00e1ban rong\u00e1l\u00f3dott meg a R\u00e1day utcai reform\u00e1tus koll\u00e9gium \u00e9p\u00fclete egy t\u0171zesetben. Az\u00f3ta fel\u00e9p\u00fclt egy \u00faj koll\u00e9gium \u00e9s meg\u00fajult az Egyh\u00e1zker\u00fclet Sz\u00e9kh\u00e1za is. Ebb\u0151l az alkalomb\u00f3l szeptember 29-t\u0151l egy h\u00e1rom napos program lesz, amely r\u00e9szletei itt tal\u00e1lhat\u00f3ak meg: <a href=\"https:\/\/www.parokia.hu\/v\/talalkozzunk-a-raday-napokon\/\">https:\/\/www.parokia.hu\/v\/talalkozzunk-a-raday-napokon\/<\/a><\/p> <p><strong>\u00a0<\/strong><\/p> <p><strong>Szotyori Nagy G\u00e1bor orgonahangversenyei:<\/strong><\/p> <p>&#8211; Okt\u00f3berben Szotyori Nagy G\u00e1bor orgonam\u0171v\u00e9sz\u00fcnk 3 koncertet is fog adni a Szent Istv\u00e1n Bazilik\u00e1ban. R\u00e9szletes program itt tal\u00e1lhat\u00f3:\u00a0 <a href=\"https:\/\/www.facebook.com\/gaborgan\/\">https:\/\/www.facebook.com\/gaborgan\/<\/a><\/p> <p><strong>\u00a0<\/strong><\/p> <p><strong>\u00c1ll\u00e1s:<\/strong><\/p> <p>&#8211; Az Ady Endre Reform\u00e1tus \u00c1ltal\u00e1nos Iskol\u00e1ba keres\u00fcnk pedag\u00f3gusokat els\u0151sorban az als\u00f3 tagozatra \u00e9s takar\u00edt\u00f3kat. \u00c9rdekl\u0151dni Botka N\u00f3ra int\u00e9zm\u00e9nyvezet\u0151n\u00e9l, vagy a lelkip\u00e1sztorn\u00e1l lehet.<\/p> <p>Sz\u0151l\u0151skert Reform\u00e1tus \u00d3vod\u00e1ba dajk\u00e1t keres\u00fcnk \u00e9rdekl\u0151dni Rajkin\u00e9 S\u00f6r\u00f6s Andrea int\u00e9zm\u00e9nyvezet\u0151n\u00e9l, vagy a lelkip\u00e1sztorn\u00e1l lehet.<\/p> <p><strong>\u00a0\u00a0\u00a0\u00a0\u00a0\u00a0\u00a0\u00a0\u00a0\u00a0\u00a0\u00a0\u00a0\u00a0\u00a0\u00a0\u00a0\u00a0\u00a0\u00a0\u00a0 <\/strong><\/p> <p><strong>Templomtakar\u00edt\u00e1s:<\/strong><\/p> <p>&#8211; Ezen a h\u00e9ten \u00fajra szeretettel v\u00e1rjuk a testv\u00e9reket, <strong>p\u00e9nteken <\/strong>17 \u00f3r\u00e1t\u00f3l, hogy kitakar\u00edtsuk a templomot. K\u00f6sz\u00f6nj\u00fck azoknak, akik el nem m\u00fal\u00f3 szeretettel j\u00f6nnek h\u00e9tr\u0151l-h\u00e9tre takar\u00edtani, hogy templomunkban mindig tisztas\u00e1g \u00e9s rend lehessen alkalmainkra.<\/p> <p><strong>\u00a0<\/strong><\/p> <p><strong>Lectio: <\/strong>2 Korinthus: 4, 13-5, 10<\/p> <p><strong>Textus:<\/strong> 2 Korinthus: 5, 1<\/p> <p><strong>\u00c9nekek:<\/strong> \u00a0\u00a0\u00a0\u00a0\u00a0\u00a0\u00a0\u00a0\u00a0\u00a0\u00a0\u00a0\u00a0\u00a0\u00a0\u00a0\u00a0\u00a0\u00a0 \u00a0\u00a013: 1<\/p> <p>329: 2 (\u00faj: 412)<\/p> <p>Ker.: Kincses D\u00f3ra Amanda &#8211; Zsolt\u00e1rok: 13: 4<\/p> <p>Sz\u00fcl\u0151k: Kincses L\u00e1szl\u00f3 K\u00e1roly \u00e9s Oscsadnics\u00e1n Gy\u00f6rgyi Amanda<\/p> <p>Heidelbergi K\u00e1t\u00e9 XXXVIII. \u00darnapja<\/p> <p>151(\u00faj: 261)<\/p> <p>458: 1-4 \u00a0(\u00faj: 757)<\/p> <p>347: \u00a0(\u00faj: 519)<\/p> <p>347: 2-5\u00a0 (\u00faj: 519)<\/p> <p>799: 1<\/p> <p>Igehirdet\u0151: Harkai Ferenc lelkip\u00e1sztor<\/p> <p><strong><em>D\u00e9lut\u00e1n:<\/em><\/strong><\/p> <p><strong><em>\u00a0<\/em><\/strong><\/p> <p><strong><em>Sz\u0151l\u0151skert Reform\u00e1tus \u00d3voda nevel\u00e9si \u00e9vnyit\u00f3 Istentisztelete<\/em><\/strong><\/p> <p><strong>\u00a0<\/strong><\/p> <p>H\u00e1laad\u00e1ssal kezdj\u00fck imm\u00e1r a 9. nevel\u00e9si \u00e9vet a Sz\u0151l\u0151skert Reform\u00e1tus \u00d3vod\u00e1ban. K\u00f6sz\u00f6nj\u00fck, hogy J\u00f3zsa J\u00f3zsef kur\u00e1tor \u00far vezet\u00e9s\u00e9vel id\u00e9n ny\u00e1ron is a sz\u00fcks\u00e9ges karbantart\u00e1sokat el tudtuk v\u00e9gezni \u00e9s \u00edgy v\u00e1ltozatlanul rendezett k\u00f6r\u00fclm\u00e9nyek k\u00f6z\u00f6tt nevelhetj\u00fck a r\u00e1nk b\u00edzott gyermekeket.<\/p> <p>\u00d3vod\u00e1nkban jelenleg a mostani \u00e9p\u00fclet biztos\u00edtotta lehet\u0151s\u00e9gek k\u00f6z\u00f6tt 72 kisgyermek nevel\u00e9s\u00e9t tudjuk biztos\u00edtani 7 \u00f3vodapedag\u00f3gus, egy pedag\u00f3giai asszisztens \u00e9s 4 nevel\u0151-oktat\u00f3 munk\u00e1t k\u00f6zvetlen\u00fcl seg\u00edt\u0151 f\u0151\u00e1ll\u00e1s\u00fa munkat\u00e1rssal, tov\u00e1bb\u00e1 egy megb\u00edzott logop\u00e9dus \u00e9s mozg\u00e1sfejleszt\u0151 munkat\u00e1rssal.<\/p> <p>H\u00e1l\u00e1sak vagyunk, hogy mindaz, amit \u00f3vod\u00e1nk alap\u00edt\u00e1sakor tervezt\u00fcnk val\u00f3s\u00e1gg\u00e1 lesz, \u00e9s sok kor\u00e1bbi Sz\u0151l\u0151skertes gyermek imm\u00e1r az Ady Endre Reform\u00e1tus \u00c1ltal\u00e1nos Iskola di\u00e1kja, \u00e9s \u00edgy megval\u00f3sul a tervezett misszi\u00f3nk! Soli Deo gloria \u2013 Egyed\u00fcl Isten\u00e9 a dics\u0151s\u00e9g!<\/p> <p><strong>Lectio:<\/strong> J\u00e1nos: 15, 1-8; Zsolt\u00e1rok: 6, 1-11; 1 M\u00f3zes: 33, 1-20<\/p> <p><strong>\u00a0<\/strong><\/p> <p><strong>Textus: <\/strong>Zsolt\u00e1rok: 6, 10<\/p> <p><strong>\u00a0<\/strong><\/p> <p><strong>Heidelbergi K\u00e1t\u00e9:<\/strong> XXXVIII. \u00darnapja<\/p> <p><strong>\u00c9nekek:<\/strong><\/p> <p>356: 1 (\u00faj: 513)<\/p> <p>6: 1<\/p> <p>Im\u00e1ds\u00e1g, Hirdet\u00e9sek<\/p> <p>90:\u00a0 1, 9<\/p> <p>799: 1<\/p> <p>Himnusz<\/p> <p><strong>\u00a0<\/strong><\/p> <p>Igehirdet\u0151: Harkai Ferenc<\/p> ","protected":false},"excerpt":{"rendered":"<p>Aki szeretn\u00e9 a Hirdet\u00e9seket emailben is megkapni k\u00e9rj\u00fck, jelezze szem\u00e9lyesen a Lelk\u00e9szi hivatalban. Seg\u00edts\u00e9gny\u00fajt\u00e1s K\u00e1rp\u00e1talj\u00e1ra, Ukrajn\u00e1ba: &#8211; K\u00e1rp\u00e1taljai testv\u00e9reinket folyamatosan k\u00edv\u00e1njuk t\u00e1mogatni, ez\u00e9rt az adom\u00e1nygy\u0171jt\u0151 perselyt kint hagytuk a templom h\u00e1tulj\u00e1ban, ebbe lehet az Ukrajn\u00e1ba sz\u00e1nt t\u00e1mogat\u00e1sokat elhelyezni. A k\u00f6vetkez\u0151 utunk el\u0151tt pedig majd fogjuk jelezni, hogy milyen \u00e9lelmiszeradom\u00e1nyokra van sz\u00fcks\u00e9g, addig k\u00e9rj\u00fck a testv\u00e9reket,&hellip;<\/p>\n","protected":false},"author":15,"featured_media":0,"comment_status":"closed","ping_status":"closed","sticky":false,"template":"","format":"standard","meta":[],"categories":[17],"tags":[],"acf":[],"_links":{"self":[{"href":"https:\/\/kkre.hu\/wpm\/wp-json\/wp\/v2\/posts\/18521"}],"collection":[{"href":"https:\/\/kkre.hu\/wpm\/wp-json\/wp\/v2\/posts"}],"about":[{"href":"https:\/\/kkre.hu\/wpm\/wp-json\/wp\/v2\/types\/post"}],"author":[{"embeddable":true,"href":"https:\/\/kkre.hu\/wpm\/wp-json\/wp\/v2\/users\/15"}],"replies":[{"embeddable":true,"href":"https:\/\/kkre.hu\/wpm\/wp-json\/wp\/v2\/comments?post=18521"}],"version-history":[{"count":2,"href":"https:\/\/kkre.hu\/wpm\/wp-json\/wp\/v2\/posts\/18521\/revisions"}],"predecessor-version":[{"id":18523,"href":"https:\/\/kkre.hu\/wpm\/wp-json\/wp\/v2\/posts\/18521\/revisions\/18523"}],"wp:attachment":[{"href":"https:\/\/kkre.hu\/wpm\/wp-json\/wp\/v2\/media?parent=18521"}],"wp:term":[{"taxonomy":"category","embeddable":true,"href":"https:\/\/kkre.hu\/wpm\/wp-json\/wp\/v2\/categories?post=18521"},{"taxonomy":"post_tag","embeddable":true,"href":"https:\/\/kkre.hu\/wpm\/wp-json\/wp\/v2\/tags?post=18521"}],"curies":[{"name":"wp","href":"https:\/\/api.w.org\/{rel}","templated":true}]}}