{"id":18534,"date":"2022-09-26T10:01:28","date_gmt":"2022-09-26T08:01:28","guid":{"rendered":"https:\/\/kkre.hu\/wpm\/?p=18534"},"modified":"2022-09-26T10:04:37","modified_gmt":"2022-09-26T08:04:37","slug":"hirdetesek-2022-szeptember-25","status":"publish","type":"post","link":"https:\/\/kkre.hu\/wpm\/blog\/2022\/09\/26\/hirdetesek-2022-szeptember-25\/","title":{"rendered":"Hirdet\u00e9sek, 2022. szeptember 25."},"content":{"rendered":"<p><strong>Aki szeretn\u00e9 a Hirdet\u00e9seket emailben is megkapni k\u00e9rj\u00fck, jelezze szem\u00e9lyesen a Lelk\u00e9szi hivatalban.<\/strong><\/p> <p><strong>Seg\u00edts\u00e9gny\u00fajt\u00e1s K\u00e1rp\u00e1talj\u00e1ra, Ukrajn\u00e1ba:<\/strong><\/p> <p>&#8211; K\u00e1rp\u00e1taljai testv\u00e9reinket folyamatosan k\u00edv\u00e1njuk t\u00e1mogatni, ez\u00e9rt az adom\u00e1nygy\u0171jt\u0151 perselyt kint hagytuk a templom h\u00e1tulj\u00e1ban, ebbe lehet az Ukrajn\u00e1ba sz\u00e1nt t\u00e1mogat\u00e1sokat elhelyezni.<\/p> <p>A k\u00f6vetkez\u0151 utunk el\u0151tt pedig majd fogjuk jelezni, hogy milyen \u00e9lelmiszeradom\u00e1nyokra van sz\u00fcks\u00e9g, addig k\u00e9rj\u00fck a testv\u00e9reket, ilyen felaj\u00e1nl\u00e1sokat ne hozzanak, hiszen azt nek\u00fcnk is t\u00e1rolni kell.<\/p> <p>Istentisztelet\u00fcnk v\u00e9g\u00e9n a k\u00e1rp\u00e1taljai reform\u00e1tusok kedves \u00e9nek\u00e9t fogjuk \u00e9nekelni, amit az ottani reform\u00e1tus templomokban \u201ekivonul\u00f3ra\u201d \u00e9nekelnek: \u201eMindig velem Uram, mindig velem\u2026\u201d<\/p> <p><strong>\u00a0<\/strong><\/p> <p><strong>Alakalmaink:\u00a0\u00a0\u00a0\u00a0\u00a0\u00a0\u00a0\u00a0\u00a0\u00a0\u00a0\u00a0\u00a0\u00a0\u00a0\u00a0\u00a0\u00a0\u00a0\u00a0\u00a0\u00a0\u00a0\u00a0\u00a0\u00a0\u00a0\u00a0\u00a0\u00a0\u00a0\u00a0\u00a0\u00a0\u00a0\u00a0\u00a0\u00a0\u00a0\u00a0\u00a0\u00a0\u00a0\u00a0\u00a0\u00a0\u00a0\u00a0\u00a0\u00a0\u00a0\u00a0\u00a0\u00a0\u00a0\u00a0\u00a0\u00a0\u00a0\u00a0\u00a0\u00a0\u00a0\u00a0\u00a0\u00a0\u00a0\u00a0\u00a0\u00a0\u00a0\u00a0\u00a0\u00a0\u00a0\u00a0\u00a0\u00a0\u00a0\u00a0\u00a0\u00a0\u00a0\u00a0\u00a0\u00a0\u00a0\u00a0\u00a0\u00a0\u00a0\u00a0\u00a0\u00a0\u00a0\u00a0\u00a0\u00a0\u00a0\u00a0\u00a0\u00a0\u00a0\u00a0\u00a0\u00a0\u00a0\u00a0 <\/strong><\/p> <p>&#8211; Ma <strong>18 \u00f3ra<\/strong>kor orgonazen\u00e9s istentisztelet lesz itt a templomban, amelyen Szotyori Nagy G\u00e1bor orgonam\u0171v\u00e9sz\u00fcnk fog j\u00e1tszani (online k\u00f6zvet\u00edtve: <a href=\"https:\/\/kkre.hu\/wpm\/\">https:\/\/kkre.hu\/wpm\/<\/a>)<\/p> <p>&#8211; Szerd\u00e1n 18 \u00f3rakor <strong>lesz <\/strong>istentiszteletet itt a templomban (online k\u00f6zvet\u00edtve: <a href=\"https:\/\/kkre.hu\/wpm\/\">https:\/\/kkre.hu\/wpm\/<\/a>)<\/p> <p>&#8211; J\u00f6v\u0151 <strong>vas\u00e1rnap<\/strong> <strong>10 \u00f3ra<\/strong>kor lesz <strong>istentisztelet<\/strong> itt a templomban, az igehirdet\u00e9s el\u0151tt a gyermekek kimehetnek gyermekistentiszteletre a gy\u00fclekezeti h\u00e1z alagsor\u00e1ba a gy\u00fclekezeti terembe. Rem\u00e9nys\u00e9g\u00fcnk szerint ekkor fogjuk megkeresztelni n\u00e9hai Pekarek Tibor \u00e9s Telekesi Orsolya le\u00e1ny\u00e1t Rit\u00e1t \u00e9s T\u00f6r\u00f6k B\u00e1lint \u00e9s Pekarek Rita gyermekeit Esztert \u00e9s Ann\u00e1t. Hordozzuk im\u00e1ds\u00e1gban a keresztel\u0151re k\u00e9sz\u00fcl\u0151 csal\u00e1dot! (online k\u00f6zvet\u00edtve: <a href=\"https:\/\/kkre.hu\/wpm\/\">https:\/\/kkre.hu\/wpm\/<\/a>)<\/p> <p>J\u00f6v\u0151 vas\u00e1rnap <strong>18 \u00f3ra<\/strong>kor is fogunk <strong>istentiszteletet<\/strong> tartani itt a templomban (online k\u00f6zvet\u00edtve: <a href=\"https:\/\/kkre.hu\/wpm\/\">https:\/\/kkre.hu\/wpm\/<\/a>)<\/p> <p><strong>Konfirm\u00e1ci\u00f3:<\/strong><\/p> <p>&#8211; Cs\u00fct\u00f6rt\u00f6k\u00f6n 17 \u00f3rakor lesz azoknak a konfirmandus \u00f3r\u00e1ja, akik m\u00e1r tavaly is cs\u00fct\u00f6rt\u00f6k\u00f6n j\u00e1rtak.<\/p> <p>&#8211; Cs\u00fct\u00f6rt\u00f6k\u00f6n 16 \u00f3rakor v\u00e1rjuk azokat, akik tavaly szerd\u00e1n j\u00e1rtak<\/p> <p>&#8211; Okt\u00f3ber 5-\u00e9n, szerd\u00e1n 16 \u00f3rakor v\u00e1rjuk azokat, akik m\u00e1r legal\u00e1bb 8. oszt\u00e1lyosok \u00e9s eddig nem j\u00e1rtak konfirm\u00e1ci\u00f3 el\u0151k\u00e9sz\u00edt\u0151re.<\/p> <p><strong>R\u00e1day H\u00e1z \u00e1tad\u00e1sa:<\/strong><\/p> <p>&#8211; 2019 janu\u00e1rj\u00e1ban rong\u00e1l\u00f3dott meg a R\u00e1day utcai reform\u00e1tus koll\u00e9gium \u00e9p\u00fclete egy t\u0171zesetben. Az\u00f3ta fel\u00e9p\u00fclt egy \u00faj koll\u00e9gium \u00e9s meg\u00fajult az Egyh\u00e1zker\u00fclet Sz\u00e9kh\u00e1za is. Ebb\u0151l az alkalomb\u00f3l szeptember 29-t\u0151l egy h\u00e1rom napos program lesz, amely r\u00e9szletei itt tal\u00e1lhat\u00f3ak meg: <a href=\"https:\/\/www.parokia.hu\/v\/talalkozzunk-a-raday-napokon\/\">https:\/\/www.parokia.hu\/v\/talalkozzunk-a-raday-napokon\/<\/a><\/p> <p><strong>\u00a0<\/strong><\/p> <p><strong>Gy\u00fclekezeti t\u00fara:<\/strong><\/p> <p>&#8211; Hossz\u00fa kihagy\u00e1s ut\u00e1n okt\u00f3ber elsej\u00e9n gy\u00fclekezeti t\u00far\u00e1t szervez\u00fcnk ez\u00fattal Pilisbe. \u00c9rdekl\u0151dni \u00e9s jelentkezni Szab\u00f3 Tam\u00e1sn\u00e1l \u00e9s J\u00f3zsa G\u00e1born\u00e1l lehet. A tervezett indul\u00e1s szombat reggel 9 \u00f3ra gy\u00fclekezeti h\u00e1z el\u00f6l. Szerda este az istentisztelet ut\u00e1n lehet m\u00e9g err\u0151l a programr\u00f3l besz\u00e9lgetni.<\/p> <p><strong>\u00a0<\/strong><\/p> <p><strong>Szotyori Nagy G\u00e1bor orgonahangversenyei:<\/strong><\/p> <p>&#8211; Okt\u00f3berben Szotyori Nagy G\u00e1bor orgonam\u0171v\u00e9sz\u00fcnk 3 koncertet is fog adni a Szent Istv\u00e1n Bazilik\u00e1ban. R\u00e9szletes program itt tal\u00e1lhat\u00f3: <a href=\"https:\/\/www.facebook.com\/gaborgan\/\">https:\/\/www.facebook.com\/gaborgan\/<\/a><\/p> <p><strong>\u00a0<\/strong><\/p> <p><strong>\u00c1ll\u00e1s:<\/strong><\/p> <p>&#8211; Az Ady Endre Reform\u00e1tus \u00c1ltal\u00e1nos Iskol\u00e1ba keres\u00fcnk pedag\u00f3gusokat els\u0151sorban az als\u00f3 tagozatra \u00e9s takar\u00edt\u00f3kat. \u00c9rdekl\u0151dni Botka N\u00f3ra int\u00e9zm\u00e9nyvezet\u0151n\u00e9l, vagy a lelkip\u00e1sztorn\u00e1l lehet.<\/p> <p>Sz\u0151l\u0151skert Reform\u00e1tus \u00d3vod\u00e1ba dajk\u00e1t keres\u00fcnk \u00e9rdekl\u0151dni Rajkin\u00e9 S\u00f6r\u00f6s Andrea int\u00e9zm\u00e9nyvezet\u0151n\u00e9l, vagy a lelkip\u00e1sztorn\u00e1l lehet.<\/p> <p><strong>\u00a0\u00a0\u00a0\u00a0\u00a0\u00a0\u00a0\u00a0\u00a0\u00a0\u00a0\u00a0\u00a0\u00a0\u00a0\u00a0\u00a0\u00a0\u00a0\u00a0\u00a0 <\/strong><\/p> <p><strong>Templomtakar\u00edt\u00e1s:<\/strong><\/p> <p>&#8211; Ezen a h\u00e9ten \u00fajra szeretettel v\u00e1rjuk a testv\u00e9reket, <strong>p\u00e9nteken <\/strong>17 \u00f3r\u00e1t\u00f3l, hogy kitakar\u00edtsuk a templomot. K\u00f6sz\u00f6nj\u00fck azoknak, akik el nem m\u00fal\u00f3 szeretettel j\u00f6nnek h\u00e9tr\u0151l-h\u00e9tre takar\u00edtani, hogy templomunkban mindig tisztas\u00e1g \u00e9s rend lehessen alkalmainkra.<\/p> <p><strong>Lectio:<\/strong> Zsolt\u00e1rok: 62, 2-9<\/p> <p><strong>Textus:<\/strong> Luk\u00e1cs: 18: 9-14<\/p> <p><strong>\u00c9nekek:<\/strong> \u00a0\u00a0\u00a0\u00a0\u00a0\u00a0\u00a0\u00a0\u00a0\u00a0\u00a0\u00a0\u00a0\u00a0\u00a0\u00a0\u00a0\u00a0\u00a0 \u00a0\u00a062: 1<\/p> <p>Heidelbergi K\u00e1t\u00e9 XXXIX. \u00darnapja<\/p> <p>264: 1-3 (\u00faj: 249)<\/p> <p>162: 1-3 (\u00faj: 224)<\/p> <p>396: 1-3 (\u00faj: 834)<\/p> <p>264: 4-5 (\u00faj: 249)<\/p> <p>799: 1<\/p> <p>Igehirdet\u0151: Dr. Lakatos Enik\u0151 lelkip\u00e1sztor<\/p> <p><strong><em>D\u00e9lut\u00e1n:<\/em><\/strong><\/p> <p><strong>\u00a0<\/strong><\/p> <p><strong>Textus: <\/strong>2 Korinthus: 8, 16-24<\/p> <p><strong>\u00a0<\/strong><\/p> <p><strong>Heidelbergi K\u00e1t\u00e9:<\/strong> XXXIX. \u00darnapja<\/p> <p><strong>\u00c9nekek:<\/strong> \u00a0\u00a0\u00a0\u00a0\u00a0\u00a0\u00a0\u00a0\u00a0\u00a0\u00a0\u00a0\u00a0\u00a0\u00a0\u00a0\u00a0\u00a0\u00a0 111: 1<\/p> <p>395: 1-3 (\u00faj: 821)<\/p> <p>799: 1<\/p> <p><strong>\u00a0<\/strong><\/p> <p>Igehirdet\u0151: Vir\u00e1nyi-Gecse Ir\u00e9n<\/p> ","protected":false},"excerpt":{"rendered":"<p>Aki szeretn\u00e9 a Hirdet\u00e9seket emailben is megkapni k\u00e9rj\u00fck, jelezze szem\u00e9lyesen a Lelk\u00e9szi hivatalban. Seg\u00edts\u00e9gny\u00fajt\u00e1s K\u00e1rp\u00e1talj\u00e1ra, Ukrajn\u00e1ba: &#8211; K\u00e1rp\u00e1taljai testv\u00e9reinket folyamatosan k\u00edv\u00e1njuk t\u00e1mogatni, ez\u00e9rt az adom\u00e1nygy\u0171jt\u0151 perselyt kint hagytuk a templom h\u00e1tulj\u00e1ban, ebbe lehet az Ukrajn\u00e1ba sz\u00e1nt t\u00e1mogat\u00e1sokat elhelyezni. A k\u00f6vetkez\u0151 utunk el\u0151tt pedig majd fogjuk jelezni, hogy milyen \u00e9lelmiszeradom\u00e1nyokra van sz\u00fcks\u00e9g, addig k\u00e9rj\u00fck a testv\u00e9reket,&hellip;<\/p>\n","protected":false},"author":15,"featured_media":0,"comment_status":"closed","ping_status":"closed","sticky":false,"template":"","format":"standard","meta":[],"categories":[17],"tags":[],"acf":[],"_links":{"self":[{"href":"https:\/\/kkre.hu\/wpm\/wp-json\/wp\/v2\/posts\/18534"}],"collection":[{"href":"https:\/\/kkre.hu\/wpm\/wp-json\/wp\/v2\/posts"}],"about":[{"href":"https:\/\/kkre.hu\/wpm\/wp-json\/wp\/v2\/types\/post"}],"author":[{"embeddable":true,"href":"https:\/\/kkre.hu\/wpm\/wp-json\/wp\/v2\/users\/15"}],"replies":[{"embeddable":true,"href":"https:\/\/kkre.hu\/wpm\/wp-json\/wp\/v2\/comments?post=18534"}],"version-history":[{"count":2,"href":"https:\/\/kkre.hu\/wpm\/wp-json\/wp\/v2\/posts\/18534\/revisions"}],"predecessor-version":[{"id":18537,"href":"https:\/\/kkre.hu\/wpm\/wp-json\/wp\/v2\/posts\/18534\/revisions\/18537"}],"wp:attachment":[{"href":"https:\/\/kkre.hu\/wpm\/wp-json\/wp\/v2\/media?parent=18534"}],"wp:term":[{"taxonomy":"category","embeddable":true,"href":"https:\/\/kkre.hu\/wpm\/wp-json\/wp\/v2\/categories?post=18534"},{"taxonomy":"post_tag","embeddable":true,"href":"https:\/\/kkre.hu\/wpm\/wp-json\/wp\/v2\/tags?post=18534"}],"curies":[{"name":"wp","href":"https:\/\/api.w.org\/{rel}","templated":true}]}}