{"id":18545,"date":"2022-10-03T10:20:53","date_gmt":"2022-10-03T08:20:53","guid":{"rendered":"https:\/\/kkre.hu\/wpm\/?p=18545"},"modified":"2022-10-03T10:21:25","modified_gmt":"2022-10-03T08:21:25","slug":"hirdetesek-2022-oktober-02","status":"publish","type":"post","link":"https:\/\/kkre.hu\/wpm\/blog\/2022\/10\/03\/hirdetesek-2022-oktober-02\/","title":{"rendered":"Hirdet\u00e9sek, 2022. okt\u00f3ber 02."},"content":{"rendered":"<p><strong>Aki szeretn\u00e9 a Hirdet\u00e9seket emailben is megkapni k\u00e9rj\u00fck, jelezze szem\u00e9lyesen a Lelk\u00e9szi hivatalban.<\/strong><\/p> <p>&nbsp;<\/p> <p><strong>Seg\u00edts\u00e9gny\u00fajt\u00e1s K\u00e1rp\u00e1talj\u00e1ra, Ukrajn\u00e1ba:<\/strong><\/p> <p>&#8211; K\u00e1rp\u00e1taljai testv\u00e9reinket folyamatosan k\u00edv\u00e1njuk t\u00e1mogatni, ez\u00e9rt az adom\u00e1nygy\u0171jt\u0151 perselyt kint hagytuk a templom h\u00e1tulj\u00e1ban, ebbe lehet az Ukrajn\u00e1ba sz\u00e1nt t\u00e1mogat\u00e1sokat elhelyezni.<\/p> <p>A k\u00f6vetkez\u0151 utunk el\u0151tt pedig majd fogjuk jelezni, hogy milyen \u00e9lelmiszeradom\u00e1nyokra van sz\u00fcks\u00e9g, addig k\u00e9rj\u00fck a testv\u00e9reket, ilyen felaj\u00e1nl\u00e1sokat ne hozzanak, hiszen azt nek\u00fcnk is t\u00e1rolni kell.<\/p> <p>Istentisztelet\u00fcnk v\u00e9g\u00e9n a k\u00e1rp\u00e1taljai reform\u00e1tusok kedves \u00e9nek\u00e9t fogjuk \u00e9nekelni, amit az ottani reform\u00e1tus templomokban \u201ekivonul\u00f3ra\u201d \u00e9nekelnek: \u201eMindig velem Uram, mindig velem\u2026\u201d<\/p> <p><strong>&nbsp;<\/strong><\/p> <p><strong>Alakalmaink:&nbsp;&nbsp;&nbsp;&nbsp;&nbsp;&nbsp;&nbsp;&nbsp;&nbsp;&nbsp;&nbsp;&nbsp;&nbsp;&nbsp;&nbsp;&nbsp;&nbsp;&nbsp;&nbsp;&nbsp;&nbsp;&nbsp;&nbsp;&nbsp;&nbsp;&nbsp;&nbsp;&nbsp;&nbsp;&nbsp;&nbsp;&nbsp;&nbsp;&nbsp;&nbsp;&nbsp;&nbsp;&nbsp;&nbsp;&nbsp;&nbsp;&nbsp;&nbsp;&nbsp;&nbsp;&nbsp;&nbsp;&nbsp;&nbsp;&nbsp;&nbsp;&nbsp;&nbsp;&nbsp;&nbsp;&nbsp;&nbsp;&nbsp;&nbsp;&nbsp;&nbsp;&nbsp;&nbsp;&nbsp;&nbsp;&nbsp;&nbsp;&nbsp;&nbsp;&nbsp;&nbsp;&nbsp;&nbsp;&nbsp;&nbsp;&nbsp;&nbsp;&nbsp;&nbsp;&nbsp;&nbsp;&nbsp;&nbsp;&nbsp;&nbsp;&nbsp;&nbsp;&nbsp;&nbsp;&nbsp;&nbsp;&nbsp;&nbsp;&nbsp;&nbsp;&nbsp;&nbsp;&nbsp;&nbsp;&nbsp;&nbsp;&nbsp;&nbsp;&nbsp;&nbsp;&nbsp;&nbsp;&nbsp;&nbsp; <\/strong><\/p> <p>&#8211; Ma <strong>18 \u00f3ra<\/strong>kor lesz istentisztelet itt a templomban (online k\u00f6zvet\u00edtve: <a href=\"https:\/\/kkre.hu\/wpm\/\">https:\/\/kkre.hu\/wpm\/<\/a>)<\/p> <p>&#8211; Szerd\u00e1n 18 \u00f3rakor <strong>lesz <\/strong>istentiszteletet itt a templomban (online k\u00f6zvet\u00edtve: <a href=\"https:\/\/kkre.hu\/wpm\/\">https:\/\/kkre.hu\/wpm\/<\/a>)<\/p> <p>&#8211; Cs\u00fct\u00f6rt\u00f6k\u00f6n 19 \u00f3rakor <strong>biblia\u00f3r\u00e1t<\/strong> tartunk az alagsori gy\u00fclekezeti teremben<\/p> <p>&#8211; J\u00f6v\u0151 <strong>vas\u00e1rnap<\/strong> <strong>10 \u00f3ra<\/strong>kor lesz <strong>istentisztelet<\/strong> itt a templomban, az igehirdet\u00e9s el\u0151tt a gyermekek kimehetnek gyermekistentiszteletre a gy\u00fclekezeti h\u00e1z alagsor\u00e1ba a gy\u00fclekezeti terembe. Rem\u00e9nys\u00e9g\u00fcnk szerint ekkor fogjuk megkeresztelni Veres Tam\u00e1s \u00e9s feles\u00e9ge dr. Lang Erika m\u00e1sodik gyermek\u00e9t Ann\u00e1t. Hordozzuk im\u00e1ds\u00e1gban a keresztel\u0151re k\u00e9sz\u00fcl\u0151 csal\u00e1dot! (online k\u00f6zvet\u00edtve: <a href=\"https:\/\/kkre.hu\/wpm\/\">https:\/\/kkre.hu\/wpm\/<\/a>)<\/p> <p>&#8211; J\u00f6v\u0151 vas\u00e1rnap <strong>18 \u00f3ra<\/strong>kor is fogunk <strong>istentiszteletet<\/strong> tartani itt a templomban (online k\u00f6zvet\u00edtve: <a href=\"https:\/\/kkre.hu\/wpm\/\">https:\/\/kkre.hu\/wpm\/<\/a>)<\/p> <p>&nbsp;<\/p> <p><strong>Konfirm\u00e1ci\u00f3:<\/strong><\/p> <p>&#8211; Cs\u00fct\u00f6rt\u00f6k\u00f6n 17 \u00f3rakor lesz azoknak a konfirmandus \u00f3r\u00e1ja, akik m\u00e1r tavaly is cs\u00fct\u00f6rt\u00f6k\u00f6n j\u00e1rtak.<\/p> <p>&#8211; Cs\u00fct\u00f6rt\u00f6k\u00f6n 16 \u00f3rakor v\u00e1rjuk azokat, akik tavaly szerd\u00e1n j\u00e1rtak<\/p> <p>&#8211; Szerd\u00e1n 16 \u00f3rakor v\u00e1rjuk azokat, akik m\u00e1r legal\u00e1bb 8. oszt\u00e1lyosok \u00e9s eddig nem j\u00e1rtak konfirm\u00e1ci\u00f3 el\u0151k\u00e9sz\u00edt\u0151re.<\/p> <p>&#8211; Szeretettel h\u00edvom, azokat a feln\u0151tteket, akik igehallgat\u00f3i gy\u00fclekezeti alkalmainknak, de m\u00e9g nincsenek megkeresztelve, vagy nem tettek konfirm\u00e1ci\u00f3i fogadalmat <strong>Feln\u0151tt konfirm\u00e1ci\u00f3s<\/strong> k\u00e9pz\u00e9s\u00fcnkre. Az alkalmakat cs\u00fct\u00f6rt\u00f6k\u00f6nk\u00e9nt 18 \u00f3rakor fogjuk tartani. Tov\u00e1bbi inform\u00e1ci\u00f3\u00e9rt \u00e9s jelentkez\u00e9s \u00fcgy\u00e9ben Harkai Ferenc lelkip\u00e1sztort kell keresni.<\/p> <p>&nbsp;<\/p> <p><strong>Credo koncertje:<\/strong><\/p> <p>&#8211; Okt\u00f3ber 16-\u00e1n a d\u00e9lel\u0151tti istentisztelet ut\u00e1n \u00fajra n\u00e1lunk fog \u00e9nekelni a k\u00e1rp\u00e1taljai Credo egy\u00fcttes. Szeretettel v\u00e1rjuk a testv\u00e9reket, hogy az \u00e1ld\u00e1s ut\u00e1n is maradjunk majd egy\u00fctt \u00e9s hallgassuk meg vend\u00e9geink szolg\u00e1lat\u00e1t.<\/p> <p>Az alkalom plak\u00e1tja az al\u00e1bbi linken \u00e9rhet\u0151 el, amit a testv\u00e9rek b\u00e1tran meg is oszthatnak: &nbsp;<a href=\"https:\/\/webmail.enternet.hu\/?_task=mail&amp;_frame=1&amp;_mbox=INBOX&amp;_uid=102040&amp;_part=winmail.2.0&amp;_action=get&amp;_extwin=1\">https:\/\/webmail.enternet.hu\/?_task=mail&amp;_frame=1&amp;_mbox=INBOX&amp;_uid=102040&amp;_part=winmail.2.0&amp;_action=get&amp;_extwin=1<\/a><\/p> <p><strong>&nbsp;<\/strong><\/p> <p><strong>Presbiter tov\u00e1bbk\u00e9pz\u00e9s:<\/strong><\/p> <p>&#8211; A Presbiteri Sz\u00f6vets\u00e9g szeretettel h\u00edv minden \u00e9rdekl\u0151d\u0151t, Bp-\u00c9szaki \u00e9s Bp-D\u00e9li ter\u00fcleti szervezettel k\u00f6z\u00f6s szervez\u00e9sben k\u00f6vetkez\u0151 presbiteri tov\u00e1bbk\u00e9pz\u0151 alkalm\u00e1ra&nbsp;okt\u00f3ber 22-\u00e9n szombaton 9:30 \u00f3r\u00e1ra, a Pozsonyi \u00fati Reform\u00e1tus Egyh\u00e1zk\u00f6zs\u00e9g gy\u00fclekezeti term\u00e9be ( 1133 Budapest, Pozsonyi \u00fat 58.)<\/p> <p>Az \u00e1h\u00edtaton Berkesi G\u00e1bor lelkip\u00e1sztor fogja Isten ig\u00e9j\u00e9t hirdetni<\/p> <p>Az el\u0151ad\u00e1st Derencs\u00e9nyi Istv\u00e1n f\u0151tisztelet\u0171 \u00far, nyugd\u00edjas tisz\u00e1nt\u00fali lelk\u00e9szi f\u0151jegyz\u0151 fogja tartani. Az el\u0151ad\u00e1s c\u00edme: A konfirm\u00e1ci\u00f3 tartalma, t\u00f6rt\u00e9nete, a tan\u00edt\u00e1s egys\u00e9ges tartalma.<\/p> <p>Z\u00e1r\u00f3 im\u00e1ds\u00e1ggal Nagy K\u00e1roly nyugd\u00edjas lelkip\u00e1sztor, MRPSZ Bp-\u00c9szak eln\u00f6ke szolg\u00e1l<\/p> <p><strong>&nbsp;<\/strong><\/p> <p><strong>N\u00e9psz\u00e1ml\u00e1l\u00e1s:<\/strong><\/p> <p>&#8211; Zsinatunk eln\u00f6ks\u00e9g\u00e9nek k\u00e9r\u00e9se, hogy az okt\u00f3ber 1-j\u00e9n kezd\u0151d\u00f6tt N\u00e9psz\u00e1ml\u00e1l\u00e1son figyelj\u00fcnk arra, hogy a szabadon v\u00e1laszthat\u00f3 k\u00e9rd\u00e9sek k\u00f6z\u00f6tt v\u00e1laszoljunk a vall\u00e1sra vonatkoz\u00f3 k\u00e9rd\u00e9sre is \u00e9s ott jel\u00f6lj\u00fck be a reform\u00e1tus egyh\u00e1zhoz tartoz\u00e1sunkat.<\/p> <p>Ez sok minden mellett az\u00e9rt is fontos, mert \u00edgy egyh\u00e1zunk is pontosabb k\u00e9pet kaphat saj\u00e1t szolg\u00e1lat\u00e1ban hol, mennyi reform\u00e1tus testv\u00e9r\u00fcnk \u00e9l<\/p> <p><strong>&nbsp;<\/strong><\/p> <p><strong>Gy\u00fclekezeti t\u00fara:<\/strong><\/p> <p>&#8211; Sajnos ezen a szombaton elmaradt a t\u00far\u00e1nk, hiszen a term\u00e9szetnek nagy sz\u00fcks\u00e9ge van a csapad\u00e9kra, de \u00edgy a k\u00f6r\u00fclm\u00e9nyek az erd\u0151j\u00e1r\u00e1sra nem voltak alkalmasak. Ez\u00e9rt \u00faj id\u0151pontot jel\u00f6lt\u00fcnk ki!<\/p> <p>Okt\u00f3ber 15-re szervezz\u00fck a gy\u00fclekezeti t\u00far\u00e1t, az eddigi terveknek megfelel\u0151en a Pilisbe.<\/p> <p>\u00c9rdekl\u0151dni \u00e9s jelentkezni Szab\u00f3 Tam\u00e1sn\u00e1l \u00e9s J\u00f3zsa G\u00e1born\u00e1l lehet. A tervezett indul\u00e1s szombat reggel 9 \u00f3ra gy\u00fclekezeti h\u00e1z el\u00f6l.<\/p> <p><strong>&nbsp;<\/strong><\/p> <p><strong>Szotyori Nagy G\u00e1bor orgonahangversenyei:<\/strong><\/p> <p>&#8211; Okt\u00f3berben Szotyori Nagy G\u00e1bor orgonam\u0171v\u00e9sz\u00fcnk 3 koncertet is fog adni a Szent Istv\u00e1n Bazilik\u00e1ban: 5-\u00e9n, 12-\u00e9n \u00e9s 19-\u00e9n, mindh\u00e1rom alkalommal 19 \u00f3rai kezdettel.<\/p> <p>R\u00e9szletes program itt tal\u00e1lhat\u00f3: <a href=\"https:\/\/www.facebook.com\/gaborgan\/\">https:\/\/www.facebook.com\/gaborgan\/<\/a><\/p> <p><strong>&nbsp;<\/strong><\/p> <p><strong>\u00c1ll\u00e1s:<\/strong><\/p> <p>&#8211; Az Ady Endre Reform\u00e1tus \u00c1ltal\u00e1nos Iskol\u00e1ba keres\u00fcnk pedag\u00f3gusokat els\u0151sorban az als\u00f3 tagozatra \u00e9s takar\u00edt\u00f3kat. \u00c9rdekl\u0151dni Botka N\u00f3ra int\u00e9zm\u00e9nyvezet\u0151n\u00e9l, vagy a lelkip\u00e1sztorn\u00e1l lehet.<\/p> <p><strong>&nbsp;&nbsp;&nbsp;&nbsp;&nbsp;&nbsp;&nbsp;&nbsp;&nbsp;&nbsp;&nbsp;&nbsp;&nbsp;&nbsp;&nbsp;&nbsp;&nbsp;&nbsp;&nbsp;&nbsp;&nbsp; <\/strong><\/p> <p><strong>Templomtakar\u00edt\u00e1s:<\/strong><\/p> <p>&#8211; Ezen a h\u00e9ten \u00fajra szeretettel v\u00e1rjuk a testv\u00e9reket, <strong>p\u00e9nteken <\/strong>17 \u00f3r\u00e1t\u00f3l, hogy kitakar\u00edtsuk a templomot. K\u00f6sz\u00f6nj\u00fck azoknak, akik el nem m\u00fal\u00f3 szeretettel j\u00f6nnek h\u00e9tr\u0151l-h\u00e9tre takar\u00edtani, hogy templomunkban mindig tisztas\u00e1g \u00e9s rend lehessen alkalmainkra.<\/p> <p>&nbsp;<\/p> <p><strong>Lectio:<\/strong> 1 M\u00f3zes: 46, 1-7. 27-34.; 47: 7-13. 17-31<\/p> <p><strong>Textus:<\/strong> 1 M\u00f3zes: 47, 29-30<\/p> <p>&nbsp;<\/p> <p><strong>\u00c9nekek:<\/strong> &nbsp;&nbsp;&nbsp;&nbsp;&nbsp;&nbsp;&nbsp;&nbsp;&nbsp;&nbsp;&nbsp;&nbsp;&nbsp;&nbsp;&nbsp;&nbsp;&nbsp;&nbsp;&nbsp; &nbsp;&nbsp;14: 1<\/p> <p>329: 2 (\u00faj: 412)<\/p> <p>Ker.: Pekarek Rita, T\u00f6r\u00f6k Eszter \u00e9s T\u00f6r\u00f6k Anna &#8211; Zsolt\u00e1rok: 14:6<\/p> <p>Sz\u00fcl\u0151k: T\u00f6r\u00f6k B\u00e1lint \u00e9s Pekarek Rita<\/p> <p>Heidelbergi K\u00e1t\u00e9 X. \u00darnapja<\/p> <p>422: 1-2 (\u00faj: 772)<\/p> <p>422: 3-5 (\u00faj: 772)<\/p> <p>462: 1 (\u00faj: 774)<\/p> <p>462: 2-3 (\u00faj: 774)<\/p> <p>799: 1<\/p> <p>&nbsp;<\/p> <p>Igehirdet\u0151: Harkai Ferenc lelkip\u00e1sztor<\/p> <p>&nbsp;<\/p> <p><strong><em>D\u00e9lut\u00e1n:<\/em><\/strong><\/p> <p><strong>&nbsp;<\/strong><\/p> <p><strong>Textus:<\/strong> 2Korinthus: 12, 11-21<\/p> <h4><\/h4> <p><strong>Heidelbergi K\u00e1t\u00e9:<\/strong> XL. \u00darnapja<\/p> <h4><\/h4> <p><strong>\u00c9nekek:<\/strong> &nbsp;&nbsp;&nbsp;&nbsp;&nbsp;&nbsp;&nbsp; &nbsp;&nbsp;&nbsp;&nbsp;1: 1<\/p> <p>390: 1-4 (\u00faj: 591)<\/p> <p>502: 1-6 (\u00faj: 696)<\/p> <p>799: 1<\/p> <p>&nbsp;<\/p> <p>Igehirdet\u0151: Harkai Ferenc lelkip\u00e1sztor<\/p> ","protected":false},"excerpt":{"rendered":"<p>Aki szeretn\u00e9 a Hirdet\u00e9seket emailben is megkapni k\u00e9rj\u00fck, jelezze szem\u00e9lyesen a Lelk\u00e9szi hivatalban. &nbsp; Seg\u00edts\u00e9gny\u00fajt\u00e1s K\u00e1rp\u00e1talj\u00e1ra, Ukrajn\u00e1ba: &#8211; K\u00e1rp\u00e1taljai testv\u00e9reinket folyamatosan k\u00edv\u00e1njuk t\u00e1mogatni, ez\u00e9rt az adom\u00e1nygy\u0171jt\u0151 perselyt kint hagytuk a templom h\u00e1tulj\u00e1ban, ebbe lehet az Ukrajn\u00e1ba sz\u00e1nt t\u00e1mogat\u00e1sokat elhelyezni. A k\u00f6vetkez\u0151 utunk el\u0151tt pedig majd fogjuk jelezni, hogy milyen \u00e9lelmiszeradom\u00e1nyokra van sz\u00fcks\u00e9g, addig k\u00e9rj\u00fck a&hellip;<\/p>\n","protected":false},"author":15,"featured_media":0,"comment_status":"closed","ping_status":"closed","sticky":false,"template":"","format":"standard","meta":[],"categories":[17],"tags":[],"acf":[],"_links":{"self":[{"href":"https:\/\/kkre.hu\/wpm\/wp-json\/wp\/v2\/posts\/18545"}],"collection":[{"href":"https:\/\/kkre.hu\/wpm\/wp-json\/wp\/v2\/posts"}],"about":[{"href":"https:\/\/kkre.hu\/wpm\/wp-json\/wp\/v2\/types\/post"}],"author":[{"embeddable":true,"href":"https:\/\/kkre.hu\/wpm\/wp-json\/wp\/v2\/users\/15"}],"replies":[{"embeddable":true,"href":"https:\/\/kkre.hu\/wpm\/wp-json\/wp\/v2\/comments?post=18545"}],"version-history":[{"count":2,"href":"https:\/\/kkre.hu\/wpm\/wp-json\/wp\/v2\/posts\/18545\/revisions"}],"predecessor-version":[{"id":18547,"href":"https:\/\/kkre.hu\/wpm\/wp-json\/wp\/v2\/posts\/18545\/revisions\/18547"}],"wp:attachment":[{"href":"https:\/\/kkre.hu\/wpm\/wp-json\/wp\/v2\/media?parent=18545"}],"wp:term":[{"taxonomy":"category","embeddable":true,"href":"https:\/\/kkre.hu\/wpm\/wp-json\/wp\/v2\/categories?post=18545"},{"taxonomy":"post_tag","embeddable":true,"href":"https:\/\/kkre.hu\/wpm\/wp-json\/wp\/v2\/tags?post=18545"}],"curies":[{"name":"wp","href":"https:\/\/api.w.org\/{rel}","templated":true}]}}