{"id":18562,"date":"2022-10-09T20:35:53","date_gmt":"2022-10-09T18:35:53","guid":{"rendered":"https:\/\/kkre.hu\/wpm\/?p=18562"},"modified":"2022-10-09T20:37:13","modified_gmt":"2022-10-09T18:37:13","slug":"hirdetesek-2022-oktober-09","status":"publish","type":"post","link":"https:\/\/kkre.hu\/wpm\/blog\/2022\/10\/09\/hirdetesek-2022-oktober-09\/","title":{"rendered":"Hirdet\u00e9sek, 2022. okt\u00f3ber 09."},"content":{"rendered":"<p><strong>Aki szeretn\u00e9 a Hirdet\u00e9seket emailben is megkapni k\u00e9rj\u00fck, jelezze szem\u00e9lyesen a Lelk\u00e9szi hivatalban.<\/strong><\/p> <p><strong>Seg\u00edts\u00e9gny\u00fajt\u00e1s K\u00e1rp\u00e1talj\u00e1ra, Ukrajn\u00e1ba:<\/strong><\/p> <p>&#8211; K\u00e1rp\u00e1taljai testv\u00e9reinket folyamatosan k\u00edv\u00e1njuk t\u00e1mogatni, ez\u00e9rt az adom\u00e1nygy\u0171jt\u0151 perselyt kint hagytuk a templom h\u00e1tulj\u00e1ban, ebbe lehet az Ukrajn\u00e1ba sz\u00e1nt t\u00e1mogat\u00e1sokat elhelyezni.<\/p> <p>A k\u00f6vetkez\u0151 utunk el\u0151tt pedig majd fogjuk jelezni, hogy milyen \u00e9lelmiszeradom\u00e1nyokra van sz\u00fcks\u00e9g, addig k\u00e9rj\u00fck a testv\u00e9reket, ilyen felaj\u00e1nl\u00e1sokat ne hozzanak, hiszen azt nek\u00fcnk is t\u00e1rolni kell.<\/p> <p>Istentisztelet\u00fcnk v\u00e9g\u00e9n a k\u00e1rp\u00e1taljai reform\u00e1tusok kedves \u00e9nek\u00e9t fogjuk \u00e9nekelni, amit az ottani reform\u00e1tus templomokban \u201ekivonul\u00f3ra\u201d \u00e9nekelnek: \u201eMindig velem Uram, mindig velem\u2026\u201d<\/p> <p><strong>\u00a0<\/strong><\/p> <p><strong>Alakalmaink:\u00a0\u00a0\u00a0\u00a0\u00a0\u00a0\u00a0\u00a0\u00a0\u00a0\u00a0\u00a0\u00a0\u00a0\u00a0\u00a0\u00a0\u00a0\u00a0\u00a0\u00a0\u00a0\u00a0\u00a0\u00a0\u00a0\u00a0\u00a0\u00a0\u00a0\u00a0\u00a0\u00a0\u00a0\u00a0\u00a0\u00a0\u00a0\u00a0\u00a0\u00a0\u00a0\u00a0\u00a0\u00a0\u00a0\u00a0\u00a0\u00a0\u00a0\u00a0\u00a0\u00a0\u00a0\u00a0\u00a0\u00a0\u00a0\u00a0\u00a0\u00a0\u00a0\u00a0\u00a0\u00a0\u00a0\u00a0\u00a0\u00a0\u00a0\u00a0\u00a0\u00a0\u00a0\u00a0\u00a0\u00a0\u00a0\u00a0\u00a0\u00a0\u00a0\u00a0\u00a0\u00a0\u00a0\u00a0\u00a0\u00a0\u00a0\u00a0\u00a0\u00a0\u00a0\u00a0\u00a0\u00a0\u00a0\u00a0\u00a0\u00a0\u00a0\u00a0\u00a0\u00a0\u00a0\u00a0\u00a0 <\/strong><\/p> <p>&#8211; Ma <strong>18 \u00f3ra<\/strong>kor lesz istentisztelet itt a templomban (online k\u00f6zvet\u00edtve: <a href=\"https:\/\/kkre.hu\/wpm\/\">https:\/\/kkre.hu\/wpm\/<\/a>)<\/p> <p>&#8211; Szerd\u00e1n 18 \u00f3rakor <strong>lesz <\/strong>istentiszteletet itt a templomban (online k\u00f6zvet\u00edtve: <a href=\"https:\/\/kkre.hu\/wpm\/\">https:\/\/kkre.hu\/wpm\/<\/a>)<\/p> <p>&#8211; J\u00f6v\u0151 <strong>vas\u00e1rnap<\/strong> <strong>10 \u00f3ra<\/strong>kor lesz <strong>istentisztelet<\/strong> itt a templomban, az igehirdet\u00e9s el\u0151tt a gyermekek kimehetnek gyermekistentiszteletre a gy\u00fclekezeti h\u00e1z alagsor\u00e1ban tal\u00e1lhat\u00f3 gy\u00fclekezeti terembe. Rem\u00e9nys\u00e9g\u00fcnk szerint ekkor fogjuk megkeresztelni <strong>T\u00f6r\u00f6k<\/strong> S\u00e1ndor \u00e9s feles\u00e9ge Fekete Vikt\u00f3ria gyermekeit <strong>Krist\u00f3fot<\/strong> \u00e9s <strong>Hanna Veronik\u00e1<\/strong>t. Hordozzuk im\u00e1ds\u00e1gban a keresztel\u0151re k\u00e9sz\u00fcl\u0151 csal\u00e1dot! (online k\u00f6zvet\u00edtve: <a href=\"https:\/\/kkre.hu\/wpm\/\">https:\/\/kkre.hu\/wpm\/<\/a>)<\/p> <p>&#8211; J\u00f6v\u0151 vas\u00e1rnap <strong>18 \u00f3ra<\/strong>kor is fogunk <strong>istentiszteletet<\/strong> tartani itt a templomban (online k\u00f6zvet\u00edtve: <a href=\"https:\/\/kkre.hu\/wpm\/\">https:\/\/kkre.hu\/wpm\/<\/a>)<\/p> <p><strong>Temet\u00e9s:\u00a0\u00a0\u00a0\u00a0\u00a0\u00a0\u00a0\u00a0\u00a0\u00a0\u00a0\u00a0\u00a0\u00a0\u00a0\u00a0\u00a0\u00a0\u00a0\u00a0\u00a0\u00a0\u00a0\u00a0\u00a0\u00a0\u00a0\u00a0\u00a0\u00a0\u00a0\u00a0\u00a0\u00a0\u00a0\u00a0\u00a0\u00a0\u00a0\u00a0\u00a0\u00a0\u00a0\u00a0\u00a0\u00a0\u00a0\u00a0\u00a0\u00a0\u00a0\u00a0\u00a0\u00a0\u00a0\u00a0\u00a0\u00a0\u00a0\u00a0\u00a0\u00a0\u00a0\u00a0\u00a0\u00a0\u00a0\u00a0\u00a0\u00a0\u00a0\u00a0\u00a0\u00a0\u00a0\u00a0\u00a0\u00a0\u00a0\u00a0\u00a0\u00a0\u00a0\u00a0\u00a0\u00a0\u00a0\u00a0\u00a0\u00a0\u00a0\u00a0\u00a0\u00a0\u00a0\u00a0\u00a0\u00a0\u00a0\u00a0\u00a0\u00a0\u00a0\u00a0\u00a0\u00a0\u00a0\u00a0\u00a0\u00a0\u00a0\u00a0\u00a0\u00a0\u00a0\u00a0 <\/strong><\/p> <p>&#8211; Okt\u00f3ber 8-\u00e1n, szombaton a wekerlei katolikus templomban b\u00facs\u00faztunk Szebenyi M\u00e1rtonn\u00e9, sz\u00fcletett Pelyv\u00e1s Katalin asszonytestv\u00e9r\u00fcnkt\u0151l, aki szeptember 22-\u00e9n 79 \u00e9ves kor\u00e1ban hunyt el. A vigasztal\u00e1s ig\u00e9it a R\u00f3ma: 8, 26-27 alapj\u00e1n hirdett\u00fck: \u201e<sup><a href=\"https:\/\/abibliamindenkie.hu\/uj\/ROM\/8#26\">26<\/a><\/sup>Ugyan\u00edgy seg\u00edt a L\u00e9lek is a mi er\u0151tlens\u00e9g\u00fcnk\u00f6n. Mert ami\u00e9rt im\u00e1dkoznunk kell, nem tudjuk \u00fagy k\u00e9rni, ahogyan kell, de maga a L\u00e9lek esedezik \u00e9rt\u00fcnk kimondhatatlan foh\u00e1szkod\u00e1sokkal.\u00a0<sup><a href=\"https:\/\/abibliamindenkie.hu\/uj\/ROM\/8#27\">27<\/a><\/sup>\u00a0Aki pedig a sz\u00edveket vizsg\u00e1lja, tudja, mi a L\u00e9lek sz\u00e1nd\u00e9ka, mert Isten szerint j\u00e1r k\u00f6zben a szentek\u00e9rt.\u201d Isten vigasztal\u00e1s\u00e1t k\u00e9rj\u00fck A Boldog Felt\u00e1mad\u00e1s Rem\u00e9nys\u00e9ge Alatt l\u00e1ny\u00e1nak, unok\u00e1j\u00e1nak \u00e9s szeretteinek<\/p> <p><strong>Rem\u00e9nys\u00e9g Katolikus \u00c1ltal\u00e1nos Iskola \u00e9s \u00d3voda protest\u00e1ns istentiszteletei:\u00a0\u00a0\u00a0 <\/strong><\/p> <p>&#8211; A Rem\u00e9nys\u00e9g Iskol\u00e1ban havonta egyszer a protest\u00e1ns gyermekeknek is van istentisztelet. Ebben a h\u00f3napban mi lesz\u00fcnk a vend\u00e9gl\u00e1t\u00f3k. Okt\u00f3ber 10-\u00e9n, h\u00e9tf\u0151n 8 \u00f3rakor a fels\u0151s, okt\u00f3ber 13-\u00e1n cs\u00fct\u00f6rt\u00f6k\u00f6n 8 \u00f3rakor az als\u00f3s tagozatos di\u00e1kok sz\u00e1m\u00e1ra lesz istentisztelet. Ezekre az alkalmakra szeretettel h\u00edvjuk az Egyh\u00e1zk\u00f6zs\u00e9g tagjait is.<\/p> <p><strong>Konfirm\u00e1ci\u00f3:<\/strong><\/p> <p>&#8211; Cs\u00fct\u00f6rt\u00f6k\u00f6n 17 \u00f3rakor lesz azoknak a konfirmandus \u00f3r\u00e1ja, akik m\u00e1r tavaly is cs\u00fct\u00f6rt\u00f6k\u00f6n j\u00e1rtak.<\/p> <p>&#8211; Cs\u00fct\u00f6rt\u00f6k\u00f6n 16 \u00f3rakor v\u00e1rjuk azokat, akik tavaly szerd\u00e1n j\u00e1rtak<\/p> <p>&#8211; Szerd\u00e1n 16 \u00f3rakor v\u00e1rjuk azokat, akik m\u00e1r legal\u00e1bb 8. oszt\u00e1lyosok \u00e9s eddig nem j\u00e1rtak konfirm\u00e1ci\u00f3 el\u0151k\u00e9sz\u00edt\u0151re.<\/p> <p>&#8211; Szeretettel h\u00edvom, azokat a feln\u0151tteket, akik igehallgat\u00f3i gy\u00fclekezeti alkalmainknak, de m\u00e9g nincsenek megkeresztelve, vagy nem tettek konfirm\u00e1ci\u00f3i fogadalmat <strong>Feln\u0151tt konfirm\u00e1ci\u00f3s<\/strong> k\u00e9pz\u00e9s\u00fcnkre. Az alkalmakat cs\u00fct\u00f6rt\u00f6k\u00f6nk\u00e9nt 18 \u00f3rakor fogjuk tartani. Tov\u00e1bbi inform\u00e1ci\u00f3\u00e9rt \u00e9s jelentkez\u00e9s \u00fcgy\u00e9ben Harkai Ferenc lelkip\u00e1sztort kell keresni.<\/p> <p><strong>Credo koncertje:<\/strong><\/p> <p>&#8211; J\u00f6v\u0151 vas\u00e1rnap, okt\u00f3ber 16-\u00e1n a d\u00e9lel\u0151tti istentisztelet ut\u00e1n \u00fajra n\u00e1lunk fog \u00e9nekelni a k\u00e1rp\u00e1taljai Credo egy\u00fcttes. Szeretettel v\u00e1rjuk a testv\u00e9reket, hogy az \u00e1ld\u00e1s ut\u00e1n is maradjunk majd egy\u00fctt \u00e9s hallgassuk meg vend\u00e9geink szolg\u00e1lat\u00e1t.<\/p> <p>Az alkalom plak\u00e1tja az al\u00e1bbi linken \u00e9rhet\u0151 el, amit a testv\u00e9rek b\u00e1tran meg is oszthatnak: \u00a0<a href=\"https:\/\/webmail.enternet.hu\/?_task=mail&amp;_frame=1&amp;_mbox=INBOX&amp;_uid=102040&amp;_part=winmail.2.0&amp;_action=get&amp;_extwin=1\">https:\/\/webmail.enternet.hu\/?_task=mail&amp;_frame=1&amp;_mbox=INBOX&amp;_uid=102040&amp;_part=winmail.2.0&amp;_action=get&amp;_extwin=1<\/a><\/p> <p><strong>\u00a0<\/strong><\/p> <p><strong>N\u00e9psz\u00e1ml\u00e1l\u00e1s:<\/strong><\/p> <p>&#8211; Zsinatunk eln\u00f6ks\u00e9g\u00e9nek k\u00e9r\u00e9se, hogy az okt\u00f3ber 1-j\u00e9n kezd\u0151d\u00f6tt N\u00e9psz\u00e1ml\u00e1l\u00e1son figyelj\u00fcnk arra, hogy a szabadon v\u00e1laszthat\u00f3 k\u00e9rd\u00e9sek k\u00f6z\u00f6tt v\u00e1laszoljunk a vall\u00e1sra vonatkoz\u00f3 k\u00e9rd\u00e9sre is \u00e9s ott jel\u00f6lj\u00fck be a reform\u00e1tus egyh\u00e1zhoz tartoz\u00e1sunkat.<\/p> <p>Ez sok minden mellett az\u00e9rt is fontos, mert \u00edgy egyh\u00e1zunk is pontosabb k\u00e9pet kaphat saj\u00e1t szolg\u00e1lat\u00e1ban hol, mennyi reform\u00e1tus testv\u00e9r\u00fcnk \u00e9l<\/p> <p><strong>\u00a0<\/strong><\/p> <p><strong>Gy\u00fclekezeti t\u00fara:<\/strong><\/p> <p>&#8211; Ezen a szombatra Okt\u00f3ber 15-ro szervezz\u00fck a gy\u00fclekezeti t\u00far\u00e1nkat, az eddigi terveknek megfelel\u0151en a Pilisbe. Ha lesz r\u00e1 m\u00f3d, akkor szeretn\u00e9nk majd szalonn\u00e1t is s\u00fctni, \u00edgy k\u00e9sz\u00fcljenek a testv\u00e9rek.<\/p> <p>\u00c9rdekl\u0151dni \u00e9s jelentkezni Szab\u00f3 Tam\u00e1sn\u00e1l \u00e9s J\u00f3zsa G\u00e1born\u00e1l lehet. A tervezett indul\u00e1s szombat reggel 9 \u00f3ra gy\u00fclekezeti h\u00e1z el\u00f6l.<\/p> <p><strong>\u00a0<\/strong><\/p> <p><strong>Szotyori Nagy G\u00e1bor orgonahangversenyei:<\/strong><\/p> <p>&#8211; Okt\u00f3berben Szotyori Nagy G\u00e1bor orgonam\u0171v\u00e9sz\u00fcnk ebben a h\u00f3napban 3 koncertet ad a Szent Istv\u00e1n Bazilik\u00e1ban, ezekb\u0151l m\u00e9g kett\u0151 h\u00e1travan: 12-\u00e9n \u00e9s 19-\u00e9n, l9 \u00f3rai kezdettel.<\/p> <p>R\u00e9szletes program itt tal\u00e1lhat\u00f3: <a href=\"https:\/\/www.facebookcom\/gaborgan\/\">https:\/\/www.facebookcom\/gaborgan\/<\/a><\/p> <p><strong>\u00a0<\/strong><\/p> <p><strong>\u00c1ll\u00e1s:<\/strong><\/p> <p>&#8211; Az Ady Endre Reform\u00e1tus \u00c1ltal\u00e1nos Iskol\u00e1ba keres\u00fcnk pedag\u00f3gusokat els\u0151sorban az als\u00f3 tagozatra. Sz\u00fcks\u00e9g\u00fcnk van technikai munkat\u00e1rsakra is, \u00edgy keres\u00fcnk olyanokat, akik sz\u00edvesen v\u00e1llalkoznak takar\u00edt\u00f3i feladatok ell\u00e1t\u00e1s\u00e1ra. \u00c9rdekl\u0151dni Botka N\u00f3ra int\u00e9zm\u00e9nyvezet\u0151n\u00e9l, vagy a lelkip\u00e1sztorn\u00e1l lehet.<\/p> <p><strong>\u00a0<\/strong><\/p> <p><strong>Templomtakar\u00edt\u00e1s:<\/strong><\/p> <p>&#8211; Ezen a h\u00e9ten \u00fajra szeretettel v\u00e1rjuk a testv\u00e9reket, <strong>p\u00e9nteken <\/strong>17 \u00f3r\u00e1t\u00f3l, hogy kitakar\u00edtsuk a templomot. K\u00f6sz\u00f6nj\u00fck azoknak, akik el nem m\u00fal\u00f3 szeretettel j\u00f6nnek h\u00e9tr\u0151l-h\u00e9tre takar\u00edtani, hogy templomunkban mindig tisztas\u00e1g \u00e9s rend lehessen alkalmainkra.<\/p> <p><strong>\u00a0<\/strong><\/p> <p><strong>Presbiter tov\u00e1bbk\u00e9pz\u00e9s:<\/strong><\/p> <p>&#8211; A Presbiteri Sz\u00f6vets\u00e9g szeretettel h\u00edv minden \u00e9rdekl\u0151d\u0151t, Bp-\u00c9szaki \u00e9s Bp-D\u00e9li ter\u00fcleti szervezettel k\u00f6z\u00f6s szervez\u00e9sben k\u00f6vetkez\u0151 presbiteri tov\u00e1bbk\u00e9pz\u0151 alkalm\u00e1ra\u00a0okt\u00f3ber 22-\u00e9n szombaton 9:30 \u00f3r\u00e1ra, a Pozsonyi \u00fati Reform\u00e1tus Egyh\u00e1zk\u00f6zs\u00e9g gy\u00fclekezeti term\u00e9be ( 1133 Budapest, Pozsonyi \u00fat 58.)<\/p> <p>Az \u00e1h\u00edtaton Berkesi G\u00e1bor lelkip\u00e1sztor fogja Isten ig\u00e9j\u00e9t hirdetni<\/p> <p>Az el\u0151ad\u00e1st Derencs\u00e9nyi Istv\u00e1n f\u0151tisztelet\u0171 \u00far, nyugd\u00edjas tisz\u00e1nt\u00fali lelk\u00e9szi f\u0151jegyz\u0151 fogja tartani. Az el\u0151ad\u00e1s c\u00edme: A konfirm\u00e1ci\u00f3 tartalma, t\u00f6rt\u00e9nete, a tan\u00edt\u00e1s egys\u00e9ges tartalma.<\/p> <p>Z\u00e1r\u00f3 im\u00e1ds\u00e1ggal Nagy K\u00e1roly nyugd\u00edjas lelkip\u00e1sztor, MRPSZ Bp-\u00c9szak eln\u00f6ke szolg\u00e1l<\/p> <p><strong>Lectio:<\/strong> Filippi: 3, 12-21<\/p> <p><strong>Textus:<\/strong> Filippi: 3, 16<\/p> <p><strong>\u00c9nekek:<\/strong> \u00a0\u00a0\u00a0\u00a0\u00a0\u00a0\u00a0\u00a0\u00a0\u00a0\u00a0\u00a0\u00a0\u00a0\u00a0\u00a0\u00a0\u00a0\u00a0 \u00a0\u00a015: 1<\/p> <p>329: 2 (\u00faj: 412)<\/p> <p>Ker.: Veres Anna &#8211; Zsolt\u00e1rok: 15: 1<\/p> <p>Sz\u00fcl\u0151k: Veres Tam\u00e1s \u00e9s dr. Lang Erika<\/p> <p>Heidelbergi K\u00e1t\u00e9 XLI. \u00darnapja<\/p> <p>154 (\u00faj: 209)<\/p> <p>261: 1-4 (\u00faj: 239)<\/p> <p>380: 1, 12 (\u00faj: 581)<\/p> <p>194 (\u00faj: 295)<\/p> <p>799: 1<\/p> <p>Igehirdet\u0151: Harkai Ferenc lelkip\u00e1sztor<\/p> <p><strong><em>D\u00e9lut\u00e1n:<\/em><\/strong><\/p> <p><strong>\u00a0<\/strong><\/p> <p><strong>Textus:<\/strong> 1 M\u00f3zes 4: 1-31<\/p> <h4><\/h4> <p><strong>Heidelbergi K\u00e1t\u00e9:<\/strong> XLI. \u00darnapja<\/p> <h4><\/h4> <p><strong>\u00c9nekek:<\/strong> \u00a0\u00a0\u00a0\u00a0\u00a0\u00a0\u00a0 \u00a0\u00a077: 1<\/p> <p>77: 7-8, 11<\/p> <p>503: 1-8 (\u00faj: 698)<\/p> <p>799: 1<\/p> <p>Igehirdet\u0151: Harkai Ferenc lelkip\u00e1sztor<\/p> ","protected":false},"excerpt":{"rendered":"<p>Aki szeretn\u00e9 a Hirdet\u00e9seket emailben is megkapni k\u00e9rj\u00fck, jelezze szem\u00e9lyesen a Lelk\u00e9szi hivatalban. Seg\u00edts\u00e9gny\u00fajt\u00e1s K\u00e1rp\u00e1talj\u00e1ra, Ukrajn\u00e1ba: &#8211; K\u00e1rp\u00e1taljai testv\u00e9reinket folyamatosan k\u00edv\u00e1njuk t\u00e1mogatni, ez\u00e9rt az adom\u00e1nygy\u0171jt\u0151 perselyt kint hagytuk a templom h\u00e1tulj\u00e1ban, ebbe lehet az Ukrajn\u00e1ba sz\u00e1nt t\u00e1mogat\u00e1sokat elhelyezni. A k\u00f6vetkez\u0151 utunk el\u0151tt pedig majd fogjuk jelezni, hogy milyen \u00e9lelmiszeradom\u00e1nyokra van sz\u00fcks\u00e9g, addig k\u00e9rj\u00fck a testv\u00e9reket,&hellip;<\/p>\n","protected":false},"author":15,"featured_media":0,"comment_status":"closed","ping_status":"closed","sticky":false,"template":"","format":"standard","meta":[],"categories":[17],"tags":[],"acf":[],"_links":{"self":[{"href":"https:\/\/kkre.hu\/wpm\/wp-json\/wp\/v2\/posts\/18562"}],"collection":[{"href":"https:\/\/kkre.hu\/wpm\/wp-json\/wp\/v2\/posts"}],"about":[{"href":"https:\/\/kkre.hu\/wpm\/wp-json\/wp\/v2\/types\/post"}],"author":[{"embeddable":true,"href":"https:\/\/kkre.hu\/wpm\/wp-json\/wp\/v2\/users\/15"}],"replies":[{"embeddable":true,"href":"https:\/\/kkre.hu\/wpm\/wp-json\/wp\/v2\/comments?post=18562"}],"version-history":[{"count":2,"href":"https:\/\/kkre.hu\/wpm\/wp-json\/wp\/v2\/posts\/18562\/revisions"}],"predecessor-version":[{"id":18564,"href":"https:\/\/kkre.hu\/wpm\/wp-json\/wp\/v2\/posts\/18562\/revisions\/18564"}],"wp:attachment":[{"href":"https:\/\/kkre.hu\/wpm\/wp-json\/wp\/v2\/media?parent=18562"}],"wp:term":[{"taxonomy":"category","embeddable":true,"href":"https:\/\/kkre.hu\/wpm\/wp-json\/wp\/v2\/categories?post=18562"},{"taxonomy":"post_tag","embeddable":true,"href":"https:\/\/kkre.hu\/wpm\/wp-json\/wp\/v2\/tags?post=18562"}],"curies":[{"name":"wp","href":"https:\/\/api.w.org\/{rel}","templated":true}]}}