{"id":18578,"date":"2022-10-16T21:45:28","date_gmt":"2022-10-16T19:45:28","guid":{"rendered":"https:\/\/kkre.hu\/wpm\/?p=18578"},"modified":"2022-10-16T21:46:25","modified_gmt":"2022-10-16T19:46:25","slug":"hirdetesek-2022-oktober-16","status":"publish","type":"post","link":"https:\/\/kkre.hu\/wpm\/blog\/2022\/10\/16\/hirdetesek-2022-oktober-16\/","title":{"rendered":"Hirdet\u00e9sek, 2022. okt\u00f3ber 16."},"content":{"rendered":"<p><strong>Aki szeretn\u00e9 a Hirdet\u00e9seket emailben is megkapni k\u00e9rj\u00fck, jelezze szem\u00e9lyesen a Lelk\u00e9szi hivatalban.<\/strong><\/p> <p><strong>Credo koncertje:<\/strong><\/p> <p>&#8211; Szeretettel k\u00f6sz\u00f6ntj\u00fck a k\u00e1rp\u00e1taljai Magyar \u00f6r\u00f6ks\u00e9g d\u00edjas Credo egy\u00fcttest, akik ma k\u00f6z\u00f6tt\u00fcnk koncerteznek, miel\u0151tt d\u00e9lut\u00e1n r\u00e9szt venn\u00e9nek a k\u00f6zponti reform\u00e1ci\u00f3s \u00fcnneps\u00e9gen az Ur\u00e1nia Filmsz\u00ednh\u00e1zban.<\/p> <p>K\u00f6sz\u00f6nj\u00fck, hogy B\u00f6sz\u00f6rm\u00e9nyi Gergely imm\u00e1r m\u00e1sodszor szervezte meg az egy\u00fcttes koncertj\u00e9t itt a templomunkban.<\/p> <p>Isten \u00e1ld\u00e1s\u00e1t k\u00e9rj\u00fck mindannyijuk \u00e9let\u00e9re \u00e9s szolg\u00e1lat\u00e1ra!<\/p> <p><strong>\u00a0<\/strong><\/p> <p><strong>Seg\u00edts\u00e9gny\u00fajt\u00e1s K\u00e1rp\u00e1talj\u00e1ra, Ukrajn\u00e1ba:<\/strong><\/p> <p>&#8211; K\u00e1rp\u00e1taljai testv\u00e9reinket folyamatosan k\u00edv\u00e1njuk t\u00e1mogatni, ez\u00e9rt az adom\u00e1nygy\u0171jt\u0151 perselyt kint hagytuk a templom h\u00e1tulj\u00e1ban, ebbe lehet az Ukrajn\u00e1ba sz\u00e1nt t\u00e1mogat\u00e1sokat elhelyezni.<\/p> <p>A k\u00f6vetkez\u0151 utunk el\u0151tt pedig majd fogjuk jelezni, hogy milyen \u00e9lelmiszeradom\u00e1nyokra van sz\u00fcks\u00e9g, addig k\u00e9rj\u00fck a testv\u00e9reket, ilyen felaj\u00e1nl\u00e1sokat ne hozzanak, hiszen azt nek\u00fcnk is t\u00e1rolni kell.<\/p> <p>Istentisztelet\u00fcnk v\u00e9g\u00e9n a k\u00e1rp\u00e1taljai reform\u00e1tusok kedves \u00e9nek\u00e9t fogjuk \u00e9nekelni, amit az ottani reform\u00e1tus templomokban \u201ekivonul\u00f3ra\u201d \u00e9nekelnek: \u201eMindig velem Uram, mindig velem\u2026\u201d<\/p> <p><strong>\u00a0<\/strong><\/p> <p><strong>Alakalmaink:\u00a0\u00a0\u00a0\u00a0\u00a0\u00a0\u00a0\u00a0\u00a0\u00a0\u00a0\u00a0\u00a0\u00a0\u00a0\u00a0\u00a0\u00a0\u00a0\u00a0\u00a0\u00a0\u00a0\u00a0\u00a0\u00a0\u00a0\u00a0\u00a0\u00a0\u00a0\u00a0\u00a0\u00a0\u00a0\u00a0\u00a0\u00a0\u00a0\u00a0\u00a0\u00a0\u00a0\u00a0\u00a0\u00a0\u00a0\u00a0\u00a0\u00a0\u00a0\u00a0\u00a0\u00a0\u00a0\u00a0\u00a0\u00a0\u00a0\u00a0\u00a0\u00a0\u00a0\u00a0\u00a0\u00a0\u00a0\u00a0\u00a0\u00a0\u00a0\u00a0\u00a0\u00a0\u00a0\u00a0\u00a0\u00a0\u00a0\u00a0\u00a0\u00a0\u00a0\u00a0\u00a0\u00a0\u00a0\u00a0\u00a0\u00a0\u00a0\u00a0\u00a0\u00a0\u00a0\u00a0\u00a0\u00a0\u00a0\u00a0\u00a0\u00a0\u00a0\u00a0\u00a0\u00a0\u00a0\u00a0 <\/strong><\/p> <p>&#8211; Ma <strong>18 \u00f3ra<\/strong>kor lesz istentisztelet itt a templomban (online k\u00f6zvet\u00edtve: <a href=\"https:\/\/kkre.hu\/wpm\/\">https:\/\/kkre.hu\/wpm\/<\/a>)<\/p> <p>&#8211; Szerd\u00e1n 18 \u00f3rakor <strong>lesz <\/strong>istentiszteletet itt a templomban (online k\u00f6zvet\u00edtve: <a href=\"https:\/\/kkre.hu\/wpm\/\">https:\/\/kkre.hu\/wpm\/<\/a>)<\/p> <p>&#8211; Cs\u00fct\u00f6rt\u00f6k\u00f6n 19 \u00f3rakor <strong>lesz Biblia\u00f3ra<\/strong> a Gy\u00fclekezeti teremben<\/p> <p>&#8211; J\u00f6v\u0151 <strong>vas\u00e1rnap<\/strong> <strong>10 \u00f3ra<\/strong>kor lesz <strong>istentisztelet<\/strong> itt a templomban, az igehirdet\u00e9s el\u0151tt a gyermekek kimehetnek gyermekistentiszteletre a gy\u00fclekezeti h\u00e1z alagsor\u00e1ban tal\u00e1lhat\u00f3 gy\u00fclekezeti terembe (online k\u00f6zvet\u00edtve: <a href=\"https:\/\/kkre.hu\/wpm\/\">https:\/\/kkre.hu\/wpm\/<\/a>)<\/p> <p>&#8211; J\u00f6v\u0151 vas\u00e1rnap <strong>18 \u00f3ra<\/strong>kor is fogunk <strong>istentiszteletet<\/strong> tartani itt a templomban (online k\u00f6zvet\u00edtve: <a href=\"https:\/\/kkre.hu\/wpm\/\">https:\/\/kkre.hu\/wpm\/<\/a>)<\/p> <p>-Okt\u00f3ber 30-\u00e1n a d\u00e9lel\u0151tti istentiszteleten lesz ebben az \u00e9vben ifjaink <strong>konfirm\u00e1ci\u00f3<\/strong>ja, ezen az alkalmon <strong>\u00farvacsora<\/strong>i k\u00f6z\u00f6ss\u00e9g\u00fcnk is lesz.<\/p> <p>-Okt\u00f3ber 25-28-ig b\u0171nb\u00e1nati istentiszteleteket fogunk tartani az \u00farvacsora s\u00e1kramentum\u00e1nak kiszolg\u00e1l\u00e1s\u00e1ra k\u00e9sz\u00fclve<\/p> <p>-Okt\u00f3ber 31-\u00e9n 10 \u00f3rakor <strong>Templom t\u00e9ren az evang\u00e9likus templomban lesz istentisztelet<\/strong><\/p> <p><strong>Temet\u00e9s:\u00a0\u00a0\u00a0\u00a0\u00a0\u00a0\u00a0\u00a0\u00a0\u00a0\u00a0\u00a0\u00a0\u00a0\u00a0\u00a0\u00a0\u00a0\u00a0\u00a0\u00a0\u00a0\u00a0\u00a0\u00a0\u00a0\u00a0\u00a0\u00a0\u00a0\u00a0\u00a0\u00a0\u00a0\u00a0\u00a0\u00a0\u00a0\u00a0\u00a0\u00a0\u00a0\u00a0\u00a0\u00a0\u00a0\u00a0\u00a0\u00a0\u00a0\u00a0\u00a0\u00a0\u00a0\u00a0\u00a0\u00a0\u00a0\u00a0\u00a0\u00a0\u00a0\u00a0\u00a0\u00a0\u00a0\u00a0\u00a0\u00a0\u00a0\u00a0\u00a0\u00a0\u00a0\u00a0\u00a0\u00a0\u00a0\u00a0\u00a0\u00a0\u00a0\u00a0\u00a0\u00a0\u00a0\u00a0\u00a0\u00a0\u00a0\u00a0\u00a0\u00a0\u00a0\u00a0\u00a0\u00a0\u00a0\u00a0\u00a0\u00a0\u00a0\u00a0\u00a0\u00a0\u00a0\u00a0\u00a0\u00a0\u00a0\u00a0\u00a0\u00a0\u00a0\u00a0\u00a0 <\/strong><\/p> <p>&#8211; Okt\u00f3ber 14-\u00e9n, p\u00e9nteken a Kispesti temet\u0151ben b\u00facs\u00faztunk Cs\u00f6rg\u0151 K\u00e1rolyn\u00e9, sz\u00fcletett Antal Iboly\u00e1t\u00f3l, aki szeptember 12-\u00e9n 82 \u00e9ves kor\u00e1ban hunyt el. A vigasztal\u00e1s ig\u00e9it a Titusz: 1, 1-4 alapj\u00e1n hirdett\u00fck: \u201eP\u00e1l, Isten szolg\u00e1ja, J\u00e9zus Krisztusnak pedig apostola Isten v\u00e1lasztottai\u00e9rt, hogy higgyenek, \u00e9s megismerj\u00e9k az igazs\u00e1got az igazi kegyess\u00e9g szerint\u00a0<sup><a href=\"https:\/\/abibliamindenkie.hu\/uj\/TIT\/1#2\">2<\/a><\/sup>az \u00f6r\u00f6k \u00e9let rem\u00e9nys\u00e9g\u00e9re, amelyet Isten, aki nem hazudik, \u00f6r\u00f6k id\u0151k el\u0151tt meg\u00edg\u00e9rt,\u00a0<sup><a href=\"https:\/\/abibliamindenkie.hu\/uj\/TIT\/1#3\">3<\/a><\/sup>\u00a0ig\u00e9j\u00e9t pedig kijelentette a maga idej\u00e9ben az evang\u00e9lium hirdet\u00e9s\u00e9vel, amelyre megb\u00edz\u00e1st kaptam a mi \u00fcdv\u00f6z\u00edt\u0151 Isten\u00fcnk rendel\u00e9s\u00e9b\u0151l.\u00a0<sup><a href=\"https:\/\/abibliamindenkie.hu\/uj\/TIT\/1#4\">4<\/a><\/sup>\u00a0Titusznak, a k\u00f6z\u00f6s hitben val\u00f3 igaz fiamnak: Kegyelem \u00e9s b\u00e9kess\u00e9g Istent\u0151l, a mi Aty\u00e1nkt\u00f3l \u00e9s Krisztus J\u00e9zust\u00f3l, a mi \u00dcdv\u00f6z\u00edt\u0151nkt\u0151l.\u201d Isten vigasztal\u00e1s\u00e1t k\u00e9rj\u00fck l\u00e1ny\u00e1nak, unok\u00e1inak, testv\u00e9r\u00e9nek \u00e9s szeretteinek A Boldog Felt\u00e1mad\u00e1s Rem\u00e9nys\u00e9ge Alatt<\/p> <p><strong>Konfirm\u00e1ci\u00f3:<\/strong><\/p> <p>&#8211; Cs\u00fct\u00f6rt\u00f6k\u00f6n 17 \u00f3rakor lesz azoknak a konfirmandus \u00f3r\u00e1ja, akik m\u00e1r tavaly is cs\u00fct\u00f6rt\u00f6k\u00f6n j\u00e1rtak.<\/p> <p>&#8211; Cs\u00fct\u00f6rt\u00f6k\u00f6n 16 \u00f3rakor v\u00e1rjuk azokat, akik tavaly szerd\u00e1n j\u00e1rtak<\/p> <p>&#8211; Szerd\u00e1n 16 \u00f3rakor v\u00e1rjuk azokat, akik m\u00e1r legal\u00e1bb 8. oszt\u00e1lyosok \u00e9s eddig nem j\u00e1rtak konfirm\u00e1ci\u00f3 el\u0151k\u00e9sz\u00edt\u0151re.<\/p> <p>&#8211; Szeretettel h\u00edvom, azokat a feln\u0151tteket, akik igehallgat\u00f3i gy\u00fclekezeti alkalmainknak, de m\u00e9g nincsenek megkeresztelve, vagy nem tettek konfirm\u00e1ci\u00f3i fogadalmat <strong>Feln\u0151tt konfirm\u00e1ci\u00f3s<\/strong> k\u00e9pz\u00e9s\u00fcnkre. Az alkalmakat cs\u00fct\u00f6rt\u00f6k\u00f6nk\u00e9nt 18 \u00f3rakor fogjuk tartani. Tov\u00e1bbi inform\u00e1ci\u00f3\u00e9rt \u00e9s jelentkez\u00e9s \u00fcgy\u00e9ben Harkai Ferenc lelkip\u00e1sztort kell keresni.<\/p> <p><strong>\u00a0<\/strong><\/p> <p><strong>\u00c9nekkar:<\/strong><\/p> <p>&#8211; \u00c9nekkarunk \u00fajra elkezdte a k\u00f6z\u00f6s \u00e9nekl\u00e9st! Szeretettel h\u00edvjuk v\u00e1rjuk a testv\u00e9reket h\u00e9tf\u0151n este a Gy\u00fclekezeti h\u00e1z alagsor\u00e1ba a gy\u00fclekezeti terembe a 18 \u00f3rakor kezd\u0151d\u0151 alkalmakra.<\/p> <p><strong>\u00a0<\/strong><\/p> <p><strong>Presbiter tov\u00e1bbk\u00e9pz\u00e9s:<\/strong><\/p> <p>&#8211; A Magyar Reform\u00e1tus Presbiteri Sz\u00f6vets\u00e9g szeretettel h\u00edv minden \u00e9rdekl\u0151d\u0151t, Bp-\u00c9szaki \u00e9s Bp-D\u00e9li ter\u00fcleti szervezettel k\u00f6z\u00f6s szervez\u00e9sben k\u00f6vetkez\u0151 presbiteri tov\u00e1bbk\u00e9pz\u0151 alkalm\u00e1ra\u00a0okt\u00f3ber 22-\u00e9n szombaton 9:30 \u00f3r\u00e1ra, a Pozsonyi \u00fati Reform\u00e1tus Egyh\u00e1zk\u00f6zs\u00e9g gy\u00fclekezeti term\u00e9be (1133 Budapest, Pozsonyi \u00fat 58.)<\/p> <p>Az \u00e1h\u00edtaton Berkesi G\u00e1bor lelkip\u00e1sztor fogja Isten ig\u00e9j\u00e9t hirdetni<\/p> <p>Az el\u0151ad\u00e1st Derencs\u00e9nyi Istv\u00e1n f\u0151tisztelet\u0171 \u00far, nyugd\u00edjas tisz\u00e1nt\u00fali lelk\u00e9szi f\u0151jegyz\u0151 fogja tartani. Az el\u0151ad\u00e1s c\u00edme: A konfirm\u00e1ci\u00f3 tartalma, t\u00f6rt\u00e9nete, a tan\u00edt\u00e1s egys\u00e9ges tartalma.<\/p> <p>Z\u00e1r\u00f3 im\u00e1ds\u00e1ggal Nagy K\u00e1roly nyugd\u00edjas lelkip\u00e1sztor, MRPSZ Bp-\u00c9szak eln\u00f6ke szolg\u00e1l<\/p> <p><strong>\u00a0<\/strong><\/p> <p><strong>Clark \u00c1d\u00e1m \u00c9letm\u0171d\u00edj:<\/strong><\/p> <p>&#8211; Szeretettel k\u00f6sz\u00f6ntj\u00fck Dr. T\u00f3th Ern\u0151 f\u0151gondnok urat, aki az elm\u00falt h\u00e9ten \u00e1tvette a h\u00edd\u00e1szok neves elismer\u00e9s\u00e9t a Clark \u00c1d\u00e1m \u00e9letm\u0171d\u00edjat! \u00d6r\u00fcl\u00fcnk, hogy nemcsak a foly\u00f3kon \u00e1t\u00edvel\u0151 hidak\u00e9rt tett nagyon sokat, hanem mind a mai napig fontosnak tartja az emberek k\u00f6z\u00f6tt \u00e1tvel\u0151 hidak \u00e9p\u00edt\u00e9s\u00e9t is. B\u00edzunk benne, hogy Urunk m\u00e9g sok\u00e1ig megengedi, hogy k\u00f6z\u00f6ss\u00e9g\u00fcnkben is szolg\u00e1lhasson! \u00c9let\u00e9re \u00e9s szolg\u00e1lat\u00e1ra Isten \u00e1ld\u00e1s\u00e1t k\u00e9rj\u00fck!<\/p> <p><strong>\u00a0<\/strong><\/p> <p><strong>Szotyori Nagy G\u00e1bor orgonahangversenyei:<\/strong><\/p> <p>&#8211; Okt\u00f3berben Szotyori Nagy G\u00e1bor orgonam\u0171v\u00e9sz\u00fcnk ebben a h\u00f3napban 3 koncertet ad a Szent Istv\u00e1n Bazilik\u00e1ban, ezekb\u0151l m\u00e9g egy h\u00e1travan: 19-\u00e9n, l9 \u00f3rai kezdettel.<\/p> <p>R\u00e9szletes program itt tal\u00e1lhat\u00f3: <a href=\"https:\/\/www.facebookcom\/gaborgan\/\">https:\/\/www.facebookcom\/gaborgan\/<\/a><\/p> <p><strong>\u00a0<\/strong><\/p> <p><strong>N\u00e9psz\u00e1ml\u00e1l\u00e1s:<\/strong><\/p> <p>&#8211; Zsinatunk eln\u00f6ks\u00e9g\u00e9nek k\u00e9r\u00e9se, hogy az okt\u00f3ber 1-j\u00e9n kezd\u0151d\u00f6tt N\u00e9psz\u00e1ml\u00e1l\u00e1son figyelj\u00fcnk arra, hogy a szabadon v\u00e1laszthat\u00f3 k\u00e9rd\u00e9sek k\u00f6z\u00f6tt v\u00e1laszoljunk a vall\u00e1sra vonatkoz\u00f3 k\u00e9rd\u00e9sre is \u00e9s ott jel\u00f6lj\u00fck be a reform\u00e1tus egyh\u00e1zhoz tartoz\u00e1sunkat.<\/p> <p>Ez sok minden mellett az\u00e9rt is fontos, mert \u00edgy egyh\u00e1zunk is pontosabb k\u00e9pet kaphat saj\u00e1t szolg\u00e1lat\u00e1ban hol, mennyi reform\u00e1tus testv\u00e9r\u00fcnk \u00e9l<\/p> <p><strong>\u00a0<\/strong><\/p> <p><strong>Gy\u00fclekezeti t\u00fara:<\/strong><\/p> <p>&#8211; Tegnap hossz\u00fa id\u0151 ut\u00e1n \u00fajra eljutottunk egy gy\u00fclekezeti kir\u00e1ndul\u00e1sra. Ez\u00fattal a Pilisbe Dobog\u00f3k\u00f6rre ment\u00fcnk, ahonnan egy k\u00f6rt\u00fara keret\u00e9ben elment\u00fcnk a Zsiv\u00e1ny-szikl\u00e1hoz. \u00d6sszesen 39-en voltunk \u00e9s Isten kegyelm\u00e9b\u0151l mindny\u00e1jan \u00e9ps\u00e9gben \u00e9rkezt\u00fcnk vissza.<\/p> <p><strong>\u00a0<\/strong><\/p> <p><strong>\u00c1ll\u00e1s:<\/strong><\/p> <p>&#8211; Az Ady Endre Reform\u00e1tus \u00c1ltal\u00e1nos Iskol\u00e1ba keres\u00fcnk pedag\u00f3gusokat els\u0151sorban az als\u00f3 tagozatra. Sz\u00fcks\u00e9g\u00fcnk van technikai munkat\u00e1rsakra is, \u00edgy keres\u00fcnk olyanokat, akik sz\u00edvesen v\u00e1llalkoznak takar\u00edt\u00f3i feladatok ell\u00e1t\u00e1s\u00e1ra. \u00c9rdekl\u0151dni Botka N\u00f3ra int\u00e9zm\u00e9nyvezet\u0151n\u00e9l, vagy a lelkip\u00e1sztorn\u00e1l lehet.<\/p> <p><strong>\u00a0<\/strong><\/p> <p><strong>Templomtakar\u00edt\u00e1s:<\/strong><\/p> <p>&#8211; Ezen a h\u00e9ten \u00fajra szeretettel v\u00e1rjuk a testv\u00e9reket, <strong>p\u00e9nteken <\/strong>17 \u00f3r\u00e1t\u00f3l, hogy kitakar\u00edtsuk a templomot. K\u00f6sz\u00f6nj\u00fck azoknak, akik el nem m\u00fal\u00f3 szeretettel j\u00f6nnek h\u00e9tr\u0151l-h\u00e9tre takar\u00edtani, hogy templomunkban mindig tisztas\u00e1g \u00e9s rend lehessen alkalmainkra.<\/p> <p><strong>Lectio:<\/strong> Titusz: 3, 1-7<\/p> <p><strong>Textus:<\/strong> Titusz: 3, 3-7<\/p> <p><strong>\u00c9nekek:<\/strong> \u00a0\u00a0\u00a0\u00a0\u00a0\u00a0\u00a0\u00a0\u00a0\u00a0\u00a0\u00a0\u00a0\u00a0\u00a0\u00a0\u00a0\u00a0\u00a0 \u00a0\u00a016: 1<\/p> <p>329: 2 (\u00faj: 412)<\/p> <p>Ker.: T\u00f6r\u00f6k Krist\u00f3f \u00e9s T\u00f6r\u00f6k Hanna Val\u00e9ria &#8211; Zsolt\u00e1rok: 16: 8-9<\/p> <p>Sz\u00fcl\u0151k: T\u00f6r\u00f6k S\u00e1ndor \u00e9s T\u00f6r\u00f6kn\u00e9 Fekete Vikt\u00f3ria<\/p> <p>Heidelbergi K\u00e1t\u00e9 XLII. \u00darnapja<\/p> <p>24: 1-2<\/p> <p>299: 1-5 \u00a0(\u00faj: 823)<\/p> <p>226: 1-2 (\u00faj: 204)<\/p> <p>799: 1<\/p> <p>Igehirdet\u0151: Harkai Ferenc lelkip\u00e1sztor<\/p> <p><strong><em>D\u00e9lut\u00e1n:<\/em><\/strong><\/p> <p><strong>\u00a0<\/strong><\/p> <p><strong>Textus:<\/strong> 2 M\u00f3zes 11: 1-10<\/p> <h4><\/h4> <p><strong>Heidelbergi K\u00e1t\u00e9:<\/strong> XLII. \u00darnapja<\/p> <h4><\/h4> <p><strong>\u00c9nekek:<\/strong> \u00a0\u00a0\u00a0\u00a0\u00a0\u00a0\u00a0 \u00a0\u00a099: 1, 4<\/p> <p>236: 1-7 (\u00faj: 184)<\/p> <p>504: 1-5<\/p> <p>799: 1<\/p> <p>Igehirdet\u0151: Harkai Ferenc lelkip\u00e1sztor<\/p> ","protected":false},"excerpt":{"rendered":"<p>Aki szeretn\u00e9 a Hirdet\u00e9seket emailben is megkapni k\u00e9rj\u00fck, jelezze szem\u00e9lyesen a Lelk\u00e9szi hivatalban. Credo koncertje: &#8211; Szeretettel k\u00f6sz\u00f6ntj\u00fck a k\u00e1rp\u00e1taljai Magyar \u00f6r\u00f6ks\u00e9g d\u00edjas Credo egy\u00fcttest, akik ma k\u00f6z\u00f6tt\u00fcnk koncerteznek, miel\u0151tt d\u00e9lut\u00e1n r\u00e9szt venn\u00e9nek a k\u00f6zponti reform\u00e1ci\u00f3s \u00fcnneps\u00e9gen az Ur\u00e1nia Filmsz\u00ednh\u00e1zban. K\u00f6sz\u00f6nj\u00fck, hogy B\u00f6sz\u00f6rm\u00e9nyi Gergely imm\u00e1r m\u00e1sodszor szervezte meg az egy\u00fcttes koncertj\u00e9t itt a templomunkban. Isten&hellip;<\/p>\n","protected":false},"author":15,"featured_media":0,"comment_status":"closed","ping_status":"closed","sticky":false,"template":"","format":"standard","meta":[],"categories":[17],"tags":[],"acf":[],"_links":{"self":[{"href":"https:\/\/kkre.hu\/wpm\/wp-json\/wp\/v2\/posts\/18578"}],"collection":[{"href":"https:\/\/kkre.hu\/wpm\/wp-json\/wp\/v2\/posts"}],"about":[{"href":"https:\/\/kkre.hu\/wpm\/wp-json\/wp\/v2\/types\/post"}],"author":[{"embeddable":true,"href":"https:\/\/kkre.hu\/wpm\/wp-json\/wp\/v2\/users\/15"}],"replies":[{"embeddable":true,"href":"https:\/\/kkre.hu\/wpm\/wp-json\/wp\/v2\/comments?post=18578"}],"version-history":[{"count":2,"href":"https:\/\/kkre.hu\/wpm\/wp-json\/wp\/v2\/posts\/18578\/revisions"}],"predecessor-version":[{"id":18580,"href":"https:\/\/kkre.hu\/wpm\/wp-json\/wp\/v2\/posts\/18578\/revisions\/18580"}],"wp:attachment":[{"href":"https:\/\/kkre.hu\/wpm\/wp-json\/wp\/v2\/media?parent=18578"}],"wp:term":[{"taxonomy":"category","embeddable":true,"href":"https:\/\/kkre.hu\/wpm\/wp-json\/wp\/v2\/categories?post=18578"},{"taxonomy":"post_tag","embeddable":true,"href":"https:\/\/kkre.hu\/wpm\/wp-json\/wp\/v2\/tags?post=18578"}],"curies":[{"name":"wp","href":"https:\/\/api.w.org\/{rel}","templated":true}]}}