{"id":18597,"date":"2022-10-23T21:15:09","date_gmt":"2022-10-23T19:15:09","guid":{"rendered":"https:\/\/kkre.hu\/wpm\/?p=18597"},"modified":"2022-10-23T21:15:52","modified_gmt":"2022-10-23T19:15:52","slug":"hirdetesek-2022-oktober-23","status":"publish","type":"post","link":"https:\/\/kkre.hu\/wpm\/blog\/2022\/10\/23\/hirdetesek-2022-oktober-23\/","title":{"rendered":"Hirdet\u00e9sek, 2022. okt\u00f3ber 23."},"content":{"rendered":"<p><strong>\u00a0<\/strong><strong>Aki szeretn\u00e9 a Hirdet\u00e9seket emailben is megkapni k\u00e9rj\u00fck, jelezze szem\u00e9lyesen a Lelk\u00e9szi hivatalban.<\/strong><\/p> <p><strong>Seg\u00edts\u00e9gny\u00fajt\u00e1s K\u00e1rp\u00e1talj\u00e1ra, Ukrajn\u00e1ba:<\/strong><\/p> <p>&#8211; K\u00e1rp\u00e1taljai testv\u00e9reinket folyamatosan k\u00edv\u00e1njuk t\u00e1mogatni, ez\u00e9rt az adom\u00e1nygy\u0171jt\u0151 perselyt kint hagytuk a templom h\u00e1tulj\u00e1ban, ebbe lehet az Ukrajn\u00e1ba sz\u00e1nt t\u00e1mogat\u00e1sokat elhelyezni.<\/p> <p>A k\u00f6vetkez\u0151 utunk el\u0151tt pedig majd fogjuk jelezni, hogy milyen \u00e9lelmiszeradom\u00e1nyokra van sz\u00fcks\u00e9g, addig k\u00e9rj\u00fck a testv\u00e9reket, ilyen felaj\u00e1nl\u00e1sokat ne hozzanak, hiszen azt nek\u00fcnk is t\u00e1rolni kell.<\/p> <p>Istentisztelet\u00fcnk v\u00e9g\u00e9n a k\u00e1rp\u00e1taljai reform\u00e1tusok kedves \u00e9nek\u00e9t fogjuk \u00e9nekelni, amit az ottani reform\u00e1tus templomokban \u201ekivonul\u00f3ra\u201d \u00e9nekelnek: \u201eMindig velem Uram, mindig velem\u2026\u201d<\/p> <p><strong>\u00a0<\/strong><\/p> <p><strong>Gy\u00fclekezeti gyakorlat:<\/strong><\/p> <p>&#8211; Az elm\u00falt k\u00e9t h\u00e9tben <strong>Szappanos Mirjam<\/strong> a K\u00e1roli G\u00e1sp\u00e1r Reform\u00e1tus Egyetem Hittudom\u00e1nyi Kar\u00e1nak IV. \u00e9ves lelk\u00e9sz szakos hallgat\u00f3ja volt k\u00f6z\u00f6tt\u00fcnk. Els\u0151sorban az volt a feladata, hogy az itt foly\u00f3 lelkip\u00e1sztori szolg\u00e1latot megismerje, de az elm\u00falt h\u00e9ten szolg\u00e1lt is k\u00f6z\u00f6tt\u00fcnk. Isten \u00e1ld\u00e1s\u00e1t k\u00e9rj\u00fck \u00e9let\u00e9re \u00e9s tov\u00e1bbi tanulm\u00e1nyaira \u00e9s sz\u00edvesen fogadjuk m\u00e1skor is k\u00f6z\u00f6tt\u00fcnk.<\/p> <p><strong>\u00a0<\/strong><\/p> <p><strong>Alakalmaink:<\/strong><\/p> <p>&#8211; Ma <strong>18 \u00f3ra<\/strong>kor lesz istentisztelet itt a templomban (online k\u00f6zvet\u00edtve: <a href=\"https:\/\/kkre.hu\/wpm\/\">https:\/\/kkre.hu\/wpm\/<\/a>)<\/p> <p>&#8211; Okt\u00f3ber 25-28-ig, keddt\u0151l p\u00e9ntekig <strong>18 \u00f3rakor B\u0171nb\u00e1nati istentiszteletek<\/strong> lesznek, p\u00e9nteken fognak konfirmandusaink bemutatkozni (online k\u00f6zvet\u00edtve: <a href=\"https:\/\/kkre.hu\/wpm\/\">https:\/\/kkre.hu\/wpm\/<\/a>)<\/p> <p>&#8211; J\u00f6v\u0151 <strong>vas\u00e1rnap<\/strong> <strong>10 \u00f3ra<\/strong>kor <strong>Istentiszteletet<\/strong> tartunk a Templomban ekkor lesz a <strong>konfirm\u00e1ci\u00f3<\/strong>, majd ut\u00e1na <strong>\u00farvacsorai k\u00f6z\u00f6ss\u00e9g\u00fcnk<\/strong> is lesz (online k\u00f6zvet\u00edtve: <a href=\"https:\/\/kkre.hu\/wpm\/\">https:\/\/kkre.hu\/wpm\/<\/a>)<\/p> <p>Az Istentisztelet ut\u00e1n az udvaron <strong>szeretetvend\u00e9gs\u00e9get<\/strong> fogunk tartani. K\u00e9rj\u00fck a testv\u00e9reket, hozzanak s\u00fctem\u00e9nyt, \u00fcd\u00edt\u0151t.<\/p> <p>&#8211; J\u00f6v\u0151 vas\u00e1rnap d\u00e9lut\u00e1n, okt\u00f3ber 30-\u00e1n 17 \u00f3rakor T\u00f3ka \u00c1goston orgonaj\u00e1t\u00e9k\u00e1val a reform\u00e1ci\u00f3 \u00fcnnep\u00e9re k\u00e9sz\u00fclve orgonazen\u00e9s \u00e1h\u00edtatunk lesz<\/p> <p>&#8211; A <strong>Reform\u00e1ci\u00f3<\/strong> eml\u00e9knapj\u00e1n, okt\u00f3ber 31-\u00e9n 10 \u00f3rakor <strong>\u00dcnnepi istentisztelet<\/strong> lesz a kispesti protest\u00e1nsokkal k\u00f6z\u00f6sen az <strong>evang\u00e9likus templomban<\/strong><\/p> <p><strong>Okt\u00f3ber 23. \u2013 Nemzeti \u00fcnnep:<\/strong><\/p> <p>&#8211; Az istentisztelet ut\u00e1n \u00e1tmegy\u00fcnk a Templom t\u00e9r t\u00faloldal\u00e1ra, hogy az ottani kopjaf\u00e1n\u00e1l elhelyezz\u00fck az eml\u00e9kez\u00e9s vir\u00e1gait, \u00edgy tisztelegve az 1956-os forradalom h\u0151seinek \u00e9s \u00e1ldozatainak az eml\u00e9ke el\u0151tt.<\/p> <p><strong>Temet\u00e9s:<\/strong><\/p> <p>&#8211; Okt\u00f3ber 19-\u00e9n, szerd\u00e1n d\u00e9lel\u0151tt a Kispesti temet\u0151ben b\u00facs\u00faztunk T\u00f6r\u00f6k S\u00e1ndor testv\u00e9r\u00fcnkt\u0151l, aki okt\u00f3ber 7-\u00e9n 81 \u00e9ves kor\u00e1ban hunyt el. A vigasztal\u00e1s ig\u00e9it a Zsolt\u00e1rok 23: 1-6 alapj\u00e1n hirdett\u00fck: \u201e<sup><a href=\"https:\/\/abibliamindenkie.hu\/uj\/PSA\/23#1\">1<\/a><\/sup>D\u00e1vid zsolt\u00e1ra. Az \u00dar az \u00e9n p\u00e1sztorom, nem sz\u0171k\u00f6lk\u00f6d\u00f6m.<sup><a href=\"https:\/\/abibliamindenkie.hu\/uj\/PSA\/23#2\">2<\/a><\/sup>F\u00fcves legel\u0151k\u00f6n terelget, csendes vizekhez vezet engem. <sup><a href=\"https:\/\/abibliamindenkie.hu\/uj\/PSA\/23#3\">3<\/a><\/sup>Lelkemet fel\u00fcd\u00edti, igaz \u00f6sv\u00e9nyen vezet az \u0151 nev\u00e9\u00e9rt. <sup><a href=\"https:\/\/abibliamindenkie.hu\/uj\/PSA\/23#4\">4<\/a><\/sup>Ha a hal\u00e1l \u00e1rny\u00e9ka v\u00f6lgy\u00e9ben j\u00e1rok is, nem f\u00e9lek semmi bajt\u00f3l, mert te velem vagy: vessz\u0151d \u00e9s botod megvigasztal engem. <sup><a href=\"https:\/\/abibliamindenkie.hu\/uj\/PSA\/23#5\">5<\/a><\/sup>Asztalt ter\u00edtesz nekem ellens\u00e9geim szeme l\u00e1tt\u00e1ra. Megkened fejemet olajjal, csordultig van poharam. <sup><a href=\"https:\/\/abibliamindenkie.hu\/uj\/PSA\/23#6\">6<\/a><\/sup>Bizony, j\u00f3s\u00e1god \u00e9s szereteted k\u00eds\u00e9r \u00e9letem minden napj\u00e1n, \u00e9s az \u00dar h\u00e1z\u00e1ban lakom eg\u00e9sz \u00e9letemben.\u201d Isten vigasztal\u00e1s\u00e1t k\u00e9rj\u00fck feles\u00e9g\u00e9nek, fi\u00e1nak, l\u00e1ny\u00e1nak, unok\u00e1inak, \u00e9s szeretteinek A Boldog Felt\u00e1mad\u00e1s Rem\u00e9nys\u00e9ge Alatt<\/p> <p>&#8211; Okt\u00f3ber 14-\u00e9n 85 \u00e9ves kor\u00e1ban r\u00f6vid betegs\u00e9g ut\u00e1n v\u00e1ratlanul hunyt el Dr. ir. Jan van der Graaf a Holland Gereformeerde Bond in de Hervormde Kerk kor\u00e1bbi f\u0151titk\u00e1ra, aki 1994 \u00f3ta a K\u00e1roli G\u00e1sp\u00e1r Reform\u00e1tus Egyetem Hittudom\u00e1nyi Kar\u00e1nak d\u00edszdoktora volt. Dr. ir. Jan van der Graaf t\u00f6bbsz\u00f6r vett r\u00e9szt istentiszteleteinken, amikor hivatalos \u00fatjai miatt Magyarorsz\u00e1gon volt. Testv\u00e9r\u00fcnk nagyon sokat tett az\u00e9rt, hogy a t\u00f6bb \u00e9vsz\u00e1zados m\u00faltra visszatekint\u0151 holland-magyar reform\u00e1tus k\u00f6z\u00f6ss\u00e9g a kommunizmus alatt \u00e9s ut\u00e1n is megmaradjon, lelkip\u00e1sztorok, gy\u00fclekezetek k\u00f6z\u00f6tt.Temet\u00e9se okt\u00f3ber 19-\u00e9n cs\u00fct\u00f6rt\u00f6k\u00f6n d\u00e9lel\u0151tt volt a hollandiai Huizenben. A vigasztal\u00e1s ig\u00e9i a Koloss\u00e9 3, 2-3 alapj\u00e1n hirdett\u00e9k: \u201eAz odafennval\u00f3kkal t\u00f6r\u0151djetek, ne a f\u00f6ldiekkel! <sup><a href=\"https:\/\/abibliamindenkie.hu\/uj\/COL\/3#3\">3<\/a><\/sup>Mert meghaltatok, \u00e9s a ti \u00e9letetek el van rejtve Krisztussal egy\u00fctt Istenben.\u201d Isten vigasztal\u00e1s\u00e1t k\u00e9rj\u00fck gyermekeinek \u00e9s gy\u00e1szol\u00f3 holland reform\u00e1tus testv\u00e9reinknek A Boldog Felt\u00e1mad\u00e1s Rem\u00e9nys\u00e9ge Alatt<\/p> <p><strong>Konfirm\u00e1ci\u00f3:<\/strong><\/p> <p>&#8211; Cs\u00fct\u00f6rt\u00f6k\u00f6n 16 \u00f3rakor v\u00e1rjuk azokat, akik tavaly szerd\u00e1n j\u00e1rtak<\/p> <p>&#8211; Szerd\u00e1n 16 \u00f3rakor v\u00e1rjuk azokat, akik m\u00e1r legal\u00e1bb 8. oszt\u00e1lyosok \u00e9s eddig nem j\u00e1rta konfirm\u00e1ci\u00f3 el\u0151k\u00e9sz\u00edt\u0151re.<\/p> <p>&#8211; Szeretettel h\u00edvom, azokat a feln\u0151tteket, akik igehallgat\u00f3i gy\u00fclekezeti alkalmainknak, de m\u00e9g nincsenek megkeresztelve, vagy nem tettek konfirm\u00e1ci\u00f3i fogadalmat <strong>Feln\u0151tt konfirm\u00e1ci\u00f3s<\/strong> k\u00e9pz\u00e9s\u00fcnkre. Az alkalmakat cs\u00fct\u00f6rt\u00f6k\u00f6nk\u00e9nt 18 \u00f3rakor fogjuk tartani. Tov\u00e1bbi inform\u00e1ci\u00f3\u00e9rt \u00e9s jelentkez\u00e9s \u00fcgy\u00e9ben Harkai Ferenc lelkip\u00e1sztort kell keresni. Az alkalmak november elej\u00e9n fognak elkezd\u0151dni.<\/p> <p><strong>\u00a0<\/strong><\/p> <p><strong>\u00c9nekkar:<\/strong><\/p> <p>&#8211; \u00c9nekkarunk \u00fajra elkezdte a k\u00f6z\u00f6s \u00e9nekl\u00e9st! Szeretettel h\u00edvjuk v\u00e1rjuk a testv\u00e9reket h\u00e9tf\u0151n este a Gy\u00fclekezeti h\u00e1z alagsor\u00e1ba a gy\u00fclekezeti terembe a 18 \u00f3rakor kezd\u0151d\u0151 alkalmakra.<\/p> <p><strong>\u00a0<\/strong><\/p> <p><strong>N\u00e9psz\u00e1ml\u00e1l\u00e1s:<\/strong><\/p> <p>&#8211; Zsinatunk eln\u00f6ks\u00e9g\u00e9nek k\u00e9r\u00e9se, hogy az okt\u00f3ber 1-j\u00e9n kezd\u0151d\u00f6tt N\u00e9psz\u00e1ml\u00e1l\u00e1son figyelj\u00fcnk arra, hogy a szabadon v\u00e1laszthat\u00f3 k\u00e9rd\u00e9sek k\u00f6z\u00f6tt v\u00e1laszoljunk a vall\u00e1sra vonatkoz\u00f3 k\u00e9rd\u00e9sre is \u00e9s ott jel\u00f6lj\u00fck be a reform\u00e1tus egyh\u00e1zhoz tartoz\u00e1sunkat.<\/p> <p>Ez sok minden mellett az\u00e9rt is fontos, mert \u00edgy egyh\u00e1zunk is pontosabb k\u00e9pet kaphat saj\u00e1t szolg\u00e1lat\u00e1ban hol, mennyi reform\u00e1tus testv\u00e9r\u00fcnk \u00e9l<\/p> <p><strong>\u00a0<\/strong><\/p> <p><strong>\u00c1ll\u00e1s:<\/strong><\/p> <p>&#8211; Az Ady Endre Reform\u00e1tus \u00c1ltal\u00e1nos Iskol\u00e1ba keres\u00fcnk pedag\u00f3gusokat els\u0151sorban az als\u00f3 tagozatra. Sz\u00fcks\u00e9g\u00fcnk van technikai munkat\u00e1rsakra is, \u00edgy keres\u00fcnk olyanokat, akik sz\u00edvesen v\u00e1llalkoznak takar\u00edt\u00f3i feladatok ell\u00e1t\u00e1s\u00e1ra. \u00c9rdekl\u0151dni Botka N\u00f3ra int\u00e9zm\u00e9nyvezet\u0151n\u00e9l, vagy a lelkip\u00e1sztorn\u00e1l lehet.<\/p> <p><strong>\u00a0<\/strong><\/p> <p><strong>Templomtakar\u00edt\u00e1s:<\/strong><\/p> <p>&#8211; Ezen a h\u00e9ten, <strong>szombaton 16 \u00f3r\u00e1<\/strong>t\u00f3l fogjuk a konfirm\u00e1ci\u00f3ra a templomot d\u00edsz\u00edteni \u00e9s ekkor fogjuk a templomot is kitakar\u00edtani.<\/p> <p>K\u00f6sz\u00f6nj\u00fck azoknak, akik el nem m\u00fal\u00f3 szeretettel j\u00f6nnek h\u00e9tr\u0151l-h\u00e9tre takar\u00edtani, hogy templomunkban mindig tisztas\u00e1g \u00e9s rend lehessen alkalmainkra.<\/p> <p><strong>Lectio:<\/strong> 1 Korinthus: 15, 20-28 \u00e9s Zsid\u00f3: 2, 5-18<\/p> <p><strong>\u00a0<\/strong><\/p> <p><strong>Textus:<\/strong> Zsid\u00f3: 2, 8b-9<\/p> <p><strong>\u00c9nekek:<\/strong> \u00a0\u00a0\u00a0\u00a0\u00a0\u00a0\u00a0\u00a0\u00a0\u00a0\u00a0\u00a0\u00a0\u00a0\u00a0\u00a0\u00a0\u00a0\u00a0 \u00a0\u00a0\u00a08: 1-2<\/p> <p>Heidelbergi K\u00e1t\u00e9 XLIII. \u00darnapja<\/p> <p>8: 3-5<\/p> <p>8: 6-9<\/p> <p>278: 1-2 (\u00faj: 196)<\/p> <p>278: 3-8 (\u00faj: 196)<\/p> <p>799: 1<\/p> <p>HIMNUSZ<\/p> <p>Igehirdet\u0151: Harkai Ferenc lelkip\u00e1sztor<\/p> <p><strong><em>D\u00e9lut\u00e1n:<\/em><\/strong><\/p> <p><strong>\u00a0<\/strong><\/p> <p><strong>Textus:<\/strong> 2 M\u00f3zes 17: 1-17<\/p> <h4><\/h4> <p><strong>Heidelbergi K\u00e1t\u00e9:<\/strong> XLIII. \u00darnapja<\/p> <h4><\/h4> <p><strong>\u00c9nekek:<\/strong> \u00a0\u00a0\u00a0\u00a0\u00a0\u00a0\u00a0 \u00a0\u00a090: 1, 9<\/p> <p>78: 1, 2, 8 (\u00faj: 78: 1, 2, 3)<\/p> <p>505: 1-6 (\u00faj: 696)<\/p> <p>799: 1<\/p> <p>HIMNUSZ<\/p> <p>Igehirdet\u0151: Harkai Ferenc lelkip\u00e1sztor<\/p> ","protected":false},"excerpt":{"rendered":"<p>\u00a0Aki szeretn\u00e9 a Hirdet\u00e9seket emailben is megkapni k\u00e9rj\u00fck, jelezze szem\u00e9lyesen a Lelk\u00e9szi hivatalban. Seg\u00edts\u00e9gny\u00fajt\u00e1s K\u00e1rp\u00e1talj\u00e1ra, Ukrajn\u00e1ba: &#8211; K\u00e1rp\u00e1taljai testv\u00e9reinket folyamatosan k\u00edv\u00e1njuk t\u00e1mogatni, ez\u00e9rt az adom\u00e1nygy\u0171jt\u0151 perselyt kint hagytuk a templom h\u00e1tulj\u00e1ban, ebbe lehet az Ukrajn\u00e1ba sz\u00e1nt t\u00e1mogat\u00e1sokat elhelyezni. A k\u00f6vetkez\u0151 utunk el\u0151tt pedig majd fogjuk jelezni, hogy milyen \u00e9lelmiszeradom\u00e1nyokra van sz\u00fcks\u00e9g, addig k\u00e9rj\u00fck a testv\u00e9reket,&hellip;<\/p>\n","protected":false},"author":15,"featured_media":0,"comment_status":"closed","ping_status":"closed","sticky":false,"template":"","format":"standard","meta":[],"categories":[17],"tags":[],"acf":[],"_links":{"self":[{"href":"https:\/\/kkre.hu\/wpm\/wp-json\/wp\/v2\/posts\/18597"}],"collection":[{"href":"https:\/\/kkre.hu\/wpm\/wp-json\/wp\/v2\/posts"}],"about":[{"href":"https:\/\/kkre.hu\/wpm\/wp-json\/wp\/v2\/types\/post"}],"author":[{"embeddable":true,"href":"https:\/\/kkre.hu\/wpm\/wp-json\/wp\/v2\/users\/15"}],"replies":[{"embeddable":true,"href":"https:\/\/kkre.hu\/wpm\/wp-json\/wp\/v2\/comments?post=18597"}],"version-history":[{"count":2,"href":"https:\/\/kkre.hu\/wpm\/wp-json\/wp\/v2\/posts\/18597\/revisions"}],"predecessor-version":[{"id":18599,"href":"https:\/\/kkre.hu\/wpm\/wp-json\/wp\/v2\/posts\/18597\/revisions\/18599"}],"wp:attachment":[{"href":"https:\/\/kkre.hu\/wpm\/wp-json\/wp\/v2\/media?parent=18597"}],"wp:term":[{"taxonomy":"category","embeddable":true,"href":"https:\/\/kkre.hu\/wpm\/wp-json\/wp\/v2\/categories?post=18597"},{"taxonomy":"post_tag","embeddable":true,"href":"https:\/\/kkre.hu\/wpm\/wp-json\/wp\/v2\/tags?post=18597"}],"curies":[{"name":"wp","href":"https:\/\/api.w.org\/{rel}","templated":true}]}}