{"id":18656,"date":"2022-10-30T21:48:02","date_gmt":"2022-10-30T20:48:02","guid":{"rendered":"https:\/\/kkre.hu\/wpm\/?p=18656"},"modified":"2022-11-06T07:15:06","modified_gmt":"2022-11-06T06:15:06","slug":"hirdetesek-2022-oktober-30","status":"publish","type":"post","link":"https:\/\/kkre.hu\/wpm\/blog\/2022\/10\/30\/hirdetesek-2022-oktober-30\/","title":{"rendered":"Hirdet\u00e9sek, 2022. okt\u00f3ber 30."},"content":{"rendered":"<p><strong>\u00a0<\/strong><\/p> <p><strong>Aki szeretn\u00e9 a Hirdet\u00e9seket emailben is megkapni k\u00e9rj\u00fck, jelezze szem\u00e9lyesen a Lelk\u00e9szi hivatalban.<\/strong><\/p> <p><strong>\u00a0<\/strong><\/p> <p><strong>Konfirm\u00e1ci\u00f3:<\/strong><\/p> <p>&#8211; N\u00e9gy \u00e9v felk\u00e9sz\u00fcl\u00e9s ut\u00e1n ebben az \u00e9vben kilenc fiatal tesz konfirm\u00e1ci\u00f3 fogadalmat: Bics\u00e1k Bogl\u00e1rka, Bics\u00e1k J\u00e1zmin, Hevesi G\u00e1bor B\u00e1nk, Holyba M\u00e1rton, Horovitz Andr\u00e1s M\u00e1t\u00e9, J\u00f3n\u00e1s N\u00f3ra, L\u00f3th Gergely M\u00e1t\u00e9, Mak\u00f3 N\u00f3ra, \u00e9s R\u00e1di-Szab\u00f3 M\u00e1rk.<\/p> <p><strong>Seg\u00edts\u00e9gny\u00fajt\u00e1s K\u00e1rp\u00e1talj\u00e1ra, Ukrajn\u00e1ba:<\/strong><\/p> <p>&#8211; K\u00e1rp\u00e1taljai testv\u00e9reinket folyamatosan k\u00edv\u00e1njuk t\u00e1mogatni, ez\u00e9rt az adom\u00e1nygy\u0171jt\u0151 perselyt kint hagytuk a templom h\u00e1tulj\u00e1ban, ebbe lehet az Ukrajn\u00e1ba sz\u00e1nt t\u00e1mogat\u00e1sokat elhelyezni.<\/p> <p>A k\u00f6vetkez\u0151 utunk el\u0151tt pedig majd fogjuk jelezni, hogy milyen \u00e9lelmiszeradom\u00e1nyokra van sz\u00fcks\u00e9g, addig k\u00e9rj\u00fck a testv\u00e9reket, ilyen felaj\u00e1nl\u00e1sokat ne hozzanak, hiszen azt nek\u00fcnk is t\u00e1rolni kell.<\/p> <p>Istentisztelet\u00fcnk v\u00e9g\u00e9n a k\u00e1rp\u00e1taljai reform\u00e1tusok kedves \u00e9nek\u00e9t fogjuk \u00e9nekelni, amit az ottani reform\u00e1tus templomokban \u201ekivonul\u00f3ra\u201d \u00e9nekelnek: \u201eMindig velem Uram, mindig velem\u2026\u201d<\/p> <p><strong>\u00a0<\/strong><\/p> <p><strong>Alakalmaink:<\/strong><\/p> <p>&#8211; Az istentisztelet ut\u00e1n szeretetvend\u00e9gs\u00e9get tartunk az udvaron<\/p> <p>&#8211; Ma <strong>17 \u00f3ra<\/strong>kor T\u00f3ka \u00c1goston orgonaj\u00e1t\u00e9k\u00e1val a Reform\u00e1ci\u00f3 \u00fcnnep\u00e9re k\u00e9sz\u00fclve orgonazen\u00e9s \u00e1h\u00edtatunk lesz<\/p> <p>(online k\u00f6zvet\u00edtve: <a href=\"https:\/\/kkre.hu\/wpm\/\">https:\/\/kkre.hu\/wpm\/<\/a>)<\/p> <p>&#8211; Holnap, okt\u00f3ber 31-\u00e9n a <strong>Reform\u00e1ci\u00f3<\/strong> eml\u00e9knapj\u00e1n 10 \u00f3rakor <strong>\u00dcnnepi istentisztelet<\/strong> lesz a kispesti protest\u00e1nsokkal k\u00f6z\u00f6sen az <strong>EVANG\u00c9LIKUS TEMPLOMBAN <\/strong>(online k\u00f6zvet\u00edtve: <a href=\"https:\/\/kkre.hu\/wpm\/\">https:\/\/kkre.hu\/wpm\/<\/a>)<\/p> <p>&#8211; Szerd\u00e1n 18 \u00f3rakor lesz istentisztelet a templomban (online k\u00f6zvet\u00edtve: <a href=\"https:\/\/kkre.hu\/wpm\/\">https:\/\/kkre.hu\/wpm\/<\/a>)<\/p> <p>&#8211; Cs\u00fct\u00f6rt\u00f6k\u00f6n 19 \u00f3rakor lesz biblia\u00f3ra a gy\u00fclekezeti teremben<\/p> <p>&#8211; J\u00f6v\u0151 <strong>vas\u00e1rnap<\/strong> <strong>10 \u00f3ra<\/strong>kor <strong>Istentiszteletet<\/strong> tartunk a Templomban, az igehirdet\u00e9s el\u0151tt a gyermekek kimehetnek gyermekistentiszteletre a gy\u00fclekezeti h\u00e1zba (online k\u00f6zvet\u00edtve: <a href=\"https:\/\/kkre.hu\/wpm\/\">https:\/\/kkre.hu\/wpm\/<\/a>)<\/p> <p>&#8211; J\u00f6v\u0151 vas\u00e1rnap d\u00e9lut\u00e1n, 17 \u00f3rakor lesz istentisztelet a templomban (online k\u00f6zvet\u00edtve:<\/p> <p><strong>Esk\u00fcv\u0151:<\/strong><\/p> <p>&#8211; \u00d6r\u00f6mmel jelentem a gy\u00fclekezetnek, hogy B\u00e1rk\u00e1nyi Andor r\u00f3mai katolikus leg\u00e9ny feles\u00e9g\u00fcl vette, D\u00f6ms\u00f6di Orsolya Korn\u00e9lia reform\u00e1tus hajadont. H\u00e1zass\u00e1gk\u00f6t\u00e9s\u00fck meg\u00e1ld\u00e1s\u00e1nak tervezett id\u0151pontja 2022. november 17. Hordozzuk im\u00e1ds\u00e1gban az ifj\u00fa p\u00e1rt.<\/p> <p><strong>Konfirm\u00e1ci\u00f3:<\/strong><\/p> <p>&#8211; Ezen a h\u00e9ten ifjainknak <strong>nem tartunk<\/strong> konfirm\u00e1ci\u00f3 el\u0151k\u00e9sz\u00edt\u0151ket<\/p> <p>&#8211; Szeretettel v\u00e1rjuk <strong>Feln\u0151tt konfirm\u00e1ci\u00f3 <\/strong>felk\u00e9sz\u00edt\u00e9s\u00fcnkre azokat a feln\u0151tteket, akik igehallgat\u00f3i gy\u00fclekezeti alkalmainknak, de m\u00e9g nincsenek megkeresztelve, vagy nem tettek konfirm\u00e1ci\u00f3i fogadalmat.<\/p> <p>Az alkalmakat cs\u00fct\u00f6rt\u00f6k\u00f6nk\u00e9nt 18 \u00f3rakor fogjuk tartani. Tov\u00e1bbi inform\u00e1ci\u00f3\u00e9rt \u00e9s jelentkez\u00e9s \u00fcgy\u00e9ben Harkai Ferenc lelkip\u00e1sztort kell keresni. Az els\u0151 alkalom ezen a h\u00e9ten, november 3-\u00e1n cs\u00fct\u00f6rt\u00f6k\u00f6n lesz.<\/p> <p><strong>\u00a0<\/strong><\/p> <p><strong>\u00c9nekkar:<\/strong><\/p> <p>&#8211; \u00c9nekkarunk \u00fajra elkezdte a k\u00f6z\u00f6s \u00e9nekl\u00e9st! Szeretettel h\u00edvjuk, v\u00e1rjuk a testv\u00e9reket h\u00e9tf\u0151n este a Gy\u00fclekezeti h\u00e1z alagsor\u00e1ba a gy\u00fclekezeti terembe a 18 \u00f3rakor kezd\u0151d\u0151 alkalmakra.<\/p> <p><strong>Ezen a h\u00e9ten nincs \u00e9nekkari pr\u00f3ba<\/strong><\/p> <p><strong>\u00a0<\/strong><\/p> <p><strong>N\u00e9psz\u00e1ml\u00e1l\u00e1s:<\/strong><\/p> <p>&#8211; Zsinatunk eln\u00f6ks\u00e9g\u00e9nek k\u00e9r\u00e9se, hogy az okt\u00f3ber 1-j\u00e9n kezd\u0151d\u00f6tt N\u00e9psz\u00e1ml\u00e1l\u00e1son figyelj\u00fcnk arra, hogy a szabadon v\u00e1laszthat\u00f3 k\u00e9rd\u00e9sek k\u00f6z\u00f6tt v\u00e1laszoljunk a vall\u00e1sra vonatkoz\u00f3 k\u00e9rd\u00e9sre is \u00e9s ott jel\u00f6lj\u00fck be a reform\u00e1tus egyh\u00e1zhoz tartoz\u00e1sunkat.<\/p> <p>Ez sok minden mellett az\u00e9rt is fontos, mert \u00edgy egyh\u00e1zunk is pontosabb k\u00e9pet kaphat saj\u00e1t szolg\u00e1lat\u00e1ban hol, mennyi reform\u00e1tus testv\u00e9r\u00fcnk \u00e9l<\/p> <p><strong>\u00a0<\/strong><\/p> <p><strong>\u00c1ll\u00e1s:<\/strong><\/p> <p>&#8211; Az Ady Endre Reform\u00e1tus \u00c1ltal\u00e1nos Iskol\u00e1ba keres\u00fcnk pedag\u00f3gusokat els\u0151sorban az als\u00f3 tagozatra. Sz\u00fcks\u00e9g\u00fcnk van technikai munkat\u00e1rsakra is, \u00edgy keres\u00fcnk olyanokat, akik sz\u00edvesen v\u00e1llalkoznak takar\u00edt\u00f3i feladatok ell\u00e1t\u00e1s\u00e1ra. \u00c9rdekl\u0151dni Botka N\u00f3ra int\u00e9zm\u00e9nyvezet\u0151n\u00e9l, vagy a lelkip\u00e1sztorn\u00e1l lehet.<\/p> <p><strong>\u00a0<\/strong><\/p> <p><strong>Templomtakar\u00edt\u00e1s:<\/strong><\/p> <p>&#8211; Ezen a h\u00e9ten \u00fajra szeretettel v\u00e1rjuk a testv\u00e9reket, <strong>p\u00e9nteken <\/strong>17 \u00f3r\u00e1t\u00f3l, hogy kitakar\u00edtsuk a templomot. K\u00f6sz\u00f6nj\u00fck azoknak, akik el nem m\u00fal\u00f3 szeretettel j\u00f6nnek h\u00e9tr\u0151l-h\u00e9tre takar\u00edtani, hogy templomunkban mindig tisztas\u00e1g \u00e9s rend lehessen alkalmainkra<\/p> <p><strong>Lectio:<\/strong> Zsid\u00f3khoz \u00edrt lev\u00e9l: 5, 5-6, 8<\/p> <p><strong>\u00a0<\/strong><\/p> <p><strong>Textus:<\/strong> Zsid\u00f3khoz \u00edrt lev\u00e9l: 6, 1-2<\/p> <p><strong>\u00c9nekek:<\/strong> \u00a0\u00a0\u00a0\u00a0\u00a0\u00a0\u00a0\u00a0\u00a0\u00a0\u00a0\u00a0\u00a0\u00a0\u00a0\u00a0\u00a0\u00a0\u00a0 264: 1 (\u00faj: 249)<\/p> <p>Heidelbergi K\u00e1t\u00e9 XLIII. \u00darnapja<\/p> <p>165: 1-2 (\u00faj: 225)<\/p> <p>Lectio, Im\u00e1ds\u00e1g<\/p> <p>370: 1 (\u00faj: 541)<\/p> <p>Textus, pr\u00e9dik\u00e1ci\u00f3<\/p> <p>264: 3, 5 (\u00faj: 249)<\/p> <p>im\u00e1ds\u00e1g, csendesperc, \u00fari, im\u00e1ds\u00e1g<\/p> <p>356: 1, 2, 5 (\u00faj: 513)<\/p> <p>Konfirm\u00e1ci\u00f3<\/p> <p>134: 3<\/p> <p>\u00darvacsor\u00e1ra k\u00e9sz\u00fclve:\u00a0 42: 1, 7<\/p> <p>\u00darvacsora alatt: \u00a0\u00a0\u00a0\u00a0\u00a0\u00a0\u00a0\u00a0 436 (\u00faj: 352), 440 (\u00faj: 360), 438: 1-4 (\u00faj: 363)<\/p> <p>90 : 1, 9<\/p> <p>799: 1<\/p> <p>Igehirdet\u0151: Harkai Ferenc lelkip\u00e1sztor<\/p> <p><strong><em>D\u00e9lut\u00e1n \u2013 Orgonazen\u00e9s \u00e1h\u00edtat:<\/em><\/strong><\/p> <p><strong>\u00a0<\/strong><\/p> <p><strong>Textus: <\/strong>2 M\u00f3zes: 23, 1-3<\/p> <p><strong>\u00a0<\/strong><\/p> <p><strong>Heidelbergi K\u00e1t\u00e9:<\/strong> XLIV. \u00darnapja<\/p> <p><strong>\u00c9nekek:<\/strong> \u00a0\u00a0\u00a0\u00a0\u00a0\u00a0\u00a0\u00a0\u00a0\u00a0\u00a0\u00a0\u00a0\u00a0\u00a0\u00a0\u00a0\u00a0\u00a0 150: 1<\/p> <p>150: 2-3<\/p> <p>799: 1<\/p> <p><strong>Orgonam\u0171v\u00e9sz<\/strong>: T\u00f3ka \u00c1goston<\/p> <p><strong>Igehirdet\u0151<\/strong>: Harkai Ferenc lelkip\u00e1sztor<\/p> ","protected":false},"excerpt":{"rendered":"<p>\u00a0 Aki szeretn\u00e9 a Hirdet\u00e9seket emailben is megkapni k\u00e9rj\u00fck, jelezze szem\u00e9lyesen a Lelk\u00e9szi hivatalban. \u00a0 Konfirm\u00e1ci\u00f3: &#8211; N\u00e9gy \u00e9v felk\u00e9sz\u00fcl\u00e9s ut\u00e1n ebben az \u00e9vben kilenc fiatal tesz konfirm\u00e1ci\u00f3 fogadalmat: Bics\u00e1k Bogl\u00e1rka, Bics\u00e1k J\u00e1zmin, Hevesi G\u00e1bor B\u00e1nk, Holyba M\u00e1rton, Horovitz Andr\u00e1s M\u00e1t\u00e9, J\u00f3n\u00e1s N\u00f3ra, L\u00f3th Gergely M\u00e1t\u00e9, Mak\u00f3 N\u00f3ra, \u00e9s R\u00e1di-Szab\u00f3 M\u00e1rk. Seg\u00edts\u00e9gny\u00fajt\u00e1s K\u00e1rp\u00e1talj\u00e1ra, Ukrajn\u00e1ba: &#8211;&hellip;<\/p>\n","protected":false},"author":15,"featured_media":0,"comment_status":"closed","ping_status":"closed","sticky":false,"template":"","format":"standard","meta":[],"categories":[17],"tags":[],"acf":[],"_links":{"self":[{"href":"https:\/\/kkre.hu\/wpm\/wp-json\/wp\/v2\/posts\/18656"}],"collection":[{"href":"https:\/\/kkre.hu\/wpm\/wp-json\/wp\/v2\/posts"}],"about":[{"href":"https:\/\/kkre.hu\/wpm\/wp-json\/wp\/v2\/types\/post"}],"author":[{"embeddable":true,"href":"https:\/\/kkre.hu\/wpm\/wp-json\/wp\/v2\/users\/15"}],"replies":[{"embeddable":true,"href":"https:\/\/kkre.hu\/wpm\/wp-json\/wp\/v2\/comments?post=18656"}],"version-history":[{"count":5,"href":"https:\/\/kkre.hu\/wpm\/wp-json\/wp\/v2\/posts\/18656\/revisions"}],"predecessor-version":[{"id":18714,"href":"https:\/\/kkre.hu\/wpm\/wp-json\/wp\/v2\/posts\/18656\/revisions\/18714"}],"wp:attachment":[{"href":"https:\/\/kkre.hu\/wpm\/wp-json\/wp\/v2\/media?parent=18656"}],"wp:term":[{"taxonomy":"category","embeddable":true,"href":"https:\/\/kkre.hu\/wpm\/wp-json\/wp\/v2\/categories?post=18656"},{"taxonomy":"post_tag","embeddable":true,"href":"https:\/\/kkre.hu\/wpm\/wp-json\/wp\/v2\/tags?post=18656"}],"curies":[{"name":"wp","href":"https:\/\/api.w.org\/{rel}","templated":true}]}}