{"id":18715,"date":"2022-11-07T06:05:47","date_gmt":"2022-11-07T05:05:47","guid":{"rendered":"https:\/\/kkre.hu\/wpm\/?p=18715"},"modified":"2022-11-07T06:06:06","modified_gmt":"2022-11-07T05:06:06","slug":"hirdetesek-2022-november-6","status":"publish","type":"post","link":"https:\/\/kkre.hu\/wpm\/blog\/2022\/11\/07\/hirdetesek-2022-november-6\/","title":{"rendered":"Hirdet\u00e9sek, 2022. november 6."},"content":{"rendered":"<p><strong>Aki szeretn\u00e9 a Hirdet\u00e9seket emailben is megkapni k\u00e9rj\u00fck, jelezze szem\u00e9lyesen a Lelk\u00e9szi hivatalban.<\/strong><\/p> <p><strong>Seg\u00edts\u00e9gny\u00fajt\u00e1s K\u00e1rp\u00e1talj\u00e1ra, Ukrajn\u00e1ba:<\/strong><\/p> <p>&#8211; K\u00e1rp\u00e1taljai testv\u00e9reinket folyamatosan k\u00edv\u00e1njuk t\u00e1mogatni, ez\u00e9rt az adom\u00e1nygy\u0171jt\u0151 perselyt kint hagytuk a templom h\u00e1tulj\u00e1ban, ebbe lehet az Ukrajn\u00e1ba sz\u00e1nt t\u00e1mogat\u00e1sokat elhelyezni.<\/p> <p>A k\u00f6vetkez\u0151 utunk el\u0151tt pedig majd fogjuk jelezni, hogy milyen \u00e9lelmiszeradom\u00e1nyokra van sz\u00fcks\u00e9g, addig k\u00e9rj\u00fck a testv\u00e9reket, ilyen felaj\u00e1nl\u00e1sokat ne hozzanak, hiszen azt nek\u00fcnk is t\u00e1rolni kell.<\/p> <p>Istentisztelet\u00fcnk v\u00e9g\u00e9n a k\u00e1rp\u00e1taljai reform\u00e1tusok kedves \u00e9nek\u00e9t fogjuk \u00e9nekelni, amit az ottani reform\u00e1tus templomokban \u201ekivonul\u00f3ra\u201d \u00e9nekelnek: \u201eMindig velem Uram, mindig velem\u2026\u201d<\/p> <p><strong>\u00a0<\/strong><\/p> <p><strong>Alakalmaink:<\/strong><\/p> <p>&#8211; Ma <strong>17 \u00f3ra<\/strong>kor is tartunk istentiszteletet itt a templomban (online k\u00f6zvet\u00edtve: <a href=\"https:\/\/kkre.hu\/wpm\/\">https:\/\/kkre.hu\/wpm\/<\/a>)<\/p> <p>&#8211; Kedden 18 \u00f3rakor <strong>presbitereknek lesz biblia\u00f3ra<\/strong> az alagsori gy\u00fclekezeti teremben<\/p> <p>&#8211; Szerd\u00e1n 18 \u00f3rakor lesz <strong>istentisztelet<\/strong> a templomban (online k\u00f6zvet\u00edtve: <a href=\"https:\/\/kkre.hu\/wpm\/\">https:\/\/kkre.hu\/wpm\/<\/a>)<\/p> <p>&#8211; J\u00f6v\u0151 <strong>vas\u00e1rnap<\/strong> <strong>10 \u00f3ra<\/strong>kor tartunk <strong>istentiszteletet<\/strong> a templomban, az igehirdet\u00e9s el\u0151tt a gyermekek kimehetnek gyermekistentiszteletre a gy\u00fclekezeti h\u00e1zba (online k\u00f6zvet\u00edtve: <a href=\"https:\/\/kkre.hu\/wpm\/\">https:\/\/kkre.hu\/wpm\/<\/a>)<\/p> <p>&#8211; J\u00f6v\u0151 vas\u00e1rnap d\u00e9lut\u00e1n, 17 \u00f3rakor lesz istentisztelet a templomban (online k\u00f6zvet\u00edtve: <a href=\"https:\/\/kkre.hu\/wpm\/\">https:\/\/kkre.hu\/wpm\/<\/a>)<\/p> <p><strong>Temet\u00e9s:<\/strong><\/p> <p>&#8211; Az elm\u00falt h\u00e9ten, november 4-\u00e9n, p\u00e9nteken d\u00e9lel\u0151tt b\u00facs\u00faztunk a Kispesti temet\u0151ben P\u00e9ter Gyul\u00e1t\u00f3l, aki 88 \u00e9ves kor\u00e1ban okt\u00f3ber 8-\u00e1n hunyt el. Isten ig\u00e9j\u00e9t a J\u00e1nos evang\u00e9lium\u00e1nak 14, 1-7 alapj\u00e1n hirdett\u00fck: \u201e<sup><a href=\"https:\/\/abibliamindenkie.hu\/uj\/JHN\/14#1\">1<\/a><\/sup>Ne nyugtalankodj\u00e9k a ti sz\u00edvetek: higgyetek Istenben, \u00e9s higgyetek \u00e9nbennem! <sup><a href=\"https:\/\/abibliamindenkie.hu\/uj\/JHN\/14#2\">2<\/a><\/sup>Az \u00e9n Aty\u00e1m h\u00e1z\u00e1ban sok hajl\u00e9k van; ha nem \u00edgy volna, vajon mondtam volna-e nektek, hogy elmegyek helyet k\u00e9sz\u00edteni a sz\u00e1motokra? <sup><a href=\"https:\/\/abibliamindenkie.hu\/uj\/JHN\/14#3\">3<\/a><\/sup>\u00c9s ha majd elmentem, \u00e9s helyet k\u00e9sz\u00edtettem nektek, ism\u00e9t elj\u00f6v\u00f6k, \u00e9s magam mell\u00e9 veszlek titeket, hogy ahol \u00e9n vagyok, ti is ott legyetek. <sup><a href=\"https:\/\/abibliamindenkie.hu\/uj\/JHN\/14#4\">4<\/a><\/sup>Ahova pedig \u00e9n megyek, oda tudj\u00e1tok az utat. <sup><a href=\"https:\/\/abibliamindenkie.hu\/uj\/JHN\/14#5\">5<\/a><\/sup>Tam\u00e1s erre \u00edgy sz\u00f3lt hozz\u00e1: Uram, nem tudjuk, hova m\u00e9gy: honnan tudn\u00e1nk akkor az utat? <sup><a href=\"https:\/\/abibliamindenkie.hu\/uj\/JHN\/14#6\">6<\/a><\/sup>J\u00e9zus \u00edgy v\u00e1laszolt: \u00c9n vagyok az \u00fat, az igazs\u00e1g \u00e9s az \u00e9let; senki sem mehet az Aty\u00e1hoz, csak \u00e9n\u00e1ltalam. <sup><a href=\"https:\/\/abibliamindenkie.hu\/uj\/JHN\/14#7\">7<\/a><\/sup>Ha ismern\u00e9tek engem, ismern\u00e9tek az \u00e9n Aty\u00e1mat is: mostant\u00f3l fogva ismeritek \u0151t, \u00e9s l\u00e1tj\u00e1tok \u0151t.\u201d Isten vigasztal\u00e1s\u00e1t k\u00e9rj\u00fck A Boldog Felt\u00e1mad\u00e1s Rem\u00e9nys\u00e9ge Alatt l\u00e1nyainak, unok\u00e1inak \u00e9s szeretteinek!<\/p> <p><strong>Esk\u00fcv\u0151:<\/strong><\/p> <p>&#8211; M\u00e1sodik alkalommal hirdetj\u00fck, hogy B\u00e1rk\u00e1nyi Andor r\u00f3mai katolikus, egy\u00e9ni v\u00e1llalkoz\u00f3 leg\u00e9ny feles\u00e9g\u00fcl vette, D\u00f6ms\u00f6di Orsolya Korn\u00e9lia reform\u00e1tus h\u00e1ziorvos asszisztens hajadont. H\u00e1zass\u00e1gk\u00f6t\u00e9s\u00fck meg\u00e1ld\u00e1s\u00e1nak tervezett id\u0151pontja 2022. november 17. Hordozzuk im\u00e1ds\u00e1gban az ifj\u00fa p\u00e1rt.<\/p> <p><strong>Konfirm\u00e1ci\u00f3:<\/strong><\/p> <p>&#8211; Szerd\u00e1n 16 \u00f3rakor kezd\u0151dik a konfirmandus \u00f3r\u00e1ja azoknak, akik m\u00e1r legal\u00e1bb 8. oszt\u00e1lyosok \u00e9s eddig nem j\u00e1rtak konfirm\u00e1ci\u00f3 el\u0151k\u00e9sz\u00edt\u0151re<\/p> <p>&#8211; Cs\u00fct\u00f6rt\u00f6k\u00f6n 17 \u00f3rakor, azoknak a k\u00f6z\u00e9piskol\u00e1soknak tartunk konfirm\u00e1ci\u00f3 el\u0151k\u00e9sz\u00edt\u0151t, akik m\u00e1r tavalyi tan\u00e9vben szerd\u00e1n j\u00e1rtak<\/p> <p>&#8211; Szeretettel v\u00e1rjuk <strong>Feln\u0151tt konfirm\u00e1ci\u00f3 <\/strong>felk\u00e9sz\u00edt\u00e9s\u00fcnkre azokat a feln\u0151tteket, akik igehallgat\u00f3i gy\u00fclekezeti alkalmainknak, de m\u00e9g nincsenek megkeresztelve, vagy nem tettek konfirm\u00e1ci\u00f3i fogadalmat.<\/p> <p>Az elm\u00falt h\u00e9ten m\u00e1r megtartottuk az els\u0151 alkalmat, de m\u00e9g lehet csatlakozni a csoporthoz. A besz\u00e9lget\u00e9s <strong>cs\u00fct\u00f6rt\u00f6k\u00f6nk\u00e9nt 18 \u00f3rakor<\/strong> kezd\u0151dik az alagsori gy\u00fclekezeti terembe, ahov\u00e1 az oldalajt\u00f3n lehet bemenni.<\/p> <p><strong>\u00a0<\/strong><\/p> <p><strong>\u00c9nekkar:<\/strong><\/p> <p>&#8211; \u00c9nekkarunk \u00fajra elkezdte a k\u00f6z\u00f6s \u00e9nekl\u00e9st! Szeretettel h\u00edvjuk v\u00e1rjuk a testv\u00e9reket <strong>h\u00e9tf\u0151n<\/strong> este a Gy\u00fclekezeti h\u00e1z alagsor\u00e1ban a gy\u00fclekezeti terembe a <strong>18 \u00f3rakor<\/strong> kezd\u0151d\u0151 alkalmakra.<\/p> <p><strong>\u00a0<\/strong><\/p> <p><strong>N\u00e9psz\u00e1ml\u00e1l\u00e1s:<\/strong><\/p> <p>&#8211; Zsinatunk eln\u00f6ks\u00e9g\u00e9nek k\u00e9r\u00e9se, hogy az okt\u00f3ber 1-j\u00e9n kezd\u0151d\u00f6tt N\u00e9psz\u00e1ml\u00e1l\u00e1son figyelj\u00fcnk arra, hogy a szabadon v\u00e1laszthat\u00f3 k\u00e9rd\u00e9sek k\u00f6z\u00f6tt v\u00e1laszoljunk a vall\u00e1sra vonatkoz\u00f3 k\u00e9rd\u00e9sre is \u00e9s ott jel\u00f6lj\u00fck be a reform\u00e1tus egyh\u00e1zhoz tartoz\u00e1sunkat.<\/p> <p>Ez sok minden mellett az\u00e9rt is fontos, mert \u00edgy egyh\u00e1zunk is pontosabb k\u00e9pet kaphat saj\u00e1t szolg\u00e1lat\u00e1ban hol, mennyi reform\u00e1tus testv\u00e9r\u00fcnk \u00e9l<\/p> <p><strong>\u00a0<\/strong><\/p> <p><strong>\u00c1ll\u00e1s:<\/strong><\/p> <p>&#8211; Az Ady Endre Reform\u00e1tus \u00c1ltal\u00e1nos Iskol\u00e1ba keres\u00fcnk pedag\u00f3gusokat els\u0151sorban az als\u00f3 tagozatra. Sz\u00fcks\u00e9g\u00fcnk van technikai munkat\u00e1rsakra is, \u00edgy keres\u00fcnk olyanokat, akik sz\u00edvesen v\u00e1llalkoznak takar\u00edt\u00f3i feladatok ell\u00e1t\u00e1s\u00e1ra. \u00c9rdekl\u0151dni Botka N\u00f3ra int\u00e9zm\u00e9nyvezet\u0151n\u00e9l, vagy a lelkip\u00e1sztorn\u00e1l lehet.<\/p> <p><strong>\u00a0<\/strong><\/p> <p><strong>Templomtakar\u00edt\u00e1s:<\/strong><\/p> <p>&#8211; Ezen a h\u00e9ten \u00fajra szeretettel v\u00e1rjuk a testv\u00e9reket, <strong>p\u00e9nteken <\/strong>17 \u00f3r\u00e1t\u00f3l, hogy kitakar\u00edtsuk a templomot. K\u00f6sz\u00f6nj\u00fck azoknak, akik el nem m\u00fal\u00f3 szeretettel j\u00f6nnek h\u00e9tr\u0151l-h\u00e9tre takar\u00edtani, hogy templomunkban mindig tisztas\u00e1g \u00e9s rend lehessen alkalmainkra<\/p> <p><strong>Lectio:<\/strong> \u00c9zsai\u00e1s: 43, 1-7<\/p> <p><strong>\u00a0<\/strong><\/p> <p><strong>Textus:<\/strong> Luk\u00e1cs: 12, 24<\/p> <p><strong>\u00c9nekek:<\/strong><\/p> <p>90: 1<\/p> <p>Heidelbergi K\u00e1t\u00e9 XLV. \u00darnapja<\/p> <p>90: 7-9<\/p> <p>367: 1-2 (\u00faj: 624)<\/p> <p>367: 3-4 (\u00faj: 249)<\/p> <p>234: 1-4 (\u00faj: 548)<\/p> <p>799: 1<\/p> <p>Igehirdet\u0151: Vincze-Bod\u00e1cs Istv\u00e1n lelkip\u00e1sztor &#8211; Kiskunmajsa<\/p> <p><strong><em>D\u00e9lut\u00e1n<\/em><\/strong><\/p> <p><strong>\u00a0<\/strong><\/p> <p><strong>Textus: <\/strong>2 M\u00f3zes: 30, 1-38<\/p> <p><strong>\u00a0<\/strong><\/p> <p><strong>Heidelbergi K\u00e1t\u00e9:<\/strong> XLV. \u00darnapja<\/p> <p><strong>\u00c9nekek:<\/strong> \u00a0\u00a0\u00a0\u00a0\u00a0\u00a0\u00a0\u00a0\u00a0\u00a0\u00a0\u00a0\u00a0\u00a0\u00a0\u00a0\u00a0\u00a0\u00a0 138: 1<\/p> <p>478: 1-6 (\u00faj 474)<\/p> <p>509: 1-9 (\u00faj: 697)<\/p> <p>Igehirdet\u0151: Harkai Ferenc lelkip\u00e1sztor<\/p> ","protected":false},"excerpt":{"rendered":"<p>Aki szeretn\u00e9 a Hirdet\u00e9seket emailben is megkapni k\u00e9rj\u00fck, jelezze szem\u00e9lyesen a Lelk\u00e9szi hivatalban. Seg\u00edts\u00e9gny\u00fajt\u00e1s K\u00e1rp\u00e1talj\u00e1ra, Ukrajn\u00e1ba: &#8211; K\u00e1rp\u00e1taljai testv\u00e9reinket folyamatosan k\u00edv\u00e1njuk t\u00e1mogatni, ez\u00e9rt az adom\u00e1nygy\u0171jt\u0151 perselyt kint hagytuk a templom h\u00e1tulj\u00e1ban, ebbe lehet az Ukrajn\u00e1ba sz\u00e1nt t\u00e1mogat\u00e1sokat elhelyezni. A k\u00f6vetkez\u0151 utunk el\u0151tt pedig majd fogjuk jelezni, hogy milyen \u00e9lelmiszeradom\u00e1nyokra van sz\u00fcks\u00e9g, addig k\u00e9rj\u00fck a testv\u00e9reket,&hellip;<\/p>\n","protected":false},"author":15,"featured_media":0,"comment_status":"closed","ping_status":"closed","sticky":false,"template":"","format":"standard","meta":[],"categories":[17],"tags":[],"acf":[],"_links":{"self":[{"href":"https:\/\/kkre.hu\/wpm\/wp-json\/wp\/v2\/posts\/18715"}],"collection":[{"href":"https:\/\/kkre.hu\/wpm\/wp-json\/wp\/v2\/posts"}],"about":[{"href":"https:\/\/kkre.hu\/wpm\/wp-json\/wp\/v2\/types\/post"}],"author":[{"embeddable":true,"href":"https:\/\/kkre.hu\/wpm\/wp-json\/wp\/v2\/users\/15"}],"replies":[{"embeddable":true,"href":"https:\/\/kkre.hu\/wpm\/wp-json\/wp\/v2\/comments?post=18715"}],"version-history":[{"count":2,"href":"https:\/\/kkre.hu\/wpm\/wp-json\/wp\/v2\/posts\/18715\/revisions"}],"predecessor-version":[{"id":18717,"href":"https:\/\/kkre.hu\/wpm\/wp-json\/wp\/v2\/posts\/18715\/revisions\/18717"}],"wp:attachment":[{"href":"https:\/\/kkre.hu\/wpm\/wp-json\/wp\/v2\/media?parent=18715"}],"wp:term":[{"taxonomy":"category","embeddable":true,"href":"https:\/\/kkre.hu\/wpm\/wp-json\/wp\/v2\/categories?post=18715"},{"taxonomy":"post_tag","embeddable":true,"href":"https:\/\/kkre.hu\/wpm\/wp-json\/wp\/v2\/tags?post=18715"}],"curies":[{"name":"wp","href":"https:\/\/api.w.org\/{rel}","templated":true}]}}