{"id":18719,"date":"2022-11-13T18:12:09","date_gmt":"2022-11-13T17:12:09","guid":{"rendered":"https:\/\/kkre.hu\/wpm\/?p=18719"},"modified":"2022-11-13T18:15:12","modified_gmt":"2022-11-13T17:15:12","slug":"hirdetesek-2022-november-13","status":"publish","type":"post","link":"https:\/\/kkre.hu\/wpm\/blog\/2022\/11\/13\/hirdetesek-2022-november-13\/","title":{"rendered":"Hirdet\u00e9sek, 2022. november 13."},"content":{"rendered":"<p><strong>Aki szeretn\u00e9 a Hirdet\u00e9seket emailben is megkapni k\u00e9rj\u00fck, jelezze szem\u00e9lyesen a Lelk\u00e9szi hivatalban.<\/strong><\/p> <p><strong>Seg\u00edts\u00e9gny\u00fajt\u00e1s K\u00e1rp\u00e1talj\u00e1ra, Ukrajn\u00e1ba:<\/strong><\/p> <p>&#8211; K\u00e1rp\u00e1taljai testv\u00e9reinket folyamatosan k\u00edv\u00e1njuk t\u00e1mogatni, ez\u00e9rt az adom\u00e1nygy\u0171jt\u0151 perselyt kint hagytuk a templom h\u00e1tulj\u00e1ban, ebbe lehet az Ukrajn\u00e1ba sz\u00e1nt t\u00e1mogat\u00e1sokat elhelyezni.<\/p> <p>A k\u00f6vetkez\u0151 utunk el\u0151tt pedig majd fogjuk jelezni, hogy milyen \u00e9lelmiszeradom\u00e1nyokra van sz\u00fcks\u00e9g, addig k\u00e9rj\u00fck a testv\u00e9reket, ilyen felaj\u00e1nl\u00e1sokat ne hozzanak, hiszen azt nek\u00fcnk is t\u00e1rolni kell.<\/p> <p>Istentisztelet\u00fcnk v\u00e9g\u00e9n a k\u00e1rp\u00e1taljai reform\u00e1tusok kedves \u00e9nek\u00e9t fogjuk \u00e9nekelni, amit az ottani reform\u00e1tus templomokban \u201ekivonul\u00f3ra\u201d \u00e9nekelnek: \u201eMindig velem Uram, mindig velem\u2026\u201d<\/p> <p><strong>\u00a0<\/strong><\/p> <p><strong>Alakalmaink:<\/strong><\/p> <p>&#8211; Ma <strong>17 \u00f3ra<\/strong>kor is tartunk istentiszteletet itt a templomban (online k\u00f6zvet\u00edtve: <a href=\"https:\/\/kkre.hu\/wpm\/\">https:\/\/kkre.hu\/wpm\/<\/a>)<\/p> <p>&#8211; Szerd\u00e1n 18 \u00f3rakor lesz <strong>istentisztelet<\/strong> a templomban (online k\u00f6zvet\u00edtve: <a href=\"https:\/\/kkre.hu\/wpm\/\">https:\/\/kkre.hu\/wpm\/<\/a>)<\/p> <p>&#8211; Cs\u00fct\u00f6rt\u00f6k\u00f6n 19 \u00f3rakor tartunk Biblia\u00f3r\u00e1t az alagsori gy\u00fclekezeti teremben<\/p> <p>&#8211; J\u00f6v\u0151 <strong>vas\u00e1rnap<\/strong> <strong>10 \u00f3ra<\/strong>kor tartunk <strong>istentiszteletet<\/strong> a templomban, az igehirdet\u00e9s el\u0151tt a gyermekek kimehetnek gyermekistentiszteletre a gy\u00fclekezeti h\u00e1zba. Rem\u00e9nys\u00e9g\u00fcnk szerint az istentiszteleten kiszolg\u00e1ljuk kereszts\u00e9g s\u00e1kramentum\u00e1t is, mert Moln\u00e1r Tam\u00e1s \u00e9s feles\u00e9ge Moln\u00e1rn\u00e9 Kirilla Szilvia kisl\u00e1ny\u00e1t Vikt\u00f3ri\u00e1t fogjuk megkeresztelni (online k\u00f6zvet\u00edtve: <a href=\"https:\/\/kkre.hu\/wpm\/\">https:\/\/kkre.hu\/wpm\/<\/a>)<\/p> <p>&#8211; J\u00f6v\u0151 vas\u00e1rnap d\u00e9lut\u00e1n, 17 \u00f3rakor lesz istentisztelet a templomban (online k\u00f6zvet\u00edtve: <a href=\"https:\/\/kkre.hu\/wpm\/\">https:\/\/kkre.hu\/wpm\/<\/a>)<\/p> <p>&#8211; November 27-\u00e9n vas\u00e1rnap, advent els\u0151 vas\u00e1rnapj\u00e1n meg fogjuk ter\u00edteni az \u00farasztal\u00e1t, el\u0151tte val\u00f3 h\u00e9ten pedig b\u0171nb\u00e1nati istentiszteleteket tartunk mindazoknak, akik az \u00farvacsora s\u00e1kramentum\u00e1val szeretn\u00e9nek \u00e9lni, hogy ezt felk\u00e9sz\u00fclten tehess\u00e9k.<\/p> <p><strong>Temet\u00e9s:<\/strong><\/p> <p>&#8211; Az elm\u00falt h\u00e9ten, november 11-\u00e9n, p\u00e9nteken d\u00e9lel\u0151tt b\u00facs\u00faztunk a Kispesti temet\u0151ben Singer L\u00e1szl\u00f3t\u00f3l, aki 73 \u00e9ves kor\u00e1ban okt\u00f3ber 13-\u00e1n hunyt el. Isten ig\u00e9j\u00e9t a Zsid\u00f3khoz \u00edrt lev\u00e9l: 12, 1-3 alapj\u00e1n hirdett\u00fck: \u201eEz\u00e9rt teh\u00e1t mi is, akiket a bizonys\u00e1gtev\u0151knek ekkora fellege vesz k\u00f6r\u00fcl, tegy\u00fcnk le minden r\u00e1nk nehezed\u0151 terhet \u00e9s a benn\u00fcnket megk\u00f6rny\u00e9kez\u0151 b\u0171nt, \u00e9s \u00e1llhatatoss\u00e1ggal fussuk meg az el\u0151tt\u00fcnk lev\u0151 p\u00e1ly\u00e1t. <sup><a href=\"https:\/\/abibliamindenkie.hu\/uj\/HEB\/12#2\">2<\/a><\/sup>N\u00e9zz\u00fcnk fel J\u00e9zusra, a hit szerz\u0151j\u00e9re \u00e9s beteljes\u00edt\u0151j\u00e9re, aki az el\u0151tte lev\u0151 \u00f6r\u00f6m helyett \u2013 a gyal\u00e1zattal nem t\u00f6r\u0151dve \u2013 v\u00e1llalta a keresztet, \u00e9s Isten tr\u00f3nj\u00e1nak a jobbj\u00e1ra \u00fclt. <sup><a href=\"https:\/\/abibliamindenkie.hu\/uj\/HEB\/12#3\">3<\/a><\/sup>Gondoljatok r\u00e1, aki a b\u0171n\u00f6s\u00f6kt\u0151l ilyen szidalmaz\u00e1st szenvedett el, hogy lelketekben megf\u00e1radva el ne cs\u00fcggedjetek.\u201d Isten vigasztal\u00e1s\u00e1t k\u00e9rj\u00fck feles\u00e9g\u00e9nek, gyermekeinek, unok\u00e1inak \u00e9s szeretteinek A \u00a0Boldog Felt\u00e1mad\u00e1s Rem\u00e9nys\u00e9ge Alatt!<\/p> <p><strong>Esk\u00fcv\u0151:<\/strong><\/p> <p>&#8211; Harmadik alkalommal hirdetj\u00fck, hogy B\u00e1rk\u00e1nyi Andr\u00e1s \u00e9s Hegyes Andrea r\u00f3mai katolikus, egy\u00e9ni v\u00e1llalkoz\u00f3 leg\u00e9ny fia, Andor feles\u00e9g\u00fcl vette, D\u00f6ms\u00f6di Mih\u00e1ly Mikl\u00f3s \u00e9s Dr. Dobi Korn\u00e9lia reform\u00e1tus h\u00e1ziorvos asszisztens hajadon le\u00e1ny\u00e1t, Orsolya Korn\u00e9li\u00e1t. H\u00e1zass\u00e1gk\u00f6t\u00e9s\u00fck meg\u00e1ld\u00e1s\u00e1nak tervezett id\u0151pontja 2022. november 17. 14 \u00f3ra itt a templomban. Hordozzuk im\u00e1ds\u00e1gban az ifj\u00fa p\u00e1rt.<\/p> <p><strong>Konfirm\u00e1ci\u00f3:<\/strong><\/p> <p>&#8211; Szerd\u00e1n 16 \u00f3rakor kezd\u0151dik a konfirmandus \u00f3r\u00e1ja azoknak, akik m\u00e1r legal\u00e1bb 8. oszt\u00e1lyosok \u00e9s eddig nem j\u00e1rtak konfirm\u00e1ci\u00f3 el\u0151k\u00e9sz\u00edt\u0151re, <strong>de ezen a h\u00e9ten nem lesz \u00f3r\u00e1juk!<\/strong><\/p> <p>&#8211; Cs\u00fct\u00f6rt\u00f6k\u00f6n 17 \u00f3rakor, azoknak a k\u00f6z\u00e9piskol\u00e1soknak tartunk konfirm\u00e1ci\u00f3 el\u0151k\u00e9sz\u00edt\u0151t, akik m\u00e1r tavalyi tan\u00e9vben szerd\u00e1n j\u00e1rtak,<strong> de ezen a h\u00e9ten nem lesz \u00f3r\u00e1juk!<\/strong><\/p> <p>&#8211; Szeretettel v\u00e1rjuk <strong>Feln\u0151tt konfirm\u00e1ci\u00f3 <\/strong>felk\u00e9sz\u00edt\u00e9s\u00fcnkre azokat a feln\u0151tteket, akik igehallgat\u00f3i gy\u00fclekezeti alkalmainknak, de m\u00e9g nincsenek megkeresztelve, vagy nem tettek konfirm\u00e1ci\u00f3i fogadalmat.<\/p> <p>Elkezdt\u00fck a felk\u00e9sz\u00fcl\u00e9st, de m\u00e9g lehet csatlakozni a csoporthoz. A besz\u00e9lget\u00e9s <strong>cs\u00fct\u00f6rt\u00f6k\u00f6nk\u00e9nt 18 \u00f3rakor<\/strong> kezd\u0151dik az alagsori gy\u00fclekezeti terembe, ahov\u00e1 az oldalajt\u00f3n lehet bemenni.<\/p> <p><strong>\u00a0<\/strong><\/p> <p><strong>\u00c9nekkar:<\/strong><\/p> <p>&#8211; \u00c9nekkarunk \u00fajra elkezdte a k\u00f6z\u00f6s \u00e9nekl\u00e9st! Szeretettel h\u00edvjuk v\u00e1rjuk a testv\u00e9reket <strong>h\u00e9tf\u0151n<\/strong> este a Gy\u00fclekezeti h\u00e1z alagsor\u00e1ban a gy\u00fclekezeti terembe a <strong>18 \u00f3rakor<\/strong> kezd\u0151d\u0151 alkalmakra.<\/p> <p><strong>\u00a0<\/strong><\/p> <p><strong>Iskolai el\u0151k\u00e9sz\u00edt\u0151:<\/strong><\/p> <p>&#8211; A tan\u00e9v v\u00e9g\u00e9ig minden h\u00f3nap m\u00e1sodik keddj\u00e9n tervez\u00fcnk foglalkoz\u00e1sokat nagycsoportos \u00f3vod\u00e1soknak az iskol\u00e1nkban, az\u00e9rt, hogy a gyermekek szeptemberig megismerhess\u00e9k az \u00faj int\u00e9zm\u00e9nyt, ahov\u00e1 ker\u00fclni fognak \u00e9s a pedag\u00f3gusok is jobban megismerj\u00e9k a jelentkez\u0151 gyermekeket. Az elm\u00falt h\u00f3napokban p\u00e1ly\u00e1zati forr\u00e1sokb\u00f3l, folyamatosan fejlesztj\u00fck az iskol\u00e1nkat, \u00edgy b\u00edzunk benne, hogy sok jelentkez\u0151nk lesz.<\/p> <p>Kiv\u00e9telesen a h\u00f3nap 3. keddj\u00e9n <strong>november 15-\u00e9n,<\/strong> kedden 17 \u00f3r\u00e1ra v\u00e1rjuk a leend\u0151 els\u0151s\u00f6ket \u00e9s sz\u00fcleiket az <strong>Ady Endre Reform\u00e1tus \u00c1ltal\u00e1nos Iskol\u00e1ba<\/strong> a TUD\u00c1S H\u00d6RPENT\u0150-SZ\u00d6RPENT\u0150 iskolael\u0151k\u00e9sz\u00edt\u0151 programunkra. Ezen az alkalmon az iskol\u00e1ban dolgoz\u00f3 pedag\u00f3gusok fognak foglalkozni a gyermekekkel, az\u00e9rt is, hogy a sz\u00fcl\u0151k is l\u00e1ss\u00e1k, milyen koll\u00e9g\u00e1k k\u00f6z\u00e9 ker\u00fcl, majd a gyermek\u00fck \u00e9s \u00edgy is megmutassuk, amit vallunk: nem pedag\u00f3gust kell v\u00e1lasztani, hanem int\u00e9zm\u00e9nyt!<\/p> <p><strong>\u00a0<\/strong><\/p> <p><strong>Ady Endre Reform\u00e1tus \u00c1ltal\u00e1nos Iskola fejleszt\u00e9s\u00e9hez seg\u00edts\u00e9g k\u00e9r\u00e9se:<\/strong><\/p> <p>&#8211; Amint azt m\u00e1r t\u00f6bbsz\u00f6r hirdett\u00fck az iskol\u00e1nkban p\u00e1ly\u00e1zati forr\u00e1sokb\u00f3l jelent\u0151s fejleszt\u00e9sek vannak folyamatban. Ezen a h\u00e9ten november 18-\u00e1n, p\u00e9nteken el\u0151rel\u00e1that\u00f3lag egy nagyobb b\u00fator sz\u00e1ll\u00edtm\u00e1ny fog \u00e9rkezni, aminek a teheraut\u00f3kr\u00f3l az iskol\u00e1ba val\u00f3 bepakol\u00e1s\u00e1hoz k\u00e9rj\u00fck els\u0151sorban a f\u00e9rfitestv\u00e9rek seg\u00edts\u00e9g\u00e9t. A teheraut\u00f3k 9 \u00f3ra t\u00e1jban fognak meg\u00e9rkezni, ez\u00e9rt aki tud j\u00f6nni, k\u00e9rem, hogy 9-9<sup>15<\/sup> k\u00f6z\u00f6tt j\u00f6jj\u00f6n az iskol\u00e1ba, ahov\u00e1 a Nagys\u00e1ndor J\u00f3zsef utcai kiskapun lehet majd bej\u00f6nni.<\/p> <p><strong>\u00a0<\/strong><\/p> <p><strong>Adventi koszor\u00fa k\u00e9sz\u00edt\u00e9s:<\/strong><\/p> <p>&#8211; November 25-\u00e9n, p\u00e9nteken 16 \u00f3r\u00e1t\u00f3l lesz adventi koszor\u00fa k\u00e9sz\u00edt\u00e9s\u00fcnk. K\u00e9rj\u00fck, aki r\u00e9szt szeretne venni ezen az alkalmon, jelezze az Istentisztelet ut\u00e1n, hogy tudjuk, mennyi testv\u00e9rre sz\u00e1m\u00edthatunk. Egy\u00fattal k\u00e9rj\u00fck, hogy aki szeretne koszor\u00faalapot, gyerty\u00e1t is rendelni ezt is jelezze, az iratterjeszt\u00e9sn\u00e9l, hiszen Kerekes Kl\u00e1ra testv\u00e9r\u00fcnk, nemcsak seg\u00edt a koszor\u00fak elk\u00e9sz\u00edt\u00e9s\u00e9ben, de a sz\u00fcks\u00e9ges anyagokat is el fogja hozni. Azt k\u00e9rj\u00fck, hogy aki szeretne j\u00f6nni, \u00fagy k\u00e9sz\u00fclj\u00f6n, hogy gyerty\u00e1k, koszor\u00faalapok, \u00e9s bizonyos kieg\u00e9sz\u00edt\u0151k \u00e1r\u00e1n k\u00edv\u00fcl minden koszor\u00fa ut\u00e1n fogunk k\u00e9rni 1.000 forintot, mert jelent\u0151s m\u00e9rt\u00e9kben emelkedett a feny\u0151nek \u00e9s azoknak a kieg\u00e9sz\u00edt\u0151knek az \u00e1ra, amiket a kor\u00e1bbi \u00e9vekben az egyh\u00e1zk\u00f6zs\u00e9g p\u00e9nzt\u00e1r\u00e1b\u00f3l fedezt\u00fcnk.<\/p> <p><strong>\u00a0<\/strong><\/p> <p><strong>N\u00e9psz\u00e1ml\u00e1l\u00e1s:<\/strong><\/p> <p>&#8211; Zsinatunk eln\u00f6ks\u00e9g\u00e9nek k\u00e9r\u00e9se, hogy az okt\u00f3ber 1-j\u00e9n kezd\u0151d\u00f6tt N\u00e9psz\u00e1ml\u00e1l\u00e1son figyelj\u00fcnk arra, hogy a szabadon v\u00e1laszthat\u00f3 k\u00e9rd\u00e9sek k\u00f6z\u00f6tt v\u00e1laszoljunk a vall\u00e1sra vonatkoz\u00f3 k\u00e9rd\u00e9sre is \u00e9s ott jel\u00f6lj\u00fck be a reform\u00e1tus egyh\u00e1zhoz tartoz\u00e1sunkat.<\/p> <p>Ez sok minden mellett az\u00e9rt is fontos, mert \u00edgy egyh\u00e1zunk is pontosabb k\u00e9pet kaphat saj\u00e1t szolg\u00e1lat\u00e1ban hol, mennyi reform\u00e1tus testv\u00e9r\u00fcnk \u00e9l<\/p> <p><strong>\u00a0<\/strong><\/p> <p><strong>\u00c1ll\u00e1s:<\/strong><\/p> <p>&#8211; Az Ady Endre Reform\u00e1tus \u00c1ltal\u00e1nos Iskol\u00e1ba keres\u00fcnk pedag\u00f3gusokat els\u0151sorban az als\u00f3 tagozatra. Sz\u00fcks\u00e9g\u00fcnk van technikai munkat\u00e1rsakra is, \u00edgy keres\u00fcnk olyanokat, akik sz\u00edvesen v\u00e1llalkoznak takar\u00edt\u00f3i feladatok ell\u00e1t\u00e1s\u00e1ra. \u00c9rdekl\u0151dni Botka N\u00f3ra int\u00e9zm\u00e9nyvezet\u0151n\u00e9l, vagy a lelkip\u00e1sztorn\u00e1l lehet.<\/p> <p><strong>\u00a0<\/strong><\/p> <p><strong>Templomtakar\u00edt\u00e1s:<\/strong><\/p> <p>&#8211; Ezen a h\u00e9ten \u00fajra szeretettel v\u00e1rjuk a testv\u00e9reket, <strong>p\u00e9nteken <\/strong>17 \u00f3r\u00e1t\u00f3l, hogy kitakar\u00edtsuk a templomot. K\u00f6sz\u00f6nj\u00fck azoknak, akik el nem m\u00fal\u00f3 szeretettel j\u00f6nnek h\u00e9tr\u0151l-h\u00e9tre takar\u00edtani, hogy templomunkban mindig tisztas\u00e1g \u00e9s rend lehessen alkalmainkra<\/p> <p><strong>Lectio:<\/strong> 2 M\u00f3zes: 17, 8-16, Zsid\u00f3khoz \u00edrt lev\u00e9l: 12, 4-17<\/p> <p><strong>\u00a0<\/strong><\/p> <p><strong>Textus:<\/strong> Zsid\u00f3khoz \u00edrt lev\u00e9l: 12, 12-13<\/p> <p><strong>\u00c9nekek:<\/strong><\/p> <p>17: 1<\/p> <p>329: 2 (\u00faj: 412)<\/p> <p>Ker.: Panyi Mih\u00e1ly &#8211; Zsolt\u00e1rok: 17: 6<\/p> <p>Sz\u00fcl\u0151k: Panyi Mih\u00e1ly \u00e9s Panyin\u00e9 Burj\u00e1n Brigitta<\/p> <p>134: 3<\/p> <p>Heidelbergi K\u00e1t\u00e9 XLVI. \u00darnapja<\/p> <p>77: 1<\/p> <p>77: 2-3<\/p> <p>77: 7-8<\/p> <p>475: 1-3 (\u00faj: 334)<\/p> <p>799: 1<\/p> <p>Igehirdet\u0151: Harkai Ferenc lelkip\u00e1sztor<\/p> <p><strong><em>D\u00e9lut\u00e1n:<\/em><\/strong><\/p> <p><strong>\u00a0<\/strong><\/p> <p><strong>Textus: <\/strong>2 M\u00f3zes: 37, 1-29<\/p> <p><strong>\u00a0<\/strong><\/p> <p><strong>Heidelbergi K\u00e1t\u00e9:<\/strong> XLVI. \u00darnapja<\/p> <p><strong>\u00c9nekek:<\/strong> \u00a0\u00a0\u00a0\u00a0\u00a0\u00a0\u00a0\u00a0\u00a0\u00a0\u00a0\u00a0\u00a0\u00a0\u00a0\u00a0\u00a0\u00a0\u00a0 128: 1<\/p> <p>483: 1-5 (\u00faj 332)<\/p> <p>510: 1-6 (\u00faj: 700)<\/p> <p>799: 1<\/p> <p>Igehirdet\u0151: Harkai Ferenc lelkip\u00e1sztor<\/p> ","protected":false},"excerpt":{"rendered":"<p>Aki szeretn\u00e9 a Hirdet\u00e9seket emailben is megkapni k\u00e9rj\u00fck, jelezze szem\u00e9lyesen a Lelk\u00e9szi hivatalban. Seg\u00edts\u00e9gny\u00fajt\u00e1s K\u00e1rp\u00e1talj\u00e1ra, Ukrajn\u00e1ba: &#8211; K\u00e1rp\u00e1taljai testv\u00e9reinket folyamatosan k\u00edv\u00e1njuk t\u00e1mogatni, ez\u00e9rt az adom\u00e1nygy\u0171jt\u0151 perselyt kint hagytuk a templom h\u00e1tulj\u00e1ban, ebbe lehet az Ukrajn\u00e1ba sz\u00e1nt t\u00e1mogat\u00e1sokat elhelyezni. A k\u00f6vetkez\u0151 utunk el\u0151tt pedig majd fogjuk jelezni, hogy milyen \u00e9lelmiszeradom\u00e1nyokra van sz\u00fcks\u00e9g, addig k\u00e9rj\u00fck a testv\u00e9reket,&hellip;<\/p>\n","protected":false},"author":15,"featured_media":0,"comment_status":"closed","ping_status":"closed","sticky":false,"template":"","format":"standard","meta":[],"categories":[17],"tags":[],"acf":[],"_links":{"self":[{"href":"https:\/\/kkre.hu\/wpm\/wp-json\/wp\/v2\/posts\/18719"}],"collection":[{"href":"https:\/\/kkre.hu\/wpm\/wp-json\/wp\/v2\/posts"}],"about":[{"href":"https:\/\/kkre.hu\/wpm\/wp-json\/wp\/v2\/types\/post"}],"author":[{"embeddable":true,"href":"https:\/\/kkre.hu\/wpm\/wp-json\/wp\/v2\/users\/15"}],"replies":[{"embeddable":true,"href":"https:\/\/kkre.hu\/wpm\/wp-json\/wp\/v2\/comments?post=18719"}],"version-history":[{"count":2,"href":"https:\/\/kkre.hu\/wpm\/wp-json\/wp\/v2\/posts\/18719\/revisions"}],"predecessor-version":[{"id":18721,"href":"https:\/\/kkre.hu\/wpm\/wp-json\/wp\/v2\/posts\/18719\/revisions\/18721"}],"wp:attachment":[{"href":"https:\/\/kkre.hu\/wpm\/wp-json\/wp\/v2\/media?parent=18719"}],"wp:term":[{"taxonomy":"category","embeddable":true,"href":"https:\/\/kkre.hu\/wpm\/wp-json\/wp\/v2\/categories?post=18719"},{"taxonomy":"post_tag","embeddable":true,"href":"https:\/\/kkre.hu\/wpm\/wp-json\/wp\/v2\/tags?post=18719"}],"curies":[{"name":"wp","href":"https:\/\/api.w.org\/{rel}","templated":true}]}}