{"id":18744,"date":"2022-11-20T19:15:44","date_gmt":"2022-11-20T18:15:44","guid":{"rendered":"https:\/\/kkre.hu\/wpm\/?p=18744"},"modified":"2022-11-20T19:18:47","modified_gmt":"2022-11-20T18:18:47","slug":"hirdetesek-2022-november-20","status":"publish","type":"post","link":"https:\/\/kkre.hu\/wpm\/blog\/2022\/11\/20\/hirdetesek-2022-november-20\/","title":{"rendered":"Hirdet\u00e9sek, 2022. november 20."},"content":{"rendered":"<p><strong>\u00a0<\/strong><\/p> <p><strong>Aki szeretn\u00e9 a Hirdet\u00e9seket emailben is megkapni k\u00e9rj\u00fck, jelezze szem\u00e9lyesen a Lelk\u00e9szi hivatalban.<\/strong><\/p> <p><strong>Seg\u00edts\u00e9gny\u00fajt\u00e1s K\u00e1rp\u00e1talj\u00e1ra, Ukrajn\u00e1ba:<\/strong><\/p> <p>&#8211; K\u00e1rp\u00e1taljai testv\u00e9reinket folyamatosan k\u00edv\u00e1njuk t\u00e1mogatni, ez\u00e9rt az adom\u00e1nygy\u0171jt\u0151 perselyt kint hagytuk a templom h\u00e1tulj\u00e1ban, ebbe lehet az Ukrajn\u00e1ba sz\u00e1nt t\u00e1mogat\u00e1sokat elhelyezni.<\/p> <p>A k\u00f6vetkez\u0151 utunk el\u0151tt pedig majd fogjuk jelezni, hogy milyen \u00e9lelmiszeradom\u00e1nyokra van sz\u00fcks\u00e9g, addig k\u00e9rj\u00fck a testv\u00e9reket, ilyen felaj\u00e1nl\u00e1sokat ne hozzanak, hiszen azt nek\u00fcnk is t\u00e1rolni kell.<\/p> <p>Istentisztelet\u00fcnk v\u00e9g\u00e9n a k\u00e1rp\u00e1taljai reform\u00e1tusok kedves \u00e9nek\u00e9t fogjuk \u00e9nekelni, amit az ottani reform\u00e1tus templomokban \u201ekivonul\u00f3ra\u201d \u00e9nekelnek: \u201eMindig velem Uram, mindig velem\u2026\u201d<\/p> <p><strong>\u00a0<\/strong><\/p> <p><strong>Alakalmaink:<\/strong><\/p> <p>&#8211; Ma <strong>17 \u00f3ra<\/strong>kor is tartunk istentiszteletet itt a templomban (online k\u00f6zvet\u00edtve: <a href=\"https:\/\/kkre.hu\/wpm\/\">https:\/\/kkre.hu\/wpm\/<\/a>)<\/p> <p>&#8211; Szerd\u00e1n \u00e9s cs\u00fct\u00f6rt\u00f6k\u00f6n 18 \u00f3rakor <strong>b\u0171nb\u00e1nati istentisztelet<\/strong> lesz a templomban (online k\u00f6zvet\u00edtve: <a href=\"https:\/\/kkre.hu\/wpm\/\">https:\/\/kkre.hu\/wpm\/<\/a>)<\/p> <p>&#8211; J\u00f6v\u0151 <strong>vas\u00e1rnap, november 27-\u00e9n, Advent els\u0151 vas\u00e1rnapj\u00e1n<\/strong> <strong>10 \u00f3ra<\/strong>kor tartunk <strong>istentiszteletet<\/strong> a templomban, az igehirdet\u00e9s el\u0151tt a gyermekek kimehetnek gyermekistentiszteletre a gy\u00fclekezeti h\u00e1zba. Ezen a vas\u00e1rnapon az \u00farasztal\u00e1t is meg fogjuk ter\u00edteni \u00e9s rem\u00e9nys\u00e9g\u00fcnk szerint az \u00farvacsora s\u00e1kramentum\u00e1t is ki fogjuk szolg\u00e1lni (online k\u00f6zvet\u00edtve: <a href=\"https:\/\/kkre.hu\/wpm\/\">https:\/\/kkre.hu\/wpm\/<\/a>)<\/p> <p>&#8211; J\u00f6v\u0151 vas\u00e1rnap d\u00e9lut\u00e1n, 17 \u00f3rakor adventi, orgonazen\u00e9s \u00e1h\u00edtat lesz itt a templomban, amikor Alf\u00f6ldy-Boruss Csilla orgonam\u0171v\u00e9sz fog a hangszerek kir\u00e1lyn\u0151j\u00e9n j\u00e1tszani (online k\u00f6zvet\u00edtve: <a href=\"https:\/\/kkre.hu\/wpm\/\">https:\/\/kkre.hu\/wpm\/<\/a>)<\/p> <p><strong>\u00a0<\/strong><\/p> <p><strong>Adventi koszor\u00fa k\u00e9sz\u00edt\u00e9s:<\/strong><\/p> <p>&#8211; November 25-\u00e9n, p\u00e9nteken 16 \u00f3r\u00e1t\u00f3l lesz adventi koszor\u00fa k\u00e9sz\u00edt\u00e9s\u00fcnk. K\u00e9rj\u00fck, aki r\u00e9szt szeretne venni ezen az alkalmon, jelezze az Istentisztelet ut\u00e1n, hogy tudjuk, mennyi testv\u00e9rre sz\u00e1m\u00edthatunk. Egy\u00fattal k\u00e9rj\u00fck, hogy aki szeretne koszor\u00faalapot, gyerty\u00e1t is rendelni ezt is jelezze, az iratterjeszt\u00e9sn\u00e9l, hiszen Kerekes Kl\u00e1ra testv\u00e9r\u00fcnk, nemcsak seg\u00edt a koszor\u00fak elk\u00e9sz\u00edt\u00e9s\u00e9ben, de a sz\u00fcks\u00e9ges anyagokat is el fogja hozni. Azt k\u00e9rj\u00fck, hogy aki szeretne j\u00f6nni, \u00fagy k\u00e9sz\u00fclj\u00f6n, hogy gyerty\u00e1k, koszor\u00faalapok, \u00e9s bizonyos kieg\u00e9sz\u00edt\u0151k \u00e1r\u00e1n k\u00edv\u00fcl minden koszor\u00fa ut\u00e1n fogunk k\u00e9rni 1.000 forintot, mert jelent\u0151s m\u00e9rt\u00e9kben emelkedett a feny\u0151nek \u00e9s azoknak a kieg\u00e9sz\u00edt\u0151knek az \u00e1ra, amiket a kor\u00e1bbi \u00e9vekben az egyh\u00e1zk\u00f6zs\u00e9g p\u00e9nzt\u00e1r\u00e1b\u00f3l fedezt\u00fcnk.<\/p> <p><strong>\u00a0<\/strong><\/p> <p><strong>Konfirm\u00e1ci\u00f3:<\/strong><\/p> <p>&#8211; Szerd\u00e1n 16 \u00f3rakor kezd\u0151dik a konfirmandus \u00f3r\u00e1ja azoknak, akik m\u00e1r legal\u00e1bb 8. oszt\u00e1lyosok \u00e9s eddig nem j\u00e1rtak konfirm\u00e1ci\u00f3 el\u0151k\u00e9sz\u00edt\u0151re<\/p> <p>&#8211; Cs\u00fct\u00f6rt\u00f6k\u00f6n 17 \u00f3rakor, azoknak a k\u00f6z\u00e9piskol\u00e1soknak tartunk konfirm\u00e1ci\u00f3 el\u0151k\u00e9sz\u00edt\u0151t, akik m\u00e1r tavalyi tan\u00e9vben szerd\u00e1n j\u00e1rtak<\/p> <p>&#8211; Szeretettel v\u00e1rjuk <strong>Feln\u0151tt konfirm\u00e1ci\u00f3 <\/strong>felk\u00e9sz\u00edt\u00e9s\u00fcnkre azokat a feln\u0151tteket, akik igehallgat\u00f3i gy\u00fclekezeti alkalmainknak, de m\u00e9g nincsenek megkeresztelve, vagy nem tettek konfirm\u00e1ci\u00f3i fogadalmat.<\/p> <p>Elkezdt\u00fck a felk\u00e9sz\u00fcl\u00e9st, de m\u00e9g lehet csatlakozni a csoporthoz. A besz\u00e9lget\u00e9s <strong>cs\u00fct\u00f6rt\u00f6k\u00f6nk\u00e9nt 18 \u00f3rakor<\/strong> kezd\u0151dik az alagsori gy\u00fclekezeti terembe, ahov\u00e1 az oldalajt\u00f3n lehet bemenni. Ezen a h\u00e9ten a b\u0171nb\u00e1nati istentiszteletre v\u00e1rjuk a azokat, akik ebbe csoportba j\u00f6nnek<\/p> <p><strong>\u00a0<\/strong><\/p> <p><strong>Szeretetdoboz: <\/strong><\/p> <p><strong>&#8211; <\/strong>A Magyar Reform\u00e1tus Szeretetszolg\u00e1lat ebben az \u00e9vben is meghirdeti Szeretetdoboz c\u00edmet visel\u0151 adventi gy\u0171jt\u0151akci\u00f3j\u00e1t. Az Alap\u00edtv\u00e1nyhoz december 11-ig lehet eljuttatni tart\u00f3s \u00e9lelmiszer felaj\u00e1nl\u00e1sokat, valamint orsz\u00e1gszerte t\u00f6bb \u00e1ruh\u00e1zi gy\u0171jt\u00e9st is tartanak az adventi id\u0151szakban, hogy kar\u00e1csonykor legal\u00e1bb t\u00edzezer n\u00e9lk\u00fcl\u00f6z\u00e9sben \u00e9l\u0151 csal\u00e1dnak, id\u0151snek \u00e9s betegnek tudjanak seg\u00edteni egy-egy csomaggal.<\/p> <p>Ebben az akci\u00f3ban Egyh\u00e1zk\u00f6zs\u00e9g\u00fcnk is r\u00e9szt vesz, \u00edgy hozz\u00e1nk is lehet hozni az adom\u00e1nyokat, amik majd innen ker\u00fclnek tov\u00e1bb a Szeretetszolg\u00e1lathoz, ez\u00e9rt<strong> december 11-ig mi is v\u00e1rjuk a felaj\u00e1nl\u00e1sokat!<\/strong> Ut\u00e1na fogja a Szeretetszolg\u00e1lat az \u00f6sszegy\u0171jt\u00f6tt adom\u00e1nyokat elsz\u00e1ll\u00edtani.<\/p> <p><strong>Mi az a Szeretetdoboz? <\/strong>A Szeretetdoboz k\u00f6rnyezetbar\u00e1t anyagokb\u00f3l k\u00e9sz\u00fclt, t\u00f6bbsz\u00f6r felhaszn\u00e1lhat\u00f3 adom\u00e1nydoboz, mivel ragaszt\u00f3szalag n\u00e9lk\u00fcl is z\u00e1r\u00f3dik, \u00edgy k\u00f6rnyezet\u00fcnket is \u00f3vjuk, mik\u00f6zben seg\u00edt\u00fcnk. Miut\u00e1n az adom\u00e1nya c\u00e9lba \u00e9rt, a dobozt m\u00e1s \u00fajra meg tudja t\u00f6lteni.<br \/> A doboz terhelhet\u0151s\u00e9ge: maximum 15 kg.<\/p> <p><strong>Mit tegy\u00fcnk a Szeretetdobozba? <\/strong>Legal\u00e1bb f\u00e9l \u00e9ves szavatoss\u00e1ggal rendelkez\u0151 tart\u00f3s \u00e9lelmiszert: cukrot, olajat, konzervet, lisztet, kaka\u00f3t, te\u00e1t, f\u0171szereket, \u00e9dess\u00e9get, sz\u00e1raz t\u00e9szt\u00e1t, kekszet, ketchupot, must\u00e1rt, majon\u00e9zt.<br \/> \u00d6r\u00f6mmel fogadunk tov\u00e1bb\u00e1 tiszt\u00e1lkod\u00e1si- \u00e9s tiszt\u00edt\u00f3szereket: mos\u00f3szert, \u00f6bl\u00edt\u0151t, fogkr\u00e9met, gyermek \u00e9s feln\u0151tt pelenk\u00e1t, sampont, tusf\u00fcrd\u0151t.<\/p> <p>K\u00fcl\u00f6n k\u00f6sz\u00f6nj\u00fck, ha adom\u00e1nyoz\u00e1s sor\u00e1n gondolnak az \u00e9tel intoleranci\u00e1val k\u00fczd\u0151kre, \u00e9s cukor- vagy glut\u00e9nmentes term\u00e9keket is helyeznek a Szeretetdobozba, mint p\u00e9ld\u00e1ul \u00e9des\u00edt\u0151szert, cukormentes kekszet, glut\u00e9nmentes t\u00e9szt\u00e1t.<\/p> <p>K\u00e1lvin J\u00e1nos azt mondta, hogy az igaz egyh\u00e1z arr\u00f3l ismerhet\u0151 fel, hogy: \u201eaz ig\u00e9t tiszt\u00e1n hirdetik, a s\u00e1kramentumokat, helyesen szolg\u00e1ltatj\u00e1k ki, az egyh\u00e1zfegyelmet \u00e9s a diak\u00f3ni\u00e1t gyakorolj\u00e1k\u201d. A diak\u00f3nia, az a szeretetszolg\u00e1lat, amelyben abb\u00f3l, amink nek\u00fcnk van adunk annak, akinek nincs.<\/p> <p><strong>\u00a0<\/strong><\/p> <p><strong>Egyh\u00e1zker\u00fcleti k\u00f6zgy\u0171l\u00e9s &#8211; Lelk\u00e9szszentel\u00e9s:<\/strong><\/p> <p>&#8211; November 22-\u00e9n, kedden 10 \u00f3rakor a R\u00e1day H\u00e1z II. emeleti d\u00edszterm\u00e9ben lesz a Dunamell\u00e9ki Ref. Ek. \u00e9ves rendes K\u00f6zgy\u0171l\u00e9se.<\/p> <p>Ugyanezen a napon 17 \u00f3rakor a K\u00e1lvin t\u00e9ri reform\u00e1tus templomban lesz lelk\u00e9szi szolg\u00e1ltra k\u00e9sz\u00fcl\u0151k lelk\u00e9szszentel\u00e9se.<\/p> <p><strong>\u00a0<\/strong><\/p> <p><strong>\u00c9nekkar:<\/strong><\/p> <p>&#8211; \u00c9nekkarunk \u00fajra elkezdte a k\u00f6z\u00f6s \u00e9nekl\u00e9st! Szeretettel h\u00edvjuk v\u00e1rjuk a testv\u00e9reket <strong>h\u00e9tf\u0151n<\/strong> este a Gy\u00fclekezeti h\u00e1z alagsor\u00e1ban a gy\u00fclekezeti terembe a <strong>18 \u00f3rakor<\/strong> kezd\u0151d\u0151 alkalmakra.<\/p> <p><strong>\u00a0<\/strong><\/p> <p><strong>Iskolai el\u0151k\u00e9sz\u00edt\u0151:<\/strong><\/p> <p>&#8211; Az elm\u00falt h\u00e9ten megtartottuk az els\u0151 iskolafelk\u00e9sz\u00edt\u0151 foglalkoz\u00e1sunkat, ahol a v\u00e1rakoz\u00e1soknak megfelel\u0151en sok gyermek \u00e9s feln\u0151tt jelent meg. Ez\u00faton is k\u00f6sz\u00f6n\u00f6m az als\u00f3s munkak\u00f6z\u00f6ss\u00e9g tagjainak a sz\u00ednvonalas felk\u00e9sz\u00fcl\u00e9st, \u00e9s lebonyol\u00edt\u00e1st!<\/p> <p>A tan\u00e9v v\u00e9g\u00e9ig minden h\u00f3nap m\u00e1sodik keddj\u00e9n tervez\u00fcnk foglalkoz\u00e1sokat nagycsoportos \u00f3vod\u00e1soknak az iskol\u00e1nkban, az\u00e9rt, hogy a gyermekek szeptemberig megismerhess\u00e9k az \u00faj int\u00e9zm\u00e9nyt, ahov\u00e1 ker\u00fclni fognak \u00e9s a pedag\u00f3gusok is jobban megismerj\u00e9k a jelentkez\u0151 gyermekeket.<\/p> <p>A k\u00f6vetkez\u0151 alkalom <strong>december 13-\u00e1n, kedden 17 \u00f3ra<\/strong>kor lesz. <strong>Ady Endre Reform\u00e1tus \u00c1ltal\u00e1nos Iskol\u00e1ba<\/strong> a TUD\u00c1S H\u00d6RPENT\u0150-SZ\u00d6RPENT\u0150 iskolael\u0151k\u00e9sz\u00edt\u0151 programunkra. Ezen az alkalmon az iskol\u00e1ban dolgoz\u00f3 pedag\u00f3gusok fognak foglalkozni a gyermekekkel, az\u00e9rt is, hogy a sz\u00fcl\u0151k is l\u00e1ss\u00e1k, milyen koll\u00e9g\u00e1k k\u00f6z\u00e9 ker\u00fcl, majd a gyermek\u00fck \u00e9s \u00edgy is megmutassuk, amit vallunk: nem pedag\u00f3gust kell v\u00e1lasztani, hanem int\u00e9zm\u00e9nyt!<\/p> <p><strong>\u00a0<\/strong><\/p> <p><strong>Ady Endre Reform\u00e1tus \u00c1ltal\u00e1nos Iskola fejleszt\u00e9se:<\/strong><\/p> <p>&#8211; K\u00f6sz\u00f6n\u00f6m azoknak a f\u00e9rfiaknak, akik p\u00e9nteken j\u00f6ttek seg\u00edteni kipakolni \u00e9s az iskola \u00e9p\u00fclet\u00e9be behordani, azt a h\u00e1rom teheraut\u00f3nyi iskolab\u00fatort, ami iskol\u00e1nk fejleszt\u00e9se keret\u00e9ben \u00e9rkezett. Ifj\u00fas\u00e1gunk tagjai \u00f6r\u00fcltek, annak, hogy most nekik, kevesebb jutott ebb\u0151l a neh\u00e9z feladatb\u00f3l.<\/p> <p>Aki most nem tudott, j\u00f6nni, annak is lesz majd lehet\u0151s\u00e9ge seg\u00edteni, hiszen a k\u00f6vetkez\u0151 hetekben t\u00f6bb sz\u00e1ll\u00edtm\u00e1ny fog \u00e9rkezni.<\/p> <p>\u00d6r\u00f6mmel jelentem, hogy a<strong> tornaterem fel\u00faj\u00edt\u00e1sa<\/strong> is elkezd\u0151d\u00f6tt h\u00e9tf\u0151n, \u00e9s nagy temp\u00f3val halad is.<\/p> <p><strong>\u00a0<\/strong><\/p> <p><strong>\u00c1ll\u00e1s:<\/strong><\/p> <p>&#8211; Az Ady Endre Reform\u00e1tus \u00c1ltal\u00e1nos Iskol\u00e1ba keres\u00fcnk pedag\u00f3gusokat els\u0151sorban az als\u00f3 tagozatra. Sz\u00fcks\u00e9g\u00fcnk van technikai munkat\u00e1rsakra is, \u00edgy keres\u00fcnk olyanokat, akik sz\u00edvesen v\u00e1llalkoznak takar\u00edt\u00f3i feladatok ell\u00e1t\u00e1s\u00e1ra. \u00c9rdekl\u0151dni Botka N\u00f3ra int\u00e9zm\u00e9nyvezet\u0151n\u00e9l, vagy a lelkip\u00e1sztorn\u00e1l lehet.<\/p> <p><strong>\u00a0<\/strong><\/p> <p><strong>Templomtakar\u00edt\u00e1s:<\/strong><\/p> <p>&#8211; Ezen a h\u00e9ten \u00fajra szeretettel v\u00e1rjuk a testv\u00e9reket, <strong>p\u00e9nteken <\/strong>17 \u00f3r\u00e1t\u00f3l, hogy kitakar\u00edtsuk a templomot. K\u00f6sz\u00f6nj\u00fck azoknak, akik el nem m\u00fal\u00f3 szeretettel j\u00f6nnek h\u00e9tr\u0151l-h\u00e9tre takar\u00edtani, hogy templomunkban mindig tisztas\u00e1g \u00e9s rend lehessen alkalmainkra<\/p> <p><strong>Lectio:<\/strong> 2 M\u00f3zes: 20, 1-17 \u00e9s M\u00e1t\u00e9: 22, 37-40., Jeremi\u00e1s: 52, 1-30., Jeremi\u00e1s siralmai: 4, 1-22<\/p> <p><strong>Textus:<\/strong> Jeremi\u00e1s siralmai 4, 22<\/p> <p><strong>\u00c9nekek:<\/strong><\/p> <p>18: 1<\/p> <p>329: 2 (\u00faj: 412)<\/p> <p>Ker.: Moln\u00e1r Vikt\u00f3ria &#8211; Zsolt\u00e1rok: 18: 29<\/p> <p>Sz\u00fcl\u0151k: Moln\u00e1r Tam\u00e1s \u00e9s Moln\u00e1rn\u00e9 Kirilla Szilvia<\/p> <p>134: 3<\/p> <p>Heidelbergi K\u00e1t\u00e9 XLVII. \u00darnapja<\/p> <p>180 (\u00faj: 461)<\/p> <p>410: 1-2 (\u00faj: 611)<\/p> <p>458: 1 (\u00faj: 757)<\/p> <p>458: 2-4 (\u00faj: 757)<\/p> <p>799: 1<\/p> <p>Igehirdet\u0151: Harkai Ferenc lelkip\u00e1sztor<\/p> <p><strong><em>D\u00e9lut\u00e1n: &#8211; Sz\u0151l\u0151skert Reform\u00e1tus \u00d3voda csal\u00e1di istentisztelete<\/em><\/strong><\/p> <p><strong>\u00a0<\/strong><\/p> <p><strong>Textus: <\/strong>Luk\u00e1cs: 1, 46-56<\/p> <p><strong>\u00a0<\/strong><\/p> <p><strong>Heidelbergi K\u00e1t\u00e9:<\/strong> XLVII. \u00darnapja<\/p> <p><strong>\u00c9nekek:<\/strong> \u00a0\u00a0\u00a0\u00a0\u00a0\u00a0\u00a0\u00a0\u00a0\u00a0\u00a0\u00a0\u00a0\u00a0\u00a0\u00a0\u00a0\u00a0\u00a0 \u00a0\u00a0\u00a06: 1<\/p> <p>165: 1-2 (\u00faj 225)<\/p> <p>312: 1-4 (\u00faj: 390)<\/p> <p>799: 1<\/p> <p>Igehirdet\u0151: Harkai Ferenc lelkip\u00e1sztor<\/p> ","protected":false},"excerpt":{"rendered":"<p>\u00a0 Aki szeretn\u00e9 a Hirdet\u00e9seket emailben is megkapni k\u00e9rj\u00fck, jelezze szem\u00e9lyesen a Lelk\u00e9szi hivatalban. Seg\u00edts\u00e9gny\u00fajt\u00e1s K\u00e1rp\u00e1talj\u00e1ra, Ukrajn\u00e1ba: &#8211; K\u00e1rp\u00e1taljai testv\u00e9reinket folyamatosan k\u00edv\u00e1njuk t\u00e1mogatni, ez\u00e9rt az adom\u00e1nygy\u0171jt\u0151 perselyt kint hagytuk a templom h\u00e1tulj\u00e1ban, ebbe lehet az Ukrajn\u00e1ba sz\u00e1nt t\u00e1mogat\u00e1sokat elhelyezni. A k\u00f6vetkez\u0151 utunk el\u0151tt pedig majd fogjuk jelezni, hogy milyen \u00e9lelmiszeradom\u00e1nyokra van sz\u00fcks\u00e9g, addig k\u00e9rj\u00fck a&hellip;<\/p>\n","protected":false},"author":15,"featured_media":0,"comment_status":"closed","ping_status":"closed","sticky":false,"template":"","format":"standard","meta":[],"categories":[17],"tags":[],"acf":[],"_links":{"self":[{"href":"https:\/\/kkre.hu\/wpm\/wp-json\/wp\/v2\/posts\/18744"}],"collection":[{"href":"https:\/\/kkre.hu\/wpm\/wp-json\/wp\/v2\/posts"}],"about":[{"href":"https:\/\/kkre.hu\/wpm\/wp-json\/wp\/v2\/types\/post"}],"author":[{"embeddable":true,"href":"https:\/\/kkre.hu\/wpm\/wp-json\/wp\/v2\/users\/15"}],"replies":[{"embeddable":true,"href":"https:\/\/kkre.hu\/wpm\/wp-json\/wp\/v2\/comments?post=18744"}],"version-history":[{"count":2,"href":"https:\/\/kkre.hu\/wpm\/wp-json\/wp\/v2\/posts\/18744\/revisions"}],"predecessor-version":[{"id":18747,"href":"https:\/\/kkre.hu\/wpm\/wp-json\/wp\/v2\/posts\/18744\/revisions\/18747"}],"wp:attachment":[{"href":"https:\/\/kkre.hu\/wpm\/wp-json\/wp\/v2\/media?parent=18744"}],"wp:term":[{"taxonomy":"category","embeddable":true,"href":"https:\/\/kkre.hu\/wpm\/wp-json\/wp\/v2\/categories?post=18744"},{"taxonomy":"post_tag","embeddable":true,"href":"https:\/\/kkre.hu\/wpm\/wp-json\/wp\/v2\/tags?post=18744"}],"curies":[{"name":"wp","href":"https:\/\/api.w.org\/{rel}","templated":true}]}}