{"id":18749,"date":"2022-11-28T06:18:20","date_gmt":"2022-11-28T05:18:20","guid":{"rendered":"https:\/\/kkre.hu\/wpm\/?p=18749"},"modified":"2022-11-28T06:19:45","modified_gmt":"2022-11-28T05:19:45","slug":"2022-november-27-advent-i-vasarnapja","status":"publish","type":"post","link":"https:\/\/kkre.hu\/wpm\/blog\/2022\/11\/28\/2022-november-27-advent-i-vasarnapja\/","title":{"rendered":"2022. november 27. (Advent I. vas\u00e1rnapja)"},"content":{"rendered":"<p><strong>Aki szeretn\u00e9 a Hirdet\u00e9seket emailben is megkapni k\u00e9rj\u00fck, jelezze szem\u00e9lyesen a Lelk\u00e9szi hivatalban.<\/strong><\/p> <p><strong>Seg\u00edts\u00e9gny\u00fajt\u00e1s K\u00e1rp\u00e1talj\u00e1ra, Ukrajn\u00e1ba:<\/strong><\/p> <p>&#8211; K\u00e1rp\u00e1taljai testv\u00e9reinket folyamatosan k\u00edv\u00e1njuk t\u00e1mogatni, ez\u00e9rt az adom\u00e1nygy\u0171jt\u0151 perselyt kint hagytuk a templom h\u00e1tulj\u00e1ban, ebbe lehet az Ukrajn\u00e1ba sz\u00e1nt t\u00e1mogat\u00e1sokat elhelyezni.<\/p> <p>A k\u00f6vetkez\u0151 utunk el\u0151tt pedig majd fogjuk jelezni, hogy milyen \u00e9lelmiszeradom\u00e1nyokra van sz\u00fcks\u00e9g, addig k\u00e9rj\u00fck a testv\u00e9reket, ilyen felaj\u00e1nl\u00e1sokat ne hozzanak, hiszen azt nek\u00fcnk is t\u00e1rolni kell.<\/p> <p>Istentisztelet\u00fcnk v\u00e9g\u00e9n a k\u00e1rp\u00e1taljai reform\u00e1tusok kedves \u00e9nek\u00e9t fogjuk \u00e9nekelni, amit az ottani reform\u00e1tus templomokban \u201ekivonul\u00f3ra\u201d \u00e9nekelnek: \u201eMindig velem Uram, mindig velem\u2026\u201d<\/p> <p><strong>\u00a0<\/strong><\/p> <p><strong>Alakalmaink:<\/strong><\/p> <p>&#8211; Ma <strong>17 \u00f3ra<\/strong>kor adventi, orgonazen\u00e9s \u00e1h\u00edtat lesz itt a templomban, amikor Alf\u00f6ldy-Boruss Csilla orgonam\u0171v\u00e9sz fog a hangszerek kir\u00e1lyn\u0151j\u00e9n j\u00e1tszani (online k\u00f6zvet\u00edtve: <a href=\"https:\/\/kkre.hu\/wpm\/\">https:\/\/kkre.hu\/wpm\/<\/a>)<\/p> <p>&#8211; Szerd\u00e1n 18 \u00f3rakor lesz <strong>istentisztelet \u00e9s biblia\u00f3ra<\/strong> a templomban (online k\u00f6zvet\u00edtve: <a href=\"https:\/\/kkre.hu\/wpm\/\">https:\/\/kkre.hu\/wpm\/<\/a>)<\/p> <p>&#8211; Cs\u00fct\u00f6rt\u00f6k\u00f6n 19 \u00f3rakor tartunk Biblia\u00f3r\u00e1t az alagsori gy\u00fclekezeti teremben<\/p> <p>&#8211; J\u00f6v\u0151 <strong>vas\u00e1rnap<\/strong> <strong>10 \u00f3ra<\/strong>kor tartunk <strong>istentiszteletet<\/strong> a templomban, az igehirdet\u00e9s el\u0151tt a gyermekek kimehetnek gyermekistentiszteletre a gy\u00fclekezeti h\u00e1zba (online k\u00f6zvet\u00edtve: <a href=\"https:\/\/kkre.hu\/wpm\/\">https:\/\/kkre.hu\/wpm\/<\/a>)<\/p> <p>&#8211; J\u00f6v\u0151 vas\u00e1rnap d\u00e9lut\u00e1n, 17 \u00f3rakor lesz istentisztelet a templomban (online k\u00f6zvet\u00edtve: <a href=\"https:\/\/kkre.hu\/wpm\/\">https:\/\/kkre.hu\/wpm\/<\/a>)<\/p> <p><strong>\u00a0<\/strong><\/p> <p><strong>Kar\u00e1csonyi \u00fcnnepe:<\/strong><\/p> <p>&#8211; A Kar\u00e1csony \u00fcnnep\u00e9t a kor\u00e1bbi \u00e9vekhez hasonl\u00f3an tervezz\u00fck. Id\u00e9n is szeretn\u00e9nk Szenteste napj\u00e1n, december 24-\u00e9n, 14 \u00f3rakor Gy\u00fclekezeti Kar\u00e1csonyt tartani, amin a gyermekek is szolg\u00e1ln\u00e1nak.<\/p> <p>K\u00e9rem a csal\u00e1dokat, hogy \u00fagy k\u00e9sz\u00fcljenek, hogy j\u00f6v\u0151 vas\u00e1rnap, december 4-\u00e9n szeretn\u00e9nk a gyermekekkel elkezdeni a felk\u00e9sz\u00fcl\u00e9st.<\/p> <p><strong>\u00a0<\/strong><\/p> <p><strong>Konfirm\u00e1ci\u00f3:<\/strong><\/p> <p>&#8211; Szerd\u00e1n 16 \u00f3rakor kezd\u0151dik a konfirmandus \u00f3r\u00e1ja azoknak, akik m\u00e1r legal\u00e1bb 8. oszt\u00e1lyosok \u00e9s eddig nem j\u00e1rtak konfirm\u00e1ci\u00f3 el\u0151k\u00e9sz\u00edt\u0151re<\/p> <p>&#8211; Cs\u00fct\u00f6rt\u00f6k\u00f6n 17 \u00f3rakor, azoknak a k\u00f6z\u00e9piskol\u00e1soknak tartunk konfirm\u00e1ci\u00f3 el\u0151k\u00e9sz\u00edt\u0151t, akik m\u00e1r tavalyi tan\u00e9vben szerd\u00e1n j\u00e1rtak<\/p> <p>&#8211; Szeretettel v\u00e1rjuk <strong>Feln\u0151tt konfirm\u00e1ci\u00f3 <\/strong>felk\u00e9sz\u00edt\u00e9s\u00fcnkre azokat a feln\u0151tteket, akik igehallgat\u00f3i gy\u00fclekezeti alkalmainknak, de m\u00e9g nincsenek megkeresztelve, vagy nem tettek konfirm\u00e1ci\u00f3i fogadalmat.<\/p> <p>Elkezdt\u00fck a felk\u00e9sz\u00fcl\u00e9st, de m\u00e9g lehet csatlakozni a csoporthoz. A besz\u00e9lget\u00e9s <strong>cs\u00fct\u00f6rt\u00f6k\u00f6nk\u00e9nt 18 \u00f3rakor<\/strong> kezd\u0151dik az alagsori gy\u00fclekezeti terembe, ahov\u00e1 az oldalajt\u00f3n lehet bemenni.<\/p> <p><strong>\u00a0<\/strong><\/p> <p><strong>Egyh\u00e1zmegyei K\u00f3rustal\u00e1lkoz\u00f3:<\/strong><\/p> <p>&#8211; J\u00f6v\u0151 vas\u00e1rnap, december 4-\u00e9n 17 \u00f3rakor a Pesterzs\u00e9bet-K\u00f6zponti Reform\u00e1tus Egyh\u00e1zk\u00f6zs\u00e9g templom\u00e1ban lesz a Budapest-D\u00e9li Reform\u00e1tus Egyh\u00e1zmegye K\u00f3rustal\u00e1lkoz\u00f3ja. Rem\u00e9nys\u00e9g\u00fcnk szerint a megye sok k\u00f3rusa mellett a mi k\u00f3rusunk is r\u00e9szt fog venni ezen az alkalmon.<\/p> <p><strong>\u00a0<\/strong><\/p> <p><strong>Szeretetdoboz: <\/strong><\/p> <p><strong>&#8211; <\/strong>A Magyar Reform\u00e1tus Szeretetszolg\u00e1lat ebben az \u00e9vben is meghirdeti Szeretetdoboz c\u00edmet visel\u0151 adventi gy\u0171jt\u0151akci\u00f3j\u00e1t. Az Alap\u00edtv\u00e1nyhoz december 11-ig lehet eljuttatni tart\u00f3s \u00e9lelmiszer felaj\u00e1nl\u00e1sokat, valamint orsz\u00e1gszerte t\u00f6bb \u00e1ruh\u00e1zi gy\u0171jt\u00e9st is tartanak az adventi id\u0151szakban, hogy kar\u00e1csonykor legal\u00e1bb t\u00edzezer n\u00e9lk\u00fcl\u00f6z\u00e9sben \u00e9l\u0151 csal\u00e1dnak, id\u0151snek \u00e9s betegnek tudjanak seg\u00edteni egy-egy csomaggal.<\/p> <p>Ebben az akci\u00f3ban Egyh\u00e1zk\u00f6zs\u00e9g\u00fcnk is r\u00e9szt vesz, \u00edgy hozz\u00e1nk is lehet hozni az adom\u00e1nyokat, amik majd innen ker\u00fclnek tov\u00e1bb a Szeretetszolg\u00e1lathoz, ez\u00e9rt<strong> december 11-ig mi is v\u00e1rjuk a felaj\u00e1nl\u00e1sokat!<\/strong> Ut\u00e1na fogja a Szeretetszolg\u00e1lat az \u00f6sszegy\u0171jt\u00f6tt adom\u00e1nyokat elsz\u00e1ll\u00edtani.<\/p> <p><strong>Mi az a Szeretetdoboz? <\/strong>A Szeretetdoboz k\u00f6rnyezetbar\u00e1t anyagokb\u00f3l k\u00e9sz\u00fclt, t\u00f6bbsz\u00f6r felhaszn\u00e1lhat\u00f3 adom\u00e1nydoboz, mivel ragaszt\u00f3szalag n\u00e9lk\u00fcl is z\u00e1r\u00f3dik, \u00edgy k\u00f6rnyezet\u00fcnket is \u00f3vjuk, mik\u00f6zben seg\u00edt\u00fcnk. Miut\u00e1n az adom\u00e1nya c\u00e9lba \u00e9rt, a dobozt m\u00e1s \u00fajra meg tudja t\u00f6lteni.<br \/> A doboz terhelhet\u0151s\u00e9ge: maximum 15 kg.<\/p> <p><strong>Mit tegy\u00fcnk a Szeretetdobozba? <\/strong>Legal\u00e1bb f\u00e9l \u00e9ves szavatoss\u00e1ggal rendelkez\u0151 tart\u00f3s \u00e9lelmiszert: cukrot, \u00e9tolajat, konzervet, lisztet, kaka\u00f3t, te\u00e1t, f\u0171szereket, \u00e9dess\u00e9get, sz\u00e1raz t\u00e9szt\u00e1t, kekszet, ketchupot, must\u00e1rt, majon\u00e9zt.<br \/> \u00d6r\u00f6mmel fogadunk tov\u00e1bb\u00e1 tiszt\u00e1lkod\u00e1si- \u00e9s tiszt\u00edt\u00f3szereket: mos\u00f3szert, \u00f6bl\u00edt\u0151t, fogkr\u00e9met, gyermek \u00e9s feln\u0151tt pelenk\u00e1t, sampont, tusf\u00fcrd\u0151t.<\/p> <p>K\u00fcl\u00f6n k\u00f6sz\u00f6nj\u00fck, ha adom\u00e1nyoz\u00e1s sor\u00e1n gondolnak az \u00e9tel intoleranci\u00e1val k\u00fczd\u0151kre, \u00e9s cukor- vagy glut\u00e9nmentes term\u00e9keket is helyeznek a Szeretetdobozba, mint p\u00e9ld\u00e1ul \u00e9des\u00edt\u0151szert, cukormentes kekszet, glut\u00e9nmentes t\u00e9szt\u00e1t.<\/p> <p>K\u00e1lvin J\u00e1nos azt mondta, hogy az igaz egyh\u00e1z arr\u00f3l ismerhet\u0151 fel, hogy: \u201eaz ig\u00e9t tiszt\u00e1n hirdetik, a s\u00e1kramentumokat, helyesen szolg\u00e1ltatj\u00e1k ki, az egyh\u00e1zfegyelmet \u00e9s a diak\u00f3ni\u00e1t gyakorolj\u00e1k\u201d. A diak\u00f3nia, az a szeretetszolg\u00e1lat, amelyben abb\u00f3l, amink nek\u00fcnk van adunk annak, akinek nincs.<\/p> <p><strong>\u00a0<\/strong><\/p> <p><strong>\u00c9nekkar:<\/strong><\/p> <p>&#8211; \u00c9nekkarunk \u00fajra elkezdte a k\u00f6z\u00f6s \u00e9nekl\u00e9st! Szeretettel h\u00edvjuk v\u00e1rjuk a testv\u00e9reket <strong>h\u00e9tf\u0151n<\/strong> este a Gy\u00fclekezeti h\u00e1z alagsor\u00e1ban a gy\u00fclekezeti terembe a <strong>18 \u00f3rakor<\/strong> kezd\u0151d\u0151 alkalmakra.<\/p> <p><strong>\u00a0<\/strong><\/p> <p><strong>Iskolai el\u0151k\u00e9sz\u00edt\u0151:<\/strong><\/p> <p>&#8211; Az elm\u00falt h\u00e9ten megtartottuk az els\u0151 iskolafelk\u00e9sz\u00edt\u0151 foglalkoz\u00e1sunkat, ahol a v\u00e1rakoz\u00e1soknak megfelel\u0151en sok gyermek \u00e9s feln\u0151tt jelent meg. Ez\u00faton is k\u00f6sz\u00f6n\u00f6m az als\u00f3s munkak\u00f6z\u00f6ss\u00e9g tagjainak a sz\u00ednvonalas felk\u00e9sz\u00fcl\u00e9st, \u00e9s lebonyol\u00edt\u00e1st!<\/p> <p>A tan\u00e9v v\u00e9g\u00e9ig minden h\u00f3nap m\u00e1sodik keddj\u00e9n tervez\u00fcnk foglalkoz\u00e1sokat nagycsoportos \u00f3vod\u00e1soknak az iskol\u00e1nkban, az\u00e9rt, hogy a gyermekek szeptemberig megismerhess\u00e9k az \u00faj int\u00e9zm\u00e9nyt, ahov\u00e1 ker\u00fclni fognak \u00e9s a pedag\u00f3gusok is jobban megismerj\u00e9k a jelentkez\u0151 gyermekeket.<\/p> <p>A k\u00f6vetkez\u0151 alkalom <strong>december 13-\u00e1n, kedden 17 \u00f3ra<\/strong>kor lesz. <strong>Ady Endre Reform\u00e1tus \u00c1ltal\u00e1nos Iskol\u00e1ba<\/strong> a TUD\u00c1S H\u00d6RPENT\u0150-SZ\u00d6RPENT\u0150 iskolael\u0151k\u00e9sz\u00edt\u0151 programunkra. Ezen az alkalmon az iskol\u00e1ban dolgoz\u00f3 pedag\u00f3gusok fognak foglalkozni a gyermekekkel, az\u00e9rt is, hogy a sz\u00fcl\u0151k is l\u00e1ss\u00e1k, milyen koll\u00e9g\u00e1k k\u00f6z\u00e9 ker\u00fcl, majd a gyermek\u00fck \u00e9s \u00edgy is megmutassuk, amit vallunk: nem pedag\u00f3gust kell v\u00e1lasztani, hanem int\u00e9zm\u00e9nyt!<\/p> <p><strong>\u00a0<\/strong><\/p> <p><strong>Ady Endre Reform\u00e1tus \u00c1ltal\u00e1nos Iskola fejleszt\u00e9s\u00e9hez seg\u00edts\u00e9g k\u00e9r\u00e9se:<\/strong><\/p> <p>&#8211; Amint azt m\u00e1r t\u00f6bbsz\u00f6r hirdett\u00fck az iskol\u00e1nkban p\u00e1ly\u00e1zati forr\u00e1sokb\u00f3l jelent\u0151s fejleszt\u00e9sek vannak folyamatban. Ezen a h\u00e9ten december 2-\u00e1n, p\u00e9nteken \u00fajra k\u00e9rj\u00fck a f\u00e9rfitestv\u00e9rek seg\u00edts\u00e9g\u00e9t b\u00fatorpakol\u00e1shoz. Aki tud j\u00f6nni, k\u00e9rem, hogy 9-9<sup>15<\/sup> k\u00f6z\u00f6tt j\u00f6jj\u00f6n az iskol\u00e1ba, ahov\u00e1 a Nagys\u00e1ndor J\u00f3zsef utcai kiskapun lehet majd bej\u00f6nni.<\/p> <p><strong>\u00a0<\/strong><\/p> <p><strong>\u00c1ll\u00e1s:<\/strong><\/p> <p>&#8211; Az Ady Endre Reform\u00e1tus \u00c1ltal\u00e1nos Iskol\u00e1ba keres\u00fcnk pedag\u00f3gusokat els\u0151sorban az als\u00f3 tagozatra. Sz\u00fcks\u00e9g\u00fcnk van technikai munkat\u00e1rsakra is, \u00edgy keres\u00fcnk olyanokat, akik sz\u00edvesen v\u00e1llalkoznak takar\u00edt\u00f3i feladatok ell\u00e1t\u00e1s\u00e1ra. \u00c9rdekl\u0151dni Botka N\u00f3ra int\u00e9zm\u00e9nyvezet\u0151n\u00e9l, vagy a lelkip\u00e1sztorn\u00e1l lehet.<\/p> <p><strong>\u00a0<\/strong><\/p> <p><strong>Templomtakar\u00edt\u00e1s:<\/strong><\/p> <p>&#8211; Ezen a h\u00e9ten \u00fajra szeretettel v\u00e1rjuk a testv\u00e9reket, <strong>p\u00e9nteken <\/strong>17 \u00f3r\u00e1t\u00f3l, hogy kitakar\u00edtsuk a templomot. K\u00f6sz\u00f6nj\u00fck azoknak, akik el nem m\u00fal\u00f3 szeretettel j\u00f6nnek h\u00e9tr\u0151l-h\u00e9tre takar\u00edtani, hogy templomunkban mindig tisztas\u00e1g \u00e9s rend lehessen alkalmainkra<\/p> <p><strong>Templomi adventi koncertsorozat:<\/strong><\/p> <p>&#8211; December 10-\u00e9n, szombaton 16 \u00f3rakor a KMO szervez\u00e9sben templomunk lesz a helysz\u00edne a h\u00e1romr\u00e9szes Templomi adventi koncertsorozatnak. Tizen\u00f6t zsolt\u00e1r c\u00edmmel Gryllus D\u00e1niel, Gryllus Vilmos \u00e9s Sebesty\u00e9n M\u00e1rta fog fell\u00e9pni. A koncert ut\u00e1n a Nagy Balog J\u00e1nos ki\u00e1ll\u00edt\u00f3teremben adventi k\u00e9zm\u0171ves foglalkoz\u00e1s lesz.<\/p> <p>R\u00e9szletes program itt olvashat\u00f3: <a href=\"https:\/\/www.kmo.hu\/rendezveny\/1608\/templomi-adventi-koncertsorozat\">https:\/\/www.kmo.hu\/rendezveny\/1608\/templomi-adventi-koncertsorozat<\/a><\/p> <p><strong>Lectio:<\/strong> \u00c9zsai\u00e1s: 42, 1-13<\/p> <p><strong>Textus:<\/strong> Luk\u00e1cs: 3, 46-56<\/p> <p><strong>\u00c9nekek:<\/strong><\/p> <p>18: 1<\/p> <p>Heidelbergi K\u00e1t\u00e9 XLVIII. \u00darnapja<\/p> <p>25: 1-2<\/p> <p>312: 1-4 (\u00faj: 390)<\/p> <p>Im\u00e1ds\u00e1g, Csendes perc, \u00dari im\u00e1ds\u00e1g<\/p> <p>459: 1-4 (\u00faj: 758)<\/p> <p>\u00darvacsora alatt: 460 (\u00faj: 713), 438 (\u00faj: 363), 434 (\u00faj: 290)<\/p> <p>447: 1-2 (\u00faj: 292)<\/p> <p>799: 1<\/p> <p>Igehirdet\u0151: Harkai Ferenc lelkip\u00e1sztor<\/p> <p><strong><em>D\u00e9lut\u00e1n \u2013 Orgonazen\u00e9s \u00e1h\u00edtat:<\/em><\/strong><\/p> <p><strong>\u00a0<\/strong><\/p> <p><strong>Textus: <\/strong>D\u00e1niel: 4, 1-6<\/p> <p><strong>\u00a0<\/strong><\/p> <p><strong>Heidelbergi K\u00e1t\u00e9:<\/strong> XLVIII. \u00darnapja<\/p> <p><strong>\u00c9nekek:<\/strong> \u00a0\u00a0\u00a0\u00a0\u00a0\u00a0\u00a0\u00a0\u00a0\u00a0\u00a0\u00a0\u00a0\u00a0\u00a0\u00a0\u00a0\u00a0\u00a0 135: 1<\/p> <p>303: 1, 2, 7 (\u00faj 392)<\/p> <p>312: 1-4 (\u00faj: 390)<\/p> <p>799: 1<\/p> <p>Orgonam\u0171v\u00e9sz: Alf\u00f6ldy-Boruss Csilla<\/p> <p>Igehirdet\u0151: Harkai Ferenc lelkip\u00e1sztor<\/p> ","protected":false},"excerpt":{"rendered":"<p>Aki szeretn\u00e9 a Hirdet\u00e9seket emailben is megkapni k\u00e9rj\u00fck, jelezze szem\u00e9lyesen a Lelk\u00e9szi hivatalban. Seg\u00edts\u00e9gny\u00fajt\u00e1s K\u00e1rp\u00e1talj\u00e1ra, Ukrajn\u00e1ba: &#8211; K\u00e1rp\u00e1taljai testv\u00e9reinket folyamatosan k\u00edv\u00e1njuk t\u00e1mogatni, ez\u00e9rt az adom\u00e1nygy\u0171jt\u0151 perselyt kint hagytuk a templom h\u00e1tulj\u00e1ban, ebbe lehet az Ukrajn\u00e1ba sz\u00e1nt t\u00e1mogat\u00e1sokat elhelyezni. A k\u00f6vetkez\u0151 utunk el\u0151tt pedig majd fogjuk jelezni, hogy milyen \u00e9lelmiszeradom\u00e1nyokra van sz\u00fcks\u00e9g, addig k\u00e9rj\u00fck a testv\u00e9reket,&hellip;<\/p>\n","protected":false},"author":15,"featured_media":0,"comment_status":"closed","ping_status":"closed","sticky":false,"template":"","format":"standard","meta":[],"categories":[17],"tags":[],"acf":[],"_links":{"self":[{"href":"https:\/\/kkre.hu\/wpm\/wp-json\/wp\/v2\/posts\/18749"}],"collection":[{"href":"https:\/\/kkre.hu\/wpm\/wp-json\/wp\/v2\/posts"}],"about":[{"href":"https:\/\/kkre.hu\/wpm\/wp-json\/wp\/v2\/types\/post"}],"author":[{"embeddable":true,"href":"https:\/\/kkre.hu\/wpm\/wp-json\/wp\/v2\/users\/15"}],"replies":[{"embeddable":true,"href":"https:\/\/kkre.hu\/wpm\/wp-json\/wp\/v2\/comments?post=18749"}],"version-history":[{"count":2,"href":"https:\/\/kkre.hu\/wpm\/wp-json\/wp\/v2\/posts\/18749\/revisions"}],"predecessor-version":[{"id":18751,"href":"https:\/\/kkre.hu\/wpm\/wp-json\/wp\/v2\/posts\/18749\/revisions\/18751"}],"wp:attachment":[{"href":"https:\/\/kkre.hu\/wpm\/wp-json\/wp\/v2\/media?parent=18749"}],"wp:term":[{"taxonomy":"category","embeddable":true,"href":"https:\/\/kkre.hu\/wpm\/wp-json\/wp\/v2\/categories?post=18749"},{"taxonomy":"post_tag","embeddable":true,"href":"https:\/\/kkre.hu\/wpm\/wp-json\/wp\/v2\/tags?post=18749"}],"curies":[{"name":"wp","href":"https:\/\/api.w.org\/{rel}","templated":true}]}}