{"id":18775,"date":"2022-12-18T20:35:04","date_gmt":"2022-12-18T19:35:04","guid":{"rendered":"https:\/\/kkre.hu\/wpm\/?p=18775"},"modified":"2022-12-18T20:35:27","modified_gmt":"2022-12-18T19:35:27","slug":"hirdetesek-2022-december-18-advent-4-vasarnapja","status":"publish","type":"post","link":"https:\/\/kkre.hu\/wpm\/blog\/2022\/12\/18\/hirdetesek-2022-december-18-advent-4-vasarnapja\/","title":{"rendered":"Hirdet\u00e9sek, 2022. december 18. (Advent 4. vas\u00e1rnapja)"},"content":{"rendered":"<p><strong>Aki szeretn\u00e9 a Hirdet\u00e9seket emailben is megkapni k\u00e9rj\u00fck, jelezze szem\u00e9lyesen a Lelk\u00e9szi hivatalban.<\/strong><\/p> <p>&nbsp;<\/p> <p><strong>Seg\u00edts\u00e9gny\u00fajt\u00e1s K\u00e1rp\u00e1talj\u00e1ra, Ukrajn\u00e1ba:<\/strong><\/p> <p>&#8211; K\u00e1rp\u00e1taljai testv\u00e9reinket folyamatosan k\u00edv\u00e1njuk t\u00e1mogatni, ez\u00e9rt az adom\u00e1nygy\u0171jt\u0151 perselyt kint hagytuk a templom h\u00e1tulj\u00e1ban, ebbe lehet az Ukrajn\u00e1ba sz\u00e1nt t\u00e1mogat\u00e1sokat elhelyezni.<\/p> <p>A k\u00f6vetkez\u0151 utunk terveink szerint december 20-\u00e1n lesz. Ez\u00e9rt, aki szeretne adom\u00e1nyt k\u00fcldeni K\u00e1rp\u00e1talj\u00e1ra ma (december 18-\u00e1n), vagy december 19-\u00e9n h\u00e9tf\u0151n teheti meg.<\/p> <p>Istentisztelet\u00fcnk v\u00e9g\u00e9n a k\u00e1rp\u00e1taljai reform\u00e1tusok kedves \u00e9nek\u00e9t fogjuk \u00e9nekelni, amit az ottani reform\u00e1tus templomokban \u201ekivonul\u00f3ra\u201d \u00e9nekelnek: \u201eMindig velem Uram, mindig velem\u2026\u201d<\/p> <p><strong>&nbsp;<\/strong><\/p> <p><strong>Alakalmaink:<\/strong><\/p> <p>&#8211; Ma <strong>17 \u00f3ra<\/strong>kor is lesz istentisztelet a templomban (online k\u00f6zvet\u00edtve: <a href=\"https:\/\/kkre.hu\/wpm\/\">https:\/\/kkre.hu\/wpm\/<\/a>)<\/p> <p>&#8211; <strong>Szerd\u00e1n, cs\u00fct\u00f6rt\u00f6k\u00f6n \u00e9s p\u00e9nteken 18 \u00f3ra<\/strong>kor lesz <strong>istentisztelet<\/strong> a templomban (online k\u00f6zvet\u00edtve: <a href=\"https:\/\/kkre.hu\/wpm\/\">https:\/\/kkre.hu\/wpm\/<\/a>), szerd\u00e1n \u00e9s cs\u00fct\u00f6rt\u00f6k\u00f6n <strong>adventi zen\u00e9l\u00e9s<\/strong> is lesz. K\u00e9rek mindenkit, hogy \u00fagy k\u00e9sz\u00fclj\u00f6n, hogy az \u00faj \u00e9nekesk\u00f6nyveket fogjuk haszn\u00e1lni ezeken az esti alkalmakon<\/p> <p>k\u00f6zvet\u00edtve: <a href=\"https:\/\/kkre.hu\/wpm\/\">https:\/\/kkre.hu\/wpm\/<\/a>)<\/p> <p><strong>&#8211; Szombaton, Szenteste <\/strong>14 \u00f3rakor lesz <strong>Gy\u00fclekezeti kar\u00e1csony<\/strong>, gyermekek m\u0171sor\u00e1val, igehirdet\u00e9ssel (online k\u00f6zvet\u00edtve: <a href=\"https:\/\/kkre.hu\/wpm\/\">https:\/\/kkre.hu\/wpm\/<\/a>)<\/p> <p><strong>&#8211; Kar\u00e1csony els\u0151 napj\u00e1n, <\/strong>j\u00f6v\u0151 vas\u00e1rnap <strong>10 \u00f3rakor \u00e9s 17 \u00f3rakor lesz<\/strong> <strong>Istentisztelet, az igehirdet\u00e9sek ut\u00e1n pedig \u00farvacsorai k\u00f6z\u00f6ss\u00e9g<\/strong> is lesz (online k\u00f6zvet\u00edtve: <a href=\"https:\/\/kkre.hu\/wpm\/\">https:\/\/kkre.hu\/wpm\/<\/a>)<\/p> <p>&#8211; <strong>Kar\u00e1csony m\u00e1sodik napj\u00e1n, <\/strong>h\u00e9tf\u0151n <strong>10 \u00f3ra<\/strong>kor lesz <strong>Istentisztelet <\/strong>itt a templomban, \u00e9s az igehirdet\u00e9s ut\u00e1n lesz \u00farvacsorai k\u00f6z\u00f6ss\u00e9g (online k\u00f6zvet\u00edtve: <a href=\"https:\/\/kkre.hu\/wpm\/\">https:\/\/kkre.hu\/wpm\/<\/a>)<\/p> <p><strong>&nbsp;<\/strong><\/p> <p><strong>Gyermekek pr\u00f3b\u00e1ja:<\/strong><\/p> <p>&#8211; December 23-\u00e1n, p\u00e9nteken, <strong>10<u><sup>30<\/sup><\/u><\/strong>-kor, azaz f\u00e9l 11-kor kezdj\u00fck a gyermekek pr\u00f3b\u00e1j\u00e1t.<\/p> <p>K\u00e9rem a sz\u00fcl\u0151ket, hogy \u00edgy k\u00e9sz\u00fcljenek, hogy minden szerepl\u0151nk itt legyen, hogy m\u00e1snapra mindent el tudjunk pr\u00f3b\u00e1lni!<\/p> <p><strong>&nbsp;<\/strong><\/p> <p><strong>Ady Endre Reform\u00e1tus \u00c1ltal\u00e1nos Iskola fejleszt\u00e9s\u00e9hez seg\u00edts\u00e9g k\u00e9r\u00e9se:<\/strong><\/p> <p>&#8211; Amint azt m\u00e1r t\u00f6bbsz\u00f6r hirdett\u00fck az iskol\u00e1nkban p\u00e1ly\u00e1zati forr\u00e1sokb\u00f3l jelent\u0151s fejleszt\u00e9sek vannak folyamatban.<\/p> <p>Holnap, <strong>december 19-\u00e9n, h\u00e9tf\u0151n<\/strong> d\u00e9lel\u0151tt \u00fajra seg\u00edts\u00e9get k\u00e9r\u00fcnk a f\u00e9rfitestv\u00e9rekt\u0151l b\u00fatorpakol\u00e1shoz, mert \u00fajabb iskolab\u00fatorsz\u00e1ll\u00edtm\u00e1ny \u00e9rkezik .<\/p> <p><strong>Aki tud j\u00f6nni<\/strong>, k\u00e9rem, hogy <strong>9-9<sup>15<\/sup> k\u00f6z\u00f6tt j\u00f6jj\u00f6n az iskol\u00e1ba, ahov\u00e1 a Nagys\u00e1ndor J\u00f3zsef utcai kiskapun<\/strong> lehet majd bej\u00f6nni.<\/p> <p><strong>&nbsp;<\/strong><\/p> <p><strong>Kar\u00e1csonyi k\u00f6rlev\u00e9l:<\/strong><\/p> <p>&#8211; Rem\u00e9nys\u00e9g\u00fcnk szerint m\u00e1r a legt\u00f6bben megkapt\u00e1k a Kar\u00e1csonyi level\u00fcnket, akik m\u00e9g nem b\u00edzunk benne, hogy keddig hozz\u00e1juk is el\u00e9r.<\/p> <p><a href=\"https:\/\/kkre.hu\/wpm\/wp-content\/uploads\/2022\/12\/Karacsonyi-level-2022-pdf.pdf\" target=\"_blank\" rel=\"noopener\">A lev\u00e9l innen is let\u00f6lthet\u0151<\/a><\/p> <p>&nbsp;<\/p> <p><strong>Iratterjeszt\u00e9s:<\/strong><\/p> <p>&#8211; <strong>Ebben az \u00e9vben is elk\u00e9sz\u00fclt saj\u00e1t napt\u00e1runk, amit a templom kij\u00e1rat\u00e1n\u00e1l ingyen vehetnek el a testv\u00e9rek!<\/strong><\/p> <p>Meg\u00e9rkeztek a j\u00f6v\u0151 \u00e9vi Bibliaolvas\u00f3 Kalauzok, K\u00e1lvin Kalend\u00e1riumok \u00e9s Falinapt\u00e1rok, illetve az <strong>\u00faj \u00e9nekesk\u00f6nyv<\/strong> is megv\u00e1s\u00e1rolhat\u00f3 az iratterjeszt\u00e9sben.<\/p> <p><strong>&nbsp;<\/strong><\/p> <p><strong>Templomtakar\u00edt\u00e1s \u00e9s d\u00edsz\u00edt\u00e9s:<\/strong><\/p> <p>&#8211; Ezen a h\u00e9ten is v\u00e1rjuk a testv\u00e9reket, <strong>p\u00e9nteken az Istentisztelet ut\u00e1n<\/strong> fogjuk a templomot kar\u00e1csonyi d\u00edszbe \u00f6lt\u00f6ztetni \u00e9s kitakar\u00edtani. K\u00f6sz\u00f6nj\u00fck azoknak, akik el nem m\u00fal\u00f3 szeretettel j\u00f6nnek h\u00e9tr\u0151l-h\u00e9tre takar\u00edtani, hogy templomunkban mindig tisztas\u00e1g \u00e9s rend lehessen alkalmainkra.<\/p> <p><strong>&nbsp;<\/strong><\/p> <p><strong>Iskolai el\u0151k\u00e9sz\u00edt\u0151:<\/strong><\/p> <p>-A tan\u00e9v v\u00e9g\u00e9ig minden h\u00f3nap m\u00e1sodik keddj\u00e9n tervez\u00fcnk foglalkoz\u00e1sokat nagycsoportos \u00f3vod\u00e1soknak az iskol\u00e1nkban, az\u00e9rt, hogy a gyermekek szeptemberig megismerhess\u00e9k az \u00faj int\u00e9zm\u00e9nyt, ahov\u00e1 ker\u00fclni fognak \u00e9s a pedag\u00f3gusok is jobban megismerj\u00e9k a jelentkez\u0151 gyermekeket.<\/p> <p>Szeretettel, h\u00edvjuk az <strong>Ady Endre Reform\u00e1tus \u00c1ltal\u00e1nos Iskol\u00e1ba<\/strong> a TUD\u00c1S H\u00d6RPENT\u0150-SZ\u00d6RPENT\u0150 iskolael\u0151k\u00e9sz\u00edt\u0151 programunkra azokat a csal\u00e1dokat, ahol iskol\u00e1ba k\u00e9sz\u00fcl\u0151 \u00f3vod\u00e1s van. A k\u00f6vetkez\u0151 alkalom j\u00f6v\u0151re lesz, <strong>janu\u00e1r 10-\u00e9n, kedden 17 \u00f3ra<\/strong>kor lesz. Ezen az alkalmon az iskol\u00e1ban dolgoz\u00f3 pedag\u00f3gusok fognak foglalkozni a gyermekekkel, az\u00e9rt is, hogy a sz\u00fcl\u0151k is l\u00e1ss\u00e1k, milyen koll\u00e9g\u00e1k k\u00f6z\u00e9 ker\u00fcl, majd a gyermek\u00fck \u00e9s \u00edgy is megmutassuk, amit vallunk: nem pedag\u00f3gust kell v\u00e1lasztani, hanem int\u00e9zm\u00e9nyt!<\/p> <p><strong>&nbsp;<\/strong><\/p> <p><strong>\u00c1ll\u00e1s:<\/strong><\/p> <p>&#8211; Az Ady Endre Reform\u00e1tus \u00c1ltal\u00e1nos Iskol\u00e1ba megtal\u00e1ltuk az \u00faj iskolatitk\u00e1rt.<\/p> <p>Sz\u00edvesen vesz\u00fcnk fel alkalmas jelentkez\u0151k eset\u00e9n pedag\u00f3gusokat is els\u0151sorban az als\u00f3 tagozatra.<\/p> <p>Sz\u00fcks\u00e9g\u00fcnk van technikai munkat\u00e1rsakra is, \u00edgy keres\u00fcnk olyanokat, akik sz\u00edvesen v\u00e1llalkoznak takar\u00edt\u00f3i feladatok ell\u00e1t\u00e1s\u00e1ra. \u00c9rdekl\u0151dni Botka N\u00f3ra int\u00e9zm\u00e9nyvezet\u0151n\u00e9l, vagy a lelkip\u00e1sztorn\u00e1l lehet.<\/p> <p><strong>&nbsp;<\/strong><\/p> <p>&nbsp;<\/p> <p><strong>Lectio:<\/strong> \u00c9zsai\u00e1s: 2, 1-22<\/p> <p><strong>Textus:<\/strong> \u00c9zsai\u00e1s: 2, 3<\/p> <p><strong>\u00c9nekek:<\/strong><\/p> <p>25: 2<\/p> <p>Heidelbergi K\u00e1t\u00e9 LI. \u00darnapja<\/p> <p>301: 1-4 (\u00faj: 371)<\/p> <p>301: 5-8 (\u00faj: 371)<\/p> <p>483: 12-13 (\u00faj: 332)<\/p> <p>434: 1-4 (\u00faj: 290)<\/p> <p>799: 1<\/p> <p>&nbsp;<\/p> <p>Igehirdet\u0151: Harkai Ferenc lelkip\u00e1sztor<\/p> <p>&nbsp;<\/p> <p><strong><em>D\u00e9lut\u00e1n<\/em><\/strong><\/p> <p><strong>Textus:<\/strong> J\u00f3n\u00e1s: 2, 1-11<\/p> <p><strong>&nbsp;<\/strong><\/p> <p><strong>Heidelbergi K\u00e1t\u00e9:<\/strong> LI. \u00darnapja<\/p> <p>&nbsp;<\/p> <p><strong>\u00c9nekek:<\/strong> &nbsp;&nbsp;&nbsp;&nbsp;&nbsp;&nbsp;&nbsp;&nbsp;&nbsp;&nbsp;&nbsp;&nbsp;&nbsp;&nbsp;&nbsp;&nbsp;&nbsp;&nbsp;&nbsp; &nbsp;&nbsp;&nbsp;6:1<\/p> <p>312: 1-2 (\u00faj 332)<\/p> <p>512: 1-6 (\u00faj: 824)<\/p> <p>799: 1<\/p> <p>&nbsp;<\/p> <p>Igehirdet\u0151: Harkai Ferenc lelkip\u00e1sztor<\/p> ","protected":false},"excerpt":{"rendered":"<p>Aki szeretn\u00e9 a Hirdet\u00e9seket emailben is megkapni k\u00e9rj\u00fck, jelezze szem\u00e9lyesen a Lelk\u00e9szi hivatalban. &nbsp; Seg\u00edts\u00e9gny\u00fajt\u00e1s K\u00e1rp\u00e1talj\u00e1ra, Ukrajn\u00e1ba: &#8211; K\u00e1rp\u00e1taljai testv\u00e9reinket folyamatosan k\u00edv\u00e1njuk t\u00e1mogatni, ez\u00e9rt az adom\u00e1nygy\u0171jt\u0151 perselyt kint hagytuk a templom h\u00e1tulj\u00e1ban, ebbe lehet az Ukrajn\u00e1ba sz\u00e1nt t\u00e1mogat\u00e1sokat elhelyezni. A k\u00f6vetkez\u0151 utunk terveink szerint december 20-\u00e1n lesz. Ez\u00e9rt, aki szeretne adom\u00e1nyt k\u00fcldeni K\u00e1rp\u00e1talj\u00e1ra ma (december&hellip;<\/p>\n","protected":false},"author":15,"featured_media":0,"comment_status":"closed","ping_status":"closed","sticky":false,"template":"","format":"standard","meta":[],"categories":[17],"tags":[],"acf":[],"_links":{"self":[{"href":"https:\/\/kkre.hu\/wpm\/wp-json\/wp\/v2\/posts\/18775"}],"collection":[{"href":"https:\/\/kkre.hu\/wpm\/wp-json\/wp\/v2\/posts"}],"about":[{"href":"https:\/\/kkre.hu\/wpm\/wp-json\/wp\/v2\/types\/post"}],"author":[{"embeddable":true,"href":"https:\/\/kkre.hu\/wpm\/wp-json\/wp\/v2\/users\/15"}],"replies":[{"embeddable":true,"href":"https:\/\/kkre.hu\/wpm\/wp-json\/wp\/v2\/comments?post=18775"}],"version-history":[{"count":2,"href":"https:\/\/kkre.hu\/wpm\/wp-json\/wp\/v2\/posts\/18775\/revisions"}],"predecessor-version":[{"id":18777,"href":"https:\/\/kkre.hu\/wpm\/wp-json\/wp\/v2\/posts\/18775\/revisions\/18777"}],"wp:attachment":[{"href":"https:\/\/kkre.hu\/wpm\/wp-json\/wp\/v2\/media?parent=18775"}],"wp:term":[{"taxonomy":"category","embeddable":true,"href":"https:\/\/kkre.hu\/wpm\/wp-json\/wp\/v2\/categories?post=18775"},{"taxonomy":"post_tag","embeddable":true,"href":"https:\/\/kkre.hu\/wpm\/wp-json\/wp\/v2\/tags?post=18775"}],"curies":[{"name":"wp","href":"https:\/\/api.w.org\/{rel}","templated":true}]}}